{"id":4268,"date":"2026-08-31T12:11:14","date_gmt":"2026-08-31T12:11:14","guid":{"rendered":"https:\/\/www.cedol.org.ar\/logistica\/?p=4268"},"modified":"2026-08-31T17:08:27","modified_gmt":"2026-08-31T17:08:27","slug":"cedol-puso-en-agenda-los-desafios-de-la-logistica-argentina","status":"publish","type":"post","link":"https:\/\/www.cedol.org.ar\/logistica\/cedol-puso-en-agenda-los-desafios-de-la-logistica-argentina\/","title":{"rendered":"CEDOL PUSO EN AGENDA LOS DESAF\u00cdOS DE LA LOG\u00cdSTICA ARGENTINA"},"content":{"rendered":"\n<p class=\"wp-block-paragraph\"><strong><em>La participaci\u00f3n de CEDOL en Expo Logisti-k 2026 permiti\u00f3 reafirmar el<\/em><\/strong> <strong><em>papel de la C\u00e1mara como una voz activa en las discusiones que actualmente atraviesan a la actividad: productividad, infraestructura y tecnolog\u00eda.<\/em><\/strong><\/p>\n\n\n\n<p class=\"wp-block-paragraph\">Durante Expo Logisti-k 2026, la C\u00e1mara Empresaria de Operadores Log\u00edsticos (CEDOL) tuvo una participaci\u00f3n central en el debate sobre el presente y el futuro de la actividad. Su presidente, <strong>Hern\u00e1n S\u00e1nchez<\/strong>, destac\u00f3 la productividad del sector privado, reclam\u00f3 mejores condiciones de infraestructura y financiamiento y plante\u00f3 la necesidad de seguir incorporando tecnolog\u00eda, capacitaci\u00f3n y competitividad para acompa\u00f1ar el crecimiento productivo del pa\u00eds. <\/p>\n\n\n\n<p class=\"wp-block-paragraph\">La log\u00edstica ocupa un lugar estrat\u00e9gico en la econom\u00eda argentina. Es la actividad que permite conectar la producci\u00f3n con los mercados, abastecer a las distintas regiones y hacer posible el desarrollo de sectores tan diversos como la miner\u00eda, la industria, el agro y las peque\u00f1as y medianas empresas.<\/p>\n\n\n\n<p class=\"wp-block-paragraph\">En el marco de Expo Logisti-k y Expo Transporte 2026 que se llev\u00f3 a cabo entre 11 al 13 de agosto de 2026, en el Predio Ferial Buenos Aires de La Rural, la C\u00e1mara Empresaria de Operadores Log\u00edsticos (CEDOL) volvi\u00f3 a poner en valor ese rol y plante\u00f3 una agenda de desaf\u00edos que resulta determinante para el futuro de la actividad.<\/p>\n\n\n\n<p class=\"wp-block-paragraph\">Como presidente de CEDOL, Hern\u00e1n S\u00e1nchez fue una de las voces que puso estos temas en el centro de la discusi\u00f3n y aport\u00f3 una mirada sobre un aspecto que considera fundamental para entender la realidad del sector: la log\u00edstica argentina es productiva.<\/p>\n\n\n\n<p class=\"wp-block-paragraph\">\u201cSomos muy productivos\u201d, afirm\u00f3 S\u00e1nchez, al referirse a la capacidad de los operadores para utilizar de manera eficiente los recursos y activos disponibles, a\u00fan en un contexto marcado por restricciones de infraestructura y condiciones estructurales que impactan sobre los costos y los tiempos de las operaciones.<\/p>\n\n\n\n<p class=\"wp-block-paragraph\">Para el presidente de CEDOL, es necesario diferenciar los problemas propios de la infraestructura o del entorno de aquellos que corresponden al desempe\u00f1o de los operadores. Una dificultad en la conectividad con un puerto, por ejemplo, puede generar mayores costos y demoras, pero no implica necesariamente que la actividad log\u00edstica sea improductiva.<\/p>\n\n\n\n<p class=\"wp-block-paragraph\"><strong>La infraestructura como condici\u00f3n para ganar competitividad<\/strong><\/p>\n\n\n\n<p class=\"wp-block-paragraph\">Uno de los principales planteos de CEDOL durante la exposici\u00f3n estuvo relacionado con la necesidad de mejorar la infraestructura que sostiene las operaciones log\u00edsticas. La mirada de la C\u00e1mara parte de una realidad concreta: el sector privado ha realizado importantes esfuerzos para mejorar su eficiencia, incorporar tecnolog\u00eda y optimizar sus procesos, pero necesita una infraestructura acorde para poder seguir avanzando en competitividad. \u201cLa log\u00edstica productiva en Argentina est\u00e1 soportada fundamentalmente por el sector privado y se apalanca en la infraestructura que le brinda el Estado\u201d, explic\u00f3 S\u00e1nchez.<\/p>\n\n\n\n<p class=\"wp-block-paragraph\">En este sentido, la infraestructura vial, portuaria, ferroviaria y energ\u00e9tica constituye una pieza fundamental para reducir costos, mejorar los tiempos de circulaci\u00f3n y facilitar la integraci\u00f3n de las distintas regiones productivas.<\/p>\n\n\n\n<p class=\"wp-block-paragraph\">Para CEDOL, mejorar estas condiciones no representa solamente una demanda sectorial. Se trata de una necesidad de la econom\u00eda en su conjunto: una log\u00edstica m\u00e1s eficiente permite que los productos argentinos sean m\u00e1s competitivos y facilita el acceso de las empresas a nuevos mercados.<\/p>\n\n\n\n<p class=\"wp-block-paragraph\">La agenda planteada por CEDOL tambi\u00e9n incluye la transformaci\u00f3n tecnol\u00f3gica que atraviesa al sector.<\/p>\n\n\n\n<p class=\"wp-block-paragraph\">La automatizaci\u00f3n, la digitalizaci\u00f3n y las nuevas herramientas de gesti\u00f3n est\u00e1n modificando las operaciones y requieren que las empresas contin\u00faen invirtiendo en tecnolog\u00eda, pero tambi\u00e9n en las personas que deben utilizarla.<\/p>\n\n\n\n<p class=\"wp-block-paragraph\">En este escenario, S\u00e1nchez destac\u00f3 la necesidad de seguir trabajando sobre la capacitaci\u00f3n y la evoluci\u00f3n de la fuerza laboral, al tiempo que plante\u00f3 la importancia de actualizar las condiciones que regulan la actividad para acompa\u00f1ar las nuevas realidades del sector.<\/p>\n\n\n\n<p class=\"wp-block-paragraph\">El desaf\u00edo, en definitiva, es avanzar hacia una log\u00edstica cada vez m\u00e1s eficiente y competitiva sin perder de vista el valor de las personas que hacen posible las operaciones.<\/p>\n\n\n\n<p class=\"wp-block-paragraph\"><strong>Una log\u00edstica que acompa\u00f1a el crecimiento del pa\u00eds<\/strong><\/p>\n\n\n\n<p class=\"wp-block-paragraph\">Para CEDOL, la discusi\u00f3n sobre productividad y competitividad log\u00edstica adquiere todav\u00eda mayor relevancia frente a las oportunidades que tiene la Argentina para desarrollar nuevas actividades y ampliar sus exportaciones.<\/p>\n\n\n\n<p class=\"wp-block-paragraph\">Desde los grandes proyectos vinculados con la miner\u00eda hasta las econom\u00edas regionales y las pymes, todos necesitan una cadena log\u00edstica capaz de conectar la producci\u00f3n con los mercados.<\/p>\n\n\n\n<p class=\"wp-block-paragraph\">\u201cLa log\u00edstica sigue siendo uno de los motores que viabiliza el crecimiento\u201d, sostuvo S\u00e1nchez, al destacar el papel de la actividad para acompa\u00f1ar el desarrollo econ\u00f3mico y la generaci\u00f3n de empleo formal.<\/p>\n\n\n\n<p class=\"wp-block-paragraph\">En esta l\u00ednea, el presidente de CEDOL remarc\u00f3 que el desaf\u00edo es construir las condiciones para que la log\u00edstica pueda impulsar a todos los sectores y regiones del pa\u00eds: \u201cdesde las grandes mineras hasta la peque\u00f1a pyme\u201d.<\/p>\n\n\n\n<p class=\"wp-block-paragraph\">La participaci\u00f3n de CEDOL en Expo Logisti-k 2026 permiti\u00f3 reafirmar el papel de la C\u00e1mara como representante de los operadores log\u00edsticos y como una voz activa en las discusiones que atraviesan a la actividad.<\/p>\n\n\n\n<p class=\"wp-block-paragraph\">El mensaje de S\u00e1nchez combin\u00f3 una defensa del nivel de productividad alcanzado por el sector con una agenda concreta de desaf\u00edos pendientes. \u201cPor supuesto que tenemos que mejorar, crecer, incorporar nuevas tecnolog\u00edas, adaptar nuestro convenio colectivo de trabajo, mejorar nuestra competitividad y fuerza laboral\u201d, se\u00f1al\u00f3.<\/p>\n\n\n\n<p class=\"wp-block-paragraph\">Pero esa necesidad de seguir evolucionando no implica desconocer el camino recorrido. \u201cEso no quita que sin nosotros la Argentina no estar\u00eda donde est\u00e1 hoy\u201d, afirm\u00f3.<\/p>\n\n\n\n<p class=\"wp-block-paragraph\">La definici\u00f3n que sintetiza uno de los principales mensajes que CEDOL busc\u00f3 transmitir durante la exposici\u00f3n es: la log\u00edstica no es solamente una actividad que acompa\u00f1a a la econom\u00eda, sino una condici\u00f3n necesaria para que la Argentina pueda crecer, producir, exportar y desarrollar todo su potencial.<\/p>\n\n\n\n<p class=\"wp-block-paragraph\">En un escenario de transformaci\u00f3n y nuevas oportunidades para el pa\u00eds, CEDOL reafirma as\u00ed su compromiso de representar al sector, promover una log\u00edstica cada vez m\u00e1s competitiva y contribuir al debate sobre las condiciones que necesita la actividad para seguir siendo un motor del desarrollo argentino.<\/p>\n","protected":false},"excerpt":{"rendered":"<p>La participaci\u00f3n de CEDOL en Expo Logisti-k 2026 permiti\u00f3 reafirmar el papel de la C\u00e1mara como una voz activa en las discusiones que actualmente atraviesan [&hellip;]<\/p>\n","protected":false},"author":1,"featured_media":4269,"comment_status":"closed","ping_status":"closed","sticky":true,"template":"","format":"standard","meta":{"_monsterinsights_skip_tracking":false,"_monsterinsights_sitenote_active":false,"_monsterinsights_sitenote_note":"","_monsterinsights_sitenote_category":0,"footnotes":""},"categories":[4],"tags":[],"class_list":["post-4268","post","type-post","status-publish","format-standard","has-post-thumbnail","hentry","category-noticias"],"yoast_head":"<!-- This site is optimized with the Yoast SEO plugin v22.3 - https:\/\/yoast.com\/wordpress\/plugins\/seo\/ -->\n<title>CEDOL PUSO EN AGENDA LOS DESAF\u00cdOS DE LA LOG\u00cdSTICA ARGENTINA &#187; CEDOL<\/title>\n<meta name=\"description\" content=\"La participaci\u00f3n de CEDOL en Expo Logisti-k 2026 permiti\u00f3 reafirmar el papel de la C\u00e1mara como una voz activa en las discusiones que actualmente\" \/>\n<meta name=\"robots\" content=\"index, follow, max-snippet:-1, max-image-preview:large, max-video-preview:-1\" \/>\n<link rel=\"canonical\" href=\"https:\/\/www.cedol.org.ar\/logistica\/cedol-puso-en-agenda-los-desafios-de-la-logistica-argentina\/\" \/>\n<meta property=\"og:locale\" content=\"es_ES\" \/>\n<meta property=\"og:type\" content=\"article\" \/>\n<meta property=\"og:title\" content=\"CEDOL PUSO EN AGENDA LOS DESAF\u00cdOS DE LA LOG\u00cdSTICA ARGENTINA &#187; CEDOL\" \/>\n<meta property=\"og:description\" content=\"La participaci\u00f3n de CEDOL en Expo Logisti-k 2026 permiti\u00f3 reafirmar el papel de la C\u00e1mara como una voz activa en las discusiones que actualmente\" \/>\n<meta property=\"og:url\" content=\"https:\/\/www.cedol.org.ar\/logistica\/cedol-puso-en-agenda-los-desafios-de-la-logistica-argentina\/\" \/>\n<meta property=\"og:site_name\" content=\"CEDOL\" \/>\n<meta property=\"article:published_time\" content=\"2026-08-31T12:11:14+00:00\" \/>\n<meta property=\"article:modified_time\" content=\"2026-08-31T17:08:27+00:00\" \/>\n<meta property=\"og:image\" content=\"https:\/\/www.cedol.org.ar\/logistica\/wp-content\/uploads\/2026\/08\/Hernan-en-Logisti-k.jpeg\" \/>\n\t<meta property=\"og:image:width\" content=\"1599\" \/>\n\t<meta property=\"og:image:height\" content=\"1066\" \/>\n\t<meta property=\"og:image:type\" content=\"image\/jpeg\" \/>\n<meta name=\"author\" content=\"admin\" \/>\n<meta name=\"twitter:card\" content=\"summary_large_image\" \/>\n<meta name=\"twitter:label1\" content=\"Escrito por\" \/>\n\t<meta name=\"twitter:data1\" content=\"admin\" \/>\n\t<meta name=\"twitter:label2\" content=\"Tiempo de lectura\" \/>\n\t<meta name=\"twitter:data2\" content=\"5 minutos\" \/>\n<script type=\"application\/ld+json\" class=\"yoast-schema-graph\">{\"@context\":\"https:\/\/schema.org\",\"@graph\":[{\"@type\":\"WebPage\",\"@id\":\"https:\/\/www.cedol.org.ar\/logistica\/cedol-puso-en-agenda-los-desafios-de-la-logistica-argentina\/\",\"url\":\"https:\/\/www.cedol.org.ar\/logistica\/cedol-puso-en-agenda-los-desafios-de-la-logistica-argentina\/\",\"name\":\"CEDOL PUSO EN AGENDA LOS DESAF\u00cdOS DE LA LOG\u00cdSTICA ARGENTINA &#187; CEDOL\",\"isPartOf\":{\"@id\":\"https:\/\/www.cedol.org.ar\/logistica\/#website\"},\"primaryImageOfPage\":{\"@id\":\"https:\/\/www.cedol.org.ar\/logistica\/cedol-puso-en-agenda-los-desafios-de-la-logistica-argentina\/#primaryimage\"},\"image\":{\"@id\":\"https:\/\/www.cedol.org.ar\/logistica\/cedol-puso-en-agenda-los-desafios-de-la-logistica-argentina\/#primaryimage\"},\"thumbnailUrl\":\"https:\/\/www.cedol.org.ar\/logistica\/wp-content\/uploads\/2026\/08\/Hernan-en-Logisti-k.jpeg\",\"datePublished\":\"2026-08-31T12:11:14+00:00\",\"dateModified\":\"2026-08-31T17:08:27+00:00\",\"author\":{\"@id\":\"https:\/\/www.cedol.org.ar\/logistica\/#\/schema\/person\/40275bdb20446824fc74d51aabe22e83\"},\"description\":\"La participaci\u00f3n de CEDOL en Expo Logisti-k 2026 permiti\u00f3 reafirmar el papel de la C\u00e1mara como una voz activa en las discusiones que actualmente\",\"breadcrumb\":{\"@id\":\"https:\/\/www.cedol.org.ar\/logistica\/cedol-puso-en-agenda-los-desafios-de-la-logistica-argentina\/#breadcrumb\"},\"inLanguage\":\"es\",\"potentialAction\":[{\"@type\":\"ReadAction\",\"target\":[\"https:\/\/www.cedol.org.ar\/logistica\/cedol-puso-en-agenda-los-desafios-de-la-logistica-argentina\/\"]}]},{\"@type\":\"ImageObject\",\"inLanguage\":\"es\",\"@id\":\"https:\/\/www.cedol.org.ar\/logistica\/cedol-puso-en-agenda-los-desafios-de-la-logistica-argentina\/#primaryimage\",\"url\":\"https:\/\/www.cedol.org.ar\/logistica\/wp-content\/uploads\/2026\/08\/Hernan-en-Logisti-k.jpeg\",\"contentUrl\":\"https:\/\/www.cedol.org.ar\/logistica\/wp-content\/uploads\/2026\/08\/Hernan-en-Logisti-k.jpeg\",\"width\":1599,\"height\":1066},{\"@type\":\"BreadcrumbList\",\"@id\":\"https:\/\/www.cedol.org.ar\/logistica\/cedol-puso-en-agenda-los-desafios-de-la-logistica-argentina\/#breadcrumb\",\"itemListElement\":[{\"@type\":\"ListItem\",\"position\":1,\"name\":\"Home\",\"item\":\"https:\/\/www.cedol.org.ar\/logistica\/\"},{\"@type\":\"ListItem\",\"position\":2,\"name\":\"CEDOL PUSO EN AGENDA LOS DESAF\u00cdOS DE LA LOG\u00cdSTICA ARGENTINA\"}]},{\"@type\":\"WebSite\",\"@id\":\"https:\/\/www.cedol.org.ar\/logistica\/#website\",\"url\":\"https:\/\/www.cedol.org.ar\/logistica\/\",\"name\":\"CEDOL\",\"description\":\"C\u00c1MARA EMPRESARIA DE OPERADORES LOG\u00cdSTICOS\",\"potentialAction\":[{\"@type\":\"SearchAction\",\"target\":{\"@type\":\"EntryPoint\",\"urlTemplate\":\"https:\/\/www.cedol.org.ar\/logistica\/?s={search_term_string}\"},\"query-input\":\"required name=search_term_string\"}],\"inLanguage\":\"es\"},{\"@type\":\"Person\",\"@id\":\"https:\/\/www.cedol.org.ar\/logistica\/#\/schema\/person\/40275bdb20446824fc74d51aabe22e83\",\"name\":\"admin\"}]}<\/script>\n<!-- \/ Yoast SEO plugin. -->","yoast_head_json":{"title":"CEDOL PUSO EN AGENDA LOS DESAF\u00cdOS DE LA LOG\u00cdSTICA ARGENTINA &#187; CEDOL","description":"La participaci\u00f3n de CEDOL en Expo Logisti-k 2026 permiti\u00f3 reafirmar el papel de la C\u00e1mara como una voz activa en las discusiones que actualmente","robots":{"index":"index","follow":"follow","max-snippet":"max-snippet:-1","max-image-preview":"max-image-preview:large","max-video-preview":"max-video-preview:-1"},"canonical":"https:\/\/www.cedol.org.ar\/logistica\/cedol-puso-en-agenda-los-desafios-de-la-logistica-argentina\/","og_locale":"es_ES","og_type":"article","og_title":"CEDOL PUSO EN AGENDA LOS DESAF\u00cdOS DE LA LOG\u00cdSTICA ARGENTINA &#187; CEDOL","og_description":"La participaci\u00f3n de CEDOL en Expo Logisti-k 2026 permiti\u00f3 reafirmar el papel de la C\u00e1mara como una voz activa en las discusiones que actualmente","og_url":"https:\/\/www.cedol.org.ar\/logistica\/cedol-puso-en-agenda-los-desafios-de-la-logistica-argentina\/","og_site_name":"CEDOL","article_published_time":"2026-08-31T12:11:14+00:00","article_modified_time":"2026-08-31T17:08:27+00:00","og_image":[{"width":1599,"height":1066,"url":"https:\/\/www.cedol.org.ar\/logistica\/wp-content\/uploads\/2026\/08\/Hernan-en-Logisti-k.jpeg","type":"image\/jpeg"}],"author":"admin","twitter_card":"summary_large_image","twitter_misc":{"Escrito por":"admin","Tiempo de lectura":"5 minutos"},"schema":{"@context":"https:\/\/schema.org","@graph":[{"@type":"WebPage","@id":"https:\/\/www.cedol.org.ar\/logistica\/cedol-puso-en-agenda-los-desafios-de-la-logistica-argentina\/","url":"https:\/\/www.cedol.org.ar\/logistica\/cedol-puso-en-agenda-los-desafios-de-la-logistica-argentina\/","name":"CEDOL PUSO EN AGENDA LOS DESAF\u00cdOS DE LA LOG\u00cdSTICA ARGENTINA &#187; CEDOL","isPartOf":{"@id":"https:\/\/www.cedol.org.ar\/logistica\/#website"},"primaryImageOfPage":{"@id":"https:\/\/www.cedol.org.ar\/logistica\/cedol-puso-en-agenda-los-desafios-de-la-logistica-argentina\/#primaryimage"},"image":{"@id":"https:\/\/www.cedol.org.ar\/logistica\/cedol-puso-en-agenda-los-desafios-de-la-logistica-argentina\/#primaryimage"},"thumbnailUrl":"https:\/\/www.cedol.org.ar\/logistica\/wp-content\/uploads\/2026\/08\/Hernan-en-Logisti-k.jpeg","datePublished":"2026-08-31T12:11:14+00:00","dateModified":"2026-08-31T17:08:27+00:00","author":{"@id":"https:\/\/www.cedol.org.ar\/logistica\/#\/schema\/person\/40275bdb20446824fc74d51aabe22e83"},"description":"La participaci\u00f3n de CEDOL en Expo Logisti-k 2026 permiti\u00f3 reafirmar el papel de la C\u00e1mara como una voz activa en las discusiones que actualmente","breadcrumb":{"@id":"https:\/\/www.cedol.org.ar\/logistica\/cedol-puso-en-agenda-los-desafios-de-la-logistica-argentina\/#breadcrumb"},"inLanguage":"es","potentialAction":[{"@type":"ReadAction","target":["https:\/\/www.cedol.org.ar\/logistica\/cedol-puso-en-agenda-los-desafios-de-la-logistica-argentina\/"]}]},{"@type":"ImageObject","inLanguage":"es","@id":"https:\/\/www.cedol.org.ar\/logistica\/cedol-puso-en-agenda-los-desafios-de-la-logistica-argentina\/#primaryimage","url":"https:\/\/www.cedol.org.ar\/logistica\/wp-content\/uploads\/2026\/08\/Hernan-en-Logisti-k.jpeg","contentUrl":"https:\/\/www.cedol.org.ar\/logistica\/wp-content\/uploads\/2026\/08\/Hernan-en-Logisti-k.jpeg","width":1599,"height":1066},{"@type":"BreadcrumbList","@id":"https:\/\/www.cedol.org.ar\/logistica\/cedol-puso-en-agenda-los-desafios-de-la-logistica-argentina\/#breadcrumb","itemListElement":[{"@type":"ListItem","position":1,"name":"Home","item":"https:\/\/www.cedol.org.ar\/logistica\/"},{"@type":"ListItem","position":2,"name":"CEDOL PUSO EN AGENDA LOS DESAF\u00cdOS DE LA LOG\u00cdSTICA ARGENTINA"}]},{"@type":"WebSite","@id":"https:\/\/www.cedol.org.ar\/logistica\/#website","url":"https:\/\/www.cedol.org.ar\/logistica\/","name":"CEDOL","description":"C\u00c1MARA EMPRESARIA DE OPERADORES LOG\u00cdSTICOS","potentialAction":[{"@type":"SearchAction","target":{"@type":"EntryPoint","urlTemplate":"https:\/\/www.cedol.org.ar\/logistica\/?s={search_term_string}"},"query-input":"required name=search_term_string"}],"inLanguage":"es"},{"@type":"Person","@id":"https:\/\/www.cedol.org.ar\/logistica\/#\/schema\/person\/40275bdb20446824fc74d51aabe22e83","name":"admin"}]}},"_links":{"self":[{"href":"https:\/\/www.cedol.org.ar\/logistica\/wp-json\/wp\/v2\/posts\/4268","targetHints":{"allow":["GET"]}}],"collection":[{"href":"https:\/\/www.cedol.org.ar\/logistica\/wp-json\/wp\/v2\/posts"}],"about":[{"href":"https:\/\/www.cedol.org.ar\/logistica\/wp-json\/wp\/v2\/types\/post"}],"author":[{"embeddable":true,"href":"https:\/\/www.cedol.org.ar\/logistica\/wp-json\/wp\/v2\/users\/1"}],"replies":[{"embeddable":true,"href":"https:\/\/www.cedol.org.ar\/logistica\/wp-json\/wp\/v2\/comments?post=4268"}],"version-history":[{"count":5,"href":"https:\/\/www.cedol.org.ar\/logistica\/wp-json\/wp\/v2\/posts\/4268\/revisions"}],"predecessor-version":[{"id":4288,"href":"https:\/\/www.cedol.org.ar\/logistica\/wp-json\/wp\/v2\/posts\/4268\/revisions\/4288"}],"wp:featuredmedia":[{"embeddable":true,"href":"https:\/\/www.cedol.org.ar\/logistica\/wp-json\/wp\/v2\/media\/4269"}],"wp:attachment":[{"href":"https:\/\/www.cedol.org.ar\/logistica\/wp-json\/wp\/v2\/media?parent=4268"}],"wp:term":[{"taxonomy":"category","embeddable":true,"href":"https:\/\/www.cedol.org.ar\/logistica\/wp-json\/wp\/v2\/categories?post=4268"},{"taxonomy":"post_tag","embeddable":true,"href":"https:\/\/www.cedol.org.ar\/logistica\/wp-json\/wp\/v2\/tags?post=4268"}],"curies":[{"name":"wp","href":"https:\/\/api.w.org\/{rel}","templated":true}]}}