{"id":407,"date":"2013-04-09T15:25:39","date_gmt":"2013-04-09T15:25:39","guid":{"rendered":"http:\/\/www.cedol.org.ar\/logistica\/?p=407"},"modified":"2013-04-09T15:50:47","modified_gmt":"2013-04-09T15:50:47","slug":"las-finanzas-tienen-su-lugar-en-la-mesa-de-la-supply-chain","status":"publish","type":"post","link":"https:\/\/www.cedol.org.ar\/logistica\/las-finanzas-tienen-su-lugar-en-la-mesa-de-la-supply-chain\/","title":{"rendered":"Las Finanzas Tienen su Lugar en la Mesa de la Supply Chain"},"content":{"rendered":"<p><a href=\"http:\/\/www.cedol.org.ar\/logistica\/wp-content\/uploads\/2013\/04\/FOTO-1-Enc-CEDOL1.jpg\"><img loading=\"lazy\" decoding=\"async\" class=\"alignleft  wp-image-409\" title=\"supply chain\" alt=\"supply chain\" src=\"http:\/\/www.cedol.org.ar\/logistica\/wp-content\/uploads\/2013\/04\/FOTO-1-Enc-CEDOL1.jpg\" width=\"1800\" height=\"1200\" srcset=\"https:\/\/www.cedol.org.ar\/logistica\/wp-content\/uploads\/2013\/04\/FOTO-1-Enc-CEDOL1.jpg 2000w, https:\/\/www.cedol.org.ar\/logistica\/wp-content\/uploads\/2013\/04\/FOTO-1-Enc-CEDOL1-300x199.jpg 300w, https:\/\/www.cedol.org.ar\/logistica\/wp-content\/uploads\/2013\/04\/FOTO-1-Enc-CEDOL1-1024x682.jpg 1024w, https:\/\/www.cedol.org.ar\/logistica\/wp-content\/uploads\/2013\/04\/FOTO-1-Enc-CEDOL1-450x300.jpg 450w\" sizes=\"auto, (max-width: 1800px) 100vw, 1800px\" \/><\/a><\/p>\n<p>En unos d\u00edas, el 17 de Abril, se llevar\u00e1 a cabo en el Aula Magna de la Pontificia Universidad Cat\u00f3lica Argentina, organizado por <strong>CEDOL<\/strong>, el <i>5to. Encuentro Profesional <\/i>dedicado a la tem\u00e1tica <b>Log\u00edstica<\/b> y sus vinculaciones con el resto de las \u00e1reas de la organizaci\u00f3n en donde se analizar\u00e1n, desde distintas perspectivas, la interrelaci\u00f3n entre ambos flujos, el flujo real (<b>log\u00edstico<\/b>) y su conexi\u00f3n con el flujo financiero.<!--more--><\/p>\n<p>Bajo el t\u00edtulo \u201c<a title=\"5to Encuentro de Intercambio Profesional CEDOL\" href=\"http:\/\/www.cedol.org.ar\/supply-chain-y-logistica\/\" target=\"_blank\"><b>Supply Chain<\/b> y <b>Log\u00edstica<\/b>, su conexi\u00f3n con el Flujo Financiero<\/a>\u201d, las autoridades de la C\u00e1mara han encargado a su Direcci\u00f3n T\u00e9cnica, la realizaci\u00f3n de una publicaci\u00f3n en formato de libro, con el aporte de profesionales especializados en el tratamiento de finanzas para logistas y la coordinaci\u00f3n de Carlos Musante: Gustavo Molinero, Gerente de Administraci\u00f3n y Finanzas de Loginter; Fernando Romagnoli, Gerente de Administraci\u00f3n y Finanzas de OCASA; Adalberto Sequeiro, Director de Finanzas del Grupo Andreani; Ezequiel Causa, Director de Estrategia y Finanzas de Gefco Argentina y Chile; Gabriela Rigoni, Especialista en temas Impositivos para <a title=\"Proyecciones Econ\u00f3micas de FIEL\" href=\"http:\/\/www.cedol.org.ar\/logistica\/cedol-proyecciones-economicas-de-fiel\/\" target=\"_blank\"><b>log\u00edstica<\/b> <\/a>empresaria; y Marcos Goshi, especialista en impuestos, ambos de la firma Lisicki Litvin y Asoc.<\/p>\n<p>La obra, constituye un real hito en el tratamiento del tema, continuando con la l\u00ednea editorial de la c\u00e1mara, que resultar\u00e1 de fuerte impacto en el an\u00e1lisis financiero de la <b>log\u00edstica<\/b>, pues se demuestra sin lugar a dudas que \u201cla estrategia financiera tiene un efecto directo y determinante en el desarrollo exitoso y la rentabilidad final de la <b>operaci\u00f3n log\u00edstica<\/b>\u201d, asegur\u00f3 Musante.<\/p>\n<p>Durante el desarrollo del Encuentro se efectuar\u00e1 el lanzamiento de la publicaci\u00f3n explicando sus alcances y conclusiones y, en particular, durante el 1\u00ba M\u00f3dulo se responder\u00e1n preguntas llegadas mediante el sistema de registro que una importante organizadora de eventos puso a disposici\u00f3n de la C\u00e1mara.<\/p>\n<p>Durante el 2\u00ba M\u00f3dulo, la encargada de profundizar el tema ser\u00e1 la Dra. Mar\u00eda Rey, especialista internacional en <a title=\"Los Comienzos de la Log\u00edstica\" href=\"http:\/\/www.cedol.org.ar\/logistica\/los-comienzos-de-la-logistica\/\" target=\"_blank\"><b>log\u00edstica<\/b> <\/a>empresarial y <b>Supply Chain<\/b>, quien disertar\u00e1 sobre \u201cConexi\u00f3n Estrat\u00e9gica entre SC y desempe\u00f1o financiero\u201d, un interesante trabajo con altos contenidos referidos a la gesti\u00f3n en la materia.<\/p>\n<p>El encuentro contar\u00e1 tambi\u00e9n con la participaci\u00f3n de los Presidentes de <b>CEDOL<\/b> y de ARLOG, Jorge L\u00f3pez y Marcelo Arce, respectivamente quienes realizar\u00e1n una introducci\u00f3n al tema y brindar\u00e1n una visi\u00f3n global de la actualidad del sector.<\/p>\n<p>Cabe remarcar que la participaci\u00f3n es sin cargo alguno y s\u00f3lo por invitaci\u00f3n, que se env\u00eda por distintos medios de comunicaci\u00f3n, registrando a la fecha m\u00e1s de 800 inscriptos y que se espera alcance un total de 1200 personas. Sin lugar a dudas, estas cifras colocan al evento como el acontecimiento m\u00e1s significativo del 2013 en materia log\u00edstica.<\/p>\n<p>&nbsp;<\/p>\n<p>Para m\u00e1s informaci\u00f3n, ingresar en: <b><a title=\"CEDOL\" href=\"http:\/\/www.cedol.org.ar\/\" target=\"_blank\">www.cedol.org.ar<\/a><\/b><\/p>\n","protected":false},"excerpt":{"rendered":"<p>En unos d\u00edas, el 17 de Abril, se llevar\u00e1 a cabo en el Aula Magna de la Pontificia Universidad Cat\u00f3lica Argentina, organizado por CEDOL, el [&hellip;]<\/p>\n","protected":false},"author":1,"featured_media":0,"comment_status":"open","ping_status":"open","sticky":false,"template":"","format":"standard","meta":{"_monsterinsights_skip_tracking":false,"_monsterinsights_sitenote_active":false,"_monsterinsights_sitenote_note":"","_monsterinsights_sitenote_category":0,"footnotes":""},"categories":[20],"tags":[22,14,9,21,19],"class_list":["post-407","post","type-post","status-publish","format-standard","hentry","category-eventos-logisticos","tag-5to-encuentro-cedol","tag-camara-empresaria-de-operadores-logisticos","tag-logistica","tag-maria-rey","tag-supply-chain"],"yoast_head":"<!-- This site is optimized with the Yoast SEO plugin v22.3 - https:\/\/yoast.com\/wordpress\/plugins\/seo\/ -->\n<title>Las Finanzas Tienen su Lugar en la Mesa de la Supply Chain  &#187; CEDOL<\/title>\n<meta name=\"description\" content=\"En unos d\u00edas, el 17 de Abril, se llevar\u00e1 a cabo en el Aula Magna de la Pontificia Universidad Cat\u00f3lica Argentina, organizado por CEDOL, el 5to. Encuentro\" \/>\n<meta name=\"robots\" content=\"index, follow, max-snippet:-1, max-image-preview:large, max-video-preview:-1\" \/>\n<link rel=\"canonical\" href=\"https:\/\/www.cedol.org.ar\/logistica\/las-finanzas-tienen-su-lugar-en-la-mesa-de-la-supply-chain\/\" \/>\n<meta property=\"og:locale\" content=\"es_ES\" \/>\n<meta property=\"og:type\" content=\"article\" \/>\n<meta property=\"og:title\" content=\"Las Finanzas Tienen su Lugar en la Mesa de la Supply Chain  &#187; CEDOL\" \/>\n<meta property=\"og:description\" content=\"En unos d\u00edas, el 17 de Abril, se llevar\u00e1 a cabo en el Aula Magna de la Pontificia Universidad Cat\u00f3lica Argentina, organizado por CEDOL, el 5to. Encuentro\" \/>\n<meta property=\"og:url\" content=\"https:\/\/www.cedol.org.ar\/logistica\/las-finanzas-tienen-su-lugar-en-la-mesa-de-la-supply-chain\/\" \/>\n<meta property=\"og:site_name\" content=\"CEDOL\" \/>\n<meta property=\"article:published_time\" content=\"2013-04-09T15:25:39+00:00\" \/>\n<meta property=\"article:modified_time\" content=\"2013-04-09T15:50:47+00:00\" \/>\n<meta property=\"og:image\" content=\"http:\/\/www.cedol.org.ar\/logistica\/wp-content\/uploads\/2013\/04\/FOTO-1-Enc-CEDOL1.jpg\" \/>\n<meta name=\"author\" content=\"admin\" \/>\n<meta name=\"twitter:card\" content=\"summary_large_image\" \/>\n<meta name=\"twitter:label1\" content=\"Escrito por\" \/>\n\t<meta name=\"twitter:data1\" content=\"admin\" \/>\n\t<meta name=\"twitter:label2\" content=\"Tiempo de lectura\" \/>\n\t<meta name=\"twitter:data2\" content=\"2 minutos\" \/>\n<script type=\"application\/ld+json\" class=\"yoast-schema-graph\">{\"@context\":\"https:\/\/schema.org\",\"@graph\":[{\"@type\":\"WebPage\",\"@id\":\"https:\/\/www.cedol.org.ar\/logistica\/las-finanzas-tienen-su-lugar-en-la-mesa-de-la-supply-chain\/\",\"url\":\"https:\/\/www.cedol.org.ar\/logistica\/las-finanzas-tienen-su-lugar-en-la-mesa-de-la-supply-chain\/\",\"name\":\"Las Finanzas Tienen su Lugar en la Mesa de la Supply Chain &#187; CEDOL\",\"isPartOf\":{\"@id\":\"https:\/\/www.cedol.org.ar\/logistica\/#website\"},\"primaryImageOfPage\":{\"@id\":\"https:\/\/www.cedol.org.ar\/logistica\/las-finanzas-tienen-su-lugar-en-la-mesa-de-la-supply-chain\/#primaryimage\"},\"image\":{\"@id\":\"https:\/\/www.cedol.org.ar\/logistica\/las-finanzas-tienen-su-lugar-en-la-mesa-de-la-supply-chain\/#primaryimage\"},\"thumbnailUrl\":\"http:\/\/www.cedol.org.ar\/logistica\/wp-content\/uploads\/2013\/04\/FOTO-1-Enc-CEDOL1.jpg\",\"datePublished\":\"2013-04-09T15:25:39+00:00\",\"dateModified\":\"2013-04-09T15:50:47+00:00\",\"author\":{\"@id\":\"https:\/\/www.cedol.org.ar\/logistica\/#\/schema\/person\/40275bdb20446824fc74d51aabe22e83\"},\"description\":\"En unos d\u00edas, el 17 de Abril, se llevar\u00e1 a cabo en el Aula Magna de la Pontificia Universidad Cat\u00f3lica Argentina, organizado por CEDOL, el 5to. Encuentro\",\"breadcrumb\":{\"@id\":\"https:\/\/www.cedol.org.ar\/logistica\/las-finanzas-tienen-su-lugar-en-la-mesa-de-la-supply-chain\/#breadcrumb\"},\"inLanguage\":\"es\",\"potentialAction\":[{\"@type\":\"ReadAction\",\"target\":[\"https:\/\/www.cedol.org.ar\/logistica\/las-finanzas-tienen-su-lugar-en-la-mesa-de-la-supply-chain\/\"]}]},{\"@type\":\"ImageObject\",\"inLanguage\":\"es\",\"@id\":\"https:\/\/www.cedol.org.ar\/logistica\/las-finanzas-tienen-su-lugar-en-la-mesa-de-la-supply-chain\/#primaryimage\",\"url\":\"http:\/\/www.cedol.org.ar\/logistica\/wp-content\/uploads\/2013\/04\/FOTO-1-Enc-CEDOL1.jpg\",\"contentUrl\":\"http:\/\/www.cedol.org.ar\/logistica\/wp-content\/uploads\/2013\/04\/FOTO-1-Enc-CEDOL1.jpg\"},{\"@type\":\"BreadcrumbList\",\"@id\":\"https:\/\/www.cedol.org.ar\/logistica\/las-finanzas-tienen-su-lugar-en-la-mesa-de-la-supply-chain\/#breadcrumb\",\"itemListElement\":[{\"@type\":\"ListItem\",\"position\":1,\"name\":\"Home\",\"item\":\"https:\/\/www.cedol.org.ar\/logistica\/\"},{\"@type\":\"ListItem\",\"position\":2,\"name\":\"Las Finanzas Tienen su Lugar en la Mesa de la Supply Chain\"}]},{\"@type\":\"WebSite\",\"@id\":\"https:\/\/www.cedol.org.ar\/logistica\/#website\",\"url\":\"https:\/\/www.cedol.org.ar\/logistica\/\",\"name\":\"CEDOL\",\"description\":\"C\u00c1MARA EMPRESARIA DE OPERADORES LOG\u00cdSTICOS\",\"potentialAction\":[{\"@type\":\"SearchAction\",\"target\":{\"@type\":\"EntryPoint\",\"urlTemplate\":\"https:\/\/www.cedol.org.ar\/logistica\/?s={search_term_string}\"},\"query-input\":\"required name=search_term_string\"}],\"inLanguage\":\"es\"},{\"@type\":\"Person\",\"@id\":\"https:\/\/www.cedol.org.ar\/logistica\/#\/schema\/person\/40275bdb20446824fc74d51aabe22e83\",\"name\":\"admin\"}]}<\/script>\n<!-- \/ Yoast SEO plugin. -->","yoast_head_json":{"title":"Las Finanzas Tienen su Lugar en la Mesa de la Supply Chain  &#187; CEDOL","description":"En unos d\u00edas, el 17 de Abril, se llevar\u00e1 a cabo en el Aula Magna de la Pontificia Universidad Cat\u00f3lica Argentina, organizado por CEDOL, el 5to. Encuentro","robots":{"index":"index","follow":"follow","max-snippet":"max-snippet:-1","max-image-preview":"max-image-preview:large","max-video-preview":"max-video-preview:-1"},"canonical":"https:\/\/www.cedol.org.ar\/logistica\/las-finanzas-tienen-su-lugar-en-la-mesa-de-la-supply-chain\/","og_locale":"es_ES","og_type":"article","og_title":"Las Finanzas Tienen su Lugar en la Mesa de la Supply Chain  &#187; CEDOL","og_description":"En unos d\u00edas, el 17 de Abril, se llevar\u00e1 a cabo en el Aula Magna de la Pontificia Universidad Cat\u00f3lica Argentina, organizado por CEDOL, el 5to. Encuentro","og_url":"https:\/\/www.cedol.org.ar\/logistica\/las-finanzas-tienen-su-lugar-en-la-mesa-de-la-supply-chain\/","og_site_name":"CEDOL","article_published_time":"2013-04-09T15:25:39+00:00","article_modified_time":"2013-04-09T15:50:47+00:00","og_image":[{"url":"http:\/\/www.cedol.org.ar\/logistica\/wp-content\/uploads\/2013\/04\/FOTO-1-Enc-CEDOL1.jpg"}],"author":"admin","twitter_card":"summary_large_image","twitter_misc":{"Escrito por":"admin","Tiempo de lectura":"2 minutos"},"schema":{"@context":"https:\/\/schema.org","@graph":[{"@type":"WebPage","@id":"https:\/\/www.cedol.org.ar\/logistica\/las-finanzas-tienen-su-lugar-en-la-mesa-de-la-supply-chain\/","url":"https:\/\/www.cedol.org.ar\/logistica\/las-finanzas-tienen-su-lugar-en-la-mesa-de-la-supply-chain\/","name":"Las Finanzas Tienen su Lugar en la Mesa de la Supply Chain &#187; CEDOL","isPartOf":{"@id":"https:\/\/www.cedol.org.ar\/logistica\/#website"},"primaryImageOfPage":{"@id":"https:\/\/www.cedol.org.ar\/logistica\/las-finanzas-tienen-su-lugar-en-la-mesa-de-la-supply-chain\/#primaryimage"},"image":{"@id":"https:\/\/www.cedol.org.ar\/logistica\/las-finanzas-tienen-su-lugar-en-la-mesa-de-la-supply-chain\/#primaryimage"},"thumbnailUrl":"http:\/\/www.cedol.org.ar\/logistica\/wp-content\/uploads\/2013\/04\/FOTO-1-Enc-CEDOL1.jpg","datePublished":"2013-04-09T15:25:39+00:00","dateModified":"2013-04-09T15:50:47+00:00","author":{"@id":"https:\/\/www.cedol.org.ar\/logistica\/#\/schema\/person\/40275bdb20446824fc74d51aabe22e83"},"description":"En unos d\u00edas, el 17 de Abril, se llevar\u00e1 a cabo en el Aula Magna de la Pontificia Universidad Cat\u00f3lica Argentina, organizado por CEDOL, el 5to. Encuentro","breadcrumb":{"@id":"https:\/\/www.cedol.org.ar\/logistica\/las-finanzas-tienen-su-lugar-en-la-mesa-de-la-supply-chain\/#breadcrumb"},"inLanguage":"es","potentialAction":[{"@type":"ReadAction","target":["https:\/\/www.cedol.org.ar\/logistica\/las-finanzas-tienen-su-lugar-en-la-mesa-de-la-supply-chain\/"]}]},{"@type":"ImageObject","inLanguage":"es","@id":"https:\/\/www.cedol.org.ar\/logistica\/las-finanzas-tienen-su-lugar-en-la-mesa-de-la-supply-chain\/#primaryimage","url":"http:\/\/www.cedol.org.ar\/logistica\/wp-content\/uploads\/2013\/04\/FOTO-1-Enc-CEDOL1.jpg","contentUrl":"http:\/\/www.cedol.org.ar\/logistica\/wp-content\/uploads\/2013\/04\/FOTO-1-Enc-CEDOL1.jpg"},{"@type":"BreadcrumbList","@id":"https:\/\/www.cedol.org.ar\/logistica\/las-finanzas-tienen-su-lugar-en-la-mesa-de-la-supply-chain\/#breadcrumb","itemListElement":[{"@type":"ListItem","position":1,"name":"Home","item":"https:\/\/www.cedol.org.ar\/logistica\/"},{"@type":"ListItem","position":2,"name":"Las Finanzas Tienen su Lugar en la Mesa de la Supply Chain"}]},{"@type":"WebSite","@id":"https:\/\/www.cedol.org.ar\/logistica\/#website","url":"https:\/\/www.cedol.org.ar\/logistica\/","name":"CEDOL","description":"C\u00c1MARA EMPRESARIA DE OPERADORES LOG\u00cdSTICOS","potentialAction":[{"@type":"SearchAction","target":{"@type":"EntryPoint","urlTemplate":"https:\/\/www.cedol.org.ar\/logistica\/?s={search_term_string}"},"query-input":"required name=search_term_string"}],"inLanguage":"es"},{"@type":"Person","@id":"https:\/\/www.cedol.org.ar\/logistica\/#\/schema\/person\/40275bdb20446824fc74d51aabe22e83","name":"admin"}]}},"_links":{"self":[{"href":"https:\/\/www.cedol.org.ar\/logistica\/wp-json\/wp\/v2\/posts\/407","targetHints":{"allow":["GET"]}}],"collection":[{"href":"https:\/\/www.cedol.org.ar\/logistica\/wp-json\/wp\/v2\/posts"}],"about":[{"href":"https:\/\/www.cedol.org.ar\/logistica\/wp-json\/wp\/v2\/types\/post"}],"author":[{"embeddable":true,"href":"https:\/\/www.cedol.org.ar\/logistica\/wp-json\/wp\/v2\/users\/1"}],"replies":[{"embeddable":true,"href":"https:\/\/www.cedol.org.ar\/logistica\/wp-json\/wp\/v2\/comments?post=407"}],"version-history":[{"count":6,"href":"https:\/\/www.cedol.org.ar\/logistica\/wp-json\/wp\/v2\/posts\/407\/revisions"}],"predecessor-version":[{"id":413,"href":"https:\/\/www.cedol.org.ar\/logistica\/wp-json\/wp\/v2\/posts\/407\/revisions\/413"}],"wp:attachment":[{"href":"https:\/\/www.cedol.org.ar\/logistica\/wp-json\/wp\/v2\/media?parent=407"}],"wp:term":[{"taxonomy":"category","embeddable":true,"href":"https:\/\/www.cedol.org.ar\/logistica\/wp-json\/wp\/v2\/categories?post=407"},{"taxonomy":"post_tag","embeddable":true,"href":"https:\/\/www.cedol.org.ar\/logistica\/wp-json\/wp\/v2\/tags?post=407"}],"curies":[{"name":"wp","href":"https:\/\/api.w.org\/{rel}","templated":true}]}}