{"id":3949,"date":"2025-05-31T19:37:56","date_gmt":"2025-05-31T19:37:56","guid":{"rendered":"https:\/\/www.cedol.org.ar\/logistica\/?p=3949"},"modified":"2025-05-31T19:48:11","modified_gmt":"2025-05-31T19:48:11","slug":"cedol-despide-a-emilio-aguirre-querido-referente-del-sector","status":"publish","type":"post","link":"https:\/\/www.cedol.org.ar\/logistica\/cedol-despide-a-emilio-aguirre-querido-referente-del-sector\/","title":{"rendered":"CEDOL DESPIDE A\u00a0EMILIO AGUIRRE, QUERIDO REFERENTE DEL\u00a0SECTOR"},"content":{"rendered":"\n<p>La C\u00e1mara Empresaria de Operadores Log\u00edsticos comunica, con profundo dolor, el fallecimiento de&nbsp;Emilio Aguirre,&nbsp;uno de los grandes referentes en&nbsp;historia de la empresa Cruz del Sur.&nbsp;<\/p>\n\n\n\n<p>Lito, como lo\u00a0llamaban sus\u00a0amigos,\u00a0fue un apasionado\u00a0del\u00a0transporte y la log\u00edstica. Su visi\u00f3n\u00a0y\u00a0dedicaci\u00f3n\u00a0marcaron profundamente el camino de\u00a0su\u00a0compa\u00f1\u00eda.\u00a0<\/p>\n\n\n\n<p>Tambi\u00e9n, desde su gran compromiso y esp\u00edritu de camarader\u00eda&nbsp;respald\u00f3&nbsp;a&nbsp;sus colegas&nbsp;en el desarrollo&nbsp;institucional&nbsp;del&nbsp;sector.<\/p>\n\n\n\n<p>CEDOL acompa\u00f1a a la familia de&nbsp;Emilio Aguirre, y a todos sus amigos y colegas en este momento de dolor.<\/p>\n\n\n\n<p>QEPD,&nbsp;31 de mayo de 2025.<\/p>\n\n\n\n<p><\/p>\n","protected":false},"excerpt":{"rendered":"<p>La C\u00e1mara Empresaria de Operadores Log\u00edsticos comunica, con profundo dolor, el fallecimiento de&nbsp;Emilio Aguirre,&nbsp;uno de los grandes referentes en&nbsp;historia de la empresa Cruz del Sur.&nbsp; [&hellip;]<\/p>\n","protected":false},"author":1,"featured_media":3950,"comment_status":"open","ping_status":"open","sticky":true,"template":"","format":"standard","meta":{"_monsterinsights_skip_tracking":false,"_monsterinsights_sitenote_active":false,"_monsterinsights_sitenote_note":"","_monsterinsights_sitenote_category":0,"footnotes":""},"categories":[4],"tags":[],"class_list":["post-3949","post","type-post","status-publish","format-standard","has-post-thumbnail","hentry","category-noticias"],"yoast_head":"<!-- This site is optimized with the Yoast SEO plugin v22.3 - https:\/\/yoast.com\/wordpress\/plugins\/seo\/ -->\n<title>CEDOL DESPIDE A\u00a0EMILIO AGUIRRE, QUERIDO REFERENTE DEL\u00a0SECTOR &#187; CEDOL<\/title>\n<meta name=\"description\" content=\"La C\u00e1mara Empresaria de Operadores Log\u00edsticos comunica, con profundo dolor, el fallecimiento de&nbsp;Emilio Aguirre,&nbsp;uno de los grandes referentes\" \/>\n<meta name=\"robots\" content=\"index, follow, max-snippet:-1, max-image-preview:large, max-video-preview:-1\" \/>\n<link rel=\"canonical\" href=\"https:\/\/www.cedol.org.ar\/logistica\/cedol-despide-a-emilio-aguirre-querido-referente-del-sector\/\" \/>\n<meta property=\"og:locale\" content=\"es_ES\" \/>\n<meta property=\"og:type\" content=\"article\" \/>\n<meta property=\"og:title\" content=\"CEDOL DESPIDE A\u00a0EMILIO AGUIRRE, QUERIDO REFERENTE DEL\u00a0SECTOR &#187; CEDOL\" \/>\n<meta property=\"og:description\" content=\"La C\u00e1mara Empresaria de Operadores Log\u00edsticos comunica, con profundo dolor, el fallecimiento de&nbsp;Emilio Aguirre,&nbsp;uno de los grandes referentes\" \/>\n<meta property=\"og:url\" content=\"https:\/\/www.cedol.org.ar\/logistica\/cedol-despide-a-emilio-aguirre-querido-referente-del-sector\/\" \/>\n<meta property=\"og:site_name\" content=\"CEDOL\" \/>\n<meta property=\"article:published_time\" content=\"2025-05-31T19:37:56+00:00\" \/>\n<meta property=\"article:modified_time\" content=\"2025-05-31T19:48:11+00:00\" \/>\n<meta property=\"og:image\" content=\"https:\/\/www.cedol.org.ar\/logistica\/wp-content\/uploads\/2025\/05\/87606635-27e5-49a9-96d8-45637b9365f7.jpeg\" \/>\n\t<meta property=\"og:image:width\" content=\"350\" \/>\n\t<meta property=\"og:image:height\" content=\"350\" \/>\n\t<meta property=\"og:image:type\" content=\"image\/jpeg\" \/>\n<meta name=\"author\" content=\"admin\" \/>\n<meta name=\"twitter:card\" content=\"summary_large_image\" \/>\n<meta name=\"twitter:label1\" content=\"Escrito por\" \/>\n\t<meta name=\"twitter:data1\" content=\"admin\" \/>\n\t<meta name=\"twitter:label2\" content=\"Tiempo de lectura\" \/>\n\t<meta name=\"twitter:data2\" content=\"1 minuto\" \/>\n<script type=\"application\/ld+json\" class=\"yoast-schema-graph\">{\"@context\":\"https:\/\/schema.org\",\"@graph\":[{\"@type\":\"WebPage\",\"@id\":\"https:\/\/www.cedol.org.ar\/logistica\/cedol-despide-a-emilio-aguirre-querido-referente-del-sector\/\",\"url\":\"https:\/\/www.cedol.org.ar\/logistica\/cedol-despide-a-emilio-aguirre-querido-referente-del-sector\/\",\"name\":\"CEDOL DESPIDE A\u00a0EMILIO AGUIRRE, QUERIDO REFERENTE DEL\u00a0SECTOR &#187; CEDOL\",\"isPartOf\":{\"@id\":\"https:\/\/www.cedol.org.ar\/logistica\/#website\"},\"primaryImageOfPage\":{\"@id\":\"https:\/\/www.cedol.org.ar\/logistica\/cedol-despide-a-emilio-aguirre-querido-referente-del-sector\/#primaryimage\"},\"image\":{\"@id\":\"https:\/\/www.cedol.org.ar\/logistica\/cedol-despide-a-emilio-aguirre-querido-referente-del-sector\/#primaryimage\"},\"thumbnailUrl\":\"https:\/\/www.cedol.org.ar\/logistica\/wp-content\/uploads\/2025\/05\/87606635-27e5-49a9-96d8-45637b9365f7.jpeg\",\"datePublished\":\"2025-05-31T19:37:56+00:00\",\"dateModified\":\"2025-05-31T19:48:11+00:00\",\"author\":{\"@id\":\"https:\/\/www.cedol.org.ar\/logistica\/#\/schema\/person\/40275bdb20446824fc74d51aabe22e83\"},\"description\":\"La C\u00e1mara Empresaria de Operadores Log\u00edsticos comunica, con profundo dolor, el fallecimiento de&nbsp;Emilio Aguirre,&nbsp;uno de los grandes referentes\",\"breadcrumb\":{\"@id\":\"https:\/\/www.cedol.org.ar\/logistica\/cedol-despide-a-emilio-aguirre-querido-referente-del-sector\/#breadcrumb\"},\"inLanguage\":\"es\",\"potentialAction\":[{\"@type\":\"ReadAction\",\"target\":[\"https:\/\/www.cedol.org.ar\/logistica\/cedol-despide-a-emilio-aguirre-querido-referente-del-sector\/\"]}]},{\"@type\":\"ImageObject\",\"inLanguage\":\"es\",\"@id\":\"https:\/\/www.cedol.org.ar\/logistica\/cedol-despide-a-emilio-aguirre-querido-referente-del-sector\/#primaryimage\",\"url\":\"https:\/\/www.cedol.org.ar\/logistica\/wp-content\/uploads\/2025\/05\/87606635-27e5-49a9-96d8-45637b9365f7.jpeg\",\"contentUrl\":\"https:\/\/www.cedol.org.ar\/logistica\/wp-content\/uploads\/2025\/05\/87606635-27e5-49a9-96d8-45637b9365f7.jpeg\",\"width\":350,\"height\":350},{\"@type\":\"BreadcrumbList\",\"@id\":\"https:\/\/www.cedol.org.ar\/logistica\/cedol-despide-a-emilio-aguirre-querido-referente-del-sector\/#breadcrumb\",\"itemListElement\":[{\"@type\":\"ListItem\",\"position\":1,\"name\":\"Home\",\"item\":\"https:\/\/www.cedol.org.ar\/logistica\/\"},{\"@type\":\"ListItem\",\"position\":2,\"name\":\"CEDOL DESPIDE A\u00a0EMILIO AGUIRRE, QUERIDO REFERENTE DEL\u00a0SECTOR\"}]},{\"@type\":\"WebSite\",\"@id\":\"https:\/\/www.cedol.org.ar\/logistica\/#website\",\"url\":\"https:\/\/www.cedol.org.ar\/logistica\/\",\"name\":\"CEDOL\",\"description\":\"C\u00c1MARA EMPRESARIA DE OPERADORES LOG\u00cdSTICOS\",\"potentialAction\":[{\"@type\":\"SearchAction\",\"target\":{\"@type\":\"EntryPoint\",\"urlTemplate\":\"https:\/\/www.cedol.org.ar\/logistica\/?s={search_term_string}\"},\"query-input\":\"required name=search_term_string\"}],\"inLanguage\":\"es\"},{\"@type\":\"Person\",\"@id\":\"https:\/\/www.cedol.org.ar\/logistica\/#\/schema\/person\/40275bdb20446824fc74d51aabe22e83\",\"name\":\"admin\"}]}<\/script>\n<!-- \/ Yoast SEO plugin. -->","yoast_head_json":{"title":"CEDOL DESPIDE A\u00a0EMILIO AGUIRRE, QUERIDO REFERENTE DEL\u00a0SECTOR &#187; CEDOL","description":"La C\u00e1mara Empresaria de Operadores Log\u00edsticos comunica, con profundo dolor, el fallecimiento de&nbsp;Emilio Aguirre,&nbsp;uno de los grandes referentes","robots":{"index":"index","follow":"follow","max-snippet":"max-snippet:-1","max-image-preview":"max-image-preview:large","max-video-preview":"max-video-preview:-1"},"canonical":"https:\/\/www.cedol.org.ar\/logistica\/cedol-despide-a-emilio-aguirre-querido-referente-del-sector\/","og_locale":"es_ES","og_type":"article","og_title":"CEDOL DESPIDE A\u00a0EMILIO AGUIRRE, QUERIDO REFERENTE DEL\u00a0SECTOR &#187; CEDOL","og_description":"La C\u00e1mara Empresaria de Operadores Log\u00edsticos comunica, con profundo dolor, el fallecimiento de&nbsp;Emilio Aguirre,&nbsp;uno de los grandes referentes","og_url":"https:\/\/www.cedol.org.ar\/logistica\/cedol-despide-a-emilio-aguirre-querido-referente-del-sector\/","og_site_name":"CEDOL","article_published_time":"2025-05-31T19:37:56+00:00","article_modified_time":"2025-05-31T19:48:11+00:00","og_image":[{"width":350,"height":350,"url":"https:\/\/www.cedol.org.ar\/logistica\/wp-content\/uploads\/2025\/05\/87606635-27e5-49a9-96d8-45637b9365f7.jpeg","type":"image\/jpeg"}],"author":"admin","twitter_card":"summary_large_image","twitter_misc":{"Escrito por":"admin","Tiempo de lectura":"1 minuto"},"schema":{"@context":"https:\/\/schema.org","@graph":[{"@type":"WebPage","@id":"https:\/\/www.cedol.org.ar\/logistica\/cedol-despide-a-emilio-aguirre-querido-referente-del-sector\/","url":"https:\/\/www.cedol.org.ar\/logistica\/cedol-despide-a-emilio-aguirre-querido-referente-del-sector\/","name":"CEDOL DESPIDE A\u00a0EMILIO AGUIRRE, QUERIDO REFERENTE DEL\u00a0SECTOR &#187; CEDOL","isPartOf":{"@id":"https:\/\/www.cedol.org.ar\/logistica\/#website"},"primaryImageOfPage":{"@id":"https:\/\/www.cedol.org.ar\/logistica\/cedol-despide-a-emilio-aguirre-querido-referente-del-sector\/#primaryimage"},"image":{"@id":"https:\/\/www.cedol.org.ar\/logistica\/cedol-despide-a-emilio-aguirre-querido-referente-del-sector\/#primaryimage"},"thumbnailUrl":"https:\/\/www.cedol.org.ar\/logistica\/wp-content\/uploads\/2025\/05\/87606635-27e5-49a9-96d8-45637b9365f7.jpeg","datePublished":"2025-05-31T19:37:56+00:00","dateModified":"2025-05-31T19:48:11+00:00","author":{"@id":"https:\/\/www.cedol.org.ar\/logistica\/#\/schema\/person\/40275bdb20446824fc74d51aabe22e83"},"description":"La C\u00e1mara Empresaria de Operadores Log\u00edsticos comunica, con profundo dolor, el fallecimiento de&nbsp;Emilio Aguirre,&nbsp;uno de los grandes referentes","breadcrumb":{"@id":"https:\/\/www.cedol.org.ar\/logistica\/cedol-despide-a-emilio-aguirre-querido-referente-del-sector\/#breadcrumb"},"inLanguage":"es","potentialAction":[{"@type":"ReadAction","target":["https:\/\/www.cedol.org.ar\/logistica\/cedol-despide-a-emilio-aguirre-querido-referente-del-sector\/"]}]},{"@type":"ImageObject","inLanguage":"es","@id":"https:\/\/www.cedol.org.ar\/logistica\/cedol-despide-a-emilio-aguirre-querido-referente-del-sector\/#primaryimage","url":"https:\/\/www.cedol.org.ar\/logistica\/wp-content\/uploads\/2025\/05\/87606635-27e5-49a9-96d8-45637b9365f7.jpeg","contentUrl":"https:\/\/www.cedol.org.ar\/logistica\/wp-content\/uploads\/2025\/05\/87606635-27e5-49a9-96d8-45637b9365f7.jpeg","width":350,"height":350},{"@type":"BreadcrumbList","@id":"https:\/\/www.cedol.org.ar\/logistica\/cedol-despide-a-emilio-aguirre-querido-referente-del-sector\/#breadcrumb","itemListElement":[{"@type":"ListItem","position":1,"name":"Home","item":"https:\/\/www.cedol.org.ar\/logistica\/"},{"@type":"ListItem","position":2,"name":"CEDOL DESPIDE A\u00a0EMILIO AGUIRRE, QUERIDO REFERENTE DEL\u00a0SECTOR"}]},{"@type":"WebSite","@id":"https:\/\/www.cedol.org.ar\/logistica\/#website","url":"https:\/\/www.cedol.org.ar\/logistica\/","name":"CEDOL","description":"C\u00c1MARA EMPRESARIA DE OPERADORES LOG\u00cdSTICOS","potentialAction":[{"@type":"SearchAction","target":{"@type":"EntryPoint","urlTemplate":"https:\/\/www.cedol.org.ar\/logistica\/?s={search_term_string}"},"query-input":"required name=search_term_string"}],"inLanguage":"es"},{"@type":"Person","@id":"https:\/\/www.cedol.org.ar\/logistica\/#\/schema\/person\/40275bdb20446824fc74d51aabe22e83","name":"admin"}]}},"_links":{"self":[{"href":"https:\/\/www.cedol.org.ar\/logistica\/wp-json\/wp\/v2\/posts\/3949","targetHints":{"allow":["GET"]}}],"collection":[{"href":"https:\/\/www.cedol.org.ar\/logistica\/wp-json\/wp\/v2\/posts"}],"about":[{"href":"https:\/\/www.cedol.org.ar\/logistica\/wp-json\/wp\/v2\/types\/post"}],"author":[{"embeddable":true,"href":"https:\/\/www.cedol.org.ar\/logistica\/wp-json\/wp\/v2\/users\/1"}],"replies":[{"embeddable":true,"href":"https:\/\/www.cedol.org.ar\/logistica\/wp-json\/wp\/v2\/comments?post=3949"}],"version-history":[{"count":2,"href":"https:\/\/www.cedol.org.ar\/logistica\/wp-json\/wp\/v2\/posts\/3949\/revisions"}],"predecessor-version":[{"id":3952,"href":"https:\/\/www.cedol.org.ar\/logistica\/wp-json\/wp\/v2\/posts\/3949\/revisions\/3952"}],"wp:featuredmedia":[{"embeddable":true,"href":"https:\/\/www.cedol.org.ar\/logistica\/wp-json\/wp\/v2\/media\/3950"}],"wp:attachment":[{"href":"https:\/\/www.cedol.org.ar\/logistica\/wp-json\/wp\/v2\/media?parent=3949"}],"wp:term":[{"taxonomy":"category","embeddable":true,"href":"https:\/\/www.cedol.org.ar\/logistica\/wp-json\/wp\/v2\/categories?post=3949"},{"taxonomy":"post_tag","embeddable":true,"href":"https:\/\/www.cedol.org.ar\/logistica\/wp-json\/wp\/v2\/tags?post=3949"}],"curies":[{"name":"wp","href":"https:\/\/api.w.org\/{rel}","templated":true}]}}