{"id":3940,"date":"2025-05-30T13:44:06","date_gmt":"2025-05-30T13:44:06","guid":{"rendered":"https:\/\/www.cedol.org.ar\/logistica\/?p=3940"},"modified":"2025-05-30T13:44:27","modified_gmt":"2025-05-30T13:44:27","slug":"emotivo-homenaje-a-carlos-musante","status":"publish","type":"post","link":"https:\/\/www.cedol.org.ar\/logistica\/emotivo-homenaje-a-carlos-musante\/","title":{"rendered":"EMOTIVO HOMENAJE A CARLOS MUSANTE"},"content":{"rendered":"\n<p><strong><em>En honor a la trayectoria de qui\u00e9n fue considerado uno de los impulsores de la log\u00edstica, la sala de reuniones de CEDOL pasar\u00e1 a tener su nombre.<\/em><\/strong><\/p>\n\n\n\n<p>En el marco del 15\u00b0 Encuentro CEDOL el pasado 20 de mayo, Hern\u00e1n S\u00e1nchez y Jorge L\u00f3pez, actual presidente y expresidente de la C\u00e1mara Empresaria de Operadores Log\u00edsticos (CEDOL) respectivamente, rindieron un afectuoso homenaje a Carlos Musante, director t\u00e9cnico y socio cofundador de la c\u00e1mara, quien falleci\u00f3 el 16 de mayo, a los 80 a\u00f1os en Buenos Aires.<\/p>\n\n\n\n<p>Hern\u00e1n S\u00e1nchez lo record\u00f3 refiriendo: \u201cCarlos fue mi jefe, colega y amigo, en distintas etapas de mi vida. Durante m\u00e1s de 30 a\u00f1os me acompa\u00f1\u00f3 en casi toda mi vida profesional, pero sobre todo, en lo relacionado a la vida institucional de ARLOG, CEDOL, FAETyL y ALALOG. Sus aportes profesionales fueron pilares que permitieron crecer a todas estas organizaciones\u201d. Y agreg\u00f3: \u201cEn lo personal me despido del referente, el consejero, el que sab\u00eda retarme y tambi\u00e9n halagarme. Me despido del amigo a qui\u00e9n voy a extra\u00f1ar\u201d. Para finalizar, a modo de reconocimiento y en honor a la trayectoria de qui\u00e9n fue considerado uno de los impulsores de la log\u00edstica, anunci\u00f3 que la sala de reuniones de la C\u00e1mara Empresaria de Operadores Log\u00edsticos pasar\u00e1 a llamarse Carlos Musante.<\/p>\n\n\n\n<p>Con m\u00e1s de 35 a\u00f1os de trayectoria en el sector, Musante fue gerente general de Tasa Log\u00edstica, Exolog\u00edstica, Celsur Log\u00edstica y Villalonga Furlong. Particip\u00f3 como socio en la fundaci\u00f3n de CEDOL, en 1998, donde se desempe\u00f1aba como director t\u00e9cnico desde 2006. Funci\u00f3n que adem\u00e1s ejerc\u00eda en la Asociaci\u00f3n Latinoamericana de Log\u00edstica (ALALOG).<\/p>\n\n\n\n<p>Tambi\u00e9n fue socio fundador de la Asociaci\u00f3n Argentina de Log\u00edstica Empresaria (ARLOG), vicepresidente primero durante varios per\u00edodos y presidente de numerosos encuentros nacionales.<\/p>\n\n\n\n<p>En adici\u00f3n, al momento de su fallecimiento era presidente de Soporte Log\u00edstico, director de Diagn\u00f3stico y Coaching Log\u00edstico, adem\u00e1s de ser profesor titular de gerenciamiento log\u00edstico en varias universidades de la Argentina.<\/p>\n\n\n\n<p>CEDOL acompa\u00f1a a su familia y a todos sus amigos en este momento de dolor.<\/p>\n","protected":false},"excerpt":{"rendered":"<p>En honor a la trayectoria de qui\u00e9n fue considerado uno de los impulsores de la log\u00edstica, la sala de reuniones de CEDOL pasar\u00e1 a tener [&hellip;]<\/p>\n","protected":false},"author":1,"featured_media":3942,"comment_status":"open","ping_status":"open","sticky":true,"template":"","format":"standard","meta":{"_monsterinsights_skip_tracking":false,"_monsterinsights_sitenote_active":false,"_monsterinsights_sitenote_note":"","_monsterinsights_sitenote_category":0,"footnotes":""},"categories":[4],"tags":[],"class_list":["post-3940","post","type-post","status-publish","format-standard","has-post-thumbnail","hentry","category-noticias"],"yoast_head":"<!-- This site is optimized with the Yoast SEO plugin v22.3 - https:\/\/yoast.com\/wordpress\/plugins\/seo\/ -->\n<title>EMOTIVO HOMENAJE A CARLOS MUSANTE &#187; CEDOL<\/title>\n<meta name=\"description\" content=\"En honor a la trayectoria de qui\u00e9n fue considerado uno de los impulsores de la log\u00edstica, la sala de reuniones de CEDOL pasar\u00e1 a tener su nombre. En el\" \/>\n<meta name=\"robots\" content=\"index, follow, max-snippet:-1, max-image-preview:large, max-video-preview:-1\" \/>\n<link rel=\"canonical\" href=\"https:\/\/www.cedol.org.ar\/logistica\/emotivo-homenaje-a-carlos-musante\/\" \/>\n<meta property=\"og:locale\" content=\"es_ES\" \/>\n<meta property=\"og:type\" content=\"article\" \/>\n<meta property=\"og:title\" content=\"EMOTIVO HOMENAJE A CARLOS MUSANTE &#187; CEDOL\" \/>\n<meta property=\"og:description\" content=\"En honor a la trayectoria de qui\u00e9n fue considerado uno de los impulsores de la log\u00edstica, la sala de reuniones de CEDOL pasar\u00e1 a tener su nombre. En el\" \/>\n<meta property=\"og:url\" content=\"https:\/\/www.cedol.org.ar\/logistica\/emotivo-homenaje-a-carlos-musante\/\" \/>\n<meta property=\"og:site_name\" content=\"CEDOL\" \/>\n<meta property=\"article:published_time\" content=\"2025-05-30T13:44:06+00:00\" \/>\n<meta property=\"article:modified_time\" content=\"2025-05-30T13:44:27+00:00\" \/>\n<meta property=\"og:image\" content=\"https:\/\/www.cedol.org.ar\/logistica\/wp-content\/uploads\/2025\/05\/Homenaje-Musante.jpg\" \/>\n\t<meta property=\"og:image:width\" content=\"1920\" \/>\n\t<meta property=\"og:image:height\" content=\"1280\" \/>\n\t<meta property=\"og:image:type\" content=\"image\/jpeg\" \/>\n<meta name=\"author\" content=\"admin\" \/>\n<meta name=\"twitter:card\" content=\"summary_large_image\" \/>\n<meta name=\"twitter:label1\" content=\"Escrito por\" \/>\n\t<meta name=\"twitter:data1\" content=\"admin\" \/>\n\t<meta name=\"twitter:label2\" content=\"Tiempo de lectura\" \/>\n\t<meta name=\"twitter:data2\" content=\"2 minutos\" \/>\n<script type=\"application\/ld+json\" class=\"yoast-schema-graph\">{\"@context\":\"https:\/\/schema.org\",\"@graph\":[{\"@type\":\"WebPage\",\"@id\":\"https:\/\/www.cedol.org.ar\/logistica\/emotivo-homenaje-a-carlos-musante\/\",\"url\":\"https:\/\/www.cedol.org.ar\/logistica\/emotivo-homenaje-a-carlos-musante\/\",\"name\":\"EMOTIVO HOMENAJE A CARLOS MUSANTE &#187; CEDOL\",\"isPartOf\":{\"@id\":\"https:\/\/www.cedol.org.ar\/logistica\/#website\"},\"primaryImageOfPage\":{\"@id\":\"https:\/\/www.cedol.org.ar\/logistica\/emotivo-homenaje-a-carlos-musante\/#primaryimage\"},\"image\":{\"@id\":\"https:\/\/www.cedol.org.ar\/logistica\/emotivo-homenaje-a-carlos-musante\/#primaryimage\"},\"thumbnailUrl\":\"https:\/\/www.cedol.org.ar\/logistica\/wp-content\/uploads\/2025\/05\/Homenaje-Musante.jpg\",\"datePublished\":\"2025-05-30T13:44:06+00:00\",\"dateModified\":\"2025-05-30T13:44:27+00:00\",\"author\":{\"@id\":\"https:\/\/www.cedol.org.ar\/logistica\/#\/schema\/person\/40275bdb20446824fc74d51aabe22e83\"},\"description\":\"En honor a la trayectoria de qui\u00e9n fue considerado uno de los impulsores de la log\u00edstica, la sala de reuniones de CEDOL pasar\u00e1 a tener su nombre. En el\",\"breadcrumb\":{\"@id\":\"https:\/\/www.cedol.org.ar\/logistica\/emotivo-homenaje-a-carlos-musante\/#breadcrumb\"},\"inLanguage\":\"es\",\"potentialAction\":[{\"@type\":\"ReadAction\",\"target\":[\"https:\/\/www.cedol.org.ar\/logistica\/emotivo-homenaje-a-carlos-musante\/\"]}]},{\"@type\":\"ImageObject\",\"inLanguage\":\"es\",\"@id\":\"https:\/\/www.cedol.org.ar\/logistica\/emotivo-homenaje-a-carlos-musante\/#primaryimage\",\"url\":\"https:\/\/www.cedol.org.ar\/logistica\/wp-content\/uploads\/2025\/05\/Homenaje-Musante.jpg\",\"contentUrl\":\"https:\/\/www.cedol.org.ar\/logistica\/wp-content\/uploads\/2025\/05\/Homenaje-Musante.jpg\",\"width\":1920,\"height\":1280},{\"@type\":\"BreadcrumbList\",\"@id\":\"https:\/\/www.cedol.org.ar\/logistica\/emotivo-homenaje-a-carlos-musante\/#breadcrumb\",\"itemListElement\":[{\"@type\":\"ListItem\",\"position\":1,\"name\":\"Home\",\"item\":\"https:\/\/www.cedol.org.ar\/logistica\/\"},{\"@type\":\"ListItem\",\"position\":2,\"name\":\"EMOTIVO HOMENAJE A CARLOS MUSANTE\"}]},{\"@type\":\"WebSite\",\"@id\":\"https:\/\/www.cedol.org.ar\/logistica\/#website\",\"url\":\"https:\/\/www.cedol.org.ar\/logistica\/\",\"name\":\"CEDOL\",\"description\":\"C\u00c1MARA EMPRESARIA DE OPERADORES LOG\u00cdSTICOS\",\"potentialAction\":[{\"@type\":\"SearchAction\",\"target\":{\"@type\":\"EntryPoint\",\"urlTemplate\":\"https:\/\/www.cedol.org.ar\/logistica\/?s={search_term_string}\"},\"query-input\":\"required name=search_term_string\"}],\"inLanguage\":\"es\"},{\"@type\":\"Person\",\"@id\":\"https:\/\/www.cedol.org.ar\/logistica\/#\/schema\/person\/40275bdb20446824fc74d51aabe22e83\",\"name\":\"admin\"}]}<\/script>\n<!-- \/ Yoast SEO plugin. -->","yoast_head_json":{"title":"EMOTIVO HOMENAJE A CARLOS MUSANTE &#187; CEDOL","description":"En honor a la trayectoria de qui\u00e9n fue considerado uno de los impulsores de la log\u00edstica, la sala de reuniones de CEDOL pasar\u00e1 a tener su nombre. En el","robots":{"index":"index","follow":"follow","max-snippet":"max-snippet:-1","max-image-preview":"max-image-preview:large","max-video-preview":"max-video-preview:-1"},"canonical":"https:\/\/www.cedol.org.ar\/logistica\/emotivo-homenaje-a-carlos-musante\/","og_locale":"es_ES","og_type":"article","og_title":"EMOTIVO HOMENAJE A CARLOS MUSANTE &#187; CEDOL","og_description":"En honor a la trayectoria de qui\u00e9n fue considerado uno de los impulsores de la log\u00edstica, la sala de reuniones de CEDOL pasar\u00e1 a tener su nombre. En el","og_url":"https:\/\/www.cedol.org.ar\/logistica\/emotivo-homenaje-a-carlos-musante\/","og_site_name":"CEDOL","article_published_time":"2025-05-30T13:44:06+00:00","article_modified_time":"2025-05-30T13:44:27+00:00","og_image":[{"width":1920,"height":1280,"url":"https:\/\/www.cedol.org.ar\/logistica\/wp-content\/uploads\/2025\/05\/Homenaje-Musante.jpg","type":"image\/jpeg"}],"author":"admin","twitter_card":"summary_large_image","twitter_misc":{"Escrito por":"admin","Tiempo de lectura":"2 minutos"},"schema":{"@context":"https:\/\/schema.org","@graph":[{"@type":"WebPage","@id":"https:\/\/www.cedol.org.ar\/logistica\/emotivo-homenaje-a-carlos-musante\/","url":"https:\/\/www.cedol.org.ar\/logistica\/emotivo-homenaje-a-carlos-musante\/","name":"EMOTIVO HOMENAJE A CARLOS MUSANTE &#187; CEDOL","isPartOf":{"@id":"https:\/\/www.cedol.org.ar\/logistica\/#website"},"primaryImageOfPage":{"@id":"https:\/\/www.cedol.org.ar\/logistica\/emotivo-homenaje-a-carlos-musante\/#primaryimage"},"image":{"@id":"https:\/\/www.cedol.org.ar\/logistica\/emotivo-homenaje-a-carlos-musante\/#primaryimage"},"thumbnailUrl":"https:\/\/www.cedol.org.ar\/logistica\/wp-content\/uploads\/2025\/05\/Homenaje-Musante.jpg","datePublished":"2025-05-30T13:44:06+00:00","dateModified":"2025-05-30T13:44:27+00:00","author":{"@id":"https:\/\/www.cedol.org.ar\/logistica\/#\/schema\/person\/40275bdb20446824fc74d51aabe22e83"},"description":"En honor a la trayectoria de qui\u00e9n fue considerado uno de los impulsores de la log\u00edstica, la sala de reuniones de CEDOL pasar\u00e1 a tener su nombre. En el","breadcrumb":{"@id":"https:\/\/www.cedol.org.ar\/logistica\/emotivo-homenaje-a-carlos-musante\/#breadcrumb"},"inLanguage":"es","potentialAction":[{"@type":"ReadAction","target":["https:\/\/www.cedol.org.ar\/logistica\/emotivo-homenaje-a-carlos-musante\/"]}]},{"@type":"ImageObject","inLanguage":"es","@id":"https:\/\/www.cedol.org.ar\/logistica\/emotivo-homenaje-a-carlos-musante\/#primaryimage","url":"https:\/\/www.cedol.org.ar\/logistica\/wp-content\/uploads\/2025\/05\/Homenaje-Musante.jpg","contentUrl":"https:\/\/www.cedol.org.ar\/logistica\/wp-content\/uploads\/2025\/05\/Homenaje-Musante.jpg","width":1920,"height":1280},{"@type":"BreadcrumbList","@id":"https:\/\/www.cedol.org.ar\/logistica\/emotivo-homenaje-a-carlos-musante\/#breadcrumb","itemListElement":[{"@type":"ListItem","position":1,"name":"Home","item":"https:\/\/www.cedol.org.ar\/logistica\/"},{"@type":"ListItem","position":2,"name":"EMOTIVO HOMENAJE A CARLOS MUSANTE"}]},{"@type":"WebSite","@id":"https:\/\/www.cedol.org.ar\/logistica\/#website","url":"https:\/\/www.cedol.org.ar\/logistica\/","name":"CEDOL","description":"C\u00c1MARA EMPRESARIA DE OPERADORES LOG\u00cdSTICOS","potentialAction":[{"@type":"SearchAction","target":{"@type":"EntryPoint","urlTemplate":"https:\/\/www.cedol.org.ar\/logistica\/?s={search_term_string}"},"query-input":"required name=search_term_string"}],"inLanguage":"es"},{"@type":"Person","@id":"https:\/\/www.cedol.org.ar\/logistica\/#\/schema\/person\/40275bdb20446824fc74d51aabe22e83","name":"admin"}]}},"_links":{"self":[{"href":"https:\/\/www.cedol.org.ar\/logistica\/wp-json\/wp\/v2\/posts\/3940","targetHints":{"allow":["GET"]}}],"collection":[{"href":"https:\/\/www.cedol.org.ar\/logistica\/wp-json\/wp\/v2\/posts"}],"about":[{"href":"https:\/\/www.cedol.org.ar\/logistica\/wp-json\/wp\/v2\/types\/post"}],"author":[{"embeddable":true,"href":"https:\/\/www.cedol.org.ar\/logistica\/wp-json\/wp\/v2\/users\/1"}],"replies":[{"embeddable":true,"href":"https:\/\/www.cedol.org.ar\/logistica\/wp-json\/wp\/v2\/comments?post=3940"}],"version-history":[{"count":1,"href":"https:\/\/www.cedol.org.ar\/logistica\/wp-json\/wp\/v2\/posts\/3940\/revisions"}],"predecessor-version":[{"id":3944,"href":"https:\/\/www.cedol.org.ar\/logistica\/wp-json\/wp\/v2\/posts\/3940\/revisions\/3944"}],"wp:featuredmedia":[{"embeddable":true,"href":"https:\/\/www.cedol.org.ar\/logistica\/wp-json\/wp\/v2\/media\/3942"}],"wp:attachment":[{"href":"https:\/\/www.cedol.org.ar\/logistica\/wp-json\/wp\/v2\/media?parent=3940"}],"wp:term":[{"taxonomy":"category","embeddable":true,"href":"https:\/\/www.cedol.org.ar\/logistica\/wp-json\/wp\/v2\/categories?post=3940"},{"taxonomy":"post_tag","embeddable":true,"href":"https:\/\/www.cedol.org.ar\/logistica\/wp-json\/wp\/v2\/tags?post=3940"}],"curies":[{"name":"wp","href":"https:\/\/api.w.org\/{rel}","templated":true}]}}