{"id":3926,"date":"2025-05-16T16:39:35","date_gmt":"2025-05-16T16:39:35","guid":{"rendered":"https:\/\/www.cedol.org.ar\/logistica\/?p=3926"},"modified":"2025-05-16T19:36:15","modified_gmt":"2025-05-16T19:36:15","slug":"cedol-despide-al-dr-carlos-musante","status":"publish","type":"post","link":"https:\/\/www.cedol.org.ar\/logistica\/cedol-despide-al-dr-carlos-musante\/","title":{"rendered":"CEDOL DESPIDE AL DR CARLOS MUSANTE"},"content":{"rendered":"\n<p>La C\u00e1mara Empresaria de Operadores Log\u00edsticos comunica, con profundo dolor, el fallecimiento del Dr Carlos Alberto Musante, director t\u00e9cnico y socio cofundador de CEDOL.&nbsp;<\/p>\n\n\n\n<p>Carlos ha sido uno de los pioneros en el desarrollo del sector log\u00edstico y, para muchos, tambi\u00e9n un maestro.<\/p>\n\n\n\n<p>Con m\u00e1s de 35 a\u00f1os de trayectoria en la actividad, lider\u00f3 importantes empresas de transporte y operadores log\u00edsticos.&nbsp;<\/p>\n\n\n\n<p>En 1998, particip\u00f3 como socio en la fundaci\u00f3n de CEDOL, y desde 2006 ejerci\u00f3 el cargo de director t\u00e9cnico, funci\u00f3n que tambi\u00e9n desempe\u00f1\u00f3 en la Asociaci\u00f3n Latinoamericana de Log\u00edstica, ALALOG.<\/p>\n\n\n\n<p>Tambi\u00e9n, fue socio fundador de la Asociaci\u00f3n Argentina de Log\u00edstica Empresaria (ARLOG), ejerciendo el cargo de vicepresidente primero durante varios per\u00edodos y liderando numerosos encuentros nacionales de la instituci\u00f3n.<\/p>\n\n\n\n<p>CEDOL acompa\u00f1a a la familia de Carlos Musante, y a todos sus amigos y colegas en este momento de dolor.<\/p>\n","protected":false},"excerpt":{"rendered":"<p>La C\u00e1mara Empresaria de Operadores Log\u00edsticos comunica, con profundo dolor, el fallecimiento del Dr Carlos Alberto Musante, director t\u00e9cnico y socio cofundador de CEDOL.&nbsp; Carlos [&hellip;]<\/p>\n","protected":false},"author":1,"featured_media":3929,"comment_status":"open","ping_status":"open","sticky":true,"template":"","format":"standard","meta":{"_monsterinsights_skip_tracking":false,"_monsterinsights_sitenote_active":false,"_monsterinsights_sitenote_note":"","_monsterinsights_sitenote_category":0,"footnotes":""},"categories":[4],"tags":[],"class_list":["post-3926","post","type-post","status-publish","format-standard","has-post-thumbnail","hentry","category-noticias"],"yoast_head":"<!-- This site is optimized with the Yoast SEO plugin v22.3 - https:\/\/yoast.com\/wordpress\/plugins\/seo\/ -->\n<title>CEDOL DESPIDE AL DR CARLOS MUSANTE &#187; CEDOL<\/title>\n<meta name=\"description\" content=\"La C\u00e1mara Empresaria de Operadores Log\u00edsticos comunica, con profundo dolor, el fallecimiento del Dr Carlos Alberto Musante, director t\u00e9cnico y socio\" \/>\n<meta name=\"robots\" content=\"index, follow, max-snippet:-1, max-image-preview:large, max-video-preview:-1\" \/>\n<link rel=\"canonical\" href=\"https:\/\/www.cedol.org.ar\/logistica\/cedol-despide-al-dr-carlos-musante\/\" \/>\n<meta property=\"og:locale\" content=\"es_ES\" \/>\n<meta property=\"og:type\" content=\"article\" \/>\n<meta property=\"og:title\" content=\"CEDOL DESPIDE AL DR CARLOS MUSANTE &#187; CEDOL\" \/>\n<meta property=\"og:description\" content=\"La C\u00e1mara Empresaria de Operadores Log\u00edsticos comunica, con profundo dolor, el fallecimiento del Dr Carlos Alberto Musante, director t\u00e9cnico y socio\" \/>\n<meta property=\"og:url\" content=\"https:\/\/www.cedol.org.ar\/logistica\/cedol-despide-al-dr-carlos-musante\/\" \/>\n<meta property=\"og:site_name\" content=\"CEDOL\" \/>\n<meta property=\"article:published_time\" content=\"2025-05-16T16:39:35+00:00\" \/>\n<meta property=\"article:modified_time\" content=\"2025-05-16T19:36:15+00:00\" \/>\n<meta property=\"og:image\" content=\"https:\/\/www.cedol.org.ar\/logistica\/wp-content\/uploads\/2025\/05\/Carlos-Musante-low.jpg\" \/>\n\t<meta property=\"og:image:width\" content=\"1920\" \/>\n\t<meta property=\"og:image:height\" content=\"1176\" \/>\n\t<meta property=\"og:image:type\" content=\"image\/jpeg\" \/>\n<meta name=\"author\" content=\"admin\" \/>\n<meta name=\"twitter:card\" content=\"summary_large_image\" \/>\n<meta name=\"twitter:label1\" content=\"Escrito por\" \/>\n\t<meta name=\"twitter:data1\" content=\"admin\" \/>\n\t<meta name=\"twitter:label2\" content=\"Tiempo de lectura\" \/>\n\t<meta name=\"twitter:data2\" content=\"1 minuto\" \/>\n<script type=\"application\/ld+json\" class=\"yoast-schema-graph\">{\"@context\":\"https:\/\/schema.org\",\"@graph\":[{\"@type\":\"WebPage\",\"@id\":\"https:\/\/www.cedol.org.ar\/logistica\/cedol-despide-al-dr-carlos-musante\/\",\"url\":\"https:\/\/www.cedol.org.ar\/logistica\/cedol-despide-al-dr-carlos-musante\/\",\"name\":\"CEDOL DESPIDE AL DR CARLOS MUSANTE &#187; CEDOL\",\"isPartOf\":{\"@id\":\"https:\/\/www.cedol.org.ar\/logistica\/#website\"},\"primaryImageOfPage\":{\"@id\":\"https:\/\/www.cedol.org.ar\/logistica\/cedol-despide-al-dr-carlos-musante\/#primaryimage\"},\"image\":{\"@id\":\"https:\/\/www.cedol.org.ar\/logistica\/cedol-despide-al-dr-carlos-musante\/#primaryimage\"},\"thumbnailUrl\":\"https:\/\/www.cedol.org.ar\/logistica\/wp-content\/uploads\/2025\/05\/Carlos-Musante-low.jpg\",\"datePublished\":\"2025-05-16T16:39:35+00:00\",\"dateModified\":\"2025-05-16T19:36:15+00:00\",\"author\":{\"@id\":\"https:\/\/www.cedol.org.ar\/logistica\/#\/schema\/person\/40275bdb20446824fc74d51aabe22e83\"},\"description\":\"La C\u00e1mara Empresaria de Operadores Log\u00edsticos comunica, con profundo dolor, el fallecimiento del Dr Carlos Alberto Musante, director t\u00e9cnico y socio\",\"breadcrumb\":{\"@id\":\"https:\/\/www.cedol.org.ar\/logistica\/cedol-despide-al-dr-carlos-musante\/#breadcrumb\"},\"inLanguage\":\"es\",\"potentialAction\":[{\"@type\":\"ReadAction\",\"target\":[\"https:\/\/www.cedol.org.ar\/logistica\/cedol-despide-al-dr-carlos-musante\/\"]}]},{\"@type\":\"ImageObject\",\"inLanguage\":\"es\",\"@id\":\"https:\/\/www.cedol.org.ar\/logistica\/cedol-despide-al-dr-carlos-musante\/#primaryimage\",\"url\":\"https:\/\/www.cedol.org.ar\/logistica\/wp-content\/uploads\/2025\/05\/Carlos-Musante-low.jpg\",\"contentUrl\":\"https:\/\/www.cedol.org.ar\/logistica\/wp-content\/uploads\/2025\/05\/Carlos-Musante-low.jpg\",\"width\":1920,\"height\":1176},{\"@type\":\"BreadcrumbList\",\"@id\":\"https:\/\/www.cedol.org.ar\/logistica\/cedol-despide-al-dr-carlos-musante\/#breadcrumb\",\"itemListElement\":[{\"@type\":\"ListItem\",\"position\":1,\"name\":\"Home\",\"item\":\"https:\/\/www.cedol.org.ar\/logistica\/\"},{\"@type\":\"ListItem\",\"position\":2,\"name\":\"CEDOL DESPIDE AL DR CARLOS MUSANTE\"}]},{\"@type\":\"WebSite\",\"@id\":\"https:\/\/www.cedol.org.ar\/logistica\/#website\",\"url\":\"https:\/\/www.cedol.org.ar\/logistica\/\",\"name\":\"CEDOL\",\"description\":\"C\u00c1MARA EMPRESARIA DE OPERADORES LOG\u00cdSTICOS\",\"potentialAction\":[{\"@type\":\"SearchAction\",\"target\":{\"@type\":\"EntryPoint\",\"urlTemplate\":\"https:\/\/www.cedol.org.ar\/logistica\/?s={search_term_string}\"},\"query-input\":\"required name=search_term_string\"}],\"inLanguage\":\"es\"},{\"@type\":\"Person\",\"@id\":\"https:\/\/www.cedol.org.ar\/logistica\/#\/schema\/person\/40275bdb20446824fc74d51aabe22e83\",\"name\":\"admin\"}]}<\/script>\n<!-- \/ Yoast SEO plugin. -->","yoast_head_json":{"title":"CEDOL DESPIDE AL DR CARLOS MUSANTE &#187; CEDOL","description":"La C\u00e1mara Empresaria de Operadores Log\u00edsticos comunica, con profundo dolor, el fallecimiento del Dr Carlos Alberto Musante, director t\u00e9cnico y socio","robots":{"index":"index","follow":"follow","max-snippet":"max-snippet:-1","max-image-preview":"max-image-preview:large","max-video-preview":"max-video-preview:-1"},"canonical":"https:\/\/www.cedol.org.ar\/logistica\/cedol-despide-al-dr-carlos-musante\/","og_locale":"es_ES","og_type":"article","og_title":"CEDOL DESPIDE AL DR CARLOS MUSANTE &#187; CEDOL","og_description":"La C\u00e1mara Empresaria de Operadores Log\u00edsticos comunica, con profundo dolor, el fallecimiento del Dr Carlos Alberto Musante, director t\u00e9cnico y socio","og_url":"https:\/\/www.cedol.org.ar\/logistica\/cedol-despide-al-dr-carlos-musante\/","og_site_name":"CEDOL","article_published_time":"2025-05-16T16:39:35+00:00","article_modified_time":"2025-05-16T19:36:15+00:00","og_image":[{"width":1920,"height":1176,"url":"https:\/\/www.cedol.org.ar\/logistica\/wp-content\/uploads\/2025\/05\/Carlos-Musante-low.jpg","type":"image\/jpeg"}],"author":"admin","twitter_card":"summary_large_image","twitter_misc":{"Escrito por":"admin","Tiempo de lectura":"1 minuto"},"schema":{"@context":"https:\/\/schema.org","@graph":[{"@type":"WebPage","@id":"https:\/\/www.cedol.org.ar\/logistica\/cedol-despide-al-dr-carlos-musante\/","url":"https:\/\/www.cedol.org.ar\/logistica\/cedol-despide-al-dr-carlos-musante\/","name":"CEDOL DESPIDE AL DR CARLOS MUSANTE &#187; CEDOL","isPartOf":{"@id":"https:\/\/www.cedol.org.ar\/logistica\/#website"},"primaryImageOfPage":{"@id":"https:\/\/www.cedol.org.ar\/logistica\/cedol-despide-al-dr-carlos-musante\/#primaryimage"},"image":{"@id":"https:\/\/www.cedol.org.ar\/logistica\/cedol-despide-al-dr-carlos-musante\/#primaryimage"},"thumbnailUrl":"https:\/\/www.cedol.org.ar\/logistica\/wp-content\/uploads\/2025\/05\/Carlos-Musante-low.jpg","datePublished":"2025-05-16T16:39:35+00:00","dateModified":"2025-05-16T19:36:15+00:00","author":{"@id":"https:\/\/www.cedol.org.ar\/logistica\/#\/schema\/person\/40275bdb20446824fc74d51aabe22e83"},"description":"La C\u00e1mara Empresaria de Operadores Log\u00edsticos comunica, con profundo dolor, el fallecimiento del Dr Carlos Alberto Musante, director t\u00e9cnico y socio","breadcrumb":{"@id":"https:\/\/www.cedol.org.ar\/logistica\/cedol-despide-al-dr-carlos-musante\/#breadcrumb"},"inLanguage":"es","potentialAction":[{"@type":"ReadAction","target":["https:\/\/www.cedol.org.ar\/logistica\/cedol-despide-al-dr-carlos-musante\/"]}]},{"@type":"ImageObject","inLanguage":"es","@id":"https:\/\/www.cedol.org.ar\/logistica\/cedol-despide-al-dr-carlos-musante\/#primaryimage","url":"https:\/\/www.cedol.org.ar\/logistica\/wp-content\/uploads\/2025\/05\/Carlos-Musante-low.jpg","contentUrl":"https:\/\/www.cedol.org.ar\/logistica\/wp-content\/uploads\/2025\/05\/Carlos-Musante-low.jpg","width":1920,"height":1176},{"@type":"BreadcrumbList","@id":"https:\/\/www.cedol.org.ar\/logistica\/cedol-despide-al-dr-carlos-musante\/#breadcrumb","itemListElement":[{"@type":"ListItem","position":1,"name":"Home","item":"https:\/\/www.cedol.org.ar\/logistica\/"},{"@type":"ListItem","position":2,"name":"CEDOL DESPIDE AL DR CARLOS MUSANTE"}]},{"@type":"WebSite","@id":"https:\/\/www.cedol.org.ar\/logistica\/#website","url":"https:\/\/www.cedol.org.ar\/logistica\/","name":"CEDOL","description":"C\u00c1MARA EMPRESARIA DE OPERADORES LOG\u00cdSTICOS","potentialAction":[{"@type":"SearchAction","target":{"@type":"EntryPoint","urlTemplate":"https:\/\/www.cedol.org.ar\/logistica\/?s={search_term_string}"},"query-input":"required name=search_term_string"}],"inLanguage":"es"},{"@type":"Person","@id":"https:\/\/www.cedol.org.ar\/logistica\/#\/schema\/person\/40275bdb20446824fc74d51aabe22e83","name":"admin"}]}},"_links":{"self":[{"href":"https:\/\/www.cedol.org.ar\/logistica\/wp-json\/wp\/v2\/posts\/3926","targetHints":{"allow":["GET"]}}],"collection":[{"href":"https:\/\/www.cedol.org.ar\/logistica\/wp-json\/wp\/v2\/posts"}],"about":[{"href":"https:\/\/www.cedol.org.ar\/logistica\/wp-json\/wp\/v2\/types\/post"}],"author":[{"embeddable":true,"href":"https:\/\/www.cedol.org.ar\/logistica\/wp-json\/wp\/v2\/users\/1"}],"replies":[{"embeddable":true,"href":"https:\/\/www.cedol.org.ar\/logistica\/wp-json\/wp\/v2\/comments?post=3926"}],"version-history":[{"count":1,"href":"https:\/\/www.cedol.org.ar\/logistica\/wp-json\/wp\/v2\/posts\/3926\/revisions"}],"predecessor-version":[{"id":3928,"href":"https:\/\/www.cedol.org.ar\/logistica\/wp-json\/wp\/v2\/posts\/3926\/revisions\/3928"}],"wp:featuredmedia":[{"embeddable":true,"href":"https:\/\/www.cedol.org.ar\/logistica\/wp-json\/wp\/v2\/media\/3929"}],"wp:attachment":[{"href":"https:\/\/www.cedol.org.ar\/logistica\/wp-json\/wp\/v2\/media?parent=3926"}],"wp:term":[{"taxonomy":"category","embeddable":true,"href":"https:\/\/www.cedol.org.ar\/logistica\/wp-json\/wp\/v2\/categories?post=3926"},{"taxonomy":"post_tag","embeddable":true,"href":"https:\/\/www.cedol.org.ar\/logistica\/wp-json\/wp\/v2\/tags?post=3926"}],"curies":[{"name":"wp","href":"https:\/\/api.w.org\/{rel}","templated":true}]}}