{"id":3719,"date":"2024-07-31T03:14:13","date_gmt":"2024-07-31T03:14:13","guid":{"rendered":"https:\/\/www.cedol.org.ar\/logistica\/?p=3719"},"modified":"2024-07-31T18:03:13","modified_gmt":"2024-07-31T18:03:13","slug":"la-importancia-de-la-profesionalizacion-del-transporte-de-cargas","status":"publish","type":"post","link":"https:\/\/www.cedol.org.ar\/logistica\/la-importancia-de-la-profesionalizacion-del-transporte-de-cargas\/","title":{"rendered":"LA IMPORTANCIA DE LA PROFESIONALIZACI\u00d3N DEL TRANSPORTE DE CARGAS"},"content":{"rendered":"\n<p><strong><em>La capacitaci\u00f3n de conductores profesionales es un elemento crucial para la seguridad vial.<\/em><\/strong><\/p>\n\n\n\n<p>Con la seguridad vial como bien a proteger, y en lo que es una de las pocas pol\u00edticas de Estado de la Argentina, la creaci\u00f3n de la Licencia Nacional de Transporte Interjurisdiccional (LINTI) estableci\u00f3 par\u00e1metros y requisitos claros que deben cumplir quienes quieran realizar el transporte interjurisdiccional de cargas, cargas peligrosas y pasajeros en todo el territorio nacional.<\/p>\n\n\n\n<p>La capacitaci\u00f3n de conductores profesionales es un elemento crucial para la seguridad vial, tal como lo establece la Ley de Tr\u00e1nsito N\u00b024.449 y su reglamentaci\u00f3n, m\u00e1s la ley 26.363 de creaci\u00f3n de la Agencia Nacional de Seguridad Vial (ANSV). Hoy, ese sistema solventado de manera \u00edntegra por el sector privado, est\u00e1 en riesgo de quebranto.<\/p>\n\n\n\n<p>\u201cLa profesionalizaci\u00f3n del sector no le cuesta un centavo al Estado. El sistema de capacitaci\u00f3n del transporte de cargas se realiza sin aporte estatal alguno. Es m\u00e1s, una porci\u00f3n del arancel prefijado por la ANSV para la obtenci\u00f3n de la LINTI, abonado por los privados, va al organismo para financiar las tareas de inspecci\u00f3n y contralor que le corresponden seg\u00fan establece la ley. Parad\u00f3jicamente, aunque el costo de la capacitaci\u00f3n es afrontado en su totalidad por el sector privado, el valor del arancel de los cursos es fijado por la ANSV con la periodicidad que la buena voluntad del funcionario de turno que la conduzca lo establezca\u201d, explic\u00f3 Roberto Guarnieri, Presidente de la Federaci\u00f3n Argentina de Entidades Empresarias del Autotransporte de Cargas (FADEEAC).<\/p>\n\n\n\n<p>Desde FADEEAC indican que a pesar de que la Resoluci\u00f3n 48 establece que la actualizaci\u00f3n de los valores debe efectuarse en abril y octubre de cada a\u00f1o, ese procedimiento resulta casual o an\u00e1rquico. Hace unos d\u00edas se envi\u00f3 una nota detallando a la ANSV la acuciante situaci\u00f3n que atraviesa el sector e informando al respecto al Secretario de Transporte de la Naci\u00f3n. Si el organismo hubiera cumplido con lo que establece la Resoluci\u00f3n 48 (actualizar el valor de la hora c\u00e1tedra en abril y octubre de cada a\u00f1o), la Agencia deber\u00eda haber autorizado aumentos en octubre de 2023 (59,4%) y abril 2024 (135,9%). Teniendo en cuenta que el \u00faltimo incremento informado fue de 66,79%, el retraso en el valor de la hora c\u00e1tedra supera hoy el 128%.<\/p>\n\n\n\n<p>\u201cDesde 1992, nuestros Formadores han dictado m\u00e1s de cuatro millones de capacitaciones. Hoy, la conducta de la ANSV pone en riesgo la Seguridad Vial en su conjunto. La capacitaci\u00f3n que financiamos los empresarios del transporte busca la profesionalizaci\u00f3n de nuestro sector, pero redunda al mismo tiempo en un aporte important\u00edsimo a la protecci\u00f3n ciudadana ya que, en la ruta, los camiones conviven con autom\u00f3viles particulares, transporte de pasajeros y motociclistas\u201d, agreg\u00f3 Guarnieri.<\/p>\n\n\n\n<p><strong>La LINTI es una de las pocas pol\u00edticas de Estado vigente en el pa\u00eds<\/strong><\/p>\n\n\n\n<p>Se trata de una herramienta creada a fines del siglo pasado y que se prolonga y perfecciona hasta la actualidad mediante la incorporaci\u00f3n de recursos tecnol\u00f3gicos como simuladores (que reproducen con fidelidad la operaci\u00f3n de variadas configuraciones de camiones en diferentes escenarios geogr\u00e1ficos y condiciones climatol\u00f3gicas) y evaluaciones psicosensom\u00e9tricas (permiten garantizan el abordaje integral de la capacitaci\u00f3n e identificar mediante t\u00e9cnicas precisas, objetivas y confiables, a aquellos postulantes que unen las caracter\u00edsticas de personalidad, competencias, aptitudes y recursos para operar veh\u00edculos de transporte de carga de manera m\u00e1s segura y eficiente, al mismo tiempo que detectar puntos d\u00e9biles para iniciar programas de entrenamiento y prevenci\u00f3n espec\u00edficos).&nbsp;<\/p>\n\n\n\n<p>La LINTI establece la obligatoriedad de ex\u00e1menes peri\u00f3dicos de salud (psicof\u00edsicos) y la preparaci\u00f3n profesional para el manejo de veh\u00edculos de carga a trav\u00e9s de cursos iniciales o de renovaci\u00f3n que contemplan una formaci\u00f3n te\u00f3rica, evaluaciones psicosensom\u00e9tricas, pr\u00e1cticas en simulador y camiones escuela.<\/p>\n\n\n\n<p>\u201cCreemos importante difundir con claridad y exactitud de qu\u00e9 se trata el tema y qu\u00e9 es lo que est\u00e1 en juego. Al mismo tiempo que como sector debemos lidiar con importantes aumentos de costos (en el caso de Peajes, por ejemplo, superan el 200%) y una fuerte ca\u00edda de la actividad, los par\u00e1metros que permiten actualizar el financiamiento para la capacitaci\u00f3n y profesionalizaci\u00f3n de nuestros conductores, corren por el carril lento\u201d, concluy\u00f3 Guarnieri.<\/p>\n","protected":false},"excerpt":{"rendered":"<p>La capacitaci\u00f3n de conductores profesionales es un elemento crucial para la seguridad vial. Con la seguridad vial como bien a proteger, y en lo que [&hellip;]<\/p>\n","protected":false},"author":1,"featured_media":3720,"comment_status":"open","ping_status":"open","sticky":false,"template":"","format":"standard","meta":{"_monsterinsights_skip_tracking":false,"_monsterinsights_sitenote_active":false,"_monsterinsights_sitenote_note":"","_monsterinsights_sitenote_category":0,"footnotes":""},"categories":[4],"tags":[],"class_list":["post-3719","post","type-post","status-publish","format-standard","has-post-thumbnail","hentry","category-noticias"],"yoast_head":"<!-- This site is optimized with the Yoast SEO plugin v22.3 - https:\/\/yoast.com\/wordpress\/plugins\/seo\/ -->\n<title>LA IMPORTANCIA DE LA PROFESIONALIZACI\u00d3N DEL TRANSPORTE DE CARGAS &#187; CEDOL<\/title>\n<meta name=\"description\" content=\"La capacitaci\u00f3n de conductores profesionales es un elemento crucial para la seguridad vial.\" \/>\n<meta name=\"robots\" content=\"index, follow, max-snippet:-1, max-image-preview:large, max-video-preview:-1\" \/>\n<link rel=\"canonical\" href=\"https:\/\/www.cedol.org.ar\/logistica\/la-importancia-de-la-profesionalizacion-del-transporte-de-cargas\/\" \/>\n<meta property=\"og:locale\" content=\"es_ES\" \/>\n<meta property=\"og:type\" content=\"article\" \/>\n<meta property=\"og:title\" content=\"LA IMPORTANCIA DE LA PROFESIONALIZACI\u00d3N DEL TRANSPORTE DE CARGAS &#187; CEDOL\" \/>\n<meta property=\"og:description\" content=\"La capacitaci\u00f3n de conductores profesionales es un elemento crucial para la seguridad vial.\" \/>\n<meta property=\"og:url\" content=\"https:\/\/www.cedol.org.ar\/logistica\/la-importancia-de-la-profesionalizacion-del-transporte-de-cargas\/\" \/>\n<meta property=\"og:site_name\" content=\"CEDOL\" \/>\n<meta property=\"article:published_time\" content=\"2024-07-31T03:14:13+00:00\" \/>\n<meta property=\"article:modified_time\" content=\"2024-07-31T18:03:13+00:00\" \/>\n<meta property=\"og:image\" content=\"https:\/\/www.cedol.org.ar\/logistica\/wp-content\/uploads\/2024\/07\/Linti.jpg\" \/>\n\t<meta property=\"og:image:width\" content=\"1600\" \/>\n\t<meta property=\"og:image:height\" content=\"749\" \/>\n\t<meta property=\"og:image:type\" content=\"image\/jpeg\" \/>\n<meta name=\"author\" content=\"admin\" \/>\n<meta name=\"twitter:card\" content=\"summary_large_image\" \/>\n<meta name=\"twitter:label1\" content=\"Escrito por\" \/>\n\t<meta name=\"twitter:data1\" content=\"admin\" \/>\n\t<meta name=\"twitter:label2\" content=\"Tiempo de lectura\" \/>\n\t<meta name=\"twitter:data2\" content=\"4 minutos\" \/>\n<script type=\"application\/ld+json\" class=\"yoast-schema-graph\">{\"@context\":\"https:\/\/schema.org\",\"@graph\":[{\"@type\":\"WebPage\",\"@id\":\"https:\/\/www.cedol.org.ar\/logistica\/la-importancia-de-la-profesionalizacion-del-transporte-de-cargas\/\",\"url\":\"https:\/\/www.cedol.org.ar\/logistica\/la-importancia-de-la-profesionalizacion-del-transporte-de-cargas\/\",\"name\":\"LA IMPORTANCIA DE LA PROFESIONALIZACI\u00d3N DEL TRANSPORTE DE CARGAS &#187; CEDOL\",\"isPartOf\":{\"@id\":\"https:\/\/www.cedol.org.ar\/logistica\/#website\"},\"primaryImageOfPage\":{\"@id\":\"https:\/\/www.cedol.org.ar\/logistica\/la-importancia-de-la-profesionalizacion-del-transporte-de-cargas\/#primaryimage\"},\"image\":{\"@id\":\"https:\/\/www.cedol.org.ar\/logistica\/la-importancia-de-la-profesionalizacion-del-transporte-de-cargas\/#primaryimage\"},\"thumbnailUrl\":\"https:\/\/www.cedol.org.ar\/logistica\/wp-content\/uploads\/2024\/07\/Linti.jpg\",\"datePublished\":\"2024-07-31T03:14:13+00:00\",\"dateModified\":\"2024-07-31T18:03:13+00:00\",\"author\":{\"@id\":\"https:\/\/www.cedol.org.ar\/logistica\/#\/schema\/person\/40275bdb20446824fc74d51aabe22e83\"},\"description\":\"La capacitaci\u00f3n de conductores profesionales es un elemento crucial para la seguridad vial.\",\"breadcrumb\":{\"@id\":\"https:\/\/www.cedol.org.ar\/logistica\/la-importancia-de-la-profesionalizacion-del-transporte-de-cargas\/#breadcrumb\"},\"inLanguage\":\"es\",\"potentialAction\":[{\"@type\":\"ReadAction\",\"target\":[\"https:\/\/www.cedol.org.ar\/logistica\/la-importancia-de-la-profesionalizacion-del-transporte-de-cargas\/\"]}]},{\"@type\":\"ImageObject\",\"inLanguage\":\"es\",\"@id\":\"https:\/\/www.cedol.org.ar\/logistica\/la-importancia-de-la-profesionalizacion-del-transporte-de-cargas\/#primaryimage\",\"url\":\"https:\/\/www.cedol.org.ar\/logistica\/wp-content\/uploads\/2024\/07\/Linti.jpg\",\"contentUrl\":\"https:\/\/www.cedol.org.ar\/logistica\/wp-content\/uploads\/2024\/07\/Linti.jpg\",\"width\":1600,\"height\":749},{\"@type\":\"BreadcrumbList\",\"@id\":\"https:\/\/www.cedol.org.ar\/logistica\/la-importancia-de-la-profesionalizacion-del-transporte-de-cargas\/#breadcrumb\",\"itemListElement\":[{\"@type\":\"ListItem\",\"position\":1,\"name\":\"Home\",\"item\":\"https:\/\/www.cedol.org.ar\/logistica\/\"},{\"@type\":\"ListItem\",\"position\":2,\"name\":\"LA IMPORTANCIA DE LA PROFESIONALIZACI\u00d3N DEL TRANSPORTE DE CARGAS\"}]},{\"@type\":\"WebSite\",\"@id\":\"https:\/\/www.cedol.org.ar\/logistica\/#website\",\"url\":\"https:\/\/www.cedol.org.ar\/logistica\/\",\"name\":\"CEDOL\",\"description\":\"C\u00c1MARA EMPRESARIA DE OPERADORES LOG\u00cdSTICOS\",\"potentialAction\":[{\"@type\":\"SearchAction\",\"target\":{\"@type\":\"EntryPoint\",\"urlTemplate\":\"https:\/\/www.cedol.org.ar\/logistica\/?s={search_term_string}\"},\"query-input\":\"required name=search_term_string\"}],\"inLanguage\":\"es\"},{\"@type\":\"Person\",\"@id\":\"https:\/\/www.cedol.org.ar\/logistica\/#\/schema\/person\/40275bdb20446824fc74d51aabe22e83\",\"name\":\"admin\"}]}<\/script>\n<!-- \/ Yoast SEO plugin. -->","yoast_head_json":{"title":"LA IMPORTANCIA DE LA PROFESIONALIZACI\u00d3N DEL TRANSPORTE DE CARGAS &#187; CEDOL","description":"La capacitaci\u00f3n de conductores profesionales es un elemento crucial para la seguridad vial.","robots":{"index":"index","follow":"follow","max-snippet":"max-snippet:-1","max-image-preview":"max-image-preview:large","max-video-preview":"max-video-preview:-1"},"canonical":"https:\/\/www.cedol.org.ar\/logistica\/la-importancia-de-la-profesionalizacion-del-transporte-de-cargas\/","og_locale":"es_ES","og_type":"article","og_title":"LA IMPORTANCIA DE LA PROFESIONALIZACI\u00d3N DEL TRANSPORTE DE CARGAS &#187; CEDOL","og_description":"La capacitaci\u00f3n de conductores profesionales es un elemento crucial para la seguridad vial.","og_url":"https:\/\/www.cedol.org.ar\/logistica\/la-importancia-de-la-profesionalizacion-del-transporte-de-cargas\/","og_site_name":"CEDOL","article_published_time":"2024-07-31T03:14:13+00:00","article_modified_time":"2024-07-31T18:03:13+00:00","og_image":[{"width":1600,"height":749,"url":"https:\/\/www.cedol.org.ar\/logistica\/wp-content\/uploads\/2024\/07\/Linti.jpg","type":"image\/jpeg"}],"author":"admin","twitter_card":"summary_large_image","twitter_misc":{"Escrito por":"admin","Tiempo de lectura":"4 minutos"},"schema":{"@context":"https:\/\/schema.org","@graph":[{"@type":"WebPage","@id":"https:\/\/www.cedol.org.ar\/logistica\/la-importancia-de-la-profesionalizacion-del-transporte-de-cargas\/","url":"https:\/\/www.cedol.org.ar\/logistica\/la-importancia-de-la-profesionalizacion-del-transporte-de-cargas\/","name":"LA IMPORTANCIA DE LA PROFESIONALIZACI\u00d3N DEL TRANSPORTE DE CARGAS &#187; CEDOL","isPartOf":{"@id":"https:\/\/www.cedol.org.ar\/logistica\/#website"},"primaryImageOfPage":{"@id":"https:\/\/www.cedol.org.ar\/logistica\/la-importancia-de-la-profesionalizacion-del-transporte-de-cargas\/#primaryimage"},"image":{"@id":"https:\/\/www.cedol.org.ar\/logistica\/la-importancia-de-la-profesionalizacion-del-transporte-de-cargas\/#primaryimage"},"thumbnailUrl":"https:\/\/www.cedol.org.ar\/logistica\/wp-content\/uploads\/2024\/07\/Linti.jpg","datePublished":"2024-07-31T03:14:13+00:00","dateModified":"2024-07-31T18:03:13+00:00","author":{"@id":"https:\/\/www.cedol.org.ar\/logistica\/#\/schema\/person\/40275bdb20446824fc74d51aabe22e83"},"description":"La capacitaci\u00f3n de conductores profesionales es un elemento crucial para la seguridad vial.","breadcrumb":{"@id":"https:\/\/www.cedol.org.ar\/logistica\/la-importancia-de-la-profesionalizacion-del-transporte-de-cargas\/#breadcrumb"},"inLanguage":"es","potentialAction":[{"@type":"ReadAction","target":["https:\/\/www.cedol.org.ar\/logistica\/la-importancia-de-la-profesionalizacion-del-transporte-de-cargas\/"]}]},{"@type":"ImageObject","inLanguage":"es","@id":"https:\/\/www.cedol.org.ar\/logistica\/la-importancia-de-la-profesionalizacion-del-transporte-de-cargas\/#primaryimage","url":"https:\/\/www.cedol.org.ar\/logistica\/wp-content\/uploads\/2024\/07\/Linti.jpg","contentUrl":"https:\/\/www.cedol.org.ar\/logistica\/wp-content\/uploads\/2024\/07\/Linti.jpg","width":1600,"height":749},{"@type":"BreadcrumbList","@id":"https:\/\/www.cedol.org.ar\/logistica\/la-importancia-de-la-profesionalizacion-del-transporte-de-cargas\/#breadcrumb","itemListElement":[{"@type":"ListItem","position":1,"name":"Home","item":"https:\/\/www.cedol.org.ar\/logistica\/"},{"@type":"ListItem","position":2,"name":"LA IMPORTANCIA DE LA PROFESIONALIZACI\u00d3N DEL TRANSPORTE DE CARGAS"}]},{"@type":"WebSite","@id":"https:\/\/www.cedol.org.ar\/logistica\/#website","url":"https:\/\/www.cedol.org.ar\/logistica\/","name":"CEDOL","description":"C\u00c1MARA EMPRESARIA DE OPERADORES LOG\u00cdSTICOS","potentialAction":[{"@type":"SearchAction","target":{"@type":"EntryPoint","urlTemplate":"https:\/\/www.cedol.org.ar\/logistica\/?s={search_term_string}"},"query-input":"required name=search_term_string"}],"inLanguage":"es"},{"@type":"Person","@id":"https:\/\/www.cedol.org.ar\/logistica\/#\/schema\/person\/40275bdb20446824fc74d51aabe22e83","name":"admin"}]}},"_links":{"self":[{"href":"https:\/\/www.cedol.org.ar\/logistica\/wp-json\/wp\/v2\/posts\/3719","targetHints":{"allow":["GET"]}}],"collection":[{"href":"https:\/\/www.cedol.org.ar\/logistica\/wp-json\/wp\/v2\/posts"}],"about":[{"href":"https:\/\/www.cedol.org.ar\/logistica\/wp-json\/wp\/v2\/types\/post"}],"author":[{"embeddable":true,"href":"https:\/\/www.cedol.org.ar\/logistica\/wp-json\/wp\/v2\/users\/1"}],"replies":[{"embeddable":true,"href":"https:\/\/www.cedol.org.ar\/logistica\/wp-json\/wp\/v2\/comments?post=3719"}],"version-history":[{"count":2,"href":"https:\/\/www.cedol.org.ar\/logistica\/wp-json\/wp\/v2\/posts\/3719\/revisions"}],"predecessor-version":[{"id":3725,"href":"https:\/\/www.cedol.org.ar\/logistica\/wp-json\/wp\/v2\/posts\/3719\/revisions\/3725"}],"wp:featuredmedia":[{"embeddable":true,"href":"https:\/\/www.cedol.org.ar\/logistica\/wp-json\/wp\/v2\/media\/3720"}],"wp:attachment":[{"href":"https:\/\/www.cedol.org.ar\/logistica\/wp-json\/wp\/v2\/media?parent=3719"}],"wp:term":[{"taxonomy":"category","embeddable":true,"href":"https:\/\/www.cedol.org.ar\/logistica\/wp-json\/wp\/v2\/categories?post=3719"},{"taxonomy":"post_tag","embeddable":true,"href":"https:\/\/www.cedol.org.ar\/logistica\/wp-json\/wp\/v2\/tags?post=3719"}],"curies":[{"name":"wp","href":"https:\/\/api.w.org\/{rel}","templated":true}]}}