{"id":3716,"date":"2024-07-31T03:12:27","date_gmt":"2024-07-31T03:12:27","guid":{"rendered":"https:\/\/www.cedol.org.ar\/logistica\/?p=3716"},"modified":"2024-08-20T03:51:40","modified_gmt":"2024-08-20T03:51:40","slug":"en-agosto-llegan-expo-transporte-y-expo-logisti-k","status":"publish","type":"post","link":"https:\/\/www.cedol.org.ar\/logistica\/en-agosto-llegan-expo-transporte-y-expo-logisti-k\/","title":{"rendered":"EN AGOSTO, LLEGAN EXPO TRANSPORTE Y EXPO LOGISTI-K"},"content":{"rendered":"\n<p><strong><em>Hern\u00e1n S\u00e1nchez, presidente de la C\u00e1mara Empresaria de Operadores Log\u00edsticos (CEDOL) estar\u00e1 presente en el acto de inauguraci\u00f3n el mi\u00e9rcoles 14 de agosto.<\/em><\/strong><\/p>\n\n\n\n<p>Las ferias del transporte y la log\u00edstica en la Argentina se desarrollar\u00e1n de forma paralela del 13 al 15 de agosto, en La Rural de Palermo.&nbsp;<\/p>\n\n\n\n<p>Durante la primera jornada, las puertas estar\u00e1n abiertas de 14 a 20 horas, mientras que en el segundo y el tercer d\u00eda, el horario ser\u00e1 de 12 a 20 horas.<\/p>\n\n\n\n<p>La 15\u00ba Exposici\u00f3n Internacional de Equipamiento, Tecnolog\u00eda y Soluciones para la Log\u00edstica, el Flujo de Informaci\u00f3n y la Cadena de Abastecimiento, Expo Logisti-k, y la 13\u00ba Exposici\u00f3n Internacional de Equipamiento y Tecnolog\u00eda del Autotransporte de Carga y Pasajeros, Expo Transporte, ocupar\u00e1n 25.000 m\u00b2, con m\u00e1s de 350 expositores, que estar\u00e1n dedicados a sistemas satelitales, monitoreo, software de gesti\u00f3n, movimiento, almacenaje, cargas y embalaje, log\u00edstica IT, gerenciamiento e infraestructura, camiones, utilitarios, buses, carrocer\u00edas, remolques, autopartes, accesorios y neum\u00e1ticos, entre otros.<\/p>\n\n\n\n<p>El acto de inauguraci\u00f3n ser\u00e1 el mi\u00e9rcoles 14 de agosto, a las 18 horas, en la zona de Acreditaciones, Pabell\u00f3n 9. Entre otros funcionarios y dirigentes, fueron invitados Daniela Fernanda Ort\u00edz, directora ejecutiva de la Agencia Nacional de Seguridad Vial (ANSV); Gast\u00f3n Alejo Benvenuto, interventor de la Administraci\u00f3n General de Puertos S.E; Alfredo Gonz\u00e1lez, presidente de la Confederaci\u00f3n Argentina de la Mediana Empresa (CAME); Hern\u00e1n S\u00e1nchez, presidente de la C\u00e1mara Empresaria de Operadores Log\u00edsticos (CEDOL); Roberto Guarnieri, presidente de la Federaci\u00f3n Argentina de Entidades Empresarias del Autotransporte de Cargas (FADEEAC) y Fabi\u00e1n Yanonne, titular de la Asociaci\u00f3n Argentina de Log\u00edstica Empresaria (ARLOG).<\/p>\n\n\n\n<p>Se destaca que en las ferias m\u00e1s importantes participar\u00e1n los principales referentes de cada rubro, exhibiendo sus novedades para hacer y cerrar negocios. A su vez, el p\u00fablico podr\u00e1 asistir a conferencias t\u00e9cnicas dictadas por importantes especialistas.<\/p>\n\n\n\n<p><strong>Actividades proyectadas<\/strong><\/p>\n\n\n\n<p>Para Expo Logisti-k est\u00e1 programada una agenda con distintos contenidos. Se estiman capacitaciones en el Aula Arlog y presentaciones t\u00e9cnicas en el Auditorio Arlog. En el Espacio IA (Inteligencia Artificial en la Supply Chain), se dar\u00e1n casos pr\u00e1cticos sobre laboratorio de rob\u00f3tica y automatizaci\u00f3n, mientras que en el \u00c1rea DEMO se simular\u00e1n operaciones de un dep\u00f3sito log\u00edstico.<\/p>\n\n\n\n<p>Como en ediciones anteriores, se realizar\u00e1n visitas a plantas de operaciones log\u00edsticas y a los parques industriales (con cupos limitados, sujetos a confirmaci\u00f3n).<\/p>\n\n\n\n<p>Se desarrollar\u00e1 una jornada Comex, m\u00e1s un encuentro sobre Econom\u00eda en el transporte intermodal, organizado por la C\u00e1mara de Dep\u00f3sitos Fiscales Privados de la Rep\u00fablica Argentina (CADEFIP), la Asociaci\u00f3n Argentina de Agentes de Carga Internacional (AAACI) y Asociaci\u00f3n Intermodal de Am\u00e9rica del Sur (AIMAS).<\/p>\n\n\n\n<p>Por otra parte, en Expo Transporte habr\u00e1 presentaciones t\u00e9cnicas e institucionales en el Auditorio Fadeeac\/ FPT y la asistencia de delegaciones de transportistas de distintas localidades del interior del pa\u00eds (m\u00e1s de 1.200 empresarios del sector).<\/p>\n\n\n\n<p>La Federaci\u00f3n Argentina de Entidades Empresarias del Autotransporte de Cargas (Fadeeac), junto a otras instituciones y empresas, contar\u00e1 con Espacios de Oportunidades Regionales. Esta Federaci\u00f3n y la Fundaci\u00f3n Profesional para el Transporte (FPT) dispondr\u00e1n de un simulador de transporte de cargas, mientras que Asociaci\u00f3n Civil para la Capacitaci\u00f3n de Trabajadores del Transporte Automotor de Pasajeros (ACCATTAP) habilitar\u00e1 otro equipo destinado a su rubro.<\/p>\n\n\n\n<p>A fin de para optimizar los consumos en el transporte, estar\u00e1 en funcionamiento el Espacio I+D (Innovaci\u00f3n y Desarrollo).<\/p>\n\n\n\n<p>Entre otras propuestas, figura en agenda una charla de la Junta de Seguridad en el Transporte (JST) y otra de la Federaci\u00f3n Argentina de Neum\u00e1ticos y la Asociaci\u00f3n de Reconstructores Argentina de Neum\u00e1ticos. En el \u00c1rea DEMO se llevar\u00e1 a cabo pr\u00e1cticas de \u201cSemirremolques y acoplados\u201d, a cargo de la C\u00e1mara Argentina de Fabricantes de Acoplados y Semirremolques (Cafas) y FPT.<\/p>\n\n\n\n<p>Entre el Instituto Nacional de Tecnolog\u00eda Industrial (INTI), Asociaci\u00f3n de Ingenieros y T\u00e9cnicos del Automotor (AITA), el Smart Freight Center y Expotrade se realizar\u00e1 una triple jornada destinada a debatir sobre \u201cEnerg\u00edas alternativas y transporte eficiente en el sector de cargas y pasajeros\u201d.<\/p>\n\n\n\n<p>En el auditorio de Expo Transporte se desarrollar\u00e1n temas vinculados con los combustibles alternativos aplicados a la actividad con una mirada t\u00e9cnica y otros asuntos que contribuyan a una mayor eficiencia de los servicios de transporte de cargas y pasajeros.<\/p>\n\n\n\n<p><strong>Respaldos<\/strong><\/p>\n\n\n\n<p>Por su parte, Expo Logisti-k tiene el patrocinio de la Asociaci\u00f3n Argentina de Log\u00edstica Empresaria (ARLOG), el auspicio de la Federaci\u00f3n Argentina de Entidades de Transporte y Log\u00edstica (FAETyL) y la C\u00e1mara de Dep\u00f3sitos Fiscales Privados (CADEFIP). Adem\u00e1s, posee el apoyo internacional de la Asociaci\u00f3n Americana de Industrias para el Manejo de Mercader\u00edas (The Materials Handling Industry of America, MIA).<\/p>\n\n\n\n<p>Expo Transporte cuenta con el patrocinio de la FADEEAC y el auspicio de la CAFAS, la C\u00e1mara Empresaria de Larga Distancia (CELADI) y la C\u00e1mara Empresaria del Autotransporte de Pasajeros (CEAP).<\/p>\n","protected":false},"excerpt":{"rendered":"<p>Hern\u00e1n S\u00e1nchez, presidente de la C\u00e1mara Empresaria de Operadores Log\u00edsticos (CEDOL) estar\u00e1 presente en el acto de inauguraci\u00f3n el mi\u00e9rcoles 14 de agosto. Las ferias [&hellip;]<\/p>\n","protected":false},"author":1,"featured_media":3717,"comment_status":"open","ping_status":"open","sticky":false,"template":"","format":"standard","meta":{"_monsterinsights_skip_tracking":false,"_monsterinsights_sitenote_active":false,"_monsterinsights_sitenote_note":"","_monsterinsights_sitenote_category":0,"footnotes":""},"categories":[4],"tags":[],"class_list":["post-3716","post","type-post","status-publish","format-standard","has-post-thumbnail","hentry","category-noticias"],"yoast_head":"<!-- This site is optimized with the Yoast SEO plugin v22.3 - https:\/\/yoast.com\/wordpress\/plugins\/seo\/ -->\n<title>EN AGOSTO, LLEGAN EXPO TRANSPORTE Y EXPO LOGISTI-K &#187; CEDOL<\/title>\n<meta name=\"description\" content=\"Hern\u00e1n S\u00e1nchez, presidente de la C\u00e1mara Empresaria de Operadores Log\u00edsticos (CEDOL) estar\u00e1 presente en el acto de inauguraci\u00f3n el mi\u00e9rcoles 14 de agosto.\" \/>\n<meta name=\"robots\" content=\"index, follow, max-snippet:-1, max-image-preview:large, max-video-preview:-1\" \/>\n<link rel=\"canonical\" href=\"https:\/\/www.cedol.org.ar\/logistica\/en-agosto-llegan-expo-transporte-y-expo-logisti-k\/\" \/>\n<meta property=\"og:locale\" content=\"es_ES\" \/>\n<meta property=\"og:type\" content=\"article\" \/>\n<meta property=\"og:title\" content=\"EN AGOSTO, LLEGAN EXPO TRANSPORTE Y EXPO LOGISTI-K &#187; CEDOL\" \/>\n<meta property=\"og:description\" content=\"Hern\u00e1n S\u00e1nchez, presidente de la C\u00e1mara Empresaria de Operadores Log\u00edsticos (CEDOL) estar\u00e1 presente en el acto de inauguraci\u00f3n el mi\u00e9rcoles 14 de agosto.\" \/>\n<meta property=\"og:url\" content=\"https:\/\/www.cedol.org.ar\/logistica\/en-agosto-llegan-expo-transporte-y-expo-logisti-k\/\" \/>\n<meta property=\"og:site_name\" content=\"CEDOL\" \/>\n<meta property=\"article:published_time\" content=\"2024-07-31T03:12:27+00:00\" \/>\n<meta property=\"article:modified_time\" content=\"2024-08-20T03:51:40+00:00\" \/>\n<meta property=\"og:image\" content=\"https:\/\/www.cedol.org.ar\/logistica\/wp-content\/uploads\/2024\/07\/Foto-Logisti-k.jpg\" \/>\n\t<meta property=\"og:image:width\" content=\"700\" \/>\n\t<meta property=\"og:image:height\" content=\"466\" \/>\n\t<meta property=\"og:image:type\" content=\"image\/jpeg\" \/>\n<meta name=\"author\" content=\"admin\" \/>\n<meta name=\"twitter:card\" content=\"summary_large_image\" \/>\n<meta name=\"twitter:label1\" content=\"Escrito por\" \/>\n\t<meta name=\"twitter:data1\" content=\"admin\" \/>\n\t<meta name=\"twitter:label2\" content=\"Tiempo de lectura\" \/>\n\t<meta name=\"twitter:data2\" content=\"4 minutos\" \/>\n<script type=\"application\/ld+json\" class=\"yoast-schema-graph\">{\"@context\":\"https:\/\/schema.org\",\"@graph\":[{\"@type\":\"WebPage\",\"@id\":\"https:\/\/www.cedol.org.ar\/logistica\/en-agosto-llegan-expo-transporte-y-expo-logisti-k\/\",\"url\":\"https:\/\/www.cedol.org.ar\/logistica\/en-agosto-llegan-expo-transporte-y-expo-logisti-k\/\",\"name\":\"EN AGOSTO, LLEGAN EXPO TRANSPORTE Y EXPO LOGISTI-K &#187; CEDOL\",\"isPartOf\":{\"@id\":\"https:\/\/www.cedol.org.ar\/logistica\/#website\"},\"primaryImageOfPage\":{\"@id\":\"https:\/\/www.cedol.org.ar\/logistica\/en-agosto-llegan-expo-transporte-y-expo-logisti-k\/#primaryimage\"},\"image\":{\"@id\":\"https:\/\/www.cedol.org.ar\/logistica\/en-agosto-llegan-expo-transporte-y-expo-logisti-k\/#primaryimage\"},\"thumbnailUrl\":\"https:\/\/www.cedol.org.ar\/logistica\/wp-content\/uploads\/2024\/07\/Foto-Logisti-k.jpg\",\"datePublished\":\"2024-07-31T03:12:27+00:00\",\"dateModified\":\"2024-08-20T03:51:40+00:00\",\"author\":{\"@id\":\"https:\/\/www.cedol.org.ar\/logistica\/#\/schema\/person\/40275bdb20446824fc74d51aabe22e83\"},\"description\":\"Hern\u00e1n S\u00e1nchez, presidente de la C\u00e1mara Empresaria de Operadores Log\u00edsticos (CEDOL) estar\u00e1 presente en el acto de inauguraci\u00f3n el mi\u00e9rcoles 14 de agosto.\",\"breadcrumb\":{\"@id\":\"https:\/\/www.cedol.org.ar\/logistica\/en-agosto-llegan-expo-transporte-y-expo-logisti-k\/#breadcrumb\"},\"inLanguage\":\"es\",\"potentialAction\":[{\"@type\":\"ReadAction\",\"target\":[\"https:\/\/www.cedol.org.ar\/logistica\/en-agosto-llegan-expo-transporte-y-expo-logisti-k\/\"]}]},{\"@type\":\"ImageObject\",\"inLanguage\":\"es\",\"@id\":\"https:\/\/www.cedol.org.ar\/logistica\/en-agosto-llegan-expo-transporte-y-expo-logisti-k\/#primaryimage\",\"url\":\"https:\/\/www.cedol.org.ar\/logistica\/wp-content\/uploads\/2024\/07\/Foto-Logisti-k.jpg\",\"contentUrl\":\"https:\/\/www.cedol.org.ar\/logistica\/wp-content\/uploads\/2024\/07\/Foto-Logisti-k.jpg\",\"width\":700,\"height\":466},{\"@type\":\"BreadcrumbList\",\"@id\":\"https:\/\/www.cedol.org.ar\/logistica\/en-agosto-llegan-expo-transporte-y-expo-logisti-k\/#breadcrumb\",\"itemListElement\":[{\"@type\":\"ListItem\",\"position\":1,\"name\":\"Home\",\"item\":\"https:\/\/www.cedol.org.ar\/logistica\/\"},{\"@type\":\"ListItem\",\"position\":2,\"name\":\"EN AGOSTO, LLEGAN EXPO TRANSPORTE Y EXPO LOGISTI-K\"}]},{\"@type\":\"WebSite\",\"@id\":\"https:\/\/www.cedol.org.ar\/logistica\/#website\",\"url\":\"https:\/\/www.cedol.org.ar\/logistica\/\",\"name\":\"CEDOL\",\"description\":\"C\u00c1MARA EMPRESARIA DE OPERADORES LOG\u00cdSTICOS\",\"potentialAction\":[{\"@type\":\"SearchAction\",\"target\":{\"@type\":\"EntryPoint\",\"urlTemplate\":\"https:\/\/www.cedol.org.ar\/logistica\/?s={search_term_string}\"},\"query-input\":\"required name=search_term_string\"}],\"inLanguage\":\"es\"},{\"@type\":\"Person\",\"@id\":\"https:\/\/www.cedol.org.ar\/logistica\/#\/schema\/person\/40275bdb20446824fc74d51aabe22e83\",\"name\":\"admin\"}]}<\/script>\n<!-- \/ Yoast SEO plugin. -->","yoast_head_json":{"title":"EN AGOSTO, LLEGAN EXPO TRANSPORTE Y EXPO LOGISTI-K &#187; CEDOL","description":"Hern\u00e1n S\u00e1nchez, presidente de la C\u00e1mara Empresaria de Operadores Log\u00edsticos (CEDOL) estar\u00e1 presente en el acto de inauguraci\u00f3n el mi\u00e9rcoles 14 de agosto.","robots":{"index":"index","follow":"follow","max-snippet":"max-snippet:-1","max-image-preview":"max-image-preview:large","max-video-preview":"max-video-preview:-1"},"canonical":"https:\/\/www.cedol.org.ar\/logistica\/en-agosto-llegan-expo-transporte-y-expo-logisti-k\/","og_locale":"es_ES","og_type":"article","og_title":"EN AGOSTO, LLEGAN EXPO TRANSPORTE Y EXPO LOGISTI-K &#187; CEDOL","og_description":"Hern\u00e1n S\u00e1nchez, presidente de la C\u00e1mara Empresaria de Operadores Log\u00edsticos (CEDOL) estar\u00e1 presente en el acto de inauguraci\u00f3n el mi\u00e9rcoles 14 de agosto.","og_url":"https:\/\/www.cedol.org.ar\/logistica\/en-agosto-llegan-expo-transporte-y-expo-logisti-k\/","og_site_name":"CEDOL","article_published_time":"2024-07-31T03:12:27+00:00","article_modified_time":"2024-08-20T03:51:40+00:00","og_image":[{"width":700,"height":466,"url":"https:\/\/www.cedol.org.ar\/logistica\/wp-content\/uploads\/2024\/07\/Foto-Logisti-k.jpg","type":"image\/jpeg"}],"author":"admin","twitter_card":"summary_large_image","twitter_misc":{"Escrito por":"admin","Tiempo de lectura":"4 minutos"},"schema":{"@context":"https:\/\/schema.org","@graph":[{"@type":"WebPage","@id":"https:\/\/www.cedol.org.ar\/logistica\/en-agosto-llegan-expo-transporte-y-expo-logisti-k\/","url":"https:\/\/www.cedol.org.ar\/logistica\/en-agosto-llegan-expo-transporte-y-expo-logisti-k\/","name":"EN AGOSTO, LLEGAN EXPO TRANSPORTE Y EXPO LOGISTI-K &#187; CEDOL","isPartOf":{"@id":"https:\/\/www.cedol.org.ar\/logistica\/#website"},"primaryImageOfPage":{"@id":"https:\/\/www.cedol.org.ar\/logistica\/en-agosto-llegan-expo-transporte-y-expo-logisti-k\/#primaryimage"},"image":{"@id":"https:\/\/www.cedol.org.ar\/logistica\/en-agosto-llegan-expo-transporte-y-expo-logisti-k\/#primaryimage"},"thumbnailUrl":"https:\/\/www.cedol.org.ar\/logistica\/wp-content\/uploads\/2024\/07\/Foto-Logisti-k.jpg","datePublished":"2024-07-31T03:12:27+00:00","dateModified":"2024-08-20T03:51:40+00:00","author":{"@id":"https:\/\/www.cedol.org.ar\/logistica\/#\/schema\/person\/40275bdb20446824fc74d51aabe22e83"},"description":"Hern\u00e1n S\u00e1nchez, presidente de la C\u00e1mara Empresaria de Operadores Log\u00edsticos (CEDOL) estar\u00e1 presente en el acto de inauguraci\u00f3n el mi\u00e9rcoles 14 de agosto.","breadcrumb":{"@id":"https:\/\/www.cedol.org.ar\/logistica\/en-agosto-llegan-expo-transporte-y-expo-logisti-k\/#breadcrumb"},"inLanguage":"es","potentialAction":[{"@type":"ReadAction","target":["https:\/\/www.cedol.org.ar\/logistica\/en-agosto-llegan-expo-transporte-y-expo-logisti-k\/"]}]},{"@type":"ImageObject","inLanguage":"es","@id":"https:\/\/www.cedol.org.ar\/logistica\/en-agosto-llegan-expo-transporte-y-expo-logisti-k\/#primaryimage","url":"https:\/\/www.cedol.org.ar\/logistica\/wp-content\/uploads\/2024\/07\/Foto-Logisti-k.jpg","contentUrl":"https:\/\/www.cedol.org.ar\/logistica\/wp-content\/uploads\/2024\/07\/Foto-Logisti-k.jpg","width":700,"height":466},{"@type":"BreadcrumbList","@id":"https:\/\/www.cedol.org.ar\/logistica\/en-agosto-llegan-expo-transporte-y-expo-logisti-k\/#breadcrumb","itemListElement":[{"@type":"ListItem","position":1,"name":"Home","item":"https:\/\/www.cedol.org.ar\/logistica\/"},{"@type":"ListItem","position":2,"name":"EN AGOSTO, LLEGAN EXPO TRANSPORTE Y EXPO LOGISTI-K"}]},{"@type":"WebSite","@id":"https:\/\/www.cedol.org.ar\/logistica\/#website","url":"https:\/\/www.cedol.org.ar\/logistica\/","name":"CEDOL","description":"C\u00c1MARA EMPRESARIA DE OPERADORES LOG\u00cdSTICOS","potentialAction":[{"@type":"SearchAction","target":{"@type":"EntryPoint","urlTemplate":"https:\/\/www.cedol.org.ar\/logistica\/?s={search_term_string}"},"query-input":"required name=search_term_string"}],"inLanguage":"es"},{"@type":"Person","@id":"https:\/\/www.cedol.org.ar\/logistica\/#\/schema\/person\/40275bdb20446824fc74d51aabe22e83","name":"admin"}]}},"_links":{"self":[{"href":"https:\/\/www.cedol.org.ar\/logistica\/wp-json\/wp\/v2\/posts\/3716","targetHints":{"allow":["GET"]}}],"collection":[{"href":"https:\/\/www.cedol.org.ar\/logistica\/wp-json\/wp\/v2\/posts"}],"about":[{"href":"https:\/\/www.cedol.org.ar\/logistica\/wp-json\/wp\/v2\/types\/post"}],"author":[{"embeddable":true,"href":"https:\/\/www.cedol.org.ar\/logistica\/wp-json\/wp\/v2\/users\/1"}],"replies":[{"embeddable":true,"href":"https:\/\/www.cedol.org.ar\/logistica\/wp-json\/wp\/v2\/comments?post=3716"}],"version-history":[{"count":1,"href":"https:\/\/www.cedol.org.ar\/logistica\/wp-json\/wp\/v2\/posts\/3716\/revisions"}],"predecessor-version":[{"id":3718,"href":"https:\/\/www.cedol.org.ar\/logistica\/wp-json\/wp\/v2\/posts\/3716\/revisions\/3718"}],"wp:featuredmedia":[{"embeddable":true,"href":"https:\/\/www.cedol.org.ar\/logistica\/wp-json\/wp\/v2\/media\/3717"}],"wp:attachment":[{"href":"https:\/\/www.cedol.org.ar\/logistica\/wp-json\/wp\/v2\/media?parent=3716"}],"wp:term":[{"taxonomy":"category","embeddable":true,"href":"https:\/\/www.cedol.org.ar\/logistica\/wp-json\/wp\/v2\/categories?post=3716"},{"taxonomy":"post_tag","embeddable":true,"href":"https:\/\/www.cedol.org.ar\/logistica\/wp-json\/wp\/v2\/tags?post=3716"}],"curies":[{"name":"wp","href":"https:\/\/api.w.org\/{rel}","templated":true}]}}