{"id":3633,"date":"2024-03-28T15:08:02","date_gmt":"2024-03-28T15:08:02","guid":{"rendered":"https:\/\/www.cedol.org.ar\/logistica\/?p=3633"},"modified":"2024-03-28T15:08:03","modified_gmt":"2024-03-28T15:08:03","slug":"la-camara-empresaria-de-operadores-logisticos-realizara-su-14-encuentro-2","status":"publish","type":"post","link":"https:\/\/www.cedol.org.ar\/logistica\/la-camara-empresaria-de-operadores-logisticos-realizara-su-14-encuentro-2\/","title":{"rendered":"LA C\u00c1MARA EMPRESARIA DE OPERADORES LOG\u00cdSTICOS REALIZAR\u00c1 SU 14\u00b0 ENCUENTRO"},"content":{"rendered":"\n<p><em>Se llevar\u00e1 a cabo el pr\u00f3ximo 9 de abril y tendr\u00e1 como eje tem\u00e1tico la inteligencia artificial y proyecciones log\u00edsticas.<\/em><\/p>\n\n\n\n<p>Buenos Aires, 19 de marzo de 2024 &#8211; La C\u00e1mara Empresaria de Operadores Log\u00edsticos (CEDOL) se complace en compartir el programa completo de su tradicional <strong>14\u00b0 Encuentro CEDOL<\/strong>, que se llevar\u00e1 a cabo el martes 9 de abril en el Golden Center de Buenos Aires. El evento, que se desarrollar\u00e1 de 8 a 13 horas, promete ser una jornada enriquecedora para todos los participantes, con un enfoque especial en <strong>Inteligencia Artificial y Proyecciones Log\u00edsticas<\/strong><em>.<\/em><\/p>\n\n\n\n<p><em>El programa detallado del evento es el siguiente:<\/em><\/p>\n\n\n\n<ul class=\"wp-block-list\">\n<li>8:00 AM: Acreditaci\u00f3n<\/li>\n\n\n\n<li>Apertura (8:30 AM): Hern\u00e1n S\u00e1nchez, presidente de la C\u00e1mara Empresaria de Operadores Log\u00edsticos (CEDOL) y de la Asociaci\u00f3n Latinoamericana de Log\u00edstica (ALALOG), dar\u00e1 la bienvenida a los asistentes y compartir\u00e1 algunas palabras inaugurales.<\/li>\n\n\n\n<li>9:20 AM: M\u00f3dulo I &#8211; Visi\u00f3n de la Inteligencia Artificial en las Operaciones Log\u00edsticas: El reconocido experto en tecnolog\u00eda, Santiago Bilinkis, ofrecer\u00e1 una charla sobre el funcionamiento de la IA como herramienta, c\u00f3mo aprovecharla, y los desaf\u00edos que ello implica en la b\u00fasqueda de un equilibrio con los valores \u00e9ticos y sociales. Asimismo, referentes de la industria log\u00edstica dialogar\u00e1n sobre c\u00f3mo esta tecnolog\u00eda ya est\u00e1 permitiendo mejorar y hacer m\u00e1s eficientes varios procesos log\u00edsticos.<\/li>\n\n\n\n<li>10:20 AM: M\u00f3dulo II &#8211; Distinciones: Durante este segmento, se llevar\u00e1 a cabo la entrega de reconocimientos a destacadas personalidades del sector log\u00edstico por su trayectoria y contribuci\u00f3n a la industria. Adem\u00e1s, se realizar\u00e1 la entrega de una donaci\u00f3n a una entidad de bien p\u00fablico.<\/li>\n\n\n\n<li>10:45 AM: Coffee Break<\/li>\n\n\n\n<li>11:45 AM: M\u00f3dulo III &#8211; Econom\u00eda y Log\u00edstica: Expertos de la Fundaci\u00f3n de Investigaciones Econ\u00f3micas Latinoamericanas (FIEL), como Fernando Navajas y Juan Luis Bour, compartir\u00e1n un an\u00e1lisis sobre el panorama econ\u00f3mico actual y su impacto en el sector log\u00edstico. Se discutir\u00e1n las principales medidas econ\u00f3micas y sus consecuencias, as\u00ed como las perspectivas para los sectores m\u00e1s vinculados con la log\u00edstica.<\/li>\n\n\n\n<li>12:50 PM: Cierre de la Actividad: Hern\u00e1n S\u00e1nchez, presidente de CEDOL, brindar\u00e1 algunas conclusiones y agradecimiento a los participantes y colaboradores del evento.<\/li>\n<\/ul>\n\n\n\n<p>La <strong>14\u00b0 Edici\u00f3n del Encuentro CEDOL<\/strong> promete ser un espacio de reflexi\u00f3n e intercambio de conocimientos sobre los desaf\u00edos y oportunidades que enfrenta la industria log\u00edstica en la actualidad.<\/p>\n\n\n\n<p>Para registrarse de manera gratuita, los interesados pueden acceder al siguiente enlace:<a href=\"https:\/\/intercongress-latam.com\/Inscripciones_Web\/2024\/cedol\/\"> Inscripciones al 14\u00b0 Encuentro CEDOL<\/a>.<\/p>\n\n\n\n<p>Para m\u00e1s informaci\u00f3n sobre el cronograma del evento, pueden visitar<a href=\"https:\/\/www.cedol.org.ar\/14-encuentro-cedol\/programa\"> www.cedol.org.ar\/14-encuentro-cedol\/programa<\/a>.<\/p>\n\n\n\n<p><strong>Acerca de CEDOL (Integrante de FAETyL)&nbsp;<\/strong><\/p>\n\n\n\n<p>La C\u00e1mara Empresaria de Operadores Log\u00edsticos se fund\u00f3 en noviembre de 1998 para asumir la representaci\u00f3n de las empresas que tienen como principal actividad la prestaci\u00f3n de servicios log\u00edsticos: traslado, almacenamiento, ensamble y procesos industriales, fraccionamiento de mercader\u00edas para su transporte y distribuci\u00f3n, ejerciendo el control, la administraci\u00f3n de la informaci\u00f3n y la responsabilidad en las etapas de la cadena de abastecimiento.<\/p>\n","protected":false},"excerpt":{"rendered":"<p>Se llevar\u00e1 a cabo el pr\u00f3ximo 9 de abril y tendr\u00e1 como eje tem\u00e1tico la inteligencia artificial y proyecciones log\u00edsticas. Buenos Aires, 19 de marzo [&hellip;]<\/p>\n","protected":false},"author":1,"featured_media":3597,"comment_status":"open","ping_status":"open","sticky":false,"template":"","format":"standard","meta":{"_monsterinsights_skip_tracking":false,"_monsterinsights_sitenote_active":false,"_monsterinsights_sitenote_note":"","_monsterinsights_sitenote_category":0,"footnotes":""},"categories":[8],"tags":[],"class_list":["post-3633","post","type-post","status-publish","format-standard","has-post-thumbnail","hentry","category-estadisticas"],"yoast_head":"<!-- This site is optimized with the Yoast SEO plugin v22.3 - https:\/\/yoast.com\/wordpress\/plugins\/seo\/ -->\n<title>LA C\u00c1MARA EMPRESARIA DE OPERADORES LOG\u00cdSTICOS REALIZAR\u00c1 SU 14\u00b0 ENCUENTRO &#187; CEDOL<\/title>\n<meta name=\"description\" content=\"Se llevar\u00e1 a cabo el pr\u00f3ximo 9 de abril y tendr\u00e1 como eje tem\u00e1tico la inteligencia artificial y proyecciones log\u00edsticas. Buenos Aires, 19 de marzo de 2024\" \/>\n<meta name=\"robots\" content=\"index, follow, max-snippet:-1, max-image-preview:large, max-video-preview:-1\" \/>\n<link rel=\"canonical\" href=\"https:\/\/www.cedol.org.ar\/logistica\/la-camara-empresaria-de-operadores-logisticos-realizara-su-14-encuentro-2\/\" \/>\n<meta property=\"og:locale\" content=\"es_ES\" \/>\n<meta property=\"og:type\" content=\"article\" \/>\n<meta property=\"og:title\" content=\"LA C\u00c1MARA EMPRESARIA DE OPERADORES LOG\u00cdSTICOS REALIZAR\u00c1 SU 14\u00b0 ENCUENTRO &#187; CEDOL\" \/>\n<meta property=\"og:description\" content=\"Se llevar\u00e1 a cabo el pr\u00f3ximo 9 de abril y tendr\u00e1 como eje tem\u00e1tico la inteligencia artificial y proyecciones log\u00edsticas. Buenos Aires, 19 de marzo de 2024\" \/>\n<meta property=\"og:url\" content=\"https:\/\/www.cedol.org.ar\/logistica\/la-camara-empresaria-de-operadores-logisticos-realizara-su-14-encuentro-2\/\" \/>\n<meta property=\"og:site_name\" content=\"CEDOL\" \/>\n<meta property=\"article:published_time\" content=\"2024-03-28T15:08:02+00:00\" \/>\n<meta property=\"article:modified_time\" content=\"2024-03-28T15:08:03+00:00\" \/>\n<meta property=\"og:image\" content=\"https:\/\/www.cedol.org.ar\/logistica\/wp-content\/uploads\/2024\/02\/Encuentro-Cedol.jpg\" \/>\n\t<meta property=\"og:image:width\" content=\"1200\" \/>\n\t<meta property=\"og:image:height\" content=\"494\" \/>\n\t<meta property=\"og:image:type\" content=\"image\/jpeg\" \/>\n<meta name=\"author\" content=\"admin\" \/>\n<meta name=\"twitter:card\" content=\"summary_large_image\" \/>\n<meta name=\"twitter:label1\" content=\"Escrito por\" \/>\n\t<meta name=\"twitter:data1\" content=\"admin\" \/>\n\t<meta name=\"twitter:label2\" content=\"Tiempo de lectura\" \/>\n\t<meta name=\"twitter:data2\" content=\"3 minutos\" \/>\n<script type=\"application\/ld+json\" class=\"yoast-schema-graph\">{\"@context\":\"https:\/\/schema.org\",\"@graph\":[{\"@type\":\"WebPage\",\"@id\":\"https:\/\/www.cedol.org.ar\/logistica\/la-camara-empresaria-de-operadores-logisticos-realizara-su-14-encuentro-2\/\",\"url\":\"https:\/\/www.cedol.org.ar\/logistica\/la-camara-empresaria-de-operadores-logisticos-realizara-su-14-encuentro-2\/\",\"name\":\"LA C\u00c1MARA EMPRESARIA DE OPERADORES LOG\u00cdSTICOS REALIZAR\u00c1 SU 14\u00b0 ENCUENTRO &#187; CEDOL\",\"isPartOf\":{\"@id\":\"https:\/\/www.cedol.org.ar\/logistica\/#website\"},\"primaryImageOfPage\":{\"@id\":\"https:\/\/www.cedol.org.ar\/logistica\/la-camara-empresaria-de-operadores-logisticos-realizara-su-14-encuentro-2\/#primaryimage\"},\"image\":{\"@id\":\"https:\/\/www.cedol.org.ar\/logistica\/la-camara-empresaria-de-operadores-logisticos-realizara-su-14-encuentro-2\/#primaryimage\"},\"thumbnailUrl\":\"https:\/\/www.cedol.org.ar\/logistica\/wp-content\/uploads\/2024\/02\/Encuentro-Cedol.jpg\",\"datePublished\":\"2024-03-28T15:08:02+00:00\",\"dateModified\":\"2024-03-28T15:08:03+00:00\",\"author\":{\"@id\":\"https:\/\/www.cedol.org.ar\/logistica\/#\/schema\/person\/40275bdb20446824fc74d51aabe22e83\"},\"description\":\"Se llevar\u00e1 a cabo el pr\u00f3ximo 9 de abril y tendr\u00e1 como eje tem\u00e1tico la inteligencia artificial y proyecciones log\u00edsticas. Buenos Aires, 19 de marzo de 2024\",\"breadcrumb\":{\"@id\":\"https:\/\/www.cedol.org.ar\/logistica\/la-camara-empresaria-de-operadores-logisticos-realizara-su-14-encuentro-2\/#breadcrumb\"},\"inLanguage\":\"es\",\"potentialAction\":[{\"@type\":\"ReadAction\",\"target\":[\"https:\/\/www.cedol.org.ar\/logistica\/la-camara-empresaria-de-operadores-logisticos-realizara-su-14-encuentro-2\/\"]}]},{\"@type\":\"ImageObject\",\"inLanguage\":\"es\",\"@id\":\"https:\/\/www.cedol.org.ar\/logistica\/la-camara-empresaria-de-operadores-logisticos-realizara-su-14-encuentro-2\/#primaryimage\",\"url\":\"https:\/\/www.cedol.org.ar\/logistica\/wp-content\/uploads\/2024\/02\/Encuentro-Cedol.jpg\",\"contentUrl\":\"https:\/\/www.cedol.org.ar\/logistica\/wp-content\/uploads\/2024\/02\/Encuentro-Cedol.jpg\",\"width\":1200,\"height\":494},{\"@type\":\"BreadcrumbList\",\"@id\":\"https:\/\/www.cedol.org.ar\/logistica\/la-camara-empresaria-de-operadores-logisticos-realizara-su-14-encuentro-2\/#breadcrumb\",\"itemListElement\":[{\"@type\":\"ListItem\",\"position\":1,\"name\":\"Home\",\"item\":\"https:\/\/www.cedol.org.ar\/logistica\/\"},{\"@type\":\"ListItem\",\"position\":2,\"name\":\"LA C\u00c1MARA EMPRESARIA DE OPERADORES LOG\u00cdSTICOS REALIZAR\u00c1 SU 14\u00b0 ENCUENTRO\"}]},{\"@type\":\"WebSite\",\"@id\":\"https:\/\/www.cedol.org.ar\/logistica\/#website\",\"url\":\"https:\/\/www.cedol.org.ar\/logistica\/\",\"name\":\"CEDOL\",\"description\":\"C\u00c1MARA EMPRESARIA DE OPERADORES LOG\u00cdSTICOS\",\"potentialAction\":[{\"@type\":\"SearchAction\",\"target\":{\"@type\":\"EntryPoint\",\"urlTemplate\":\"https:\/\/www.cedol.org.ar\/logistica\/?s={search_term_string}\"},\"query-input\":\"required name=search_term_string\"}],\"inLanguage\":\"es\"},{\"@type\":\"Person\",\"@id\":\"https:\/\/www.cedol.org.ar\/logistica\/#\/schema\/person\/40275bdb20446824fc74d51aabe22e83\",\"name\":\"admin\"}]}<\/script>\n<!-- \/ Yoast SEO plugin. -->","yoast_head_json":{"title":"LA C\u00c1MARA EMPRESARIA DE OPERADORES LOG\u00cdSTICOS REALIZAR\u00c1 SU 14\u00b0 ENCUENTRO &#187; CEDOL","description":"Se llevar\u00e1 a cabo el pr\u00f3ximo 9 de abril y tendr\u00e1 como eje tem\u00e1tico la inteligencia artificial y proyecciones log\u00edsticas. Buenos Aires, 19 de marzo de 2024","robots":{"index":"index","follow":"follow","max-snippet":"max-snippet:-1","max-image-preview":"max-image-preview:large","max-video-preview":"max-video-preview:-1"},"canonical":"https:\/\/www.cedol.org.ar\/logistica\/la-camara-empresaria-de-operadores-logisticos-realizara-su-14-encuentro-2\/","og_locale":"es_ES","og_type":"article","og_title":"LA C\u00c1MARA EMPRESARIA DE OPERADORES LOG\u00cdSTICOS REALIZAR\u00c1 SU 14\u00b0 ENCUENTRO &#187; CEDOL","og_description":"Se llevar\u00e1 a cabo el pr\u00f3ximo 9 de abril y tendr\u00e1 como eje tem\u00e1tico la inteligencia artificial y proyecciones log\u00edsticas. Buenos Aires, 19 de marzo de 2024","og_url":"https:\/\/www.cedol.org.ar\/logistica\/la-camara-empresaria-de-operadores-logisticos-realizara-su-14-encuentro-2\/","og_site_name":"CEDOL","article_published_time":"2024-03-28T15:08:02+00:00","article_modified_time":"2024-03-28T15:08:03+00:00","og_image":[{"width":1200,"height":494,"url":"https:\/\/www.cedol.org.ar\/logistica\/wp-content\/uploads\/2024\/02\/Encuentro-Cedol.jpg","type":"image\/jpeg"}],"author":"admin","twitter_card":"summary_large_image","twitter_misc":{"Escrito por":"admin","Tiempo de lectura":"3 minutos"},"schema":{"@context":"https:\/\/schema.org","@graph":[{"@type":"WebPage","@id":"https:\/\/www.cedol.org.ar\/logistica\/la-camara-empresaria-de-operadores-logisticos-realizara-su-14-encuentro-2\/","url":"https:\/\/www.cedol.org.ar\/logistica\/la-camara-empresaria-de-operadores-logisticos-realizara-su-14-encuentro-2\/","name":"LA C\u00c1MARA EMPRESARIA DE OPERADORES LOG\u00cdSTICOS REALIZAR\u00c1 SU 14\u00b0 ENCUENTRO &#187; CEDOL","isPartOf":{"@id":"https:\/\/www.cedol.org.ar\/logistica\/#website"},"primaryImageOfPage":{"@id":"https:\/\/www.cedol.org.ar\/logistica\/la-camara-empresaria-de-operadores-logisticos-realizara-su-14-encuentro-2\/#primaryimage"},"image":{"@id":"https:\/\/www.cedol.org.ar\/logistica\/la-camara-empresaria-de-operadores-logisticos-realizara-su-14-encuentro-2\/#primaryimage"},"thumbnailUrl":"https:\/\/www.cedol.org.ar\/logistica\/wp-content\/uploads\/2024\/02\/Encuentro-Cedol.jpg","datePublished":"2024-03-28T15:08:02+00:00","dateModified":"2024-03-28T15:08:03+00:00","author":{"@id":"https:\/\/www.cedol.org.ar\/logistica\/#\/schema\/person\/40275bdb20446824fc74d51aabe22e83"},"description":"Se llevar\u00e1 a cabo el pr\u00f3ximo 9 de abril y tendr\u00e1 como eje tem\u00e1tico la inteligencia artificial y proyecciones log\u00edsticas. Buenos Aires, 19 de marzo de 2024","breadcrumb":{"@id":"https:\/\/www.cedol.org.ar\/logistica\/la-camara-empresaria-de-operadores-logisticos-realizara-su-14-encuentro-2\/#breadcrumb"},"inLanguage":"es","potentialAction":[{"@type":"ReadAction","target":["https:\/\/www.cedol.org.ar\/logistica\/la-camara-empresaria-de-operadores-logisticos-realizara-su-14-encuentro-2\/"]}]},{"@type":"ImageObject","inLanguage":"es","@id":"https:\/\/www.cedol.org.ar\/logistica\/la-camara-empresaria-de-operadores-logisticos-realizara-su-14-encuentro-2\/#primaryimage","url":"https:\/\/www.cedol.org.ar\/logistica\/wp-content\/uploads\/2024\/02\/Encuentro-Cedol.jpg","contentUrl":"https:\/\/www.cedol.org.ar\/logistica\/wp-content\/uploads\/2024\/02\/Encuentro-Cedol.jpg","width":1200,"height":494},{"@type":"BreadcrumbList","@id":"https:\/\/www.cedol.org.ar\/logistica\/la-camara-empresaria-de-operadores-logisticos-realizara-su-14-encuentro-2\/#breadcrumb","itemListElement":[{"@type":"ListItem","position":1,"name":"Home","item":"https:\/\/www.cedol.org.ar\/logistica\/"},{"@type":"ListItem","position":2,"name":"LA C\u00c1MARA EMPRESARIA DE OPERADORES LOG\u00cdSTICOS REALIZAR\u00c1 SU 14\u00b0 ENCUENTRO"}]},{"@type":"WebSite","@id":"https:\/\/www.cedol.org.ar\/logistica\/#website","url":"https:\/\/www.cedol.org.ar\/logistica\/","name":"CEDOL","description":"C\u00c1MARA EMPRESARIA DE OPERADORES LOG\u00cdSTICOS","potentialAction":[{"@type":"SearchAction","target":{"@type":"EntryPoint","urlTemplate":"https:\/\/www.cedol.org.ar\/logistica\/?s={search_term_string}"},"query-input":"required name=search_term_string"}],"inLanguage":"es"},{"@type":"Person","@id":"https:\/\/www.cedol.org.ar\/logistica\/#\/schema\/person\/40275bdb20446824fc74d51aabe22e83","name":"admin"}]}},"_links":{"self":[{"href":"https:\/\/www.cedol.org.ar\/logistica\/wp-json\/wp\/v2\/posts\/3633","targetHints":{"allow":["GET"]}}],"collection":[{"href":"https:\/\/www.cedol.org.ar\/logistica\/wp-json\/wp\/v2\/posts"}],"about":[{"href":"https:\/\/www.cedol.org.ar\/logistica\/wp-json\/wp\/v2\/types\/post"}],"author":[{"embeddable":true,"href":"https:\/\/www.cedol.org.ar\/logistica\/wp-json\/wp\/v2\/users\/1"}],"replies":[{"embeddable":true,"href":"https:\/\/www.cedol.org.ar\/logistica\/wp-json\/wp\/v2\/comments?post=3633"}],"version-history":[{"count":1,"href":"https:\/\/www.cedol.org.ar\/logistica\/wp-json\/wp\/v2\/posts\/3633\/revisions"}],"predecessor-version":[{"id":3634,"href":"https:\/\/www.cedol.org.ar\/logistica\/wp-json\/wp\/v2\/posts\/3633\/revisions\/3634"}],"wp:featuredmedia":[{"embeddable":true,"href":"https:\/\/www.cedol.org.ar\/logistica\/wp-json\/wp\/v2\/media\/3597"}],"wp:attachment":[{"href":"https:\/\/www.cedol.org.ar\/logistica\/wp-json\/wp\/v2\/media?parent=3633"}],"wp:term":[{"taxonomy":"category","embeddable":true,"href":"https:\/\/www.cedol.org.ar\/logistica\/wp-json\/wp\/v2\/categories?post=3633"},{"taxonomy":"post_tag","embeddable":true,"href":"https:\/\/www.cedol.org.ar\/logistica\/wp-json\/wp\/v2\/tags?post=3633"}],"curies":[{"name":"wp","href":"https:\/\/api.w.org\/{rel}","templated":true}]}}