{"id":3534,"date":"2023-12-18T16:55:31","date_gmt":"2023-12-18T16:55:31","guid":{"rendered":"https:\/\/www.cedol.org.ar\/logistica\/?p=3534"},"modified":"2023-12-18T16:55:31","modified_gmt":"2023-12-18T16:55:31","slug":"combustible-y-tipo-de-cambio-impulsan-la-suba-de-costos-logisticos-en-la-primera-quincena-de-diciembre","status":"publish","type":"post","link":"https:\/\/www.cedol.org.ar\/logistica\/combustible-y-tipo-de-cambio-impulsan-la-suba-de-costos-logisticos-en-la-primera-quincena-de-diciembre\/","title":{"rendered":"COMBUSTIBLE Y TIPO DE CAMBIO IMPULSAN LA SUBA DE COSTOS LOG\u00cdSTICOS EN LA PRIMERA QUINCENA DE DICIEMBRE"},"content":{"rendered":"\n<p><strong>COMBUSTIBLE Y TIPO DE CAMBIO IMPULSAN LA SUBA DE COSTOS LOG\u00cdSTICOS EN LA PRIMERA QUINCENA DE DICIEMBRE<\/strong><\/p>\n\n\n\n<p><strong>Buenos Aires, 18 de diciembre 2023<\/strong> &#8211; El departamento de Estad\u00edstica de CEDOL se reuni\u00f3 para medir el impacto sobre los costos log\u00edsticos en lo que va del mes de diciembre, contemplando lo ocurrido principalmente con el valor del d\u00f3lar y del combustible, que exponen al sector a una situaci\u00f3n de crisis.&nbsp;<\/p>\n\n\n\n<p>Cabe mencionar que solo se han tomado aquellos incrementos que se encuentran en plena aplicaci\u00f3n y surgidos de informaci\u00f3n oficial, y por ello el porcentaje informado refleja el impacto m\u00ednimo a tener en cuenta para diciembre, valor que se completar\u00e1 durante la segunda quincena con nueva informaci\u00f3n verificada seg\u00fan la metodolog\u00eda de c\u00e1lculo del \u00cdndice UTN-CEDOL.<\/p>\n\n\n\n<p>Por cuestiones de disponibilidad de informaci\u00f3n, en este c\u00e1lculo preliminar no se han incorporado aumentos en componentes que indudablemente tendr\u00e1n incidencia, entre los que puede destacarse el valor del alquiler de dep\u00f3sitos. En cuanto al indicador preliminar elaborado FADEEAC, para su elaboraci\u00f3n se han computado las alzas en combustible, material rodante, reparaciones y costo financiero, restando incorporar cambios en rubros como lubricantes, neum\u00e1ticos y gastos generales.<\/p>\n\n\n\n<p>Los datos resultantes de los c\u00e1lculos preliminares de CEDOL son: &nbsp;<\/p>\n\n\n\n<figure class=\"wp-block-table\"><table><tbody><tr><td><br><\/td><td><strong>Anticipo<\/strong> <strong>DICIEMBRE&nbsp; 2023<\/strong><\/td><td><strong>Anticipo<\/strong> <strong>Impacto a\u00f1o 2023<\/strong><\/td><\/tr><tr><td><strong>CEDOL Con Costos de Transporte<\/strong><\/td><td><strong>19,72 %<\/strong><\/td><td><strong>223,51 %<\/strong><\/td><\/tr><tr><td><strong>CEDOL Sin Costos de Transporte<\/strong><\/td><td><strong>16,72 %<\/strong><\/td><td><strong>177,06 %<\/strong><\/td><\/tr><\/tbody><\/table><\/figure>\n\n\n\n<p><strong>Acerca de CEDOL (Integrante de Faetyl)&nbsp;<\/strong><\/p>\n\n\n\n<p>La C\u00e1mara Empresaria de Operadores Log\u00edsticos se fund\u00f3 en noviembre de 1998 para asumir la representaci\u00f3n de las empresas que tienen como principal actividad la prestaci\u00f3n de servicios log\u00edsticos: traslado, almacenamiento, ensamble y procesos industriales, fraccionamiento de mercader\u00edas para su transporte y distribuci\u00f3n, ejerciendo el control, la administraci\u00f3n de la informaci\u00f3n y la responsabilidad en las etapas de la cadena de abastecimiento.&nbsp;<\/p>\n","protected":false},"excerpt":{"rendered":"<p>COMBUSTIBLE Y TIPO DE CAMBIO IMPULSAN LA SUBA DE COSTOS LOG\u00cdSTICOS EN LA PRIMERA QUINCENA DE DICIEMBRE Buenos Aires, 18 de diciembre 2023 &#8211; El [&hellip;]<\/p>\n","protected":false},"author":1,"featured_media":2125,"comment_status":"open","ping_status":"open","sticky":false,"template":"","format":"standard","meta":{"_monsterinsights_skip_tracking":false,"_monsterinsights_sitenote_active":false,"_monsterinsights_sitenote_note":"","_monsterinsights_sitenote_category":0,"footnotes":""},"categories":[8],"tags":[],"class_list":["post-3534","post","type-post","status-publish","format-standard","has-post-thumbnail","hentry","category-estadisticas"],"yoast_head":"<!-- This site is optimized with the Yoast SEO plugin v22.3 - https:\/\/yoast.com\/wordpress\/plugins\/seo\/ -->\n<title>COMBUSTIBLE Y TIPO DE CAMBIO IMPULSAN LA SUBA DE COSTOS LOG\u00cdSTICOS EN LA PRIMERA QUINCENA DE DICIEMBRE &#187; CEDOL<\/title>\n<meta name=\"description\" content=\"Buenos Aires, 18 de diciembre 2023 - El departamento de Estad\u00edstica de CEDOL se reuni\u00f3 para medir el impacto sobre los costos log\u00edsticos en lo que va del mes de diciembre, contemplando lo ocurrido principalmente con el valor del d\u00f3lar y del combustible, que exponen al sector a una situaci\u00f3n de crisis.\" \/>\n<meta name=\"robots\" content=\"index, follow, max-snippet:-1, max-image-preview:large, max-video-preview:-1\" \/>\n<link rel=\"canonical\" href=\"https:\/\/www.cedol.org.ar\/logistica\/combustible-y-tipo-de-cambio-impulsan-la-suba-de-costos-logisticos-en-la-primera-quincena-de-diciembre\/\" \/>\n<meta property=\"og:locale\" content=\"es_ES\" \/>\n<meta property=\"og:type\" content=\"article\" \/>\n<meta property=\"og:title\" content=\"COMBUSTIBLE Y TIPO DE CAMBIO IMPULSAN LA SUBA DE COSTOS LOG\u00cdSTICOS EN LA PRIMERA QUINCENA DE DICIEMBRE &#187; CEDOL\" \/>\n<meta property=\"og:description\" content=\"Buenos Aires, 18 de diciembre 2023 - El departamento de Estad\u00edstica de CEDOL se reuni\u00f3 para medir el impacto sobre los costos log\u00edsticos en lo que va del mes de diciembre, contemplando lo ocurrido principalmente con el valor del d\u00f3lar y del combustible, que exponen al sector a una situaci\u00f3n de crisis.\" \/>\n<meta property=\"og:url\" content=\"https:\/\/www.cedol.org.ar\/logistica\/combustible-y-tipo-de-cambio-impulsan-la-suba-de-costos-logisticos-en-la-primera-quincena-de-diciembre\/\" \/>\n<meta property=\"og:site_name\" content=\"CEDOL\" \/>\n<meta property=\"article:published_time\" content=\"2023-12-18T16:55:31+00:00\" \/>\n<meta property=\"og:image\" content=\"https:\/\/www.cedol.org.ar\/logistica\/wp-content\/uploads\/2018\/10\/ima-indices-1070.jpg\" \/>\n\t<meta property=\"og:image:width\" content=\"1070\" \/>\n\t<meta property=\"og:image:height\" content=\"540\" \/>\n\t<meta property=\"og:image:type\" content=\"image\/jpeg\" \/>\n<meta name=\"author\" content=\"admin\" \/>\n<meta name=\"twitter:card\" content=\"summary_large_image\" \/>\n<meta name=\"twitter:label1\" content=\"Escrito por\" \/>\n\t<meta name=\"twitter:data1\" content=\"admin\" \/>\n\t<meta name=\"twitter:label2\" content=\"Tiempo de lectura\" \/>\n\t<meta name=\"twitter:data2\" content=\"2 minutos\" \/>\n<script type=\"application\/ld+json\" class=\"yoast-schema-graph\">{\"@context\":\"https:\/\/schema.org\",\"@graph\":[{\"@type\":\"WebPage\",\"@id\":\"https:\/\/www.cedol.org.ar\/logistica\/combustible-y-tipo-de-cambio-impulsan-la-suba-de-costos-logisticos-en-la-primera-quincena-de-diciembre\/\",\"url\":\"https:\/\/www.cedol.org.ar\/logistica\/combustible-y-tipo-de-cambio-impulsan-la-suba-de-costos-logisticos-en-la-primera-quincena-de-diciembre\/\",\"name\":\"COMBUSTIBLE Y TIPO DE CAMBIO IMPULSAN LA SUBA DE COSTOS LOG\u00cdSTICOS EN LA PRIMERA QUINCENA DE DICIEMBRE &#187; CEDOL\",\"isPartOf\":{\"@id\":\"https:\/\/www.cedol.org.ar\/logistica\/#website\"},\"primaryImageOfPage\":{\"@id\":\"https:\/\/www.cedol.org.ar\/logistica\/combustible-y-tipo-de-cambio-impulsan-la-suba-de-costos-logisticos-en-la-primera-quincena-de-diciembre\/#primaryimage\"},\"image\":{\"@id\":\"https:\/\/www.cedol.org.ar\/logistica\/combustible-y-tipo-de-cambio-impulsan-la-suba-de-costos-logisticos-en-la-primera-quincena-de-diciembre\/#primaryimage\"},\"thumbnailUrl\":\"https:\/\/www.cedol.org.ar\/logistica\/wp-content\/uploads\/2018\/10\/ima-indices-1070.jpg\",\"datePublished\":\"2023-12-18T16:55:31+00:00\",\"dateModified\":\"2023-12-18T16:55:31+00:00\",\"author\":{\"@id\":\"https:\/\/www.cedol.org.ar\/logistica\/#\/schema\/person\/40275bdb20446824fc74d51aabe22e83\"},\"description\":\"Buenos Aires, 18 de diciembre 2023 - El departamento de Estad\u00edstica de CEDOL se reuni\u00f3 para medir el impacto sobre los costos log\u00edsticos en lo que va del mes de diciembre, contemplando lo ocurrido principalmente con el valor del d\u00f3lar y del combustible, que exponen al sector a una situaci\u00f3n de crisis.\",\"breadcrumb\":{\"@id\":\"https:\/\/www.cedol.org.ar\/logistica\/combustible-y-tipo-de-cambio-impulsan-la-suba-de-costos-logisticos-en-la-primera-quincena-de-diciembre\/#breadcrumb\"},\"inLanguage\":\"es\",\"potentialAction\":[{\"@type\":\"ReadAction\",\"target\":[\"https:\/\/www.cedol.org.ar\/logistica\/combustible-y-tipo-de-cambio-impulsan-la-suba-de-costos-logisticos-en-la-primera-quincena-de-diciembre\/\"]}]},{\"@type\":\"ImageObject\",\"inLanguage\":\"es\",\"@id\":\"https:\/\/www.cedol.org.ar\/logistica\/combustible-y-tipo-de-cambio-impulsan-la-suba-de-costos-logisticos-en-la-primera-quincena-de-diciembre\/#primaryimage\",\"url\":\"https:\/\/www.cedol.org.ar\/logistica\/wp-content\/uploads\/2018\/10\/ima-indices-1070.jpg\",\"contentUrl\":\"https:\/\/www.cedol.org.ar\/logistica\/wp-content\/uploads\/2018\/10\/ima-indices-1070.jpg\",\"width\":1070,\"height\":540,\"caption\":\"\u00cdndices UTN \/ CEDOL\"},{\"@type\":\"BreadcrumbList\",\"@id\":\"https:\/\/www.cedol.org.ar\/logistica\/combustible-y-tipo-de-cambio-impulsan-la-suba-de-costos-logisticos-en-la-primera-quincena-de-diciembre\/#breadcrumb\",\"itemListElement\":[{\"@type\":\"ListItem\",\"position\":1,\"name\":\"Home\",\"item\":\"https:\/\/www.cedol.org.ar\/logistica\/\"},{\"@type\":\"ListItem\",\"position\":2,\"name\":\"COMBUSTIBLE Y TIPO DE CAMBIO IMPULSAN LA SUBA DE COSTOS LOG\u00cdSTICOS EN LA PRIMERA QUINCENA DE DICIEMBRE\"}]},{\"@type\":\"WebSite\",\"@id\":\"https:\/\/www.cedol.org.ar\/logistica\/#website\",\"url\":\"https:\/\/www.cedol.org.ar\/logistica\/\",\"name\":\"CEDOL\",\"description\":\"C\u00c1MARA EMPRESARIA DE OPERADORES LOG\u00cdSTICOS\",\"potentialAction\":[{\"@type\":\"SearchAction\",\"target\":{\"@type\":\"EntryPoint\",\"urlTemplate\":\"https:\/\/www.cedol.org.ar\/logistica\/?s={search_term_string}\"},\"query-input\":\"required name=search_term_string\"}],\"inLanguage\":\"es\"},{\"@type\":\"Person\",\"@id\":\"https:\/\/www.cedol.org.ar\/logistica\/#\/schema\/person\/40275bdb20446824fc74d51aabe22e83\",\"name\":\"admin\"}]}<\/script>\n<!-- \/ Yoast SEO plugin. -->","yoast_head_json":{"title":"COMBUSTIBLE Y TIPO DE CAMBIO IMPULSAN LA SUBA DE COSTOS LOG\u00cdSTICOS EN LA PRIMERA QUINCENA DE DICIEMBRE &#187; CEDOL","description":"Buenos Aires, 18 de diciembre 2023 - El departamento de Estad\u00edstica de CEDOL se reuni\u00f3 para medir el impacto sobre los costos log\u00edsticos en lo que va del mes de diciembre, contemplando lo ocurrido principalmente con el valor del d\u00f3lar y del combustible, que exponen al sector a una situaci\u00f3n de crisis.","robots":{"index":"index","follow":"follow","max-snippet":"max-snippet:-1","max-image-preview":"max-image-preview:large","max-video-preview":"max-video-preview:-1"},"canonical":"https:\/\/www.cedol.org.ar\/logistica\/combustible-y-tipo-de-cambio-impulsan-la-suba-de-costos-logisticos-en-la-primera-quincena-de-diciembre\/","og_locale":"es_ES","og_type":"article","og_title":"COMBUSTIBLE Y TIPO DE CAMBIO IMPULSAN LA SUBA DE COSTOS LOG\u00cdSTICOS EN LA PRIMERA QUINCENA DE DICIEMBRE &#187; CEDOL","og_description":"Buenos Aires, 18 de diciembre 2023 - El departamento de Estad\u00edstica de CEDOL se reuni\u00f3 para medir el impacto sobre los costos log\u00edsticos en lo que va del mes de diciembre, contemplando lo ocurrido principalmente con el valor del d\u00f3lar y del combustible, que exponen al sector a una situaci\u00f3n de crisis.","og_url":"https:\/\/www.cedol.org.ar\/logistica\/combustible-y-tipo-de-cambio-impulsan-la-suba-de-costos-logisticos-en-la-primera-quincena-de-diciembre\/","og_site_name":"CEDOL","article_published_time":"2023-12-18T16:55:31+00:00","og_image":[{"width":1070,"height":540,"url":"https:\/\/www.cedol.org.ar\/logistica\/wp-content\/uploads\/2018\/10\/ima-indices-1070.jpg","type":"image\/jpeg"}],"author":"admin","twitter_card":"summary_large_image","twitter_misc":{"Escrito por":"admin","Tiempo de lectura":"2 minutos"},"schema":{"@context":"https:\/\/schema.org","@graph":[{"@type":"WebPage","@id":"https:\/\/www.cedol.org.ar\/logistica\/combustible-y-tipo-de-cambio-impulsan-la-suba-de-costos-logisticos-en-la-primera-quincena-de-diciembre\/","url":"https:\/\/www.cedol.org.ar\/logistica\/combustible-y-tipo-de-cambio-impulsan-la-suba-de-costos-logisticos-en-la-primera-quincena-de-diciembre\/","name":"COMBUSTIBLE Y TIPO DE CAMBIO IMPULSAN LA SUBA DE COSTOS LOG\u00cdSTICOS EN LA PRIMERA QUINCENA DE DICIEMBRE &#187; CEDOL","isPartOf":{"@id":"https:\/\/www.cedol.org.ar\/logistica\/#website"},"primaryImageOfPage":{"@id":"https:\/\/www.cedol.org.ar\/logistica\/combustible-y-tipo-de-cambio-impulsan-la-suba-de-costos-logisticos-en-la-primera-quincena-de-diciembre\/#primaryimage"},"image":{"@id":"https:\/\/www.cedol.org.ar\/logistica\/combustible-y-tipo-de-cambio-impulsan-la-suba-de-costos-logisticos-en-la-primera-quincena-de-diciembre\/#primaryimage"},"thumbnailUrl":"https:\/\/www.cedol.org.ar\/logistica\/wp-content\/uploads\/2018\/10\/ima-indices-1070.jpg","datePublished":"2023-12-18T16:55:31+00:00","dateModified":"2023-12-18T16:55:31+00:00","author":{"@id":"https:\/\/www.cedol.org.ar\/logistica\/#\/schema\/person\/40275bdb20446824fc74d51aabe22e83"},"description":"Buenos Aires, 18 de diciembre 2023 - El departamento de Estad\u00edstica de CEDOL se reuni\u00f3 para medir el impacto sobre los costos log\u00edsticos en lo que va del mes de diciembre, contemplando lo ocurrido principalmente con el valor del d\u00f3lar y del combustible, que exponen al sector a una situaci\u00f3n de crisis.","breadcrumb":{"@id":"https:\/\/www.cedol.org.ar\/logistica\/combustible-y-tipo-de-cambio-impulsan-la-suba-de-costos-logisticos-en-la-primera-quincena-de-diciembre\/#breadcrumb"},"inLanguage":"es","potentialAction":[{"@type":"ReadAction","target":["https:\/\/www.cedol.org.ar\/logistica\/combustible-y-tipo-de-cambio-impulsan-la-suba-de-costos-logisticos-en-la-primera-quincena-de-diciembre\/"]}]},{"@type":"ImageObject","inLanguage":"es","@id":"https:\/\/www.cedol.org.ar\/logistica\/combustible-y-tipo-de-cambio-impulsan-la-suba-de-costos-logisticos-en-la-primera-quincena-de-diciembre\/#primaryimage","url":"https:\/\/www.cedol.org.ar\/logistica\/wp-content\/uploads\/2018\/10\/ima-indices-1070.jpg","contentUrl":"https:\/\/www.cedol.org.ar\/logistica\/wp-content\/uploads\/2018\/10\/ima-indices-1070.jpg","width":1070,"height":540,"caption":"\u00cdndices UTN \/ CEDOL"},{"@type":"BreadcrumbList","@id":"https:\/\/www.cedol.org.ar\/logistica\/combustible-y-tipo-de-cambio-impulsan-la-suba-de-costos-logisticos-en-la-primera-quincena-de-diciembre\/#breadcrumb","itemListElement":[{"@type":"ListItem","position":1,"name":"Home","item":"https:\/\/www.cedol.org.ar\/logistica\/"},{"@type":"ListItem","position":2,"name":"COMBUSTIBLE Y TIPO DE CAMBIO IMPULSAN LA SUBA DE COSTOS LOG\u00cdSTICOS EN LA PRIMERA QUINCENA DE DICIEMBRE"}]},{"@type":"WebSite","@id":"https:\/\/www.cedol.org.ar\/logistica\/#website","url":"https:\/\/www.cedol.org.ar\/logistica\/","name":"CEDOL","description":"C\u00c1MARA EMPRESARIA DE OPERADORES LOG\u00cdSTICOS","potentialAction":[{"@type":"SearchAction","target":{"@type":"EntryPoint","urlTemplate":"https:\/\/www.cedol.org.ar\/logistica\/?s={search_term_string}"},"query-input":"required name=search_term_string"}],"inLanguage":"es"},{"@type":"Person","@id":"https:\/\/www.cedol.org.ar\/logistica\/#\/schema\/person\/40275bdb20446824fc74d51aabe22e83","name":"admin"}]}},"_links":{"self":[{"href":"https:\/\/www.cedol.org.ar\/logistica\/wp-json\/wp\/v2\/posts\/3534","targetHints":{"allow":["GET"]}}],"collection":[{"href":"https:\/\/www.cedol.org.ar\/logistica\/wp-json\/wp\/v2\/posts"}],"about":[{"href":"https:\/\/www.cedol.org.ar\/logistica\/wp-json\/wp\/v2\/types\/post"}],"author":[{"embeddable":true,"href":"https:\/\/www.cedol.org.ar\/logistica\/wp-json\/wp\/v2\/users\/1"}],"replies":[{"embeddable":true,"href":"https:\/\/www.cedol.org.ar\/logistica\/wp-json\/wp\/v2\/comments?post=3534"}],"version-history":[{"count":1,"href":"https:\/\/www.cedol.org.ar\/logistica\/wp-json\/wp\/v2\/posts\/3534\/revisions"}],"predecessor-version":[{"id":3535,"href":"https:\/\/www.cedol.org.ar\/logistica\/wp-json\/wp\/v2\/posts\/3534\/revisions\/3535"}],"wp:featuredmedia":[{"embeddable":true,"href":"https:\/\/www.cedol.org.ar\/logistica\/wp-json\/wp\/v2\/media\/2125"}],"wp:attachment":[{"href":"https:\/\/www.cedol.org.ar\/logistica\/wp-json\/wp\/v2\/media?parent=3534"}],"wp:term":[{"taxonomy":"category","embeddable":true,"href":"https:\/\/www.cedol.org.ar\/logistica\/wp-json\/wp\/v2\/categories?post=3534"},{"taxonomy":"post_tag","embeddable":true,"href":"https:\/\/www.cedol.org.ar\/logistica\/wp-json\/wp\/v2\/tags?post=3534"}],"curies":[{"name":"wp","href":"https:\/\/api.w.org\/{rel}","templated":true}]}}