{"id":3474,"date":"2023-09-09T15:19:15","date_gmt":"2023-09-09T15:19:15","guid":{"rendered":"https:\/\/www.cedol.org.ar\/logistica\/?p=3474"},"modified":"2023-09-09T15:19:15","modified_gmt":"2023-09-09T15:19:15","slug":"aumento-record-de-costos-logisticos-en-agosto-2","status":"publish","type":"post","link":"https:\/\/www.cedol.org.ar\/logistica\/aumento-record-de-costos-logisticos-en-agosto-2\/","title":{"rendered":"Aumento r\u00e9cord de costos log\u00edsticos en agosto"},"content":{"rendered":"\n<p><strong>Buenos Aires, 6 de septiembre 2023<\/strong> \u2013 La Universidad Tecnol\u00f3gica Nacional (UTN) a trav\u00e9s de su Centro Tecnol\u00f3gico de Transporte, Tr\u00e1nsito y Seguridad Vial (C3T), dio a conocer la evoluci\u00f3n del <strong>\u00cdndice de Costos Log\u00edsticos Nacionales elaborado para la C\u00e1mara Empresaria de Operadores Log\u00edsticos (<\/strong><a href=\"https:\/\/www.cedol.org.ar\/\"><strong>CEDOL<\/strong><\/a><strong>)<\/strong>, correspondiente al mes de agosto 2023.&nbsp;<\/p>\n\n\n\n<p>Durante este mes, los costos log\u00edsticos fueron impactados por lo ocurrido con el valor del d\u00f3lar, lo cual se sum\u00f3 a las variaciones prefijadas en materia de paritarias. &nbsp;<\/p>\n\n\n\n<p>El combustible mantuvo su protagonismo con un impacto del 17,98% y en varios rubros se registraron subas por encima del 20%, destac\u00e1ndose: Lubricantes (27,52%), Neum\u00e1ticos (24,24%), Reparaciones (22%), Material Rodante (22,70%), Seguros (21,05%) y Peajes (42,20%). Todos estos porcentajes provienen de los \u00edtems del indicador que elabora la FADEEAC.<\/p>\n\n\n\n<p>Los datos resultantes de los c\u00e1lculos de CEDOL son: &nbsp;<\/p>\n\n\n\n<figure class=\"wp-block-table\"><table><tbody><tr><td><br><\/td><td><strong>AGOSTO&nbsp; 2023<\/strong><\/td><td><strong>Impacto a\u00f1o 2023<\/strong><\/td><\/tr><tr><td><strong>CEDOL Con Costos de Transporte<\/strong><\/td><td><br><strong>20,18 %<\/strong><\/td><td><br><strong>91,99 %<\/strong><\/td><\/tr><tr><td><strong>CEDOL Sin Costos de Transporte<\/strong><\/td><td><br><strong>16,00 %<\/strong><\/td><td><br><strong>75,57 %<\/strong><\/td><\/tr><tr><td><strong>Distribuci\u00f3n Urbana Con Acompa\u00f1ante<\/strong><\/td><td><br><strong>16,88 %<\/strong><\/td><td><br><strong>83,53 %<\/strong><\/td><\/tr><tr><td><strong>Distribuci\u00f3n Urbana Sin Acompa\u00f1ante<\/strong><\/td><td><br><strong>17,88 %<\/strong><\/td><td><br><strong>90,66 %<\/strong><\/td><\/tr><\/tbody><\/table><\/figure>\n\n\n\n<p>Cabe mencionar que el \u00cdndice FADEEAC de agosto fue de <strong>20,30%<\/strong>.<\/p>\n\n\n\n<p><strong>NOTA IMPORTANTE SOBRE ANTICIPO DE SEPTIEMBRE 2023<\/strong><\/p>\n\n\n\n<p>Al tener la certeza del impacto que tendr\u00e1 el primer tramo del incremento de paritarias del CCT 40\/89 acordado el mes pasado (61% sobre salarios vigentes al 31 de agosto de 2023), se puede estimar que, como piso, los indicadores del mes de septiembre estar\u00e1n arrojando una suba del <strong>17,69%<\/strong><strong>.<\/strong><\/p>\n\n\n\n<p>Vale aclarar que esta variaci\u00f3n proyectada y real calculada por la incidencia de la mano de obra (25% de ajuste en los salarios de septiembre), se pueda acrecentar por el impacto de incrementos de otras variables, configurando un escenario de aumento cercano a los 20 puntos porcentuales.<\/p>\n\n\n\n<p><strong>Otros costos no contemplados<\/strong><\/p>\n\n\n\n<p>Como todos los meses, recordamos que los incrementos en las polin\u00f3micas de costos obedecen a costos medibles y transparentes conocidos y de uso p\u00fablico.&nbsp;<\/p>\n\n\n\n<p>Existe una serie de costos ocultos, que, por su dificultad de medici\u00f3n para integrar el \u00edndice, no se reflejan, pero sin lugar a duda tambi\u00e9n afectan los costos de Log\u00edstica (valores de unidades entre precio oficial y real, la dificultad de los repuestos de origen importado, lo mismo con los valores de neum\u00e1ticos y mantenimiento, entre otros).&nbsp;<\/p>\n\n\n\n<p>El objetivo de estos indicadores es reflejar mensualmente las variaciones de todos los costos log\u00edsticos, a excepci\u00f3n -precisamente- de las improductividades que suelen generarse por causas externas a los operadores log\u00edsticos.<\/p>\n\n\n\n<p>Su publicaci\u00f3n, con los componentes completos, se puede consultar en la web de la c\u00e1mara:&nbsp;<a href=\"http:\/\/www.cedol.org.ar\/\">www.cedol.org.ar<\/a>&nbsp;<\/p>\n\n\n\n<p><strong>Acerca de CEDOL (Integrante de FAETyL)&nbsp;<\/strong><\/p>\n\n\n\n<p>La C\u00e1mara Empresaria de Operadores Log\u00edsticos se fund\u00f3 en noviembre de 1998 para asumir la representaci\u00f3n de las empresas que tienen como principal actividad la prestaci\u00f3n de servicios log\u00edsticos: traslado, almacenamiento, ensamble y procesos industriales, fraccionamiento de mercader\u00edas para su transporte y distribuci\u00f3n, ejerciendo el control, la administraci\u00f3n de la informaci\u00f3n y la responsabilidad en las etapas de la cadena de abastecimiento.&nbsp;<\/p>\n","protected":false},"excerpt":{"rendered":"<p>Buenos Aires, 6 de septiembre 2023 \u2013 La Universidad Tecnol\u00f3gica Nacional (UTN) a trav\u00e9s de su Centro Tecnol\u00f3gico de Transporte, Tr\u00e1nsito y Seguridad Vial (C3T), [&hellip;]<\/p>\n","protected":false},"author":1,"featured_media":2125,"comment_status":"open","ping_status":"open","sticky":false,"template":"","format":"standard","meta":{"_monsterinsights_skip_tracking":false,"_monsterinsights_sitenote_active":false,"_monsterinsights_sitenote_note":"","_monsterinsights_sitenote_category":0,"footnotes":""},"categories":[8],"tags":[],"class_list":["post-3474","post","type-post","status-publish","format-standard","has-post-thumbnail","hentry","category-estadisticas"],"yoast_head":"<!-- This site is optimized with the Yoast SEO plugin v22.3 - https:\/\/yoast.com\/wordpress\/plugins\/seo\/ -->\n<title>Aumento r\u00e9cord de costos log\u00edsticos en agosto &#187; CEDOL<\/title>\n<meta name=\"description\" content=\"Buenos Aires, 6 de septiembre 2023 \u2013 La Universidad Tecnol\u00f3gica Nacional (UTN) a trav\u00e9s de su Centro Tecnol\u00f3gico de Transporte, Tr\u00e1nsito y Seguridad Vial (C3T), dio a conocer la evoluci\u00f3n del \u00cdndice de Costos Log\u00edsticos Nacionales elaborado para la C\u00e1mara Empresaria de Operadores Log\u00edsticos (CEDOL), correspondiente al mes de agosto 2023.\u00a0\" \/>\n<meta name=\"robots\" content=\"index, follow, max-snippet:-1, max-image-preview:large, max-video-preview:-1\" \/>\n<link rel=\"canonical\" href=\"https:\/\/www.cedol.org.ar\/logistica\/aumento-record-de-costos-logisticos-en-agosto-2\/\" \/>\n<meta property=\"og:locale\" content=\"es_ES\" \/>\n<meta property=\"og:type\" content=\"article\" \/>\n<meta property=\"og:title\" content=\"Aumento r\u00e9cord de costos log\u00edsticos en agosto &#187; CEDOL\" \/>\n<meta property=\"og:description\" content=\"Buenos Aires, 6 de septiembre 2023 \u2013 La Universidad Tecnol\u00f3gica Nacional (UTN) a trav\u00e9s de su Centro Tecnol\u00f3gico de Transporte, Tr\u00e1nsito y Seguridad Vial (C3T), dio a conocer la evoluci\u00f3n del \u00cdndice de Costos Log\u00edsticos Nacionales elaborado para la C\u00e1mara Empresaria de Operadores Log\u00edsticos (CEDOL), correspondiente al mes de agosto 2023.\u00a0\" \/>\n<meta property=\"og:url\" content=\"https:\/\/www.cedol.org.ar\/logistica\/aumento-record-de-costos-logisticos-en-agosto-2\/\" \/>\n<meta property=\"og:site_name\" content=\"CEDOL\" \/>\n<meta property=\"article:published_time\" content=\"2023-09-09T15:19:15+00:00\" \/>\n<meta property=\"og:image\" content=\"https:\/\/www.cedol.org.ar\/logistica\/wp-content\/uploads\/2018\/10\/ima-indices-1070.jpg\" \/>\n\t<meta property=\"og:image:width\" content=\"1070\" \/>\n\t<meta property=\"og:image:height\" content=\"540\" \/>\n\t<meta property=\"og:image:type\" content=\"image\/jpeg\" \/>\n<meta name=\"author\" content=\"admin\" \/>\n<meta name=\"twitter:card\" content=\"summary_large_image\" \/>\n<meta name=\"twitter:label1\" content=\"Escrito por\" \/>\n\t<meta name=\"twitter:data1\" content=\"admin\" \/>\n\t<meta name=\"twitter:label2\" content=\"Tiempo de lectura\" \/>\n\t<meta name=\"twitter:data2\" content=\"3 minutos\" \/>\n<script type=\"application\/ld+json\" class=\"yoast-schema-graph\">{\"@context\":\"https:\/\/schema.org\",\"@graph\":[{\"@type\":\"WebPage\",\"@id\":\"https:\/\/www.cedol.org.ar\/logistica\/aumento-record-de-costos-logisticos-en-agosto-2\/\",\"url\":\"https:\/\/www.cedol.org.ar\/logistica\/aumento-record-de-costos-logisticos-en-agosto-2\/\",\"name\":\"Aumento r\u00e9cord de costos log\u00edsticos en agosto &#187; CEDOL\",\"isPartOf\":{\"@id\":\"https:\/\/www.cedol.org.ar\/logistica\/#website\"},\"primaryImageOfPage\":{\"@id\":\"https:\/\/www.cedol.org.ar\/logistica\/aumento-record-de-costos-logisticos-en-agosto-2\/#primaryimage\"},\"image\":{\"@id\":\"https:\/\/www.cedol.org.ar\/logistica\/aumento-record-de-costos-logisticos-en-agosto-2\/#primaryimage\"},\"thumbnailUrl\":\"https:\/\/www.cedol.org.ar\/logistica\/wp-content\/uploads\/2018\/10\/ima-indices-1070.jpg\",\"datePublished\":\"2023-09-09T15:19:15+00:00\",\"dateModified\":\"2023-09-09T15:19:15+00:00\",\"author\":{\"@id\":\"https:\/\/www.cedol.org.ar\/logistica\/#\/schema\/person\/40275bdb20446824fc74d51aabe22e83\"},\"description\":\"Buenos Aires, 6 de septiembre 2023 \u2013 La Universidad Tecnol\u00f3gica Nacional (UTN) a trav\u00e9s de su Centro Tecnol\u00f3gico de Transporte, Tr\u00e1nsito y Seguridad Vial (C3T), dio a conocer la evoluci\u00f3n del \u00cdndice de Costos Log\u00edsticos Nacionales elaborado para la C\u00e1mara Empresaria de Operadores Log\u00edsticos (CEDOL), correspondiente al mes de agosto 2023.\u00a0\",\"breadcrumb\":{\"@id\":\"https:\/\/www.cedol.org.ar\/logistica\/aumento-record-de-costos-logisticos-en-agosto-2\/#breadcrumb\"},\"inLanguage\":\"es\",\"potentialAction\":[{\"@type\":\"ReadAction\",\"target\":[\"https:\/\/www.cedol.org.ar\/logistica\/aumento-record-de-costos-logisticos-en-agosto-2\/\"]}]},{\"@type\":\"ImageObject\",\"inLanguage\":\"es\",\"@id\":\"https:\/\/www.cedol.org.ar\/logistica\/aumento-record-de-costos-logisticos-en-agosto-2\/#primaryimage\",\"url\":\"https:\/\/www.cedol.org.ar\/logistica\/wp-content\/uploads\/2018\/10\/ima-indices-1070.jpg\",\"contentUrl\":\"https:\/\/www.cedol.org.ar\/logistica\/wp-content\/uploads\/2018\/10\/ima-indices-1070.jpg\",\"width\":1070,\"height\":540,\"caption\":\"\u00cdndices UTN \/ CEDOL\"},{\"@type\":\"BreadcrumbList\",\"@id\":\"https:\/\/www.cedol.org.ar\/logistica\/aumento-record-de-costos-logisticos-en-agosto-2\/#breadcrumb\",\"itemListElement\":[{\"@type\":\"ListItem\",\"position\":1,\"name\":\"Home\",\"item\":\"https:\/\/www.cedol.org.ar\/logistica\/\"},{\"@type\":\"ListItem\",\"position\":2,\"name\":\"Aumento r\u00e9cord de costos log\u00edsticos en agosto\"}]},{\"@type\":\"WebSite\",\"@id\":\"https:\/\/www.cedol.org.ar\/logistica\/#website\",\"url\":\"https:\/\/www.cedol.org.ar\/logistica\/\",\"name\":\"CEDOL\",\"description\":\"C\u00c1MARA EMPRESARIA DE OPERADORES LOG\u00cdSTICOS\",\"potentialAction\":[{\"@type\":\"SearchAction\",\"target\":{\"@type\":\"EntryPoint\",\"urlTemplate\":\"https:\/\/www.cedol.org.ar\/logistica\/?s={search_term_string}\"},\"query-input\":\"required name=search_term_string\"}],\"inLanguage\":\"es\"},{\"@type\":\"Person\",\"@id\":\"https:\/\/www.cedol.org.ar\/logistica\/#\/schema\/person\/40275bdb20446824fc74d51aabe22e83\",\"name\":\"admin\"}]}<\/script>\n<!-- \/ Yoast SEO plugin. -->","yoast_head_json":{"title":"Aumento r\u00e9cord de costos log\u00edsticos en agosto &#187; CEDOL","description":"Buenos Aires, 6 de septiembre 2023 \u2013 La Universidad Tecnol\u00f3gica Nacional (UTN) a trav\u00e9s de su Centro Tecnol\u00f3gico de Transporte, Tr\u00e1nsito y Seguridad Vial (C3T), dio a conocer la evoluci\u00f3n del \u00cdndice de Costos Log\u00edsticos Nacionales elaborado para la C\u00e1mara Empresaria de Operadores Log\u00edsticos (CEDOL), correspondiente al mes de agosto 2023.\u00a0","robots":{"index":"index","follow":"follow","max-snippet":"max-snippet:-1","max-image-preview":"max-image-preview:large","max-video-preview":"max-video-preview:-1"},"canonical":"https:\/\/www.cedol.org.ar\/logistica\/aumento-record-de-costos-logisticos-en-agosto-2\/","og_locale":"es_ES","og_type":"article","og_title":"Aumento r\u00e9cord de costos log\u00edsticos en agosto &#187; CEDOL","og_description":"Buenos Aires, 6 de septiembre 2023 \u2013 La Universidad Tecnol\u00f3gica Nacional (UTN) a trav\u00e9s de su Centro Tecnol\u00f3gico de Transporte, Tr\u00e1nsito y Seguridad Vial (C3T), dio a conocer la evoluci\u00f3n del \u00cdndice de Costos Log\u00edsticos Nacionales elaborado para la C\u00e1mara Empresaria de Operadores Log\u00edsticos (CEDOL), correspondiente al mes de agosto 2023.\u00a0","og_url":"https:\/\/www.cedol.org.ar\/logistica\/aumento-record-de-costos-logisticos-en-agosto-2\/","og_site_name":"CEDOL","article_published_time":"2023-09-09T15:19:15+00:00","og_image":[{"width":1070,"height":540,"url":"https:\/\/www.cedol.org.ar\/logistica\/wp-content\/uploads\/2018\/10\/ima-indices-1070.jpg","type":"image\/jpeg"}],"author":"admin","twitter_card":"summary_large_image","twitter_misc":{"Escrito por":"admin","Tiempo de lectura":"3 minutos"},"schema":{"@context":"https:\/\/schema.org","@graph":[{"@type":"WebPage","@id":"https:\/\/www.cedol.org.ar\/logistica\/aumento-record-de-costos-logisticos-en-agosto-2\/","url":"https:\/\/www.cedol.org.ar\/logistica\/aumento-record-de-costos-logisticos-en-agosto-2\/","name":"Aumento r\u00e9cord de costos log\u00edsticos en agosto &#187; CEDOL","isPartOf":{"@id":"https:\/\/www.cedol.org.ar\/logistica\/#website"},"primaryImageOfPage":{"@id":"https:\/\/www.cedol.org.ar\/logistica\/aumento-record-de-costos-logisticos-en-agosto-2\/#primaryimage"},"image":{"@id":"https:\/\/www.cedol.org.ar\/logistica\/aumento-record-de-costos-logisticos-en-agosto-2\/#primaryimage"},"thumbnailUrl":"https:\/\/www.cedol.org.ar\/logistica\/wp-content\/uploads\/2018\/10\/ima-indices-1070.jpg","datePublished":"2023-09-09T15:19:15+00:00","dateModified":"2023-09-09T15:19:15+00:00","author":{"@id":"https:\/\/www.cedol.org.ar\/logistica\/#\/schema\/person\/40275bdb20446824fc74d51aabe22e83"},"description":"Buenos Aires, 6 de septiembre 2023 \u2013 La Universidad Tecnol\u00f3gica Nacional (UTN) a trav\u00e9s de su Centro Tecnol\u00f3gico de Transporte, Tr\u00e1nsito y Seguridad Vial (C3T), dio a conocer la evoluci\u00f3n del \u00cdndice de Costos Log\u00edsticos Nacionales elaborado para la C\u00e1mara Empresaria de Operadores Log\u00edsticos (CEDOL), correspondiente al mes de agosto 2023.\u00a0","breadcrumb":{"@id":"https:\/\/www.cedol.org.ar\/logistica\/aumento-record-de-costos-logisticos-en-agosto-2\/#breadcrumb"},"inLanguage":"es","potentialAction":[{"@type":"ReadAction","target":["https:\/\/www.cedol.org.ar\/logistica\/aumento-record-de-costos-logisticos-en-agosto-2\/"]}]},{"@type":"ImageObject","inLanguage":"es","@id":"https:\/\/www.cedol.org.ar\/logistica\/aumento-record-de-costos-logisticos-en-agosto-2\/#primaryimage","url":"https:\/\/www.cedol.org.ar\/logistica\/wp-content\/uploads\/2018\/10\/ima-indices-1070.jpg","contentUrl":"https:\/\/www.cedol.org.ar\/logistica\/wp-content\/uploads\/2018\/10\/ima-indices-1070.jpg","width":1070,"height":540,"caption":"\u00cdndices UTN \/ CEDOL"},{"@type":"BreadcrumbList","@id":"https:\/\/www.cedol.org.ar\/logistica\/aumento-record-de-costos-logisticos-en-agosto-2\/#breadcrumb","itemListElement":[{"@type":"ListItem","position":1,"name":"Home","item":"https:\/\/www.cedol.org.ar\/logistica\/"},{"@type":"ListItem","position":2,"name":"Aumento r\u00e9cord de costos log\u00edsticos en agosto"}]},{"@type":"WebSite","@id":"https:\/\/www.cedol.org.ar\/logistica\/#website","url":"https:\/\/www.cedol.org.ar\/logistica\/","name":"CEDOL","description":"C\u00c1MARA EMPRESARIA DE OPERADORES LOG\u00cdSTICOS","potentialAction":[{"@type":"SearchAction","target":{"@type":"EntryPoint","urlTemplate":"https:\/\/www.cedol.org.ar\/logistica\/?s={search_term_string}"},"query-input":"required name=search_term_string"}],"inLanguage":"es"},{"@type":"Person","@id":"https:\/\/www.cedol.org.ar\/logistica\/#\/schema\/person\/40275bdb20446824fc74d51aabe22e83","name":"admin"}]}},"_links":{"self":[{"href":"https:\/\/www.cedol.org.ar\/logistica\/wp-json\/wp\/v2\/posts\/3474","targetHints":{"allow":["GET"]}}],"collection":[{"href":"https:\/\/www.cedol.org.ar\/logistica\/wp-json\/wp\/v2\/posts"}],"about":[{"href":"https:\/\/www.cedol.org.ar\/logistica\/wp-json\/wp\/v2\/types\/post"}],"author":[{"embeddable":true,"href":"https:\/\/www.cedol.org.ar\/logistica\/wp-json\/wp\/v2\/users\/1"}],"replies":[{"embeddable":true,"href":"https:\/\/www.cedol.org.ar\/logistica\/wp-json\/wp\/v2\/comments?post=3474"}],"version-history":[{"count":1,"href":"https:\/\/www.cedol.org.ar\/logistica\/wp-json\/wp\/v2\/posts\/3474\/revisions"}],"predecessor-version":[{"id":3475,"href":"https:\/\/www.cedol.org.ar\/logistica\/wp-json\/wp\/v2\/posts\/3474\/revisions\/3475"}],"wp:featuredmedia":[{"embeddable":true,"href":"https:\/\/www.cedol.org.ar\/logistica\/wp-json\/wp\/v2\/media\/2125"}],"wp:attachment":[{"href":"https:\/\/www.cedol.org.ar\/logistica\/wp-json\/wp\/v2\/media?parent=3474"}],"wp:term":[{"taxonomy":"category","embeddable":true,"href":"https:\/\/www.cedol.org.ar\/logistica\/wp-json\/wp\/v2\/categories?post=3474"},{"taxonomy":"post_tag","embeddable":true,"href":"https:\/\/www.cedol.org.ar\/logistica\/wp-json\/wp\/v2\/tags?post=3474"}],"curies":[{"name":"wp","href":"https:\/\/api.w.org\/{rel}","templated":true}]}}