{"id":3449,"date":"2023-08-25T01:43:30","date_gmt":"2023-08-25T01:43:30","guid":{"rendered":"https:\/\/www.cedol.org.ar\/logistica\/?p=3449"},"modified":"2023-08-28T01:43:55","modified_gmt":"2023-08-28T01:43:55","slug":"faetyl-y-fadeeac-acordaron-un-aumento-salarial-para-los-trabajadores-del-sector-2","status":"publish","type":"post","link":"https:\/\/www.cedol.org.ar\/logistica\/faetyl-y-fadeeac-acordaron-un-aumento-salarial-para-los-trabajadores-del-sector-2\/","title":{"rendered":"FAETYL y FADEEAC acordaron un aumento salarial para los trabajadores del sector"},"content":{"rendered":"\n<p><strong>Buenos Aires, 25 de agosto de 2023.-<\/strong> En virtud de la realidad econ\u00f3mica que vive el pa\u00eds, y ante el pedido de la <em>Federaci\u00f3n Nacional de Camioneros y Obreros del Transporte Automotor de Cargas<\/em>, Log\u00edstica y Servicios, de reabrir de manera anticipada las negociaciones paritarias, la <em>Federaci\u00f3n Argentina de Entidades de Transporte y Log\u00edstica (FAETyL)<\/em> y la<em> Federaci\u00f3n Argentina de Entidades Empresarias del Autotransporte de Cargas (FADEEAC)<\/em>, acordaron junto con el gremio otorgar un <strong>incremento salarial del 61% por 6 meses<\/strong>.<\/p>\n\n\n\n<p>En estos momentos dif\u00edciles, es fundamental para el sector, como generador de empleo y parte fundamental del motor de desarrollo del pa\u00eds, que los colaboradores se sientan acompa\u00f1ados por las empresas en las cuales se desempe\u00f1an. Priorizar la paz social y el trabajo digno siempre estar\u00e1n dentro de los objetivos que promueve <strong>CEDOL<\/strong> a trav\u00e9s de la federaci\u00f3n en la que participa activamente.<\/p>\n\n\n\n<p>El acuerdo alcanzado, que prev\u00e9 un ajuste total del 61% para el per\u00edodo septiembre 2023 \u2013 febrero 2024, se har\u00e1 efectivo en 3 tramos: 25% en septiembre de 2023; 18% en noviembre de 2023; y 18% en enero de 2024.<\/p>\n\n\n\n<p><strong>Acerca de CEDOL (Integrante de FAETyL)&nbsp;<\/strong><\/p>\n\n\n\n<p>La C\u00e1mara Empresaria de Operadores Log\u00edsticos se fund\u00f3 en noviembre de 1998 para asumir la representaci\u00f3n de las empresas que tienen como principal actividad la prestaci\u00f3n de servicios log\u00edsticos: traslado, almacenamiento, ensamble y procesos industriales, fraccionamiento de mercader\u00edas para su transporte y distribuci\u00f3n, ejerciendo el control, la administraci\u00f3n de la informaci\u00f3n y la responsabilidad en las etapas de la cadena de abastecimiento.&nbsp;<\/p>\n","protected":false},"excerpt":{"rendered":"<p>Buenos Aires, 25 de agosto de 2023.- En virtud de la realidad econ\u00f3mica que vive el pa\u00eds, y ante el pedido de la Federaci\u00f3n Nacional [&hellip;]<\/p>\n","protected":false},"author":1,"featured_media":3447,"comment_status":"open","ping_status":"open","sticky":false,"template":"","format":"standard","meta":{"_monsterinsights_skip_tracking":false,"_monsterinsights_sitenote_active":false,"_monsterinsights_sitenote_note":"","_monsterinsights_sitenote_category":0,"footnotes":""},"categories":[8],"tags":[],"class_list":["post-3449","post","type-post","status-publish","format-standard","has-post-thumbnail","hentry","category-estadisticas"],"yoast_head":"<!-- This site is optimized with the Yoast SEO plugin v22.3 - https:\/\/yoast.com\/wordpress\/plugins\/seo\/ -->\n<title>FAETYL y FADEEAC acordaron un aumento salarial para los trabajadores del sector &#187; CEDOL<\/title>\n<meta name=\"description\" content=\"Buenos Aires, 25 de agosto de 2023.- En virtud de la realidad econ\u00f3mica que vive el pa\u00eds, y ante el pedido de la Federaci\u00f3n Nacional de Camioneros y Obreros del Transporte Automotor de Cargas, Log\u00edstica y Servicios, de reabrir de manera anticipada las negociaciones paritarias, la Federaci\u00f3n Argentina de Entidades de Transporte y Log\u00edstica (FAETyL) y la Federaci\u00f3n Argentina de Entidades Empresarias del Autotransporte de Cargas (FADEEAC), acordaron junto con el gremio otorgar un incremento salarial del 61% por 6 meses.\" \/>\n<meta name=\"robots\" content=\"index, follow, max-snippet:-1, max-image-preview:large, max-video-preview:-1\" \/>\n<link rel=\"canonical\" href=\"https:\/\/www.cedol.org.ar\/logistica\/faetyl-y-fadeeac-acordaron-un-aumento-salarial-para-los-trabajadores-del-sector-2\/\" \/>\n<meta property=\"og:locale\" content=\"es_ES\" \/>\n<meta property=\"og:type\" content=\"article\" \/>\n<meta property=\"og:title\" content=\"FAETYL y FADEEAC acordaron un aumento salarial para los trabajadores del sector &#187; CEDOL\" \/>\n<meta property=\"og:description\" content=\"Buenos Aires, 25 de agosto de 2023.- En virtud de la realidad econ\u00f3mica que vive el pa\u00eds, y ante el pedido de la Federaci\u00f3n Nacional de Camioneros y Obreros del Transporte Automotor de Cargas, Log\u00edstica y Servicios, de reabrir de manera anticipada las negociaciones paritarias, la Federaci\u00f3n Argentina de Entidades de Transporte y Log\u00edstica (FAETyL) y la Federaci\u00f3n Argentina de Entidades Empresarias del Autotransporte de Cargas (FADEEAC), acordaron junto con el gremio otorgar un incremento salarial del 61% por 6 meses.\" \/>\n<meta property=\"og:url\" content=\"https:\/\/www.cedol.org.ar\/logistica\/faetyl-y-fadeeac-acordaron-un-aumento-salarial-para-los-trabajadores-del-sector-2\/\" \/>\n<meta property=\"og:site_name\" content=\"CEDOL\" \/>\n<meta property=\"article:published_time\" content=\"2023-08-25T01:43:30+00:00\" \/>\n<meta property=\"article:modified_time\" content=\"2023-08-28T01:43:55+00:00\" \/>\n<meta property=\"og:image\" content=\"https:\/\/www.cedol.org.ar\/logistica\/wp-content\/uploads\/2023\/08\/Acuerdo-aumento-salarial-ago-2023.jpg\" \/>\n\t<meta property=\"og:image:width\" content=\"1600\" \/>\n\t<meta property=\"og:image:height\" content=\"900\" \/>\n\t<meta property=\"og:image:type\" content=\"image\/jpeg\" \/>\n<meta name=\"author\" content=\"admin\" \/>\n<meta name=\"twitter:card\" content=\"summary_large_image\" \/>\n<meta name=\"twitter:label1\" content=\"Escrito por\" \/>\n\t<meta name=\"twitter:data1\" content=\"admin\" \/>\n\t<meta name=\"twitter:label2\" content=\"Tiempo de lectura\" \/>\n\t<meta name=\"twitter:data2\" content=\"1 minuto\" \/>\n<script type=\"application\/ld+json\" class=\"yoast-schema-graph\">{\"@context\":\"https:\/\/schema.org\",\"@graph\":[{\"@type\":\"WebPage\",\"@id\":\"https:\/\/www.cedol.org.ar\/logistica\/faetyl-y-fadeeac-acordaron-un-aumento-salarial-para-los-trabajadores-del-sector-2\/\",\"url\":\"https:\/\/www.cedol.org.ar\/logistica\/faetyl-y-fadeeac-acordaron-un-aumento-salarial-para-los-trabajadores-del-sector-2\/\",\"name\":\"FAETYL y FADEEAC acordaron un aumento salarial para los trabajadores del sector &#187; CEDOL\",\"isPartOf\":{\"@id\":\"https:\/\/www.cedol.org.ar\/logistica\/#website\"},\"primaryImageOfPage\":{\"@id\":\"https:\/\/www.cedol.org.ar\/logistica\/faetyl-y-fadeeac-acordaron-un-aumento-salarial-para-los-trabajadores-del-sector-2\/#primaryimage\"},\"image\":{\"@id\":\"https:\/\/www.cedol.org.ar\/logistica\/faetyl-y-fadeeac-acordaron-un-aumento-salarial-para-los-trabajadores-del-sector-2\/#primaryimage\"},\"thumbnailUrl\":\"https:\/\/www.cedol.org.ar\/logistica\/wp-content\/uploads\/2023\/08\/Acuerdo-aumento-salarial-ago-2023.jpg\",\"datePublished\":\"2023-08-25T01:43:30+00:00\",\"dateModified\":\"2023-08-28T01:43:55+00:00\",\"author\":{\"@id\":\"https:\/\/www.cedol.org.ar\/logistica\/#\/schema\/person\/40275bdb20446824fc74d51aabe22e83\"},\"description\":\"Buenos Aires, 25 de agosto de 2023.- En virtud de la realidad econ\u00f3mica que vive el pa\u00eds, y ante el pedido de la Federaci\u00f3n Nacional de Camioneros y Obreros del Transporte Automotor de Cargas, Log\u00edstica y Servicios, de reabrir de manera anticipada las negociaciones paritarias, la Federaci\u00f3n Argentina de Entidades de Transporte y Log\u00edstica (FAETyL) y la Federaci\u00f3n Argentina de Entidades Empresarias del Autotransporte de Cargas (FADEEAC), acordaron junto con el gremio otorgar un incremento salarial del 61% por 6 meses.\",\"breadcrumb\":{\"@id\":\"https:\/\/www.cedol.org.ar\/logistica\/faetyl-y-fadeeac-acordaron-un-aumento-salarial-para-los-trabajadores-del-sector-2\/#breadcrumb\"},\"inLanguage\":\"es\",\"potentialAction\":[{\"@type\":\"ReadAction\",\"target\":[\"https:\/\/www.cedol.org.ar\/logistica\/faetyl-y-fadeeac-acordaron-un-aumento-salarial-para-los-trabajadores-del-sector-2\/\"]}]},{\"@type\":\"ImageObject\",\"inLanguage\":\"es\",\"@id\":\"https:\/\/www.cedol.org.ar\/logistica\/faetyl-y-fadeeac-acordaron-un-aumento-salarial-para-los-trabajadores-del-sector-2\/#primaryimage\",\"url\":\"https:\/\/www.cedol.org.ar\/logistica\/wp-content\/uploads\/2023\/08\/Acuerdo-aumento-salarial-ago-2023.jpg\",\"contentUrl\":\"https:\/\/www.cedol.org.ar\/logistica\/wp-content\/uploads\/2023\/08\/Acuerdo-aumento-salarial-ago-2023.jpg\",\"width\":1600,\"height\":900},{\"@type\":\"BreadcrumbList\",\"@id\":\"https:\/\/www.cedol.org.ar\/logistica\/faetyl-y-fadeeac-acordaron-un-aumento-salarial-para-los-trabajadores-del-sector-2\/#breadcrumb\",\"itemListElement\":[{\"@type\":\"ListItem\",\"position\":1,\"name\":\"Home\",\"item\":\"https:\/\/www.cedol.org.ar\/logistica\/\"},{\"@type\":\"ListItem\",\"position\":2,\"name\":\"FAETYL y FADEEAC acordaron un aumento salarial para los trabajadores del sector\"}]},{\"@type\":\"WebSite\",\"@id\":\"https:\/\/www.cedol.org.ar\/logistica\/#website\",\"url\":\"https:\/\/www.cedol.org.ar\/logistica\/\",\"name\":\"CEDOL\",\"description\":\"C\u00c1MARA EMPRESARIA DE OPERADORES LOG\u00cdSTICOS\",\"potentialAction\":[{\"@type\":\"SearchAction\",\"target\":{\"@type\":\"EntryPoint\",\"urlTemplate\":\"https:\/\/www.cedol.org.ar\/logistica\/?s={search_term_string}\"},\"query-input\":\"required name=search_term_string\"}],\"inLanguage\":\"es\"},{\"@type\":\"Person\",\"@id\":\"https:\/\/www.cedol.org.ar\/logistica\/#\/schema\/person\/40275bdb20446824fc74d51aabe22e83\",\"name\":\"admin\"}]}<\/script>\n<!-- \/ Yoast SEO plugin. -->","yoast_head_json":{"title":"FAETYL y FADEEAC acordaron un aumento salarial para los trabajadores del sector &#187; CEDOL","description":"Buenos Aires, 25 de agosto de 2023.- En virtud de la realidad econ\u00f3mica que vive el pa\u00eds, y ante el pedido de la Federaci\u00f3n Nacional de Camioneros y Obreros del Transporte Automotor de Cargas, Log\u00edstica y Servicios, de reabrir de manera anticipada las negociaciones paritarias, la Federaci\u00f3n Argentina de Entidades de Transporte y Log\u00edstica (FAETyL) y la Federaci\u00f3n Argentina de Entidades Empresarias del Autotransporte de Cargas (FADEEAC), acordaron junto con el gremio otorgar un incremento salarial del 61% por 6 meses.","robots":{"index":"index","follow":"follow","max-snippet":"max-snippet:-1","max-image-preview":"max-image-preview:large","max-video-preview":"max-video-preview:-1"},"canonical":"https:\/\/www.cedol.org.ar\/logistica\/faetyl-y-fadeeac-acordaron-un-aumento-salarial-para-los-trabajadores-del-sector-2\/","og_locale":"es_ES","og_type":"article","og_title":"FAETYL y FADEEAC acordaron un aumento salarial para los trabajadores del sector &#187; CEDOL","og_description":"Buenos Aires, 25 de agosto de 2023.- En virtud de la realidad econ\u00f3mica que vive el pa\u00eds, y ante el pedido de la Federaci\u00f3n Nacional de Camioneros y Obreros del Transporte Automotor de Cargas, Log\u00edstica y Servicios, de reabrir de manera anticipada las negociaciones paritarias, la Federaci\u00f3n Argentina de Entidades de Transporte y Log\u00edstica (FAETyL) y la Federaci\u00f3n Argentina de Entidades Empresarias del Autotransporte de Cargas (FADEEAC), acordaron junto con el gremio otorgar un incremento salarial del 61% por 6 meses.","og_url":"https:\/\/www.cedol.org.ar\/logistica\/faetyl-y-fadeeac-acordaron-un-aumento-salarial-para-los-trabajadores-del-sector-2\/","og_site_name":"CEDOL","article_published_time":"2023-08-25T01:43:30+00:00","article_modified_time":"2023-08-28T01:43:55+00:00","og_image":[{"width":1600,"height":900,"url":"https:\/\/www.cedol.org.ar\/logistica\/wp-content\/uploads\/2023\/08\/Acuerdo-aumento-salarial-ago-2023.jpg","type":"image\/jpeg"}],"author":"admin","twitter_card":"summary_large_image","twitter_misc":{"Escrito por":"admin","Tiempo de lectura":"1 minuto"},"schema":{"@context":"https:\/\/schema.org","@graph":[{"@type":"WebPage","@id":"https:\/\/www.cedol.org.ar\/logistica\/faetyl-y-fadeeac-acordaron-un-aumento-salarial-para-los-trabajadores-del-sector-2\/","url":"https:\/\/www.cedol.org.ar\/logistica\/faetyl-y-fadeeac-acordaron-un-aumento-salarial-para-los-trabajadores-del-sector-2\/","name":"FAETYL y FADEEAC acordaron un aumento salarial para los trabajadores del sector &#187; CEDOL","isPartOf":{"@id":"https:\/\/www.cedol.org.ar\/logistica\/#website"},"primaryImageOfPage":{"@id":"https:\/\/www.cedol.org.ar\/logistica\/faetyl-y-fadeeac-acordaron-un-aumento-salarial-para-los-trabajadores-del-sector-2\/#primaryimage"},"image":{"@id":"https:\/\/www.cedol.org.ar\/logistica\/faetyl-y-fadeeac-acordaron-un-aumento-salarial-para-los-trabajadores-del-sector-2\/#primaryimage"},"thumbnailUrl":"https:\/\/www.cedol.org.ar\/logistica\/wp-content\/uploads\/2023\/08\/Acuerdo-aumento-salarial-ago-2023.jpg","datePublished":"2023-08-25T01:43:30+00:00","dateModified":"2023-08-28T01:43:55+00:00","author":{"@id":"https:\/\/www.cedol.org.ar\/logistica\/#\/schema\/person\/40275bdb20446824fc74d51aabe22e83"},"description":"Buenos Aires, 25 de agosto de 2023.- En virtud de la realidad econ\u00f3mica que vive el pa\u00eds, y ante el pedido de la Federaci\u00f3n Nacional de Camioneros y Obreros del Transporte Automotor de Cargas, Log\u00edstica y Servicios, de reabrir de manera anticipada las negociaciones paritarias, la Federaci\u00f3n Argentina de Entidades de Transporte y Log\u00edstica (FAETyL) y la Federaci\u00f3n Argentina de Entidades Empresarias del Autotransporte de Cargas (FADEEAC), acordaron junto con el gremio otorgar un incremento salarial del 61% por 6 meses.","breadcrumb":{"@id":"https:\/\/www.cedol.org.ar\/logistica\/faetyl-y-fadeeac-acordaron-un-aumento-salarial-para-los-trabajadores-del-sector-2\/#breadcrumb"},"inLanguage":"es","potentialAction":[{"@type":"ReadAction","target":["https:\/\/www.cedol.org.ar\/logistica\/faetyl-y-fadeeac-acordaron-un-aumento-salarial-para-los-trabajadores-del-sector-2\/"]}]},{"@type":"ImageObject","inLanguage":"es","@id":"https:\/\/www.cedol.org.ar\/logistica\/faetyl-y-fadeeac-acordaron-un-aumento-salarial-para-los-trabajadores-del-sector-2\/#primaryimage","url":"https:\/\/www.cedol.org.ar\/logistica\/wp-content\/uploads\/2023\/08\/Acuerdo-aumento-salarial-ago-2023.jpg","contentUrl":"https:\/\/www.cedol.org.ar\/logistica\/wp-content\/uploads\/2023\/08\/Acuerdo-aumento-salarial-ago-2023.jpg","width":1600,"height":900},{"@type":"BreadcrumbList","@id":"https:\/\/www.cedol.org.ar\/logistica\/faetyl-y-fadeeac-acordaron-un-aumento-salarial-para-los-trabajadores-del-sector-2\/#breadcrumb","itemListElement":[{"@type":"ListItem","position":1,"name":"Home","item":"https:\/\/www.cedol.org.ar\/logistica\/"},{"@type":"ListItem","position":2,"name":"FAETYL y FADEEAC acordaron un aumento salarial para los trabajadores del sector"}]},{"@type":"WebSite","@id":"https:\/\/www.cedol.org.ar\/logistica\/#website","url":"https:\/\/www.cedol.org.ar\/logistica\/","name":"CEDOL","description":"C\u00c1MARA EMPRESARIA DE OPERADORES LOG\u00cdSTICOS","potentialAction":[{"@type":"SearchAction","target":{"@type":"EntryPoint","urlTemplate":"https:\/\/www.cedol.org.ar\/logistica\/?s={search_term_string}"},"query-input":"required name=search_term_string"}],"inLanguage":"es"},{"@type":"Person","@id":"https:\/\/www.cedol.org.ar\/logistica\/#\/schema\/person\/40275bdb20446824fc74d51aabe22e83","name":"admin"}]}},"_links":{"self":[{"href":"https:\/\/www.cedol.org.ar\/logistica\/wp-json\/wp\/v2\/posts\/3449","targetHints":{"allow":["GET"]}}],"collection":[{"href":"https:\/\/www.cedol.org.ar\/logistica\/wp-json\/wp\/v2\/posts"}],"about":[{"href":"https:\/\/www.cedol.org.ar\/logistica\/wp-json\/wp\/v2\/types\/post"}],"author":[{"embeddable":true,"href":"https:\/\/www.cedol.org.ar\/logistica\/wp-json\/wp\/v2\/users\/1"}],"replies":[{"embeddable":true,"href":"https:\/\/www.cedol.org.ar\/logistica\/wp-json\/wp\/v2\/comments?post=3449"}],"version-history":[{"count":1,"href":"https:\/\/www.cedol.org.ar\/logistica\/wp-json\/wp\/v2\/posts\/3449\/revisions"}],"predecessor-version":[{"id":3450,"href":"https:\/\/www.cedol.org.ar\/logistica\/wp-json\/wp\/v2\/posts\/3449\/revisions\/3450"}],"wp:featuredmedia":[{"embeddable":true,"href":"https:\/\/www.cedol.org.ar\/logistica\/wp-json\/wp\/v2\/media\/3447"}],"wp:attachment":[{"href":"https:\/\/www.cedol.org.ar\/logistica\/wp-json\/wp\/v2\/media?parent=3449"}],"wp:term":[{"taxonomy":"category","embeddable":true,"href":"https:\/\/www.cedol.org.ar\/logistica\/wp-json\/wp\/v2\/categories?post=3449"},{"taxonomy":"post_tag","embeddable":true,"href":"https:\/\/www.cedol.org.ar\/logistica\/wp-json\/wp\/v2\/tags?post=3449"}],"curies":[{"name":"wp","href":"https:\/\/api.w.org\/{rel}","templated":true}]}}