{"id":3442,"date":"2023-08-18T03:34:30","date_gmt":"2023-08-18T03:34:30","guid":{"rendered":"https:\/\/www.cedol.org.ar\/logistica\/?p=3442"},"modified":"2023-08-18T03:34:30","modified_gmt":"2023-08-18T03:34:30","slug":"el-incremento-de-costos-logisticos-obliga-a-actualizar-tarifas","status":"publish","type":"post","link":"https:\/\/www.cedol.org.ar\/logistica\/el-incremento-de-costos-logisticos-obliga-a-actualizar-tarifas\/","title":{"rendered":"El incremento de costos log\u00edsticos obliga a actualizar tarifas"},"content":{"rendered":"\n<p><strong>Buenos Aires, 17 de agosto 2023<\/strong> &#8211; El departamento de Estad\u00edstica de CEDOL se reuni\u00f3 excepcionalmente para medir el impacto que est\u00e1n teniendo hasta la fecha los costos log\u00edsticos en el mes de agosto, contemplando lo ocurrido con el valor del d\u00f3lar y variaciones prefijadas en materia de paritarias del sector Seguridad y del propio sector log\u00edstico, que exponen al sector a una situaci\u00f3n de crisis. En este contexto, los indicadores est\u00e1n arrojando incrementos del orden del 13,69%, lo cual representa un piso de aumento correspondiente a la primera quincena de agosto.<\/p>\n\n\n\n<p>Cabe mencionar, que solo se han tomado aquellos incrementos que se encuentran en plena aplicaci\u00f3n y surgidos de informaci\u00f3n oficial. No se han tomado valores de varios componentes que indudablemente tendr\u00e1n incidencia, dada la devaluaci\u00f3n oficial del tipo de cambio y el ambiente generalizado de alza de costos que se viene registrando en nuestro pa\u00eds. Por ello, el porcentaje informado refleja el impacto m\u00ednimo a tener en cuenta, valor que se completar\u00e1 durante el mes de agosto con nueva informaci\u00f3n verificada seg\u00fan la metodolog\u00eda de c\u00e1lculo del \u00cdndice UTN-CEDOL.<\/p>\n\n\n\n<p><strong>Acerca de CEDOL (Integrante de Faetyl)&nbsp;<\/strong><\/p>\n\n\n\n<p>La C\u00e1mara Empresaria de Operadores Log\u00edsticos se fund\u00f3 en noviembre de 1998 para asumir la representaci\u00f3n de las empresas que tienen como principal actividad la prestaci\u00f3n de servicios log\u00edsticos: traslado, almacenamiento, ensamble y procesos industriales, fraccionamiento de mercader\u00edas para su transporte y distribuci\u00f3n, ejerciendo el control, la administraci\u00f3n de la informaci\u00f3n y la responsabilidad en las etapas de la cadena de abastecimiento.&nbsp;<\/p>\n","protected":false},"excerpt":{"rendered":"<p>Buenos Aires, 17 de agosto 2023 &#8211; El departamento de Estad\u00edstica de CEDOL se reuni\u00f3 excepcionalmente para medir el impacto que est\u00e1n teniendo hasta la [&hellip;]<\/p>\n","protected":false},"author":1,"featured_media":2125,"comment_status":"open","ping_status":"open","sticky":false,"template":"","format":"standard","meta":{"_monsterinsights_skip_tracking":false,"_monsterinsights_sitenote_active":false,"_monsterinsights_sitenote_note":"","_monsterinsights_sitenote_category":0,"footnotes":""},"categories":[8],"tags":[],"class_list":["post-3442","post","type-post","status-publish","format-standard","has-post-thumbnail","hentry","category-estadisticas"],"yoast_head":"<!-- This site is optimized with the Yoast SEO plugin v22.3 - https:\/\/yoast.com\/wordpress\/plugins\/seo\/ -->\n<title>El incremento de costos log\u00edsticos obliga a actualizar tarifas &#187; CEDOL<\/title>\n<meta name=\"description\" content=\"Buenos Aires, 17 de agosto 2023 - El departamento de Estad\u00edstica de CEDOL se reuni\u00f3 excepcionalmente para medir el impacto que est\u00e1n teniendo hasta la fecha los costos log\u00edsticos en el mes de agosto\" \/>\n<meta name=\"robots\" content=\"index, follow, max-snippet:-1, max-image-preview:large, max-video-preview:-1\" \/>\n<link rel=\"canonical\" href=\"https:\/\/www.cedol.org.ar\/logistica\/el-incremento-de-costos-logisticos-obliga-a-actualizar-tarifas\/\" \/>\n<meta property=\"og:locale\" content=\"es_ES\" \/>\n<meta property=\"og:type\" content=\"article\" \/>\n<meta property=\"og:title\" content=\"El incremento de costos log\u00edsticos obliga a actualizar tarifas &#187; CEDOL\" \/>\n<meta property=\"og:description\" content=\"Buenos Aires, 17 de agosto 2023 - El departamento de Estad\u00edstica de CEDOL se reuni\u00f3 excepcionalmente para medir el impacto que est\u00e1n teniendo hasta la fecha los costos log\u00edsticos en el mes de agosto\" \/>\n<meta property=\"og:url\" content=\"https:\/\/www.cedol.org.ar\/logistica\/el-incremento-de-costos-logisticos-obliga-a-actualizar-tarifas\/\" \/>\n<meta property=\"og:site_name\" content=\"CEDOL\" \/>\n<meta property=\"article:published_time\" content=\"2023-08-18T03:34:30+00:00\" \/>\n<meta property=\"og:image\" content=\"https:\/\/www.cedol.org.ar\/logistica\/wp-content\/uploads\/2018\/10\/ima-indices-1070.jpg\" \/>\n\t<meta property=\"og:image:width\" content=\"1070\" \/>\n\t<meta property=\"og:image:height\" content=\"540\" \/>\n\t<meta property=\"og:image:type\" content=\"image\/jpeg\" \/>\n<meta name=\"author\" content=\"admin\" \/>\n<meta name=\"twitter:card\" content=\"summary_large_image\" \/>\n<meta name=\"twitter:label1\" content=\"Escrito por\" \/>\n\t<meta name=\"twitter:data1\" content=\"admin\" \/>\n\t<meta name=\"twitter:label2\" content=\"Tiempo de lectura\" \/>\n\t<meta name=\"twitter:data2\" content=\"1 minuto\" \/>\n<script type=\"application\/ld+json\" class=\"yoast-schema-graph\">{\"@context\":\"https:\/\/schema.org\",\"@graph\":[{\"@type\":\"WebPage\",\"@id\":\"https:\/\/www.cedol.org.ar\/logistica\/el-incremento-de-costos-logisticos-obliga-a-actualizar-tarifas\/\",\"url\":\"https:\/\/www.cedol.org.ar\/logistica\/el-incremento-de-costos-logisticos-obliga-a-actualizar-tarifas\/\",\"name\":\"El incremento de costos log\u00edsticos obliga a actualizar tarifas &#187; CEDOL\",\"isPartOf\":{\"@id\":\"https:\/\/www.cedol.org.ar\/logistica\/#website\"},\"primaryImageOfPage\":{\"@id\":\"https:\/\/www.cedol.org.ar\/logistica\/el-incremento-de-costos-logisticos-obliga-a-actualizar-tarifas\/#primaryimage\"},\"image\":{\"@id\":\"https:\/\/www.cedol.org.ar\/logistica\/el-incremento-de-costos-logisticos-obliga-a-actualizar-tarifas\/#primaryimage\"},\"thumbnailUrl\":\"https:\/\/www.cedol.org.ar\/logistica\/wp-content\/uploads\/2018\/10\/ima-indices-1070.jpg\",\"datePublished\":\"2023-08-18T03:34:30+00:00\",\"dateModified\":\"2023-08-18T03:34:30+00:00\",\"author\":{\"@id\":\"https:\/\/www.cedol.org.ar\/logistica\/#\/schema\/person\/40275bdb20446824fc74d51aabe22e83\"},\"description\":\"Buenos Aires, 17 de agosto 2023 - El departamento de Estad\u00edstica de CEDOL se reuni\u00f3 excepcionalmente para medir el impacto que est\u00e1n teniendo hasta la fecha los costos log\u00edsticos en el mes de agosto\",\"breadcrumb\":{\"@id\":\"https:\/\/www.cedol.org.ar\/logistica\/el-incremento-de-costos-logisticos-obliga-a-actualizar-tarifas\/#breadcrumb\"},\"inLanguage\":\"es\",\"potentialAction\":[{\"@type\":\"ReadAction\",\"target\":[\"https:\/\/www.cedol.org.ar\/logistica\/el-incremento-de-costos-logisticos-obliga-a-actualizar-tarifas\/\"]}]},{\"@type\":\"ImageObject\",\"inLanguage\":\"es\",\"@id\":\"https:\/\/www.cedol.org.ar\/logistica\/el-incremento-de-costos-logisticos-obliga-a-actualizar-tarifas\/#primaryimage\",\"url\":\"https:\/\/www.cedol.org.ar\/logistica\/wp-content\/uploads\/2018\/10\/ima-indices-1070.jpg\",\"contentUrl\":\"https:\/\/www.cedol.org.ar\/logistica\/wp-content\/uploads\/2018\/10\/ima-indices-1070.jpg\",\"width\":1070,\"height\":540,\"caption\":\"\u00cdndices UTN \/ CEDOL\"},{\"@type\":\"BreadcrumbList\",\"@id\":\"https:\/\/www.cedol.org.ar\/logistica\/el-incremento-de-costos-logisticos-obliga-a-actualizar-tarifas\/#breadcrumb\",\"itemListElement\":[{\"@type\":\"ListItem\",\"position\":1,\"name\":\"Home\",\"item\":\"https:\/\/www.cedol.org.ar\/logistica\/\"},{\"@type\":\"ListItem\",\"position\":2,\"name\":\"El incremento de costos log\u00edsticos obliga a actualizar tarifas\"}]},{\"@type\":\"WebSite\",\"@id\":\"https:\/\/www.cedol.org.ar\/logistica\/#website\",\"url\":\"https:\/\/www.cedol.org.ar\/logistica\/\",\"name\":\"CEDOL\",\"description\":\"C\u00c1MARA EMPRESARIA DE OPERADORES LOG\u00cdSTICOS\",\"potentialAction\":[{\"@type\":\"SearchAction\",\"target\":{\"@type\":\"EntryPoint\",\"urlTemplate\":\"https:\/\/www.cedol.org.ar\/logistica\/?s={search_term_string}\"},\"query-input\":\"required name=search_term_string\"}],\"inLanguage\":\"es\"},{\"@type\":\"Person\",\"@id\":\"https:\/\/www.cedol.org.ar\/logistica\/#\/schema\/person\/40275bdb20446824fc74d51aabe22e83\",\"name\":\"admin\"}]}<\/script>\n<!-- \/ Yoast SEO plugin. -->","yoast_head_json":{"title":"El incremento de costos log\u00edsticos obliga a actualizar tarifas &#187; CEDOL","description":"Buenos Aires, 17 de agosto 2023 - El departamento de Estad\u00edstica de CEDOL se reuni\u00f3 excepcionalmente para medir el impacto que est\u00e1n teniendo hasta la fecha los costos log\u00edsticos en el mes de agosto","robots":{"index":"index","follow":"follow","max-snippet":"max-snippet:-1","max-image-preview":"max-image-preview:large","max-video-preview":"max-video-preview:-1"},"canonical":"https:\/\/www.cedol.org.ar\/logistica\/el-incremento-de-costos-logisticos-obliga-a-actualizar-tarifas\/","og_locale":"es_ES","og_type":"article","og_title":"El incremento de costos log\u00edsticos obliga a actualizar tarifas &#187; CEDOL","og_description":"Buenos Aires, 17 de agosto 2023 - El departamento de Estad\u00edstica de CEDOL se reuni\u00f3 excepcionalmente para medir el impacto que est\u00e1n teniendo hasta la fecha los costos log\u00edsticos en el mes de agosto","og_url":"https:\/\/www.cedol.org.ar\/logistica\/el-incremento-de-costos-logisticos-obliga-a-actualizar-tarifas\/","og_site_name":"CEDOL","article_published_time":"2023-08-18T03:34:30+00:00","og_image":[{"width":1070,"height":540,"url":"https:\/\/www.cedol.org.ar\/logistica\/wp-content\/uploads\/2018\/10\/ima-indices-1070.jpg","type":"image\/jpeg"}],"author":"admin","twitter_card":"summary_large_image","twitter_misc":{"Escrito por":"admin","Tiempo de lectura":"1 minuto"},"schema":{"@context":"https:\/\/schema.org","@graph":[{"@type":"WebPage","@id":"https:\/\/www.cedol.org.ar\/logistica\/el-incremento-de-costos-logisticos-obliga-a-actualizar-tarifas\/","url":"https:\/\/www.cedol.org.ar\/logistica\/el-incremento-de-costos-logisticos-obliga-a-actualizar-tarifas\/","name":"El incremento de costos log\u00edsticos obliga a actualizar tarifas &#187; CEDOL","isPartOf":{"@id":"https:\/\/www.cedol.org.ar\/logistica\/#website"},"primaryImageOfPage":{"@id":"https:\/\/www.cedol.org.ar\/logistica\/el-incremento-de-costos-logisticos-obliga-a-actualizar-tarifas\/#primaryimage"},"image":{"@id":"https:\/\/www.cedol.org.ar\/logistica\/el-incremento-de-costos-logisticos-obliga-a-actualizar-tarifas\/#primaryimage"},"thumbnailUrl":"https:\/\/www.cedol.org.ar\/logistica\/wp-content\/uploads\/2018\/10\/ima-indices-1070.jpg","datePublished":"2023-08-18T03:34:30+00:00","dateModified":"2023-08-18T03:34:30+00:00","author":{"@id":"https:\/\/www.cedol.org.ar\/logistica\/#\/schema\/person\/40275bdb20446824fc74d51aabe22e83"},"description":"Buenos Aires, 17 de agosto 2023 - El departamento de Estad\u00edstica de CEDOL se reuni\u00f3 excepcionalmente para medir el impacto que est\u00e1n teniendo hasta la fecha los costos log\u00edsticos en el mes de agosto","breadcrumb":{"@id":"https:\/\/www.cedol.org.ar\/logistica\/el-incremento-de-costos-logisticos-obliga-a-actualizar-tarifas\/#breadcrumb"},"inLanguage":"es","potentialAction":[{"@type":"ReadAction","target":["https:\/\/www.cedol.org.ar\/logistica\/el-incremento-de-costos-logisticos-obliga-a-actualizar-tarifas\/"]}]},{"@type":"ImageObject","inLanguage":"es","@id":"https:\/\/www.cedol.org.ar\/logistica\/el-incremento-de-costos-logisticos-obliga-a-actualizar-tarifas\/#primaryimage","url":"https:\/\/www.cedol.org.ar\/logistica\/wp-content\/uploads\/2018\/10\/ima-indices-1070.jpg","contentUrl":"https:\/\/www.cedol.org.ar\/logistica\/wp-content\/uploads\/2018\/10\/ima-indices-1070.jpg","width":1070,"height":540,"caption":"\u00cdndices UTN \/ CEDOL"},{"@type":"BreadcrumbList","@id":"https:\/\/www.cedol.org.ar\/logistica\/el-incremento-de-costos-logisticos-obliga-a-actualizar-tarifas\/#breadcrumb","itemListElement":[{"@type":"ListItem","position":1,"name":"Home","item":"https:\/\/www.cedol.org.ar\/logistica\/"},{"@type":"ListItem","position":2,"name":"El incremento de costos log\u00edsticos obliga a actualizar tarifas"}]},{"@type":"WebSite","@id":"https:\/\/www.cedol.org.ar\/logistica\/#website","url":"https:\/\/www.cedol.org.ar\/logistica\/","name":"CEDOL","description":"C\u00c1MARA EMPRESARIA DE OPERADORES LOG\u00cdSTICOS","potentialAction":[{"@type":"SearchAction","target":{"@type":"EntryPoint","urlTemplate":"https:\/\/www.cedol.org.ar\/logistica\/?s={search_term_string}"},"query-input":"required name=search_term_string"}],"inLanguage":"es"},{"@type":"Person","@id":"https:\/\/www.cedol.org.ar\/logistica\/#\/schema\/person\/40275bdb20446824fc74d51aabe22e83","name":"admin"}]}},"_links":{"self":[{"href":"https:\/\/www.cedol.org.ar\/logistica\/wp-json\/wp\/v2\/posts\/3442","targetHints":{"allow":["GET"]}}],"collection":[{"href":"https:\/\/www.cedol.org.ar\/logistica\/wp-json\/wp\/v2\/posts"}],"about":[{"href":"https:\/\/www.cedol.org.ar\/logistica\/wp-json\/wp\/v2\/types\/post"}],"author":[{"embeddable":true,"href":"https:\/\/www.cedol.org.ar\/logistica\/wp-json\/wp\/v2\/users\/1"}],"replies":[{"embeddable":true,"href":"https:\/\/www.cedol.org.ar\/logistica\/wp-json\/wp\/v2\/comments?post=3442"}],"version-history":[{"count":1,"href":"https:\/\/www.cedol.org.ar\/logistica\/wp-json\/wp\/v2\/posts\/3442\/revisions"}],"predecessor-version":[{"id":3443,"href":"https:\/\/www.cedol.org.ar\/logistica\/wp-json\/wp\/v2\/posts\/3442\/revisions\/3443"}],"wp:featuredmedia":[{"embeddable":true,"href":"https:\/\/www.cedol.org.ar\/logistica\/wp-json\/wp\/v2\/media\/2125"}],"wp:attachment":[{"href":"https:\/\/www.cedol.org.ar\/logistica\/wp-json\/wp\/v2\/media?parent=3442"}],"wp:term":[{"taxonomy":"category","embeddable":true,"href":"https:\/\/www.cedol.org.ar\/logistica\/wp-json\/wp\/v2\/categories?post=3442"},{"taxonomy":"post_tag","embeddable":true,"href":"https:\/\/www.cedol.org.ar\/logistica\/wp-json\/wp\/v2\/tags?post=3442"}],"curies":[{"name":"wp","href":"https:\/\/api.w.org\/{rel}","templated":true}]}}