{"id":3354,"date":"2023-04-28T04:23:42","date_gmt":"2023-04-28T04:23:42","guid":{"rendered":"https:\/\/www.cedol.org.ar\/logistica\/?p=3354"},"modified":"2023-04-28T16:00:09","modified_gmt":"2023-04-28T16:00:09","slug":"la-camara-empresaria-de-operadores-logisticos-realizara-su-13-encuentro","status":"publish","type":"post","link":"https:\/\/www.cedol.org.ar\/logistica\/la-camara-empresaria-de-operadores-logisticos-realizara-su-13-encuentro\/","title":{"rendered":"LA C\u00c1MARA EMPRESARIA DE OPERADORES LOG\u00cdSTICOS REALIZAR\u00c1 SU 13\u00b0 ENCUENTRO\u00a0"},"content":{"rendered":"\n<p><em>Se llevar\u00e1 a cabo el pr\u00f3ximo 16 de mayo y tendr\u00e1 como eje tem\u00e1tico la modernizaci\u00f3n laboral y el desarrollo sostenible de las operaciones log\u00edsticas<\/em><\/p>\n\n\n\n<p>Buenos Aires, 27 de abril de 2023 &#8211; <strong>La<\/strong> <strong>C\u00e1mara Empresaria de Operadores Log\u00edsticos (CEDOL)<\/strong> regresa con su 13\u00ba Encuentro para el intercambio profesional de los operadores log\u00edsticos y dadores de carga. Bajo el lema <strong><em>\u201cModernizaci\u00f3n Laboral y Desarrollo Sostenible de las Operaciones Log\u00edsticas\u201d<\/em><\/strong> se llevar\u00e1 a cabo el pr\u00f3ximo martes 16 de mayo en la Usina del Arte entre las 8 y las 13 horas, siendo el primer evento log\u00edstico del a\u00f1o.&nbsp;<\/p>\n\n\n\n<p>El programa presentar\u00e1 los siguientes m\u00f3dulos:<\/p>\n\n\n\n<p>El primero estar\u00e1 enfocado en <em>\u201cLa actividad log\u00edstica y las relaciones laborales del futuro\u201d<\/em>. C\u00f3mo impactar\u00e1n los cambios en el mercado de trabajo de las operaciones log\u00edsticas ser\u00e1 la consigna de ese espacio, en el cual se propone abrir el di\u00e1logo sobre la necesaria evoluci\u00f3n en materia laboral para acompa\u00f1ar los cambios de paradigmas en el mercado log\u00edstico y tambi\u00e9n en el propio mercado laboral. La presentaci\u00f3n estar\u00e1 a cargo de <strong>Lucio Zemborain<\/strong>, asesor de la CEDOL, especialista en Derecho del Trabajo y de la Seguridad Social, con orientaci\u00f3n y pr\u00e1ctica en Derecho Colectivo del Trabajo, junto a dos distinguidos funcionarios: <strong>Marcelo Bellotti<\/strong>, Secretario de Trabajo, Empleo y Seguridad Social de la Naci\u00f3n; y <strong>Ezequiel Jarvis<\/strong>, Subsecretario de Trabajo, Industria y Comercio del Gobierno de la Ciudad de Buenos Aires.<\/p>\n\n\n\n<p>El m\u00f3dulo <em>\u201cLog\u00edstica y sustentabilidad: una gesti\u00f3n impostergable\u201d<\/em> tendr\u00e1 como oradores a <strong>Carlos Cirimelo<\/strong>, CEO de Andreani y Presidente de la Mesa Directiva Pacto Global Argentina; y a <strong>Flavio Fuertes,<\/strong> Director Ejecutivo Pacto Global Argentina. Donde se abordar\u00e1n temas como el rol relevante de la sustentabilidad en la log\u00edstica como cadena de valor, estado de agenda 2023 y los desaf\u00edos del sector empresarial.<\/p>\n\n\n\n<p>Adem\u00e1s, como es habitual, se entregar\u00e1n distinciones a la personalidad log\u00edstica del a\u00f1o y tambi\u00e9n una donaci\u00f3n a una entidad de bien p\u00fablico. <em>\u201cEste nuevo encuentro de CEDOL busca poner en la agenda lo que se viene para la Argentina en materia log\u00edstica, as\u00ed como plantear los problemas que viven las empresas del sector y buscar sus posibles soluciones, en el marco de la regi\u00f3n y el mundo. Desde CEDOL impulsamos que la log\u00edstica aporte valor a nuestro pa\u00eds\u201d<\/em>. afirma <strong>Hern\u00e1n S\u00e1nchez<\/strong>, presidente de CEDOL y de la Asociaci\u00f3n Latinoamericana de Log\u00edstica (ALALOG).<\/p>\n\n\n\n<p>El encuentro es de entrada libre y gratuita, con previa acreditaci\u00f3n. Para registrarse ingresar en <a href=\"http:\/\/www.expotrade.com.ar\/cedol\">www.expotrade.com.ar\/cedol<\/a>&nbsp;<\/p>\n\n\n\n<p><strong><em>Acerca de CEDOL (Integrante de FAETyL)&nbsp;<\/em><\/strong><\/p>\n\n\n\n<p><em>La C\u00e1mara Empresaria de Operadores Log\u00edsticos se fund\u00f3 en noviembre de 1998 para asumir la representaci\u00f3n de las empresas que tienen como principal actividad la prestaci\u00f3n de servicios log\u00edsticos: traslado, almacenamiento, ensamble y procesos industriales, fraccionamiento de mercader\u00edas para su transporte y distribuci\u00f3n, ejerciendo el control, la administraci\u00f3n de la informaci\u00f3n y la responsabilidad en las etapas de la cadena de abastecimiento.&nbsp;<\/em><\/p>\n","protected":false},"excerpt":{"rendered":"<p>Se llevar\u00e1 a cabo el pr\u00f3ximo 16 de mayo y tendr\u00e1 como eje tem\u00e1tico la modernizaci\u00f3n laboral y el desarrollo sostenible de las operaciones log\u00edsticas [&hellip;]<\/p>\n","protected":false},"author":1,"featured_media":3355,"comment_status":"open","ping_status":"open","sticky":false,"template":"","format":"standard","meta":{"_monsterinsights_skip_tracking":false,"_monsterinsights_sitenote_active":false,"_monsterinsights_sitenote_note":"","_monsterinsights_sitenote_category":0,"footnotes":""},"categories":[8],"tags":[],"class_list":["post-3354","post","type-post","status-publish","format-standard","has-post-thumbnail","hentry","category-estadisticas"],"yoast_head":"<!-- This site is optimized with the Yoast SEO plugin v22.3 - https:\/\/yoast.com\/wordpress\/plugins\/seo\/ -->\n<title>LA C\u00c1MARA EMPRESARIA DE OPERADORES LOG\u00cdSTICOS REALIZAR\u00c1 SU 13\u00b0 ENCUENTRO\u00a0 &#187; CEDOL<\/title>\n<meta name=\"description\" content=\"Se llevar\u00e1 a cabo el pr\u00f3ximo 16 de mayo y tendr\u00e1 como eje tem\u00e1tico la modernizaci\u00f3n laboral y el desarrollo sostenible de las operaciones log\u00edsticas\" \/>\n<meta name=\"robots\" content=\"index, follow, max-snippet:-1, max-image-preview:large, max-video-preview:-1\" \/>\n<link rel=\"canonical\" href=\"https:\/\/www.cedol.org.ar\/logistica\/la-camara-empresaria-de-operadores-logisticos-realizara-su-13-encuentro\/\" \/>\n<meta property=\"og:locale\" content=\"es_ES\" \/>\n<meta property=\"og:type\" content=\"article\" \/>\n<meta property=\"og:title\" content=\"LA C\u00c1MARA EMPRESARIA DE OPERADORES LOG\u00cdSTICOS REALIZAR\u00c1 SU 13\u00b0 ENCUENTRO\u00a0 &#187; CEDOL\" \/>\n<meta property=\"og:description\" content=\"Se llevar\u00e1 a cabo el pr\u00f3ximo 16 de mayo y tendr\u00e1 como eje tem\u00e1tico la modernizaci\u00f3n laboral y el desarrollo sostenible de las operaciones log\u00edsticas\" \/>\n<meta property=\"og:url\" content=\"https:\/\/www.cedol.org.ar\/logistica\/la-camara-empresaria-de-operadores-logisticos-realizara-su-13-encuentro\/\" \/>\n<meta property=\"og:site_name\" content=\"CEDOL\" \/>\n<meta property=\"article:published_time\" content=\"2023-04-28T04:23:42+00:00\" \/>\n<meta property=\"article:modified_time\" content=\"2023-04-28T16:00:09+00:00\" \/>\n<meta property=\"og:image\" content=\"https:\/\/www.cedol.org.ar\/logistica\/wp-content\/uploads\/2023\/04\/13\u00b0-Encuentro-CEDOL-2023.jpg\" \/>\n\t<meta property=\"og:image:width\" content=\"1080\" \/>\n\t<meta property=\"og:image:height\" content=\"1080\" \/>\n\t<meta property=\"og:image:type\" content=\"image\/jpeg\" \/>\n<meta name=\"author\" content=\"admin\" \/>\n<meta name=\"twitter:card\" content=\"summary_large_image\" \/>\n<meta name=\"twitter:label1\" content=\"Escrito por\" \/>\n\t<meta name=\"twitter:data1\" content=\"admin\" \/>\n\t<meta name=\"twitter:label2\" content=\"Tiempo de lectura\" \/>\n\t<meta name=\"twitter:data2\" content=\"3 minutos\" \/>\n<script type=\"application\/ld+json\" class=\"yoast-schema-graph\">{\"@context\":\"https:\/\/schema.org\",\"@graph\":[{\"@type\":\"WebPage\",\"@id\":\"https:\/\/www.cedol.org.ar\/logistica\/la-camara-empresaria-de-operadores-logisticos-realizara-su-13-encuentro\/\",\"url\":\"https:\/\/www.cedol.org.ar\/logistica\/la-camara-empresaria-de-operadores-logisticos-realizara-su-13-encuentro\/\",\"name\":\"LA C\u00c1MARA EMPRESARIA DE OPERADORES LOG\u00cdSTICOS REALIZAR\u00c1 SU 13\u00b0 ENCUENTRO\u00a0 &#187; CEDOL\",\"isPartOf\":{\"@id\":\"https:\/\/www.cedol.org.ar\/logistica\/#website\"},\"primaryImageOfPage\":{\"@id\":\"https:\/\/www.cedol.org.ar\/logistica\/la-camara-empresaria-de-operadores-logisticos-realizara-su-13-encuentro\/#primaryimage\"},\"image\":{\"@id\":\"https:\/\/www.cedol.org.ar\/logistica\/la-camara-empresaria-de-operadores-logisticos-realizara-su-13-encuentro\/#primaryimage\"},\"thumbnailUrl\":\"https:\/\/www.cedol.org.ar\/logistica\/wp-content\/uploads\/2023\/04\/13\u00b0-Encuentro-CEDOL-2023.jpg\",\"datePublished\":\"2023-04-28T04:23:42+00:00\",\"dateModified\":\"2023-04-28T16:00:09+00:00\",\"author\":{\"@id\":\"https:\/\/www.cedol.org.ar\/logistica\/#\/schema\/person\/40275bdb20446824fc74d51aabe22e83\"},\"description\":\"Se llevar\u00e1 a cabo el pr\u00f3ximo 16 de mayo y tendr\u00e1 como eje tem\u00e1tico la modernizaci\u00f3n laboral y el desarrollo sostenible de las operaciones log\u00edsticas\",\"breadcrumb\":{\"@id\":\"https:\/\/www.cedol.org.ar\/logistica\/la-camara-empresaria-de-operadores-logisticos-realizara-su-13-encuentro\/#breadcrumb\"},\"inLanguage\":\"es\",\"potentialAction\":[{\"@type\":\"ReadAction\",\"target\":[\"https:\/\/www.cedol.org.ar\/logistica\/la-camara-empresaria-de-operadores-logisticos-realizara-su-13-encuentro\/\"]}]},{\"@type\":\"ImageObject\",\"inLanguage\":\"es\",\"@id\":\"https:\/\/www.cedol.org.ar\/logistica\/la-camara-empresaria-de-operadores-logisticos-realizara-su-13-encuentro\/#primaryimage\",\"url\":\"https:\/\/www.cedol.org.ar\/logistica\/wp-content\/uploads\/2023\/04\/13\u00b0-Encuentro-CEDOL-2023.jpg\",\"contentUrl\":\"https:\/\/www.cedol.org.ar\/logistica\/wp-content\/uploads\/2023\/04\/13\u00b0-Encuentro-CEDOL-2023.jpg\",\"width\":1080,\"height\":1080},{\"@type\":\"BreadcrumbList\",\"@id\":\"https:\/\/www.cedol.org.ar\/logistica\/la-camara-empresaria-de-operadores-logisticos-realizara-su-13-encuentro\/#breadcrumb\",\"itemListElement\":[{\"@type\":\"ListItem\",\"position\":1,\"name\":\"Home\",\"item\":\"https:\/\/www.cedol.org.ar\/logistica\/\"},{\"@type\":\"ListItem\",\"position\":2,\"name\":\"LA C\u00c1MARA EMPRESARIA DE OPERADORES LOG\u00cdSTICOS REALIZAR\u00c1 SU 13\u00b0 ENCUENTRO\u00a0\"}]},{\"@type\":\"WebSite\",\"@id\":\"https:\/\/www.cedol.org.ar\/logistica\/#website\",\"url\":\"https:\/\/www.cedol.org.ar\/logistica\/\",\"name\":\"CEDOL\",\"description\":\"C\u00c1MARA EMPRESARIA DE OPERADORES LOG\u00cdSTICOS\",\"potentialAction\":[{\"@type\":\"SearchAction\",\"target\":{\"@type\":\"EntryPoint\",\"urlTemplate\":\"https:\/\/www.cedol.org.ar\/logistica\/?s={search_term_string}\"},\"query-input\":\"required name=search_term_string\"}],\"inLanguage\":\"es\"},{\"@type\":\"Person\",\"@id\":\"https:\/\/www.cedol.org.ar\/logistica\/#\/schema\/person\/40275bdb20446824fc74d51aabe22e83\",\"name\":\"admin\"}]}<\/script>\n<!-- \/ Yoast SEO plugin. -->","yoast_head_json":{"title":"LA C\u00c1MARA EMPRESARIA DE OPERADORES LOG\u00cdSTICOS REALIZAR\u00c1 SU 13\u00b0 ENCUENTRO\u00a0 &#187; CEDOL","description":"Se llevar\u00e1 a cabo el pr\u00f3ximo 16 de mayo y tendr\u00e1 como eje tem\u00e1tico la modernizaci\u00f3n laboral y el desarrollo sostenible de las operaciones log\u00edsticas","robots":{"index":"index","follow":"follow","max-snippet":"max-snippet:-1","max-image-preview":"max-image-preview:large","max-video-preview":"max-video-preview:-1"},"canonical":"https:\/\/www.cedol.org.ar\/logistica\/la-camara-empresaria-de-operadores-logisticos-realizara-su-13-encuentro\/","og_locale":"es_ES","og_type":"article","og_title":"LA C\u00c1MARA EMPRESARIA DE OPERADORES LOG\u00cdSTICOS REALIZAR\u00c1 SU 13\u00b0 ENCUENTRO\u00a0 &#187; CEDOL","og_description":"Se llevar\u00e1 a cabo el pr\u00f3ximo 16 de mayo y tendr\u00e1 como eje tem\u00e1tico la modernizaci\u00f3n laboral y el desarrollo sostenible de las operaciones log\u00edsticas","og_url":"https:\/\/www.cedol.org.ar\/logistica\/la-camara-empresaria-de-operadores-logisticos-realizara-su-13-encuentro\/","og_site_name":"CEDOL","article_published_time":"2023-04-28T04:23:42+00:00","article_modified_time":"2023-04-28T16:00:09+00:00","og_image":[{"width":1080,"height":1080,"url":"https:\/\/www.cedol.org.ar\/logistica\/wp-content\/uploads\/2023\/04\/13\u00b0-Encuentro-CEDOL-2023.jpg","type":"image\/jpeg"}],"author":"admin","twitter_card":"summary_large_image","twitter_misc":{"Escrito por":"admin","Tiempo de lectura":"3 minutos"},"schema":{"@context":"https:\/\/schema.org","@graph":[{"@type":"WebPage","@id":"https:\/\/www.cedol.org.ar\/logistica\/la-camara-empresaria-de-operadores-logisticos-realizara-su-13-encuentro\/","url":"https:\/\/www.cedol.org.ar\/logistica\/la-camara-empresaria-de-operadores-logisticos-realizara-su-13-encuentro\/","name":"LA C\u00c1MARA EMPRESARIA DE OPERADORES LOG\u00cdSTICOS REALIZAR\u00c1 SU 13\u00b0 ENCUENTRO\u00a0 &#187; CEDOL","isPartOf":{"@id":"https:\/\/www.cedol.org.ar\/logistica\/#website"},"primaryImageOfPage":{"@id":"https:\/\/www.cedol.org.ar\/logistica\/la-camara-empresaria-de-operadores-logisticos-realizara-su-13-encuentro\/#primaryimage"},"image":{"@id":"https:\/\/www.cedol.org.ar\/logistica\/la-camara-empresaria-de-operadores-logisticos-realizara-su-13-encuentro\/#primaryimage"},"thumbnailUrl":"https:\/\/www.cedol.org.ar\/logistica\/wp-content\/uploads\/2023\/04\/13\u00b0-Encuentro-CEDOL-2023.jpg","datePublished":"2023-04-28T04:23:42+00:00","dateModified":"2023-04-28T16:00:09+00:00","author":{"@id":"https:\/\/www.cedol.org.ar\/logistica\/#\/schema\/person\/40275bdb20446824fc74d51aabe22e83"},"description":"Se llevar\u00e1 a cabo el pr\u00f3ximo 16 de mayo y tendr\u00e1 como eje tem\u00e1tico la modernizaci\u00f3n laboral y el desarrollo sostenible de las operaciones log\u00edsticas","breadcrumb":{"@id":"https:\/\/www.cedol.org.ar\/logistica\/la-camara-empresaria-de-operadores-logisticos-realizara-su-13-encuentro\/#breadcrumb"},"inLanguage":"es","potentialAction":[{"@type":"ReadAction","target":["https:\/\/www.cedol.org.ar\/logistica\/la-camara-empresaria-de-operadores-logisticos-realizara-su-13-encuentro\/"]}]},{"@type":"ImageObject","inLanguage":"es","@id":"https:\/\/www.cedol.org.ar\/logistica\/la-camara-empresaria-de-operadores-logisticos-realizara-su-13-encuentro\/#primaryimage","url":"https:\/\/www.cedol.org.ar\/logistica\/wp-content\/uploads\/2023\/04\/13\u00b0-Encuentro-CEDOL-2023.jpg","contentUrl":"https:\/\/www.cedol.org.ar\/logistica\/wp-content\/uploads\/2023\/04\/13\u00b0-Encuentro-CEDOL-2023.jpg","width":1080,"height":1080},{"@type":"BreadcrumbList","@id":"https:\/\/www.cedol.org.ar\/logistica\/la-camara-empresaria-de-operadores-logisticos-realizara-su-13-encuentro\/#breadcrumb","itemListElement":[{"@type":"ListItem","position":1,"name":"Home","item":"https:\/\/www.cedol.org.ar\/logistica\/"},{"@type":"ListItem","position":2,"name":"LA C\u00c1MARA EMPRESARIA DE OPERADORES LOG\u00cdSTICOS REALIZAR\u00c1 SU 13\u00b0 ENCUENTRO\u00a0"}]},{"@type":"WebSite","@id":"https:\/\/www.cedol.org.ar\/logistica\/#website","url":"https:\/\/www.cedol.org.ar\/logistica\/","name":"CEDOL","description":"C\u00c1MARA EMPRESARIA DE OPERADORES LOG\u00cdSTICOS","potentialAction":[{"@type":"SearchAction","target":{"@type":"EntryPoint","urlTemplate":"https:\/\/www.cedol.org.ar\/logistica\/?s={search_term_string}"},"query-input":"required name=search_term_string"}],"inLanguage":"es"},{"@type":"Person","@id":"https:\/\/www.cedol.org.ar\/logistica\/#\/schema\/person\/40275bdb20446824fc74d51aabe22e83","name":"admin"}]}},"_links":{"self":[{"href":"https:\/\/www.cedol.org.ar\/logistica\/wp-json\/wp\/v2\/posts\/3354","targetHints":{"allow":["GET"]}}],"collection":[{"href":"https:\/\/www.cedol.org.ar\/logistica\/wp-json\/wp\/v2\/posts"}],"about":[{"href":"https:\/\/www.cedol.org.ar\/logistica\/wp-json\/wp\/v2\/types\/post"}],"author":[{"embeddable":true,"href":"https:\/\/www.cedol.org.ar\/logistica\/wp-json\/wp\/v2\/users\/1"}],"replies":[{"embeddable":true,"href":"https:\/\/www.cedol.org.ar\/logistica\/wp-json\/wp\/v2\/comments?post=3354"}],"version-history":[{"count":2,"href":"https:\/\/www.cedol.org.ar\/logistica\/wp-json\/wp\/v2\/posts\/3354\/revisions"}],"predecessor-version":[{"id":3368,"href":"https:\/\/www.cedol.org.ar\/logistica\/wp-json\/wp\/v2\/posts\/3354\/revisions\/3368"}],"wp:featuredmedia":[{"embeddable":true,"href":"https:\/\/www.cedol.org.ar\/logistica\/wp-json\/wp\/v2\/media\/3355"}],"wp:attachment":[{"href":"https:\/\/www.cedol.org.ar\/logistica\/wp-json\/wp\/v2\/media?parent=3354"}],"wp:term":[{"taxonomy":"category","embeddable":true,"href":"https:\/\/www.cedol.org.ar\/logistica\/wp-json\/wp\/v2\/categories?post=3354"},{"taxonomy":"post_tag","embeddable":true,"href":"https:\/\/www.cedol.org.ar\/logistica\/wp-json\/wp\/v2\/tags?post=3354"}],"curies":[{"name":"wp","href":"https:\/\/api.w.org\/{rel}","templated":true}]}}