{"id":3331,"date":"2023-03-31T03:59:15","date_gmt":"2023-03-31T03:59:15","guid":{"rendered":"https:\/\/www.cedol.org.ar\/logistica\/?p=3331"},"modified":"2023-03-31T03:59:15","modified_gmt":"2023-03-31T03:59:15","slug":"los-costos-del-transporte-y-la-logistica-continuan-en-fuerte-alza","status":"publish","type":"post","link":"https:\/\/www.cedol.org.ar\/logistica\/los-costos-del-transporte-y-la-logistica-continuan-en-fuerte-alza\/","title":{"rendered":"Los costos del transporte y la log\u00edstica contin\u00faan en fuerte alza\u00a0"},"content":{"rendered":"\n<p><strong>Buenos Aires, 7 de marzo &nbsp; 2023 &#8211;<\/strong> La Universidad Tecnol\u00f3gica Nacional (UTN) a trav\u00e9s de su Centro Tecnol\u00f3gico de Transporte, Tr\u00e1nsito y Seguridad Vial (C3T), dio a conocer la evoluci\u00f3n del <strong>\u00cdndice de Costos Log\u00edsticos Nacionales<\/strong> elaborado para la<strong> C\u00e1mara Empresaria de Operadores Log\u00edsticos (<\/strong><a href=\"https:\/\/www.cedol.org.ar\/\"><strong>CEDOL<\/strong><\/a><strong>)<\/strong>, correspondiente al mes de febrero 2023.&nbsp;<\/p>\n\n\n\n<p>Durante febrero, algunos de los costos de la log\u00edstica mostraron nuevamente subas de sus componentes, tales como el gas o\u00edl que volvi\u00f3 a subir un 5%, los lubricantes un 5,25%, los neum\u00e1ticos un 2,90%, las reparaciones un 9,95% y el material rodante un 8,93% (todos estos porcentajes provienen del indicador que emite la FADEEAC).<\/p>\n\n\n\n<p>Todos los mencionados y algunos costos m\u00e1s, como el film stretch, los metros cuadrados log\u00edsticos, el aumento por el tipo de cambio oficial y el IPC, repercutieron para que el indicador de CEDOL Con Costos de Transporte arrojara un 10,36% de incremento. Asimismo, el segundo tramo de la paritaria firmada, m\u00e1s los costos de energ\u00eda y otros, incidieron para que el indicador de CEDOL Sin Costos de Transporte haya alcanzado un 18,45%.<\/p>\n\n\n\n<figure class=\"wp-block-table\"><table><tbody><tr><td><br><\/td><td colspan=\"2\"><strong>&nbsp; &nbsp; &nbsp; &nbsp; &nbsp; &nbsp; &nbsp; &nbsp; Febrero 2023<\/strong><\/td><td colspan=\"3\"><strong>&nbsp; Impacto a\u00f1o 2023<\/strong><\/td><\/tr><tr><td colspan=\"2\"><strong>CEDOL Con Costos de Transporte<\/strong><\/td><td colspan=\"2\"><strong>10,36 %<\/strong><\/td><td><strong>16,31 %<\/strong><\/td><td><br><\/td><\/tr><tr><td colspan=\"2\"><strong>CEDOL Sin Costos de Transporte<\/strong><\/td><td colspan=\"2\"><strong>18,45 %<\/strong><\/td><td><strong>20,67 %<\/strong><\/td><td><br><\/td><\/tr><tr><td colspan=\"2\"><strong>Distribuci\u00f3n Urbana Con Acompa\u00f1ante<\/strong><\/td><td colspan=\"2\"><strong>16,25 %<\/strong><\/td><td><strong>20,86 %<\/strong><\/td><td><br><\/td><\/tr><tr><td colspan=\"2\"><strong>Distribuci\u00f3n Urbana Sin Acompa\u00f1ante<\/strong><\/td><td colspan=\"2\"><strong>13,87 %<\/strong><\/td><td><strong>20,12 %<\/strong><\/td><td><br><\/td><\/tr><\/tbody><\/table><\/figure>\n\n\n\n<p>En el primer bimestre de 2023, casi todos los indicadores superaron el 20% de aumento en sus costos.&nbsp;<\/p>\n\n\n\n<p>Como se mencion\u00f3 anteriormente, la suba mensual ha sido de alto impacto, lo cual tambi\u00e9n se observa en la Polin\u00f3mica de FADEEAC, donde los guarismos de febrero 2023 han sido del orden del 10% mensual y del 16% en lo que va del a\u00f1o.<\/p>\n\n\n\n<p>Al tomar la medici\u00f3n de los \u00faltimos 12 meses (febrero 2022 a febrero 2023), se puede observar que todos los indicadores se ubican muy por arriba del 100%:<\/p>\n\n\n\n<ul class=\"wp-block-list\">\n<li><strong>CEDOL Con Costos de Transporte &nbsp; &nbsp; &nbsp; &nbsp; 132,81% &nbsp;<\/strong><\/li>\n\n\n\n<li><strong>CEDOL Sin Costos de Transporte&nbsp; &nbsp; &nbsp; &nbsp; &nbsp; 117,96%<\/strong><\/li>\n\n\n\n<li><strong>Distribuci\u00f3n Con Acompa\u00f1ante &nbsp; &nbsp; &nbsp; &nbsp; &nbsp; 124,86%<\/strong><\/li>\n\n\n\n<li><strong>Distribuci\u00f3n Sin Acompa\u00f1ante&nbsp; &nbsp; &nbsp; &nbsp; &nbsp; &nbsp; 125,49%&nbsp;<\/strong><\/li>\n<\/ul>\n\n\n\n<p>Como todos los meses, recordamos que los incrementos en las polin\u00f3micas de costos obedecen a costos medibles y transparentes conocidos por todo el mercado de operaciones Log\u00edsticas. Existen una serie de costos ocultos con dificultades en su medici\u00f3n como para integrar una polin\u00f3mica pero que tambi\u00e9n afectan los costos de hacer Log\u00edstica.&nbsp;<\/p>\n\n\n\n<p>El objetivo de estos indicadores es reflejar mensualmente las variaciones de todos los costos log\u00edsticos, a excepci\u00f3n -precisamente- de las improductividades que suelen generarse por causas externas a los operadores log\u00edsticos. Su publicaci\u00f3n, con los componentes completos, se puede consultar en la web de la c\u00e1mara:&nbsp;<a href=\"http:\/\/www.cedol.org.ar\/\">www.cedol.org.ar<\/a>&nbsp;<\/p>\n\n\n\n<p><strong>Acerca de CEDOL (Integrante de Faetyl)&nbsp;<\/strong><\/p>\n\n\n\n<p>La C\u00e1mara Empresaria de Operadores Log\u00edsticos se fund\u00f3 en noviembre de 1998 para asumir la representaci\u00f3n de las empresas que tienen como principal actividad la prestaci\u00f3n de servicios log\u00edsticos: traslado, almacenamiento, ensamble y procesos industriales, fraccionamiento de mercader\u00edas para su transporte y distribuci\u00f3n, ejerciendo el control, la administraci\u00f3n de la informaci\u00f3n y la responsabilidad en las etapas de la cadena de abastecimiento. Es de observar que la presente edici\u00f3n ha cumplido ya m\u00e1s de 20 a\u00f1os pues comenz\u00f3 en enero 2002 como efecto de la crisis del 2001.<\/p>\n","protected":false},"excerpt":{"rendered":"<p>Buenos Aires, 7 de marzo &nbsp; 2023 &#8211; La Universidad Tecnol\u00f3gica Nacional (UTN) a trav\u00e9s de su Centro Tecnol\u00f3gico de Transporte, Tr\u00e1nsito y Seguridad Vial [&hellip;]<\/p>\n","protected":false},"author":1,"featured_media":2125,"comment_status":"open","ping_status":"open","sticky":false,"template":"","format":"standard","meta":{"_monsterinsights_skip_tracking":false,"_monsterinsights_sitenote_active":false,"_monsterinsights_sitenote_note":"","_monsterinsights_sitenote_category":0,"footnotes":""},"categories":[8],"tags":[],"class_list":["post-3331","post","type-post","status-publish","format-standard","has-post-thumbnail","hentry","category-estadisticas"],"yoast_head":"<!-- This site is optimized with the Yoast SEO plugin v22.3 - https:\/\/yoast.com\/wordpress\/plugins\/seo\/ -->\n<title>Los costos del transporte y la log\u00edstica contin\u00faan en fuerte alza\u00a0 &#187; CEDOL<\/title>\n<meta name=\"description\" content=\"Buenos Aires, 7 de marzo 2023 - La Universidad Tecnol\u00f3gica Nacional (UTN) a trav\u00e9s de su Centro Tecnol\u00f3gico de Transporte, Tr\u00e1nsito y Seguridad Vial (C3T), dio a conocer la evoluci\u00f3n del \u00cdndice de Costos Log\u00edsticos Nacionales elaborado para la C\u00e1mara Empresaria de Operadores Log\u00edsticos (CEDOL), correspondiente al mes de febrero 2023.\" \/>\n<meta name=\"robots\" content=\"index, follow, max-snippet:-1, max-image-preview:large, max-video-preview:-1\" \/>\n<link rel=\"canonical\" href=\"https:\/\/www.cedol.org.ar\/logistica\/los-costos-del-transporte-y-la-logistica-continuan-en-fuerte-alza\/\" \/>\n<meta property=\"og:locale\" content=\"es_ES\" \/>\n<meta property=\"og:type\" content=\"article\" \/>\n<meta property=\"og:title\" content=\"Los costos del transporte y la log\u00edstica contin\u00faan en fuerte alza\u00a0 &#187; CEDOL\" \/>\n<meta property=\"og:description\" content=\"Buenos Aires, 7 de marzo 2023 - La Universidad Tecnol\u00f3gica Nacional (UTN) a trav\u00e9s de su Centro Tecnol\u00f3gico de Transporte, Tr\u00e1nsito y Seguridad Vial (C3T), dio a conocer la evoluci\u00f3n del \u00cdndice de Costos Log\u00edsticos Nacionales elaborado para la C\u00e1mara Empresaria de Operadores Log\u00edsticos (CEDOL), correspondiente al mes de febrero 2023.\" \/>\n<meta property=\"og:url\" content=\"https:\/\/www.cedol.org.ar\/logistica\/los-costos-del-transporte-y-la-logistica-continuan-en-fuerte-alza\/\" \/>\n<meta property=\"og:site_name\" content=\"CEDOL\" \/>\n<meta property=\"article:published_time\" content=\"2023-03-31T03:59:15+00:00\" \/>\n<meta property=\"og:image\" content=\"https:\/\/www.cedol.org.ar\/logistica\/wp-content\/uploads\/2018\/10\/ima-indices-1070.jpg\" \/>\n\t<meta property=\"og:image:width\" content=\"1070\" \/>\n\t<meta property=\"og:image:height\" content=\"540\" \/>\n\t<meta property=\"og:image:type\" content=\"image\/jpeg\" \/>\n<meta name=\"author\" content=\"admin\" \/>\n<meta name=\"twitter:card\" content=\"summary_large_image\" \/>\n<meta name=\"twitter:label1\" content=\"Escrito por\" \/>\n\t<meta name=\"twitter:data1\" content=\"admin\" \/>\n\t<meta name=\"twitter:label2\" content=\"Tiempo de lectura\" \/>\n\t<meta name=\"twitter:data2\" content=\"3 minutos\" \/>\n<script type=\"application\/ld+json\" class=\"yoast-schema-graph\">{\"@context\":\"https:\/\/schema.org\",\"@graph\":[{\"@type\":\"WebPage\",\"@id\":\"https:\/\/www.cedol.org.ar\/logistica\/los-costos-del-transporte-y-la-logistica-continuan-en-fuerte-alza\/\",\"url\":\"https:\/\/www.cedol.org.ar\/logistica\/los-costos-del-transporte-y-la-logistica-continuan-en-fuerte-alza\/\",\"name\":\"Los costos del transporte y la log\u00edstica contin\u00faan en fuerte alza\u00a0 &#187; CEDOL\",\"isPartOf\":{\"@id\":\"https:\/\/www.cedol.org.ar\/logistica\/#website\"},\"primaryImageOfPage\":{\"@id\":\"https:\/\/www.cedol.org.ar\/logistica\/los-costos-del-transporte-y-la-logistica-continuan-en-fuerte-alza\/#primaryimage\"},\"image\":{\"@id\":\"https:\/\/www.cedol.org.ar\/logistica\/los-costos-del-transporte-y-la-logistica-continuan-en-fuerte-alza\/#primaryimage\"},\"thumbnailUrl\":\"https:\/\/www.cedol.org.ar\/logistica\/wp-content\/uploads\/2018\/10\/ima-indices-1070.jpg\",\"datePublished\":\"2023-03-31T03:59:15+00:00\",\"dateModified\":\"2023-03-31T03:59:15+00:00\",\"author\":{\"@id\":\"https:\/\/www.cedol.org.ar\/logistica\/#\/schema\/person\/40275bdb20446824fc74d51aabe22e83\"},\"description\":\"Buenos Aires, 7 de marzo 2023 - La Universidad Tecnol\u00f3gica Nacional (UTN) a trav\u00e9s de su Centro Tecnol\u00f3gico de Transporte, Tr\u00e1nsito y Seguridad Vial (C3T), dio a conocer la evoluci\u00f3n del \u00cdndice de Costos Log\u00edsticos Nacionales elaborado para la C\u00e1mara Empresaria de Operadores Log\u00edsticos (CEDOL), correspondiente al mes de febrero 2023.\",\"breadcrumb\":{\"@id\":\"https:\/\/www.cedol.org.ar\/logistica\/los-costos-del-transporte-y-la-logistica-continuan-en-fuerte-alza\/#breadcrumb\"},\"inLanguage\":\"es\",\"potentialAction\":[{\"@type\":\"ReadAction\",\"target\":[\"https:\/\/www.cedol.org.ar\/logistica\/los-costos-del-transporte-y-la-logistica-continuan-en-fuerte-alza\/\"]}]},{\"@type\":\"ImageObject\",\"inLanguage\":\"es\",\"@id\":\"https:\/\/www.cedol.org.ar\/logistica\/los-costos-del-transporte-y-la-logistica-continuan-en-fuerte-alza\/#primaryimage\",\"url\":\"https:\/\/www.cedol.org.ar\/logistica\/wp-content\/uploads\/2018\/10\/ima-indices-1070.jpg\",\"contentUrl\":\"https:\/\/www.cedol.org.ar\/logistica\/wp-content\/uploads\/2018\/10\/ima-indices-1070.jpg\",\"width\":1070,\"height\":540,\"caption\":\"\u00cdndices UTN \/ CEDOL\"},{\"@type\":\"BreadcrumbList\",\"@id\":\"https:\/\/www.cedol.org.ar\/logistica\/los-costos-del-transporte-y-la-logistica-continuan-en-fuerte-alza\/#breadcrumb\",\"itemListElement\":[{\"@type\":\"ListItem\",\"position\":1,\"name\":\"Home\",\"item\":\"https:\/\/www.cedol.org.ar\/logistica\/\"},{\"@type\":\"ListItem\",\"position\":2,\"name\":\"Los costos del transporte y la log\u00edstica contin\u00faan en fuerte alza\u00a0\"}]},{\"@type\":\"WebSite\",\"@id\":\"https:\/\/www.cedol.org.ar\/logistica\/#website\",\"url\":\"https:\/\/www.cedol.org.ar\/logistica\/\",\"name\":\"CEDOL\",\"description\":\"C\u00c1MARA EMPRESARIA DE OPERADORES LOG\u00cdSTICOS\",\"potentialAction\":[{\"@type\":\"SearchAction\",\"target\":{\"@type\":\"EntryPoint\",\"urlTemplate\":\"https:\/\/www.cedol.org.ar\/logistica\/?s={search_term_string}\"},\"query-input\":\"required name=search_term_string\"}],\"inLanguage\":\"es\"},{\"@type\":\"Person\",\"@id\":\"https:\/\/www.cedol.org.ar\/logistica\/#\/schema\/person\/40275bdb20446824fc74d51aabe22e83\",\"name\":\"admin\"}]}<\/script>\n<!-- \/ Yoast SEO plugin. -->","yoast_head_json":{"title":"Los costos del transporte y la log\u00edstica contin\u00faan en fuerte alza\u00a0 &#187; CEDOL","description":"Buenos Aires, 7 de marzo 2023 - La Universidad Tecnol\u00f3gica Nacional (UTN) a trav\u00e9s de su Centro Tecnol\u00f3gico de Transporte, Tr\u00e1nsito y Seguridad Vial (C3T), dio a conocer la evoluci\u00f3n del \u00cdndice de Costos Log\u00edsticos Nacionales elaborado para la C\u00e1mara Empresaria de Operadores Log\u00edsticos (CEDOL), correspondiente al mes de febrero 2023.","robots":{"index":"index","follow":"follow","max-snippet":"max-snippet:-1","max-image-preview":"max-image-preview:large","max-video-preview":"max-video-preview:-1"},"canonical":"https:\/\/www.cedol.org.ar\/logistica\/los-costos-del-transporte-y-la-logistica-continuan-en-fuerte-alza\/","og_locale":"es_ES","og_type":"article","og_title":"Los costos del transporte y la log\u00edstica contin\u00faan en fuerte alza\u00a0 &#187; CEDOL","og_description":"Buenos Aires, 7 de marzo 2023 - La Universidad Tecnol\u00f3gica Nacional (UTN) a trav\u00e9s de su Centro Tecnol\u00f3gico de Transporte, Tr\u00e1nsito y Seguridad Vial (C3T), dio a conocer la evoluci\u00f3n del \u00cdndice de Costos Log\u00edsticos Nacionales elaborado para la C\u00e1mara Empresaria de Operadores Log\u00edsticos (CEDOL), correspondiente al mes de febrero 2023.","og_url":"https:\/\/www.cedol.org.ar\/logistica\/los-costos-del-transporte-y-la-logistica-continuan-en-fuerte-alza\/","og_site_name":"CEDOL","article_published_time":"2023-03-31T03:59:15+00:00","og_image":[{"width":1070,"height":540,"url":"https:\/\/www.cedol.org.ar\/logistica\/wp-content\/uploads\/2018\/10\/ima-indices-1070.jpg","type":"image\/jpeg"}],"author":"admin","twitter_card":"summary_large_image","twitter_misc":{"Escrito por":"admin","Tiempo de lectura":"3 minutos"},"schema":{"@context":"https:\/\/schema.org","@graph":[{"@type":"WebPage","@id":"https:\/\/www.cedol.org.ar\/logistica\/los-costos-del-transporte-y-la-logistica-continuan-en-fuerte-alza\/","url":"https:\/\/www.cedol.org.ar\/logistica\/los-costos-del-transporte-y-la-logistica-continuan-en-fuerte-alza\/","name":"Los costos del transporte y la log\u00edstica contin\u00faan en fuerte alza\u00a0 &#187; CEDOL","isPartOf":{"@id":"https:\/\/www.cedol.org.ar\/logistica\/#website"},"primaryImageOfPage":{"@id":"https:\/\/www.cedol.org.ar\/logistica\/los-costos-del-transporte-y-la-logistica-continuan-en-fuerte-alza\/#primaryimage"},"image":{"@id":"https:\/\/www.cedol.org.ar\/logistica\/los-costos-del-transporte-y-la-logistica-continuan-en-fuerte-alza\/#primaryimage"},"thumbnailUrl":"https:\/\/www.cedol.org.ar\/logistica\/wp-content\/uploads\/2018\/10\/ima-indices-1070.jpg","datePublished":"2023-03-31T03:59:15+00:00","dateModified":"2023-03-31T03:59:15+00:00","author":{"@id":"https:\/\/www.cedol.org.ar\/logistica\/#\/schema\/person\/40275bdb20446824fc74d51aabe22e83"},"description":"Buenos Aires, 7 de marzo 2023 - La Universidad Tecnol\u00f3gica Nacional (UTN) a trav\u00e9s de su Centro Tecnol\u00f3gico de Transporte, Tr\u00e1nsito y Seguridad Vial (C3T), dio a conocer la evoluci\u00f3n del \u00cdndice de Costos Log\u00edsticos Nacionales elaborado para la C\u00e1mara Empresaria de Operadores Log\u00edsticos (CEDOL), correspondiente al mes de febrero 2023.","breadcrumb":{"@id":"https:\/\/www.cedol.org.ar\/logistica\/los-costos-del-transporte-y-la-logistica-continuan-en-fuerte-alza\/#breadcrumb"},"inLanguage":"es","potentialAction":[{"@type":"ReadAction","target":["https:\/\/www.cedol.org.ar\/logistica\/los-costos-del-transporte-y-la-logistica-continuan-en-fuerte-alza\/"]}]},{"@type":"ImageObject","inLanguage":"es","@id":"https:\/\/www.cedol.org.ar\/logistica\/los-costos-del-transporte-y-la-logistica-continuan-en-fuerte-alza\/#primaryimage","url":"https:\/\/www.cedol.org.ar\/logistica\/wp-content\/uploads\/2018\/10\/ima-indices-1070.jpg","contentUrl":"https:\/\/www.cedol.org.ar\/logistica\/wp-content\/uploads\/2018\/10\/ima-indices-1070.jpg","width":1070,"height":540,"caption":"\u00cdndices UTN \/ CEDOL"},{"@type":"BreadcrumbList","@id":"https:\/\/www.cedol.org.ar\/logistica\/los-costos-del-transporte-y-la-logistica-continuan-en-fuerte-alza\/#breadcrumb","itemListElement":[{"@type":"ListItem","position":1,"name":"Home","item":"https:\/\/www.cedol.org.ar\/logistica\/"},{"@type":"ListItem","position":2,"name":"Los costos del transporte y la log\u00edstica contin\u00faan en fuerte alza\u00a0"}]},{"@type":"WebSite","@id":"https:\/\/www.cedol.org.ar\/logistica\/#website","url":"https:\/\/www.cedol.org.ar\/logistica\/","name":"CEDOL","description":"C\u00c1MARA EMPRESARIA DE OPERADORES LOG\u00cdSTICOS","potentialAction":[{"@type":"SearchAction","target":{"@type":"EntryPoint","urlTemplate":"https:\/\/www.cedol.org.ar\/logistica\/?s={search_term_string}"},"query-input":"required name=search_term_string"}],"inLanguage":"es"},{"@type":"Person","@id":"https:\/\/www.cedol.org.ar\/logistica\/#\/schema\/person\/40275bdb20446824fc74d51aabe22e83","name":"admin"}]}},"_links":{"self":[{"href":"https:\/\/www.cedol.org.ar\/logistica\/wp-json\/wp\/v2\/posts\/3331","targetHints":{"allow":["GET"]}}],"collection":[{"href":"https:\/\/www.cedol.org.ar\/logistica\/wp-json\/wp\/v2\/posts"}],"about":[{"href":"https:\/\/www.cedol.org.ar\/logistica\/wp-json\/wp\/v2\/types\/post"}],"author":[{"embeddable":true,"href":"https:\/\/www.cedol.org.ar\/logistica\/wp-json\/wp\/v2\/users\/1"}],"replies":[{"embeddable":true,"href":"https:\/\/www.cedol.org.ar\/logistica\/wp-json\/wp\/v2\/comments?post=3331"}],"version-history":[{"count":1,"href":"https:\/\/www.cedol.org.ar\/logistica\/wp-json\/wp\/v2\/posts\/3331\/revisions"}],"predecessor-version":[{"id":3332,"href":"https:\/\/www.cedol.org.ar\/logistica\/wp-json\/wp\/v2\/posts\/3331\/revisions\/3332"}],"wp:featuredmedia":[{"embeddable":true,"href":"https:\/\/www.cedol.org.ar\/logistica\/wp-json\/wp\/v2\/media\/2125"}],"wp:attachment":[{"href":"https:\/\/www.cedol.org.ar\/logistica\/wp-json\/wp\/v2\/media?parent=3331"}],"wp:term":[{"taxonomy":"category","embeddable":true,"href":"https:\/\/www.cedol.org.ar\/logistica\/wp-json\/wp\/v2\/categories?post=3331"},{"taxonomy":"post_tag","embeddable":true,"href":"https:\/\/www.cedol.org.ar\/logistica\/wp-json\/wp\/v2\/tags?post=3331"}],"curies":[{"name":"wp","href":"https:\/\/api.w.org\/{rel}","templated":true}]}}