{"id":3228,"date":"2022-10-17T03:05:04","date_gmt":"2022-10-17T03:05:04","guid":{"rendered":"https:\/\/www.cedol.org.ar\/logistica\/?p=3228"},"modified":"2022-10-17T03:05:04","modified_gmt":"2022-10-17T03:05:04","slug":"los-costos-logisticos-no-paran-subir","status":"publish","type":"post","link":"https:\/\/www.cedol.org.ar\/logistica\/los-costos-logisticos-no-paran-subir\/","title":{"rendered":"Los costos log\u00edsticos no paran de subir"},"content":{"rendered":"<p class=\"p1\"><b>Buenos Aires, 6 de octubre <span class=\"Apple-converted-space\">\u00a0 <\/span>2022 <\/b>&#8211; La Universidad Tecnol\u00f3gica Nacional (UTN) a trav\u00e9s de su Centro Tecnol\u00f3gico de Transporte, Tr\u00e1nsito y Seguridad Vial (C3T), dio a conocer la evoluci\u00f3n del <b>\u00cdndice de Costos Log\u00edsticos Nacionales<\/b> elaborado para la<b> C\u00e1mara Empresaria de Operadores Log\u00edsticos (<\/b><a href=\"https:\/\/www.cedol.org.ar\/\"><span class=\"s1\"><b>CEDOL<\/b><\/span><\/a><b>)<\/b>, correspondiente al mes de <b>septiembre 2022<\/b>, el acumulado de los 9 meses de 2022 y el acumulado<b> <\/b>de los \u00faltimos 12 meses.<span class=\"Apple-converted-space\">\u00a0<\/span><\/p>\n<p class=\"p1\">Durante septiembre continuaron subiendo significativamente los valores de los neum\u00e1ticos (12,28%), los lubricantes (6%), y el material rodante (5,46%), lo cual se ve reflejado fuertemente en todos los indicadores donde hay gesti\u00f3n de transporte de mercader\u00edas. Pero, adem\u00e1s, en este mes ha impactado el segundo incremento de la paritaria vigente (del orden del 14%) para completar el 31% (15% en mayo + 16% en septiembre) acordado en el mes de abril.<span class=\"Apple-converted-space\">\u00a0<\/span><\/p>\n<p class=\"p1\">Al haber subido el costo de la mano de obra, los indicadores de log\u00edstica interna sin costo de transporte son los que se ven m\u00e1s afectados. Asimismo, existieron otros incrementos: alquiler de auto elevadores, alquiler de metros cuadrados y film stretch. No obstante, la mayor incidencia la ha generado el costo de la mano de obra por el aumento de salarios a partir del 1\u00b0 de septiembre 2022.<span class=\"Apple-converted-space\">\u00a0<\/span><\/p>\n<p class=\"p1\">Cabe mencionar que si bien ya est\u00e1n vigentes los incrementos de combustible a partir del 1\u00b0 de octubre, los mismos no se han incorporado a\u00fan a las polin\u00f3micas aqu\u00ed analizadas.<\/p>\n<table class=\"t1\" cellspacing=\"0\" cellpadding=\"0\">\n<tbody>\n<tr>\n<td class=\"td1\" valign=\"top\"><\/td>\n<td class=\"td2\" valign=\"top\">\n<p class=\"p3\"><b>Septiembre 2022<\/b><\/p>\n<\/td>\n<td class=\"td3\" valign=\"top\">\n<p class=\"p3\"><b>Impacto a\u00f1o 2022<\/b><\/p>\n<\/td>\n<\/tr>\n<tr>\n<td class=\"td4\" valign=\"top\">\n<p class=\"p4\"><b>CEDOL Con Costos de Transporte<\/b><\/p>\n<\/td>\n<td class=\"td5\" valign=\"top\">\n<p class=\"p5\"><b>6,69 %<\/b><\/p>\n<\/td>\n<td class=\"td6\" valign=\"top\">\n<p class=\"p6\"><b>79,62 %<\/b><\/p>\n<\/td>\n<\/tr>\n<tr>\n<td class=\"td7\" valign=\"top\">\n<p class=\"p4\"><b>CEDOL Sin Costos de Transporte<\/b><\/p>\n<\/td>\n<td class=\"td8\" valign=\"top\">\n<p class=\"p5\"><b>10,89 %<\/b><\/p>\n<\/td>\n<td class=\"td9\" valign=\"top\">\n<p class=\"p6\"><b>49,35 %<\/b><\/p>\n<\/td>\n<\/tr>\n<tr>\n<td class=\"td10\" valign=\"top\">\n<p class=\"p4\"><b>Distribuci\u00f3n Urbana Con Acompa\u00f1ante<\/b><\/p>\n<\/td>\n<td class=\"td11\" valign=\"top\">\n<p class=\"p5\"><b>9,04 %<\/b><\/p>\n<\/td>\n<td class=\"td12\" valign=\"top\">\n<p class=\"p5\"><b>58,50 %<\/b><\/p>\n<\/td>\n<\/tr>\n<tr>\n<td class=\"td13\" valign=\"top\">\n<p class=\"p4\"><b>Distribuci\u00f3n Urbana Sin Acompa\u00f1ante<\/b><\/p>\n<\/td>\n<td class=\"td14\" valign=\"top\">\n<p class=\"p5\"><b>7,44 %<\/b><\/p>\n<\/td>\n<td class=\"td15\" valign=\"top\">\n<p class=\"p5\"><b>63,61 %<\/b><\/p>\n<\/td>\n<\/tr>\n<\/tbody>\n<\/table>\n<p class=\"p1\">Como mencion\u00e1ramos anteriormente esta suba de los primeros nueve meses del a\u00f1o, se debe sobre todo a los incrementos de combustibles, los cuales han subido un 82% en lo que va del a\u00f1o. Tambi\u00e9n, a la fuerte suba de los componentes del transporte ya mencionados, especialmente los neum\u00e1ticos y lubricantes. En cuanto a los costos de mano de obra, en t\u00e9rminos relativos han subido menos que el resto de los componentes.<\/p>\n<p class=\"p1\"><i>Esto lo vemos reflejado tambi\u00e9n en la polin\u00f3mica de FADEEAC, donde los guarismos han sido los siguientes: 6,45% en Septiembre 2022 y Acumulado A\u00f1o 2022: 82,08%.<\/i><\/p>\n<p class=\"p1\">Si volvemos a septiembre 2022, podemos mostrar el acumulado de los doce \u00faltimos meses para darnos una idea de c\u00f3mo finalizar\u00e1 la evoluci\u00f3n del costo anual de CEDOL 2022.<\/p>\n<table class=\"t1\" cellspacing=\"0\" cellpadding=\"0\">\n<tbody>\n<tr>\n<td class=\"td1\" valign=\"top\"><\/td>\n<td class=\"td2\" valign=\"top\">\n<p class=\"p3\"><b>Acumulado 12 Meses<\/b><\/p>\n<\/td>\n<\/tr>\n<tr>\n<td class=\"td4\" valign=\"top\">\n<p class=\"p4\"><b>CEDOL Con Costos de Transporte<\/b><\/p>\n<\/td>\n<td class=\"td5\" valign=\"top\">\n<p class=\"p6\"><b>93,49 %<\/b><\/p>\n<\/td>\n<\/tr>\n<tr>\n<td class=\"td7\" valign=\"top\">\n<p class=\"p4\"><b>CEDOL Sin Costos de Transporte<\/b><\/p>\n<\/td>\n<td class=\"td8\" valign=\"top\">\n<p class=\"p5\"><b>61,49 %<\/b><\/p>\n<\/td>\n<\/tr>\n<tr>\n<td class=\"td10\" valign=\"top\">\n<p class=\"p4\"><b>Distribuci\u00f3n Urbana Con Acompa\u00f1ante<\/b><\/p>\n<\/td>\n<td class=\"td11\" valign=\"top\">\n<p class=\"p6\"><b>72,64 %<\/b><\/p>\n<\/td>\n<\/tr>\n<tr>\n<td class=\"td13\" valign=\"top\">\n<p class=\"p4\"><b>Distribuci\u00f3n Urbana Sin Acompa\u00f1ante<\/b><\/p>\n<\/td>\n<td class=\"td14\" valign=\"top\">\n<p class=\"p5\"><b>77,21 %<\/b><\/p>\n<\/td>\n<\/tr>\n<\/tbody>\n<\/table>\n<p class=\"p1\"><i>La polin\u00f3mica mencionada de FADEEAC arroj\u00f3 en los \u00faltimos doce meses una variaci\u00f3n del orden del 87,68 %.<\/i><\/p>\n<p class=\"p1\">Es de mencionar que <b>se ha dado apertura a una nueva negociaci\u00f3n paritaria por haber quedado desbordada la vigente<\/b>, lo cual traer\u00e1 aparejado nuevos incrementos de costos por mano de obra en los pr\u00f3ximos meses.<\/p>\n<p class=\"p1\"><b>Otros costos no contemplados<\/b><\/p>\n<p class=\"p1\">Recordamos que los incrementos en las polin\u00f3micas de costos, obedecen a costos medibles y transparentes conocidos por todo el mercado de operaciones log\u00edsticas. Existen, adem\u00e1s, una serie de costos ocultos con dificultades en su medici\u00f3n como para integrar una polin\u00f3mica, pero que tambi\u00e9n afectan los costos de hacer log\u00edstica, tales como la dificultad en el abastecimiento de combustibles que ha existido durante partes del presente a\u00f1o, lo mismo con la obtenci\u00f3n de neum\u00e1ticos y repuestos.<\/p>\n<p class=\"p1\">El objetivo de estos indicadores, es reflejar mensualmente las variaciones de todos los costos log\u00edsticos, a excepci\u00f3n \u2013precisamente- de las improductividades que suelen generarse por causas externas a los operadores log\u00edsticos. Su publicaci\u00f3n, con los componentes completos, se puede consultar en la web de la c\u00e1mara:\u00a0<a href=\"http:\/\/www.cedol.org.ar\/\"><span class=\"s2\">www.cedol.org.ar<\/span><\/a><span class=\"Apple-converted-space\">\u00a0<\/span><\/p>\n<p class=\"p8\"><span class=\"s2\"><b>Acerca de CEDOL (Integrante de Faetyl)<span class=\"Apple-converted-space\">\u00a0<\/span><\/b><\/span><\/p>\n<p class=\"p8\">La C\u00e1mara Empresaria de Operadores Log\u00edsticos se fund\u00f3 en noviembre de 1998 para asumir la representaci\u00f3n de las empresas que tienen como principal actividad la prestaci\u00f3n de servicios log\u00edsticos: traslado, almacenamiento, ensamble y procesos industriales, fraccionamiento de mercader\u00edas para su transporte y distribuci\u00f3n, ejerciendo el control, la administraci\u00f3n de la informaci\u00f3n y la responsabilidad en las etapas de la cadena de abastecimiento. <b>Es de observar que la presente edici\u00f3n ha cumplido ya m\u00e1s de 20 a\u00f1os pues comenz\u00f3 en enero 2002 como efecto de la crisis del 2001<\/b><\/p>\n","protected":false},"excerpt":{"rendered":"<p>Buenos Aires, 6 de octubre \u00a0 2022 &#8211; La Universidad Tecnol\u00f3gica Nacional (UTN) a trav\u00e9s de su Centro Tecnol\u00f3gico de Transporte, Tr\u00e1nsito y Seguridad Vial [&hellip;]<\/p>\n","protected":false},"author":1,"featured_media":0,"comment_status":"open","ping_status":"open","sticky":false,"template":"","format":"standard","meta":{"_monsterinsights_skip_tracking":false,"_monsterinsights_sitenote_active":false,"_monsterinsights_sitenote_note":"","_monsterinsights_sitenote_category":0,"footnotes":""},"categories":[8],"tags":[],"class_list":["post-3228","post","type-post","status-publish","format-standard","hentry","category-estadisticas"],"yoast_head":"<!-- This site is optimized with the Yoast SEO plugin v22.3 - https:\/\/yoast.com\/wordpress\/plugins\/seo\/ -->\n<title>Los costos log\u00edsticos no paran de subir &#187; CEDOL<\/title>\n<meta name=\"description\" content=\"Buenos Aires, 6 de octubre 2022 - La Universidad Tecnol\u00f3gica Nacional (UTN) a trav\u00e9s de su Centro Tecnol\u00f3gico de Transporte, Tr\u00e1nsito y Seguridad Vial (C3T), dio a conocer la evoluci\u00f3n del \u00cdndice de Costos Log\u00edsticos Nacionales elaborado para la C\u00e1mara Empresaria de Operadores Log\u00edsticos\" \/>\n<meta name=\"robots\" content=\"index, follow, max-snippet:-1, max-image-preview:large, max-video-preview:-1\" \/>\n<link rel=\"canonical\" href=\"https:\/\/www.cedol.org.ar\/logistica\/los-costos-logisticos-no-paran-subir\/\" \/>\n<meta property=\"og:locale\" content=\"es_ES\" \/>\n<meta property=\"og:type\" content=\"article\" \/>\n<meta property=\"og:title\" content=\"Los costos log\u00edsticos no paran de subir &#187; CEDOL\" \/>\n<meta property=\"og:description\" content=\"Buenos Aires, 6 de octubre 2022 - La Universidad Tecnol\u00f3gica Nacional (UTN) a trav\u00e9s de su Centro Tecnol\u00f3gico de Transporte, Tr\u00e1nsito y Seguridad Vial (C3T), dio a conocer la evoluci\u00f3n del \u00cdndice de Costos Log\u00edsticos Nacionales elaborado para la C\u00e1mara Empresaria de Operadores Log\u00edsticos\" \/>\n<meta property=\"og:url\" content=\"https:\/\/www.cedol.org.ar\/logistica\/los-costos-logisticos-no-paran-subir\/\" \/>\n<meta property=\"og:site_name\" content=\"CEDOL\" \/>\n<meta property=\"article:published_time\" content=\"2022-10-17T03:05:04+00:00\" \/>\n<meta name=\"author\" content=\"admin\" \/>\n<meta name=\"twitter:card\" content=\"summary_large_image\" \/>\n<meta name=\"twitter:label1\" content=\"Escrito por\" \/>\n\t<meta name=\"twitter:data1\" content=\"admin\" \/>\n\t<meta name=\"twitter:label2\" content=\"Tiempo de lectura\" \/>\n\t<meta name=\"twitter:data2\" content=\"4 minutos\" \/>\n<script type=\"application\/ld+json\" class=\"yoast-schema-graph\">{\"@context\":\"https:\/\/schema.org\",\"@graph\":[{\"@type\":\"WebPage\",\"@id\":\"https:\/\/www.cedol.org.ar\/logistica\/los-costos-logisticos-no-paran-subir\/\",\"url\":\"https:\/\/www.cedol.org.ar\/logistica\/los-costos-logisticos-no-paran-subir\/\",\"name\":\"Los costos log\u00edsticos no paran de subir &#187; CEDOL\",\"isPartOf\":{\"@id\":\"https:\/\/www.cedol.org.ar\/logistica\/#website\"},\"datePublished\":\"2022-10-17T03:05:04+00:00\",\"dateModified\":\"2022-10-17T03:05:04+00:00\",\"author\":{\"@id\":\"https:\/\/www.cedol.org.ar\/logistica\/#\/schema\/person\/40275bdb20446824fc74d51aabe22e83\"},\"description\":\"Buenos Aires, 6 de octubre 2022 - La Universidad Tecnol\u00f3gica Nacional (UTN) a trav\u00e9s de su Centro Tecnol\u00f3gico de Transporte, Tr\u00e1nsito y Seguridad Vial (C3T), dio a conocer la evoluci\u00f3n del \u00cdndice de Costos Log\u00edsticos Nacionales elaborado para la C\u00e1mara Empresaria de Operadores Log\u00edsticos\",\"breadcrumb\":{\"@id\":\"https:\/\/www.cedol.org.ar\/logistica\/los-costos-logisticos-no-paran-subir\/#breadcrumb\"},\"inLanguage\":\"es\",\"potentialAction\":[{\"@type\":\"ReadAction\",\"target\":[\"https:\/\/www.cedol.org.ar\/logistica\/los-costos-logisticos-no-paran-subir\/\"]}]},{\"@type\":\"BreadcrumbList\",\"@id\":\"https:\/\/www.cedol.org.ar\/logistica\/los-costos-logisticos-no-paran-subir\/#breadcrumb\",\"itemListElement\":[{\"@type\":\"ListItem\",\"position\":1,\"name\":\"Home\",\"item\":\"https:\/\/www.cedol.org.ar\/logistica\/\"},{\"@type\":\"ListItem\",\"position\":2,\"name\":\"Los costos log\u00edsticos no paran de subir\"}]},{\"@type\":\"WebSite\",\"@id\":\"https:\/\/www.cedol.org.ar\/logistica\/#website\",\"url\":\"https:\/\/www.cedol.org.ar\/logistica\/\",\"name\":\"CEDOL\",\"description\":\"C\u00c1MARA EMPRESARIA DE OPERADORES LOG\u00cdSTICOS\",\"potentialAction\":[{\"@type\":\"SearchAction\",\"target\":{\"@type\":\"EntryPoint\",\"urlTemplate\":\"https:\/\/www.cedol.org.ar\/logistica\/?s={search_term_string}\"},\"query-input\":\"required name=search_term_string\"}],\"inLanguage\":\"es\"},{\"@type\":\"Person\",\"@id\":\"https:\/\/www.cedol.org.ar\/logistica\/#\/schema\/person\/40275bdb20446824fc74d51aabe22e83\",\"name\":\"admin\"}]}<\/script>\n<!-- \/ Yoast SEO plugin. -->","yoast_head_json":{"title":"Los costos log\u00edsticos no paran de subir &#187; CEDOL","description":"Buenos Aires, 6 de octubre 2022 - La Universidad Tecnol\u00f3gica Nacional (UTN) a trav\u00e9s de su Centro Tecnol\u00f3gico de Transporte, Tr\u00e1nsito y Seguridad Vial (C3T), dio a conocer la evoluci\u00f3n del \u00cdndice de Costos Log\u00edsticos Nacionales elaborado para la C\u00e1mara Empresaria de Operadores Log\u00edsticos","robots":{"index":"index","follow":"follow","max-snippet":"max-snippet:-1","max-image-preview":"max-image-preview:large","max-video-preview":"max-video-preview:-1"},"canonical":"https:\/\/www.cedol.org.ar\/logistica\/los-costos-logisticos-no-paran-subir\/","og_locale":"es_ES","og_type":"article","og_title":"Los costos log\u00edsticos no paran de subir &#187; CEDOL","og_description":"Buenos Aires, 6 de octubre 2022 - La Universidad Tecnol\u00f3gica Nacional (UTN) a trav\u00e9s de su Centro Tecnol\u00f3gico de Transporte, Tr\u00e1nsito y Seguridad Vial (C3T), dio a conocer la evoluci\u00f3n del \u00cdndice de Costos Log\u00edsticos Nacionales elaborado para la C\u00e1mara Empresaria de Operadores Log\u00edsticos","og_url":"https:\/\/www.cedol.org.ar\/logistica\/los-costos-logisticos-no-paran-subir\/","og_site_name":"CEDOL","article_published_time":"2022-10-17T03:05:04+00:00","author":"admin","twitter_card":"summary_large_image","twitter_misc":{"Escrito por":"admin","Tiempo de lectura":"4 minutos"},"schema":{"@context":"https:\/\/schema.org","@graph":[{"@type":"WebPage","@id":"https:\/\/www.cedol.org.ar\/logistica\/los-costos-logisticos-no-paran-subir\/","url":"https:\/\/www.cedol.org.ar\/logistica\/los-costos-logisticos-no-paran-subir\/","name":"Los costos log\u00edsticos no paran de subir &#187; CEDOL","isPartOf":{"@id":"https:\/\/www.cedol.org.ar\/logistica\/#website"},"datePublished":"2022-10-17T03:05:04+00:00","dateModified":"2022-10-17T03:05:04+00:00","author":{"@id":"https:\/\/www.cedol.org.ar\/logistica\/#\/schema\/person\/40275bdb20446824fc74d51aabe22e83"},"description":"Buenos Aires, 6 de octubre 2022 - La Universidad Tecnol\u00f3gica Nacional (UTN) a trav\u00e9s de su Centro Tecnol\u00f3gico de Transporte, Tr\u00e1nsito y Seguridad Vial (C3T), dio a conocer la evoluci\u00f3n del \u00cdndice de Costos Log\u00edsticos Nacionales elaborado para la C\u00e1mara Empresaria de Operadores Log\u00edsticos","breadcrumb":{"@id":"https:\/\/www.cedol.org.ar\/logistica\/los-costos-logisticos-no-paran-subir\/#breadcrumb"},"inLanguage":"es","potentialAction":[{"@type":"ReadAction","target":["https:\/\/www.cedol.org.ar\/logistica\/los-costos-logisticos-no-paran-subir\/"]}]},{"@type":"BreadcrumbList","@id":"https:\/\/www.cedol.org.ar\/logistica\/los-costos-logisticos-no-paran-subir\/#breadcrumb","itemListElement":[{"@type":"ListItem","position":1,"name":"Home","item":"https:\/\/www.cedol.org.ar\/logistica\/"},{"@type":"ListItem","position":2,"name":"Los costos log\u00edsticos no paran de subir"}]},{"@type":"WebSite","@id":"https:\/\/www.cedol.org.ar\/logistica\/#website","url":"https:\/\/www.cedol.org.ar\/logistica\/","name":"CEDOL","description":"C\u00c1MARA EMPRESARIA DE OPERADORES LOG\u00cdSTICOS","potentialAction":[{"@type":"SearchAction","target":{"@type":"EntryPoint","urlTemplate":"https:\/\/www.cedol.org.ar\/logistica\/?s={search_term_string}"},"query-input":"required name=search_term_string"}],"inLanguage":"es"},{"@type":"Person","@id":"https:\/\/www.cedol.org.ar\/logistica\/#\/schema\/person\/40275bdb20446824fc74d51aabe22e83","name":"admin"}]}},"_links":{"self":[{"href":"https:\/\/www.cedol.org.ar\/logistica\/wp-json\/wp\/v2\/posts\/3228","targetHints":{"allow":["GET"]}}],"collection":[{"href":"https:\/\/www.cedol.org.ar\/logistica\/wp-json\/wp\/v2\/posts"}],"about":[{"href":"https:\/\/www.cedol.org.ar\/logistica\/wp-json\/wp\/v2\/types\/post"}],"author":[{"embeddable":true,"href":"https:\/\/www.cedol.org.ar\/logistica\/wp-json\/wp\/v2\/users\/1"}],"replies":[{"embeddable":true,"href":"https:\/\/www.cedol.org.ar\/logistica\/wp-json\/wp\/v2\/comments?post=3228"}],"version-history":[{"count":1,"href":"https:\/\/www.cedol.org.ar\/logistica\/wp-json\/wp\/v2\/posts\/3228\/revisions"}],"predecessor-version":[{"id":3229,"href":"https:\/\/www.cedol.org.ar\/logistica\/wp-json\/wp\/v2\/posts\/3228\/revisions\/3229"}],"wp:attachment":[{"href":"https:\/\/www.cedol.org.ar\/logistica\/wp-json\/wp\/v2\/media?parent=3228"}],"wp:term":[{"taxonomy":"category","embeddable":true,"href":"https:\/\/www.cedol.org.ar\/logistica\/wp-json\/wp\/v2\/categories?post=3228"},{"taxonomy":"post_tag","embeddable":true,"href":"https:\/\/www.cedol.org.ar\/logistica\/wp-json\/wp\/v2\/tags?post=3228"}],"curies":[{"name":"wp","href":"https:\/\/api.w.org\/{rel}","templated":true}]}}