{"id":3188,"date":"2022-08-31T15:43:32","date_gmt":"2022-08-31T15:43:32","guid":{"rendered":"https:\/\/www.cedol.org.ar\/logistica\/?p=3188"},"modified":"2022-08-31T19:09:17","modified_gmt":"2022-08-31T19:09:17","slug":"se-viene-12o-encuentro-cedol-2022-modalidad-presencial","status":"publish","type":"post","link":"https:\/\/www.cedol.org.ar\/logistica\/se-viene-12o-encuentro-cedol-2022-modalidad-presencial\/","title":{"rendered":"SE VIENE EL 12\u00ba ENCUENTRO CEDOL 2022 EN MODALIDAD PRESENCIAL"},"content":{"rendered":"<p class=\"p1\"><b><i>Se llevar\u00e1 a cabo el pr\u00f3ximo 15 de septiembre en el espacio Golden Center de Parque Norte entre las 8 y las 13 horas.<span class=\"Apple-converted-space\">\u00a0<\/span><\/i><\/b><\/p>\n<p class=\"p1\">Luego de la pandemia por COVID-19, la C\u00e1mara Empresaria de Operadores Log\u00edsticos (CEDOL) regresa con su 12\u00ba Encuentro para el intercambio profesional de los ejecutivos de operadores log\u00edsticos y dadores de carga en modalidad presencial. Bajo el lema \u201cFactores esenciales para la competitividad log\u00edstica\u201d, se llevar\u00e1 a cabo el pr\u00f3ximo jueves 15 de septiembre, en el espacio Golden Center de Parque Norte entre las 9 y las 13 horas.<\/p>\n<p class=\"p1\">Hern\u00e1n S\u00e1nchez, presidente de CEDOL y de la Asociaci\u00f3n Latinoamericana de Log\u00edstica (ALALOG), afirma al respecto que \u201ceste nuevo encuentro de CEDOL busca poner en la agenda lo que se viene para la Argentina en materia log\u00edstica, as\u00ed como plantear los problemas que viven las empresas del sector y buscar sus posibles soluciones, en el marco de la regi\u00f3n y el mundo. Desde CEDOL impulsamos que la log\u00edstica aporte valor a nuestro pa\u00eds\u201d.<\/p>\n<p class=\"p1\">Por su parte, Rafael Rodr\u00edguez Roda, director ejecutivo de CEDOL, se\u00f1ala: \u201cEste evento permitir\u00e1 que los empresarios y profesionales de la log\u00edstica y transporte vuelvan a encontrarse luego de tres a\u00f1os\u201d. Adem\u00e1s, subraya la importancia de abordar la cuesti\u00f3n de la competitividad: \u201cEl 2022 fue especialmente marcado por el tema de los costos. Vivimos tiempos de redefiniciones y una transformaci\u00f3n profunda de la operaci\u00f3n log\u00edstica. Por eso, es vital analizar el contexto desde diferentes dimensiones, como los recursos humanos, la sustentabilidad y la tecnolog\u00eda\u201d.<\/p>\n<p class=\"p1\">El Encuentro contar\u00e1 con dos m\u00f3dulos de disertaciones. El primero, titulado \u201cFactores log\u00edsticos para ganar competitividad\u201d, abordar\u00e1 su impacto en el transporte y la log\u00edstica como los motores del comercio. Contar\u00e1 con las exposiciones de Marcelo Ormachea, gerente general de Celsur; Gustavo Echenique, director de Value Delivery de Grupo Log\u00edstico Andreani, y \u00c1lvaro Goncalves Vila Cova, director de Recursos Humanos y Calidad de Cruz del Sur, con la moderaci\u00f3n de Alejandro Leiras, codirector t\u00e9cnico de CEDOL.<\/p>\n<p class=\"p1\">El segundo m\u00f3dulo estar\u00e1 dedicado a la entrega de distinciones a la trayectoria y de donaciones a una serie de entidades de bien p\u00fablico. El tercer m\u00f3dulo, finalmente, se referir\u00e1 a \u201cLa nueva agenda competitiva\u201d. El periodista Sebasti\u00e1n Campanario explicar\u00e1 c\u00f3mo activar procesos de innovaci\u00f3n y creatividad, y analizar\u00e1 las tendencias que definir\u00e1n el papel de la log\u00edstica en el futuro cercano.<\/p>\n<p class=\"p2\"><span class=\"s1\">Informes e inscripci\u00f3n: <a href=\"https:\/\/www.expotrade.com.ar\/acreditaciones\/cedol\/\"><span class=\"s2\">https:\/\/www.expotrade.com.ar\/acreditaciones\/cedol\/<\/span><\/a>.<\/span><\/p>\n<p>&nbsp;<\/p>\n","protected":false},"excerpt":{"rendered":"<p>Se llevar\u00e1 a cabo el pr\u00f3ximo 15 de septiembre en el espacio Golden Center de Parque Norte entre las 8 y las 13 horas.\u00a0 Luego [&hellip;]<\/p>\n","protected":false},"author":1,"featured_media":3189,"comment_status":"open","ping_status":"open","sticky":true,"template":"","format":"standard","meta":{"_monsterinsights_skip_tracking":false,"_monsterinsights_sitenote_active":false,"_monsterinsights_sitenote_note":"","_monsterinsights_sitenote_category":0,"footnotes":""},"categories":[4],"tags":[],"class_list":["post-3188","post","type-post","status-publish","format-standard","has-post-thumbnail","hentry","category-noticias"],"yoast_head":"<!-- This site is optimized with the Yoast SEO plugin v22.3 - https:\/\/yoast.com\/wordpress\/plugins\/seo\/ -->\n<title>SE VIENE EL 12\u00ba ENCUENTRO CEDOL 2022 EN MODALIDAD PRESENCIAL &#187; CEDOL<\/title>\n<meta name=\"description\" content=\"Se llevar\u00e1 a cabo el pr\u00f3ximo 15 de septiembre en el espacio Golden Center de Parque Norte entre las 8 y las 13 horas.\" \/>\n<meta name=\"robots\" content=\"index, follow, max-snippet:-1, max-image-preview:large, max-video-preview:-1\" \/>\n<link rel=\"canonical\" href=\"https:\/\/www.cedol.org.ar\/logistica\/se-viene-12o-encuentro-cedol-2022-modalidad-presencial\/\" \/>\n<meta property=\"og:locale\" content=\"es_ES\" \/>\n<meta property=\"og:type\" content=\"article\" \/>\n<meta property=\"og:title\" content=\"SE VIENE EL 12\u00ba ENCUENTRO CEDOL 2022 EN MODALIDAD PRESENCIAL &#187; CEDOL\" \/>\n<meta property=\"og:description\" content=\"Se llevar\u00e1 a cabo el pr\u00f3ximo 15 de septiembre en el espacio Golden Center de Parque Norte entre las 8 y las 13 horas.\" \/>\n<meta property=\"og:url\" content=\"https:\/\/www.cedol.org.ar\/logistica\/se-viene-12o-encuentro-cedol-2022-modalidad-presencial\/\" \/>\n<meta property=\"og:site_name\" content=\"CEDOL\" \/>\n<meta property=\"article:published_time\" content=\"2022-08-31T15:43:32+00:00\" \/>\n<meta property=\"article:modified_time\" content=\"2022-08-31T19:09:17+00:00\" \/>\n<meta property=\"og:image\" content=\"https:\/\/www.cedol.org.ar\/logistica\/wp-content\/uploads\/2022\/08\/Encuentro-CEDOL-2022.jpg\" \/>\n\t<meta property=\"og:image:width\" content=\"700\" \/>\n\t<meta property=\"og:image:height\" content=\"350\" \/>\n\t<meta property=\"og:image:type\" content=\"image\/jpeg\" \/>\n<meta name=\"author\" content=\"admin\" \/>\n<meta name=\"twitter:card\" content=\"summary_large_image\" \/>\n<meta name=\"twitter:label1\" content=\"Escrito por\" \/>\n\t<meta name=\"twitter:data1\" content=\"admin\" \/>\n\t<meta name=\"twitter:label2\" content=\"Tiempo de lectura\" \/>\n\t<meta name=\"twitter:data2\" content=\"2 minutos\" \/>\n<script type=\"application\/ld+json\" class=\"yoast-schema-graph\">{\"@context\":\"https:\/\/schema.org\",\"@graph\":[{\"@type\":\"WebPage\",\"@id\":\"https:\/\/www.cedol.org.ar\/logistica\/se-viene-12o-encuentro-cedol-2022-modalidad-presencial\/\",\"url\":\"https:\/\/www.cedol.org.ar\/logistica\/se-viene-12o-encuentro-cedol-2022-modalidad-presencial\/\",\"name\":\"SE VIENE EL 12\u00ba ENCUENTRO CEDOL 2022 EN MODALIDAD PRESENCIAL &#187; CEDOL\",\"isPartOf\":{\"@id\":\"https:\/\/www.cedol.org.ar\/logistica\/#website\"},\"primaryImageOfPage\":{\"@id\":\"https:\/\/www.cedol.org.ar\/logistica\/se-viene-12o-encuentro-cedol-2022-modalidad-presencial\/#primaryimage\"},\"image\":{\"@id\":\"https:\/\/www.cedol.org.ar\/logistica\/se-viene-12o-encuentro-cedol-2022-modalidad-presencial\/#primaryimage\"},\"thumbnailUrl\":\"https:\/\/www.cedol.org.ar\/logistica\/wp-content\/uploads\/2022\/08\/Encuentro-CEDOL-2022.jpg\",\"datePublished\":\"2022-08-31T15:43:32+00:00\",\"dateModified\":\"2022-08-31T19:09:17+00:00\",\"author\":{\"@id\":\"https:\/\/www.cedol.org.ar\/logistica\/#\/schema\/person\/40275bdb20446824fc74d51aabe22e83\"},\"description\":\"Se llevar\u00e1 a cabo el pr\u00f3ximo 15 de septiembre en el espacio Golden Center de Parque Norte entre las 8 y las 13 horas.\",\"breadcrumb\":{\"@id\":\"https:\/\/www.cedol.org.ar\/logistica\/se-viene-12o-encuentro-cedol-2022-modalidad-presencial\/#breadcrumb\"},\"inLanguage\":\"es\",\"potentialAction\":[{\"@type\":\"ReadAction\",\"target\":[\"https:\/\/www.cedol.org.ar\/logistica\/se-viene-12o-encuentro-cedol-2022-modalidad-presencial\/\"]}]},{\"@type\":\"ImageObject\",\"inLanguage\":\"es\",\"@id\":\"https:\/\/www.cedol.org.ar\/logistica\/se-viene-12o-encuentro-cedol-2022-modalidad-presencial\/#primaryimage\",\"url\":\"https:\/\/www.cedol.org.ar\/logistica\/wp-content\/uploads\/2022\/08\/Encuentro-CEDOL-2022.jpg\",\"contentUrl\":\"https:\/\/www.cedol.org.ar\/logistica\/wp-content\/uploads\/2022\/08\/Encuentro-CEDOL-2022.jpg\",\"width\":700,\"height\":350},{\"@type\":\"BreadcrumbList\",\"@id\":\"https:\/\/www.cedol.org.ar\/logistica\/se-viene-12o-encuentro-cedol-2022-modalidad-presencial\/#breadcrumb\",\"itemListElement\":[{\"@type\":\"ListItem\",\"position\":1,\"name\":\"Home\",\"item\":\"https:\/\/www.cedol.org.ar\/logistica\/\"},{\"@type\":\"ListItem\",\"position\":2,\"name\":\"SE VIENE EL 12\u00ba ENCUENTRO CEDOL 2022 EN MODALIDAD PRESENCIAL\"}]},{\"@type\":\"WebSite\",\"@id\":\"https:\/\/www.cedol.org.ar\/logistica\/#website\",\"url\":\"https:\/\/www.cedol.org.ar\/logistica\/\",\"name\":\"CEDOL\",\"description\":\"C\u00c1MARA EMPRESARIA DE OPERADORES LOG\u00cdSTICOS\",\"potentialAction\":[{\"@type\":\"SearchAction\",\"target\":{\"@type\":\"EntryPoint\",\"urlTemplate\":\"https:\/\/www.cedol.org.ar\/logistica\/?s={search_term_string}\"},\"query-input\":\"required name=search_term_string\"}],\"inLanguage\":\"es\"},{\"@type\":\"Person\",\"@id\":\"https:\/\/www.cedol.org.ar\/logistica\/#\/schema\/person\/40275bdb20446824fc74d51aabe22e83\",\"name\":\"admin\"}]}<\/script>\n<!-- \/ Yoast SEO plugin. -->","yoast_head_json":{"title":"SE VIENE EL 12\u00ba ENCUENTRO CEDOL 2022 EN MODALIDAD PRESENCIAL &#187; CEDOL","description":"Se llevar\u00e1 a cabo el pr\u00f3ximo 15 de septiembre en el espacio Golden Center de Parque Norte entre las 8 y las 13 horas.","robots":{"index":"index","follow":"follow","max-snippet":"max-snippet:-1","max-image-preview":"max-image-preview:large","max-video-preview":"max-video-preview:-1"},"canonical":"https:\/\/www.cedol.org.ar\/logistica\/se-viene-12o-encuentro-cedol-2022-modalidad-presencial\/","og_locale":"es_ES","og_type":"article","og_title":"SE VIENE EL 12\u00ba ENCUENTRO CEDOL 2022 EN MODALIDAD PRESENCIAL &#187; CEDOL","og_description":"Se llevar\u00e1 a cabo el pr\u00f3ximo 15 de septiembre en el espacio Golden Center de Parque Norte entre las 8 y las 13 horas.","og_url":"https:\/\/www.cedol.org.ar\/logistica\/se-viene-12o-encuentro-cedol-2022-modalidad-presencial\/","og_site_name":"CEDOL","article_published_time":"2022-08-31T15:43:32+00:00","article_modified_time":"2022-08-31T19:09:17+00:00","og_image":[{"width":700,"height":350,"url":"https:\/\/www.cedol.org.ar\/logistica\/wp-content\/uploads\/2022\/08\/Encuentro-CEDOL-2022.jpg","type":"image\/jpeg"}],"author":"admin","twitter_card":"summary_large_image","twitter_misc":{"Escrito por":"admin","Tiempo de lectura":"2 minutos"},"schema":{"@context":"https:\/\/schema.org","@graph":[{"@type":"WebPage","@id":"https:\/\/www.cedol.org.ar\/logistica\/se-viene-12o-encuentro-cedol-2022-modalidad-presencial\/","url":"https:\/\/www.cedol.org.ar\/logistica\/se-viene-12o-encuentro-cedol-2022-modalidad-presencial\/","name":"SE VIENE EL 12\u00ba ENCUENTRO CEDOL 2022 EN MODALIDAD PRESENCIAL &#187; CEDOL","isPartOf":{"@id":"https:\/\/www.cedol.org.ar\/logistica\/#website"},"primaryImageOfPage":{"@id":"https:\/\/www.cedol.org.ar\/logistica\/se-viene-12o-encuentro-cedol-2022-modalidad-presencial\/#primaryimage"},"image":{"@id":"https:\/\/www.cedol.org.ar\/logistica\/se-viene-12o-encuentro-cedol-2022-modalidad-presencial\/#primaryimage"},"thumbnailUrl":"https:\/\/www.cedol.org.ar\/logistica\/wp-content\/uploads\/2022\/08\/Encuentro-CEDOL-2022.jpg","datePublished":"2022-08-31T15:43:32+00:00","dateModified":"2022-08-31T19:09:17+00:00","author":{"@id":"https:\/\/www.cedol.org.ar\/logistica\/#\/schema\/person\/40275bdb20446824fc74d51aabe22e83"},"description":"Se llevar\u00e1 a cabo el pr\u00f3ximo 15 de septiembre en el espacio Golden Center de Parque Norte entre las 8 y las 13 horas.","breadcrumb":{"@id":"https:\/\/www.cedol.org.ar\/logistica\/se-viene-12o-encuentro-cedol-2022-modalidad-presencial\/#breadcrumb"},"inLanguage":"es","potentialAction":[{"@type":"ReadAction","target":["https:\/\/www.cedol.org.ar\/logistica\/se-viene-12o-encuentro-cedol-2022-modalidad-presencial\/"]}]},{"@type":"ImageObject","inLanguage":"es","@id":"https:\/\/www.cedol.org.ar\/logistica\/se-viene-12o-encuentro-cedol-2022-modalidad-presencial\/#primaryimage","url":"https:\/\/www.cedol.org.ar\/logistica\/wp-content\/uploads\/2022\/08\/Encuentro-CEDOL-2022.jpg","contentUrl":"https:\/\/www.cedol.org.ar\/logistica\/wp-content\/uploads\/2022\/08\/Encuentro-CEDOL-2022.jpg","width":700,"height":350},{"@type":"BreadcrumbList","@id":"https:\/\/www.cedol.org.ar\/logistica\/se-viene-12o-encuentro-cedol-2022-modalidad-presencial\/#breadcrumb","itemListElement":[{"@type":"ListItem","position":1,"name":"Home","item":"https:\/\/www.cedol.org.ar\/logistica\/"},{"@type":"ListItem","position":2,"name":"SE VIENE EL 12\u00ba ENCUENTRO CEDOL 2022 EN MODALIDAD PRESENCIAL"}]},{"@type":"WebSite","@id":"https:\/\/www.cedol.org.ar\/logistica\/#website","url":"https:\/\/www.cedol.org.ar\/logistica\/","name":"CEDOL","description":"C\u00c1MARA EMPRESARIA DE OPERADORES LOG\u00cdSTICOS","potentialAction":[{"@type":"SearchAction","target":{"@type":"EntryPoint","urlTemplate":"https:\/\/www.cedol.org.ar\/logistica\/?s={search_term_string}"},"query-input":"required name=search_term_string"}],"inLanguage":"es"},{"@type":"Person","@id":"https:\/\/www.cedol.org.ar\/logistica\/#\/schema\/person\/40275bdb20446824fc74d51aabe22e83","name":"admin"}]}},"_links":{"self":[{"href":"https:\/\/www.cedol.org.ar\/logistica\/wp-json\/wp\/v2\/posts\/3188","targetHints":{"allow":["GET"]}}],"collection":[{"href":"https:\/\/www.cedol.org.ar\/logistica\/wp-json\/wp\/v2\/posts"}],"about":[{"href":"https:\/\/www.cedol.org.ar\/logistica\/wp-json\/wp\/v2\/types\/post"}],"author":[{"embeddable":true,"href":"https:\/\/www.cedol.org.ar\/logistica\/wp-json\/wp\/v2\/users\/1"}],"replies":[{"embeddable":true,"href":"https:\/\/www.cedol.org.ar\/logistica\/wp-json\/wp\/v2\/comments?post=3188"}],"version-history":[{"count":1,"href":"https:\/\/www.cedol.org.ar\/logistica\/wp-json\/wp\/v2\/posts\/3188\/revisions"}],"predecessor-version":[{"id":3190,"href":"https:\/\/www.cedol.org.ar\/logistica\/wp-json\/wp\/v2\/posts\/3188\/revisions\/3190"}],"wp:featuredmedia":[{"embeddable":true,"href":"https:\/\/www.cedol.org.ar\/logistica\/wp-json\/wp\/v2\/media\/3189"}],"wp:attachment":[{"href":"https:\/\/www.cedol.org.ar\/logistica\/wp-json\/wp\/v2\/media?parent=3188"}],"wp:term":[{"taxonomy":"category","embeddable":true,"href":"https:\/\/www.cedol.org.ar\/logistica\/wp-json\/wp\/v2\/categories?post=3188"},{"taxonomy":"post_tag","embeddable":true,"href":"https:\/\/www.cedol.org.ar\/logistica\/wp-json\/wp\/v2\/tags?post=3188"}],"curies":[{"name":"wp","href":"https:\/\/api.w.org\/{rel}","templated":true}]}}