{"id":3142,"date":"2022-06-29T15:55:09","date_gmt":"2022-06-29T15:55:09","guid":{"rendered":"https:\/\/www.cedol.org.ar\/logistica\/?p=3142"},"modified":"2022-06-29T15:55:09","modified_gmt":"2022-06-29T15:55:09","slug":"pesar-repudio-cedol-tragico-suceso-daireaux","status":"publish","type":"post","link":"https:\/\/www.cedol.org.ar\/logistica\/pesar-repudio-cedol-tragico-suceso-daireaux\/","title":{"rendered":"Pesar y repudio de CEDOL por el tr\u00e1gico suceso en Daireaux"},"content":{"rendered":"<p class=\"p1\"><b>Buenos Aires, 28 de junio 2022 <\/b>&#8211; Desde la C\u00e1mara Empresaria de Operadores Log\u00edsticos (CEDOL) expresamos nuestro pesar y repudio por el tr\u00e1gico hecho ocurrido en la tarde de ayer en la Ruta provincial 65, en la localidad de Daireaux, que le cost\u00f3 la vida a Guillermo Jara, chofer de Transporte Segovia, quien estaba prestando servicio a una empresa miembro de nuestra C\u00e1mara.<span class=\"Apple-converted-space\">\u00a0<\/span><\/p>\n<p class=\"p1\">Repudiamos la inexplicable violencia que desencaden\u00f3 en este brutal suceso e instamos a las autoridades a tomar todas las medidas necesarias para garantizar la libertad de tr\u00e1nsito en todo el territorio nacional, as\u00ed como llevar a la justicia a quienes resulten responsables.<\/p>\n<p class=\"p1\">Desde CEDOL venimos reclamando a los distintos actores responsables a tomar las medidas necesarias para garantizar el suministro de insumos b\u00e1sicos como son el combustible y los neum\u00e1ticos. La log\u00edstica es una actividad fundamental para la vida econ\u00f3mica del pa\u00eds y, por ende, es de vital importancia que funcione correctamente.<span class=\"Apple-converted-space\">\u00a0<\/span><\/p>\n<p class=\"p1\">Apoyamos a nuestra Federaci\u00f3n Argentina de Entidades de Transporte y Log\u00edstica (FAETyL) y a todas las c\u00e1maras y federaciones representativas del sector, a seguir buscando los canales de di\u00e1logo y consenso necesarios para solucionar esta coyuntura y posibilitar el desarrollo sustentable de nuestra actividad y del pa\u00eds.<span class=\"Apple-converted-space\">\u00a0<\/span><\/p>\n<p class=\"p1\">Acompa\u00f1amos a la familia y amigos de Guillermo Jara en este doloroso momento.<span class=\"Apple-converted-space\">\u00a0<\/span><\/p>\n<p class=\"p1\"><b>Hern\u00e1n S\u00e1nchez<\/b><\/p>\n<p class=\"p1\">Presidente de CEDOL<\/p>\n<p class=\"p3\"><span class=\"s1\"><b>Acerca de CEDOL (Integrante de FAETyL)<span class=\"Apple-converted-space\">\u00a0<\/span><\/b><\/span><\/p>\n<p class=\"p3\">La C\u00e1mara Empresaria de Operadores Log\u00edsticos se fund\u00f3 en noviembre de 1998 para asumir la representaci\u00f3n de las empresas que tienen como principal actividad la prestaci\u00f3n de servicios log\u00edsticos: traslado, almacenamiento, ensamble y procesos industriales, fraccionamiento de mercader\u00edas para su transporte y distribuci\u00f3n, ejerciendo el control, la administraci\u00f3n de la informaci\u00f3n y la responsabilidad en las etapas de la cadena de abastecimiento.<span class=\"Apple-converted-space\">\u00a0<\/span><\/p>\n<p class=\"p1\"><b>CONTACTO DE PRENSA<span class=\"Apple-converted-space\">\u00a0<\/span><\/b><\/p>\n<p class=\"p4\">Agustina Monti<br \/>\n<a href=\"mailto:agustina.monti@gmail.com\"><span class=\"s2\">agustina.monti@gmail.com<\/span><\/a><br \/>\nTel. +54 9 11 6021 6785<\/p>\n<p class=\"p4\">Amelia Jauregui<br \/>\n<a href=\"mailto:amejauregui@gmail.com\"><span class=\"s2\">amejauregui@gmail.com<\/span><\/a><br \/>\n+54 11 6021 7542<span class=\"s3\">\u00a0<\/span><\/p>\n","protected":false},"excerpt":{"rendered":"<p>Buenos Aires, 28 de junio 2022 &#8211; Desde la C\u00e1mara Empresaria de Operadores Log\u00edsticos (CEDOL) expresamos nuestro pesar y repudio por el tr\u00e1gico hecho ocurrido [&hellip;]<\/p>\n","protected":false},"author":1,"featured_media":0,"comment_status":"open","ping_status":"open","sticky":false,"template":"","format":"standard","meta":{"_monsterinsights_skip_tracking":false,"_monsterinsights_sitenote_active":false,"_monsterinsights_sitenote_note":"","_monsterinsights_sitenote_category":0,"footnotes":""},"categories":[8],"tags":[],"class_list":["post-3142","post","type-post","status-publish","format-standard","hentry","category-estadisticas"],"yoast_head":"<!-- This site is optimized with the Yoast SEO plugin v22.3 - https:\/\/yoast.com\/wordpress\/plugins\/seo\/ -->\n<title>Pesar y repudio de CEDOL por el tr\u00e1gico suceso en Daireaux &#187; CEDOL<\/title>\n<meta name=\"description\" content=\"Buenos Aires, 28 de junio 2022 - Desde la C\u00e1mara Empresaria de Operadores Log\u00edsticos (CEDOL) expresamos nuestro pesar y repudio por el tr\u00e1gico hecho ocurrido en la tarde de ayer en la Ruta provincial 65, en la localidad de Daireaux, que le cost\u00f3 la vida a Guillermo Jara, chofer de Transporte Segovia, quien estaba prestando servicio a una empresa miembro de nuestra C\u00e1mara.\u00a0\" \/>\n<meta name=\"robots\" content=\"index, follow, max-snippet:-1, max-image-preview:large, max-video-preview:-1\" \/>\n<link rel=\"canonical\" href=\"https:\/\/www.cedol.org.ar\/logistica\/pesar-repudio-cedol-tragico-suceso-daireaux\/\" \/>\n<meta property=\"og:locale\" content=\"es_ES\" \/>\n<meta property=\"og:type\" content=\"article\" \/>\n<meta property=\"og:title\" content=\"Pesar y repudio de CEDOL por el tr\u00e1gico suceso en Daireaux &#187; CEDOL\" \/>\n<meta property=\"og:description\" content=\"Buenos Aires, 28 de junio 2022 - Desde la C\u00e1mara Empresaria de Operadores Log\u00edsticos (CEDOL) expresamos nuestro pesar y repudio por el tr\u00e1gico hecho ocurrido en la tarde de ayer en la Ruta provincial 65, en la localidad de Daireaux, que le cost\u00f3 la vida a Guillermo Jara, chofer de Transporte Segovia, quien estaba prestando servicio a una empresa miembro de nuestra C\u00e1mara.\u00a0\" \/>\n<meta property=\"og:url\" content=\"https:\/\/www.cedol.org.ar\/logistica\/pesar-repudio-cedol-tragico-suceso-daireaux\/\" \/>\n<meta property=\"og:site_name\" content=\"CEDOL\" \/>\n<meta property=\"article:published_time\" content=\"2022-06-29T15:55:09+00:00\" \/>\n<meta name=\"author\" content=\"admin\" \/>\n<meta name=\"twitter:card\" content=\"summary_large_image\" \/>\n<meta name=\"twitter:label1\" content=\"Escrito por\" \/>\n\t<meta name=\"twitter:data1\" content=\"admin\" \/>\n\t<meta name=\"twitter:label2\" content=\"Tiempo de lectura\" \/>\n\t<meta name=\"twitter:data2\" content=\"2 minutos\" \/>\n<script type=\"application\/ld+json\" class=\"yoast-schema-graph\">{\"@context\":\"https:\/\/schema.org\",\"@graph\":[{\"@type\":\"WebPage\",\"@id\":\"https:\/\/www.cedol.org.ar\/logistica\/pesar-repudio-cedol-tragico-suceso-daireaux\/\",\"url\":\"https:\/\/www.cedol.org.ar\/logistica\/pesar-repudio-cedol-tragico-suceso-daireaux\/\",\"name\":\"Pesar y repudio de CEDOL por el tr\u00e1gico suceso en Daireaux &#187; CEDOL\",\"isPartOf\":{\"@id\":\"https:\/\/www.cedol.org.ar\/logistica\/#website\"},\"datePublished\":\"2022-06-29T15:55:09+00:00\",\"dateModified\":\"2022-06-29T15:55:09+00:00\",\"author\":{\"@id\":\"https:\/\/www.cedol.org.ar\/logistica\/#\/schema\/person\/40275bdb20446824fc74d51aabe22e83\"},\"description\":\"Buenos Aires, 28 de junio 2022 - Desde la C\u00e1mara Empresaria de Operadores Log\u00edsticos (CEDOL) expresamos nuestro pesar y repudio por el tr\u00e1gico hecho ocurrido en la tarde de ayer en la Ruta provincial 65, en la localidad de Daireaux, que le cost\u00f3 la vida a Guillermo Jara, chofer de Transporte Segovia, quien estaba prestando servicio a una empresa miembro de nuestra C\u00e1mara.\u00a0\",\"breadcrumb\":{\"@id\":\"https:\/\/www.cedol.org.ar\/logistica\/pesar-repudio-cedol-tragico-suceso-daireaux\/#breadcrumb\"},\"inLanguage\":\"es\",\"potentialAction\":[{\"@type\":\"ReadAction\",\"target\":[\"https:\/\/www.cedol.org.ar\/logistica\/pesar-repudio-cedol-tragico-suceso-daireaux\/\"]}]},{\"@type\":\"BreadcrumbList\",\"@id\":\"https:\/\/www.cedol.org.ar\/logistica\/pesar-repudio-cedol-tragico-suceso-daireaux\/#breadcrumb\",\"itemListElement\":[{\"@type\":\"ListItem\",\"position\":1,\"name\":\"Home\",\"item\":\"https:\/\/www.cedol.org.ar\/logistica\/\"},{\"@type\":\"ListItem\",\"position\":2,\"name\":\"Pesar y repudio de CEDOL por el tr\u00e1gico suceso en Daireaux\"}]},{\"@type\":\"WebSite\",\"@id\":\"https:\/\/www.cedol.org.ar\/logistica\/#website\",\"url\":\"https:\/\/www.cedol.org.ar\/logistica\/\",\"name\":\"CEDOL\",\"description\":\"C\u00c1MARA EMPRESARIA DE OPERADORES LOG\u00cdSTICOS\",\"potentialAction\":[{\"@type\":\"SearchAction\",\"target\":{\"@type\":\"EntryPoint\",\"urlTemplate\":\"https:\/\/www.cedol.org.ar\/logistica\/?s={search_term_string}\"},\"query-input\":\"required name=search_term_string\"}],\"inLanguage\":\"es\"},{\"@type\":\"Person\",\"@id\":\"https:\/\/www.cedol.org.ar\/logistica\/#\/schema\/person\/40275bdb20446824fc74d51aabe22e83\",\"name\":\"admin\"}]}<\/script>\n<!-- \/ Yoast SEO plugin. -->","yoast_head_json":{"title":"Pesar y repudio de CEDOL por el tr\u00e1gico suceso en Daireaux &#187; CEDOL","description":"Buenos Aires, 28 de junio 2022 - Desde la C\u00e1mara Empresaria de Operadores Log\u00edsticos (CEDOL) expresamos nuestro pesar y repudio por el tr\u00e1gico hecho ocurrido en la tarde de ayer en la Ruta provincial 65, en la localidad de Daireaux, que le cost\u00f3 la vida a Guillermo Jara, chofer de Transporte Segovia, quien estaba prestando servicio a una empresa miembro de nuestra C\u00e1mara.\u00a0","robots":{"index":"index","follow":"follow","max-snippet":"max-snippet:-1","max-image-preview":"max-image-preview:large","max-video-preview":"max-video-preview:-1"},"canonical":"https:\/\/www.cedol.org.ar\/logistica\/pesar-repudio-cedol-tragico-suceso-daireaux\/","og_locale":"es_ES","og_type":"article","og_title":"Pesar y repudio de CEDOL por el tr\u00e1gico suceso en Daireaux &#187; CEDOL","og_description":"Buenos Aires, 28 de junio 2022 - Desde la C\u00e1mara Empresaria de Operadores Log\u00edsticos (CEDOL) expresamos nuestro pesar y repudio por el tr\u00e1gico hecho ocurrido en la tarde de ayer en la Ruta provincial 65, en la localidad de Daireaux, que le cost\u00f3 la vida a Guillermo Jara, chofer de Transporte Segovia, quien estaba prestando servicio a una empresa miembro de nuestra C\u00e1mara.\u00a0","og_url":"https:\/\/www.cedol.org.ar\/logistica\/pesar-repudio-cedol-tragico-suceso-daireaux\/","og_site_name":"CEDOL","article_published_time":"2022-06-29T15:55:09+00:00","author":"admin","twitter_card":"summary_large_image","twitter_misc":{"Escrito por":"admin","Tiempo de lectura":"2 minutos"},"schema":{"@context":"https:\/\/schema.org","@graph":[{"@type":"WebPage","@id":"https:\/\/www.cedol.org.ar\/logistica\/pesar-repudio-cedol-tragico-suceso-daireaux\/","url":"https:\/\/www.cedol.org.ar\/logistica\/pesar-repudio-cedol-tragico-suceso-daireaux\/","name":"Pesar y repudio de CEDOL por el tr\u00e1gico suceso en Daireaux &#187; CEDOL","isPartOf":{"@id":"https:\/\/www.cedol.org.ar\/logistica\/#website"},"datePublished":"2022-06-29T15:55:09+00:00","dateModified":"2022-06-29T15:55:09+00:00","author":{"@id":"https:\/\/www.cedol.org.ar\/logistica\/#\/schema\/person\/40275bdb20446824fc74d51aabe22e83"},"description":"Buenos Aires, 28 de junio 2022 - Desde la C\u00e1mara Empresaria de Operadores Log\u00edsticos (CEDOL) expresamos nuestro pesar y repudio por el tr\u00e1gico hecho ocurrido en la tarde de ayer en la Ruta provincial 65, en la localidad de Daireaux, que le cost\u00f3 la vida a Guillermo Jara, chofer de Transporte Segovia, quien estaba prestando servicio a una empresa miembro de nuestra C\u00e1mara.\u00a0","breadcrumb":{"@id":"https:\/\/www.cedol.org.ar\/logistica\/pesar-repudio-cedol-tragico-suceso-daireaux\/#breadcrumb"},"inLanguage":"es","potentialAction":[{"@type":"ReadAction","target":["https:\/\/www.cedol.org.ar\/logistica\/pesar-repudio-cedol-tragico-suceso-daireaux\/"]}]},{"@type":"BreadcrumbList","@id":"https:\/\/www.cedol.org.ar\/logistica\/pesar-repudio-cedol-tragico-suceso-daireaux\/#breadcrumb","itemListElement":[{"@type":"ListItem","position":1,"name":"Home","item":"https:\/\/www.cedol.org.ar\/logistica\/"},{"@type":"ListItem","position":2,"name":"Pesar y repudio de CEDOL por el tr\u00e1gico suceso en Daireaux"}]},{"@type":"WebSite","@id":"https:\/\/www.cedol.org.ar\/logistica\/#website","url":"https:\/\/www.cedol.org.ar\/logistica\/","name":"CEDOL","description":"C\u00c1MARA EMPRESARIA DE OPERADORES LOG\u00cdSTICOS","potentialAction":[{"@type":"SearchAction","target":{"@type":"EntryPoint","urlTemplate":"https:\/\/www.cedol.org.ar\/logistica\/?s={search_term_string}"},"query-input":"required name=search_term_string"}],"inLanguage":"es"},{"@type":"Person","@id":"https:\/\/www.cedol.org.ar\/logistica\/#\/schema\/person\/40275bdb20446824fc74d51aabe22e83","name":"admin"}]}},"_links":{"self":[{"href":"https:\/\/www.cedol.org.ar\/logistica\/wp-json\/wp\/v2\/posts\/3142","targetHints":{"allow":["GET"]}}],"collection":[{"href":"https:\/\/www.cedol.org.ar\/logistica\/wp-json\/wp\/v2\/posts"}],"about":[{"href":"https:\/\/www.cedol.org.ar\/logistica\/wp-json\/wp\/v2\/types\/post"}],"author":[{"embeddable":true,"href":"https:\/\/www.cedol.org.ar\/logistica\/wp-json\/wp\/v2\/users\/1"}],"replies":[{"embeddable":true,"href":"https:\/\/www.cedol.org.ar\/logistica\/wp-json\/wp\/v2\/comments?post=3142"}],"version-history":[{"count":1,"href":"https:\/\/www.cedol.org.ar\/logistica\/wp-json\/wp\/v2\/posts\/3142\/revisions"}],"predecessor-version":[{"id":3143,"href":"https:\/\/www.cedol.org.ar\/logistica\/wp-json\/wp\/v2\/posts\/3142\/revisions\/3143"}],"wp:attachment":[{"href":"https:\/\/www.cedol.org.ar\/logistica\/wp-json\/wp\/v2\/media?parent=3142"}],"wp:term":[{"taxonomy":"category","embeddable":true,"href":"https:\/\/www.cedol.org.ar\/logistica\/wp-json\/wp\/v2\/categories?post=3142"},{"taxonomy":"post_tag","embeddable":true,"href":"https:\/\/www.cedol.org.ar\/logistica\/wp-json\/wp\/v2\/tags?post=3142"}],"curies":[{"name":"wp","href":"https:\/\/api.w.org\/{rel}","templated":true}]}}