{"id":2867,"date":"2021-06-09T00:30:09","date_gmt":"2021-06-09T00:30:09","guid":{"rendered":"https:\/\/www.cedol.org.ar\/logistica\/?p=2867"},"modified":"2021-06-09T00:32:12","modified_gmt":"2021-06-09T00:32:12","slug":"impulsados-combustible-vuelven-subir-los-componentes-costos-logisticos","status":"publish","type":"post","link":"https:\/\/www.cedol.org.ar\/logistica\/impulsados-combustible-vuelven-subir-los-componentes-costos-logisticos\/","title":{"rendered":"IMPULSADOS POR EL COMBUSTIBLE, VUELVEN A SUBIR LOS COMPONENTES DE COSTOS LOG\u00cdSTICOS"},"content":{"rendered":"<p class=\"p1\"><b>\u00cdndice Nacional de Costos Log\u00edsticos UTN \/ CEDOL \u2013 Mayo 2021.<\/b><\/p>\n<p class=\"p1\">La<b>\u00a0Universidad Tecnol\u00f3gica Nacional<\/b>\u00a0<b>(UTN)<\/b>\u00a0a trav\u00e9s de su Centro Tecnol\u00f3gico de Transporte, Tr\u00e1nsito y Seguridad Vial (C3T), dio a conocer la evoluci\u00f3n del \u00cdndice de Costos Log\u00edsticos Nacionales elaborado para la<b>\u00a0C\u00e1mara Empresaria de Operadores Log\u00edsticos (CEDOL)<\/b>, correspondiente al mes de mayo y al acumulado<b>\u00a0<\/b>de los \u00faltimos 12 meses.<\/p>\n<p class=\"p1\">La\u00a0<b>variaci\u00f3n del mes<\/b>\u00a0para los indicadores ha sido la siguiente:<\/p>\n<p class=\"p1\"><b>CEDOL Con Costos de Transporte&#8230;&#8230;&#8230;&#8230;&#8230;&#8230;&#8230;&#8230;&#8230;&#8230;2,89%<br \/>\n<\/b><b>CEDOL Sin Costos de Transporte&#8230;&#8230;&#8230;&#8230;&#8230;&#8230;&#8230;&#8230;&#8230;&#8230;..0,40%<br \/>\n<\/b><b>Distribuci\u00f3n Urbana Con Acompa\u00f1ante&#8230;&#8230;&#8230;&#8230;&#8230;&#8230;&#8230;.1,42%<br \/>\n<\/b><b>Distribuci\u00f3n Urbana Sin Acompa\u00f1ante&#8230;&#8230;&#8230;&#8230;&#8230;&#8230;&#8230;&#8230;2,00%<\/b><\/p>\n<p class=\"p1\">El fuerte impacto de este mes se produjo en los indicadores asociados al transporte de carga, especialmente con el incremento de combustible, a lo cual se sumaron otros tambi\u00e9n significativos, como neum\u00e1ticos y lubricantes.<\/p>\n<p class=\"p1\">Esta situaci\u00f3n se verifica tambi\u00e9n en el \u00edndice de FADEEAC que muestra un mes de mayo con 3,16% de aumento y un acumulado en 12 meses del 55,63%. Al respecto, es clave destacar la suba del combustible en los \u00faltimos 12 meses que lleg\u00f3 a 68,05%.<\/p>\n<p class=\"p1\">Por su parte, los porcentajes\u00a0<b>acumulados\u00a0<\/b>para el \u00cdndice de costos log\u00edsticos en los<b>\u00a0\u00faltimos 12 meses\u00a0<\/b>tambi\u00e9n demuestran una suba considerable, con los siguientes incrementos:<\/p>\n<p class=\"p1\"><b>CEDOL Con Costos de Transporte&#8230;&#8230;&#8230;&#8230;&#8230;&#8230;&#8230;&#8230;&#8230;&#8230;53,47%<br \/>\n<\/b><b>CEDOL Sin Costos de Transporte&#8230;&#8230;&#8230;&#8230;&#8230;&#8230;&#8230;&#8230;&#8230;&#8230;..38,80%<br \/>\n<\/b><b>Distribuci\u00f3n Urbana Con Acompa\u00f1ante&#8230;&#8230;&#8230;&#8230;&#8230;&#8230;&#8230;.38,65%<br \/>\n<\/b><b>Distribuci\u00f3n Urbana Sin Acompa\u00f1ante&#8230;&#8230;&#8230;&#8230;&#8230;&#8230;&#8230;&#8230;41,91%<\/b><\/p>\n<p class=\"p1\">Al observar estos indicadores anuales vemos que los aumentos se corresponden principalmente con\u00a0<b>incrementos en los valores del combustible (68%)<\/b>\u00a0y, en segundo lugar, con los de la Paritaria resultante del\u00a0<b>Convenio 40\/89<\/b>. Adem\u00e1s, se aprecia que, en general, todos los valores de los componentes que integran el \u00edndice de costos log\u00edsticos -tipo de cambio, neum\u00e1ticos, film\u00a0<i>strech<\/i>, lubricantes y otros-, tambi\u00e9n se incrementaron.<\/p>\n<p class=\"p1\">En resumen,\u00a0<b>se presenta un preocupante avance en los valores de estos componentes de costos que pronostican un a\u00f1o con subas significativas para la actividad del transporte y la log\u00edstica<\/b>. Con este ritmo de aumentos, la situaci\u00f3n se vuelve muy compleja para las empresas del sector al momento de administrar la totalidad de estos costos variantes.<\/p>\n<p class=\"p1\"><b>Otros costos no contemplados<br \/>\n<\/b>Cabe recordar que durante pr\u00e1cticamente todo el a\u00f1o 2020 y lo que va del 2021, las empresas de log\u00edstica han trabajado con capacidad ociosa por debajo de los m\u00e1rgenes operativos habituales en el sector (almacenes, equipamiento, veh\u00edculos, automatizaciones, metros cuadrados, etc.), lo que tambi\u00e9n provoca otros elevados costos de improductividad.<\/p>\n<p class=\"p1\">Adem\u00e1s, regularmente se informa sobre la evoluci\u00f3n de los costos una vez cerrado el mes, por lo que la aplicaci\u00f3n de las nuevas tarifas que surgen del \u00cdndice se realiza a mes vencido, lo que origina un costo financiero que no se refleja en los indicadores. Por otro lado, tambi\u00e9n hay que mencionar los costos surgidos en la pandemia, por ejemplo, relacionados al personal con licencia (grupo de riesgo). \u00c9stos se mantuvieron en promedio, durante 2020 y lo que va de 2021, en 10% de la n\u00f3mina, lo que representa otro costo que tampoco se refleja en los indicadores.<\/p>\n<p class=\"p1\">El objetivo de estos indicadores es reflejar mensualmente las variaciones de todos los costos log\u00edsticos, a excepci\u00f3n -precisamente- de las improductividades que suelen generarse por causas externas a los operadores log\u00edsticos.<\/p>\n","protected":false},"excerpt":{"rendered":"<p>\u00cdndice Nacional de Costos Log\u00edsticos UTN \/ CEDOL \u2013 Mayo 2021. La\u00a0Universidad Tecnol\u00f3gica Nacional\u00a0(UTN)\u00a0a trav\u00e9s de su Centro Tecnol\u00f3gico de Transporte, Tr\u00e1nsito y Seguridad Vial [&hellip;]<\/p>\n","protected":false},"author":1,"featured_media":2125,"comment_status":"open","ping_status":"open","sticky":true,"template":"","format":"standard","meta":{"_monsterinsights_skip_tracking":false,"_monsterinsights_sitenote_active":false,"_monsterinsights_sitenote_note":"","_monsterinsights_sitenote_category":0,"footnotes":""},"categories":[4],"tags":[],"class_list":["post-2867","post","type-post","status-publish","format-standard","has-post-thumbnail","hentry","category-noticias"],"yoast_head":"<!-- This site is optimized with the Yoast SEO plugin v22.3 - https:\/\/yoast.com\/wordpress\/plugins\/seo\/ -->\n<title>IMPULSADOS POR EL COMBUSTIBLE, VUELVEN A SUBIR LOS COMPONENTES DE COSTOS LOG\u00cdSTICOS &#187; CEDOL<\/title>\n<meta name=\"description\" content=\"\u00cdndice Nacional de Costos Log\u00edsticos UTN \/ CEDOL \u2013 Mayo 2021.\" \/>\n<meta name=\"robots\" content=\"index, follow, max-snippet:-1, max-image-preview:large, max-video-preview:-1\" \/>\n<link rel=\"canonical\" href=\"https:\/\/www.cedol.org.ar\/logistica\/impulsados-combustible-vuelven-subir-los-componentes-costos-logisticos\/\" \/>\n<meta property=\"og:locale\" content=\"es_ES\" \/>\n<meta property=\"og:type\" content=\"article\" \/>\n<meta property=\"og:title\" content=\"IMPULSADOS POR EL COMBUSTIBLE, VUELVEN A SUBIR LOS COMPONENTES DE COSTOS LOG\u00cdSTICOS &#187; CEDOL\" \/>\n<meta property=\"og:description\" content=\"\u00cdndice Nacional de Costos Log\u00edsticos UTN \/ CEDOL \u2013 Mayo 2021.\" \/>\n<meta property=\"og:url\" content=\"https:\/\/www.cedol.org.ar\/logistica\/impulsados-combustible-vuelven-subir-los-componentes-costos-logisticos\/\" \/>\n<meta property=\"og:site_name\" content=\"CEDOL\" \/>\n<meta property=\"article:published_time\" content=\"2021-06-09T00:30:09+00:00\" \/>\n<meta property=\"article:modified_time\" content=\"2021-06-09T00:32:12+00:00\" \/>\n<meta property=\"og:image\" content=\"https:\/\/www.cedol.org.ar\/logistica\/wp-content\/uploads\/2018\/10\/ima-indices-1070.jpg\" \/>\n\t<meta property=\"og:image:width\" content=\"1070\" \/>\n\t<meta property=\"og:image:height\" content=\"540\" \/>\n\t<meta property=\"og:image:type\" content=\"image\/jpeg\" \/>\n<meta name=\"author\" content=\"admin\" \/>\n<meta name=\"twitter:card\" content=\"summary_large_image\" \/>\n<meta name=\"twitter:label1\" content=\"Escrito por\" \/>\n\t<meta name=\"twitter:data1\" content=\"admin\" \/>\n\t<meta name=\"twitter:label2\" content=\"Tiempo de lectura\" \/>\n\t<meta name=\"twitter:data2\" content=\"3 minutos\" \/>\n<script type=\"application\/ld+json\" class=\"yoast-schema-graph\">{\"@context\":\"https:\/\/schema.org\",\"@graph\":[{\"@type\":\"WebPage\",\"@id\":\"https:\/\/www.cedol.org.ar\/logistica\/impulsados-combustible-vuelven-subir-los-componentes-costos-logisticos\/\",\"url\":\"https:\/\/www.cedol.org.ar\/logistica\/impulsados-combustible-vuelven-subir-los-componentes-costos-logisticos\/\",\"name\":\"IMPULSADOS POR EL COMBUSTIBLE, VUELVEN A SUBIR LOS COMPONENTES DE COSTOS LOG\u00cdSTICOS &#187; CEDOL\",\"isPartOf\":{\"@id\":\"https:\/\/www.cedol.org.ar\/logistica\/#website\"},\"primaryImageOfPage\":{\"@id\":\"https:\/\/www.cedol.org.ar\/logistica\/impulsados-combustible-vuelven-subir-los-componentes-costos-logisticos\/#primaryimage\"},\"image\":{\"@id\":\"https:\/\/www.cedol.org.ar\/logistica\/impulsados-combustible-vuelven-subir-los-componentes-costos-logisticos\/#primaryimage\"},\"thumbnailUrl\":\"https:\/\/www.cedol.org.ar\/logistica\/wp-content\/uploads\/2018\/10\/ima-indices-1070.jpg\",\"datePublished\":\"2021-06-09T00:30:09+00:00\",\"dateModified\":\"2021-06-09T00:32:12+00:00\",\"author\":{\"@id\":\"https:\/\/www.cedol.org.ar\/logistica\/#\/schema\/person\/40275bdb20446824fc74d51aabe22e83\"},\"description\":\"\u00cdndice Nacional de Costos Log\u00edsticos UTN \/ CEDOL \u2013 Mayo 2021.\",\"breadcrumb\":{\"@id\":\"https:\/\/www.cedol.org.ar\/logistica\/impulsados-combustible-vuelven-subir-los-componentes-costos-logisticos\/#breadcrumb\"},\"inLanguage\":\"es\",\"potentialAction\":[{\"@type\":\"ReadAction\",\"target\":[\"https:\/\/www.cedol.org.ar\/logistica\/impulsados-combustible-vuelven-subir-los-componentes-costos-logisticos\/\"]}]},{\"@type\":\"ImageObject\",\"inLanguage\":\"es\",\"@id\":\"https:\/\/www.cedol.org.ar\/logistica\/impulsados-combustible-vuelven-subir-los-componentes-costos-logisticos\/#primaryimage\",\"url\":\"https:\/\/www.cedol.org.ar\/logistica\/wp-content\/uploads\/2018\/10\/ima-indices-1070.jpg\",\"contentUrl\":\"https:\/\/www.cedol.org.ar\/logistica\/wp-content\/uploads\/2018\/10\/ima-indices-1070.jpg\",\"width\":1070,\"height\":540,\"caption\":\"\u00cdndices UTN \/ CEDOL\"},{\"@type\":\"BreadcrumbList\",\"@id\":\"https:\/\/www.cedol.org.ar\/logistica\/impulsados-combustible-vuelven-subir-los-componentes-costos-logisticos\/#breadcrumb\",\"itemListElement\":[{\"@type\":\"ListItem\",\"position\":1,\"name\":\"Home\",\"item\":\"https:\/\/www.cedol.org.ar\/logistica\/\"},{\"@type\":\"ListItem\",\"position\":2,\"name\":\"IMPULSADOS POR EL COMBUSTIBLE, VUELVEN A SUBIR LOS COMPONENTES DE COSTOS LOG\u00cdSTICOS\"}]},{\"@type\":\"WebSite\",\"@id\":\"https:\/\/www.cedol.org.ar\/logistica\/#website\",\"url\":\"https:\/\/www.cedol.org.ar\/logistica\/\",\"name\":\"CEDOL\",\"description\":\"C\u00c1MARA EMPRESARIA DE OPERADORES LOG\u00cdSTICOS\",\"potentialAction\":[{\"@type\":\"SearchAction\",\"target\":{\"@type\":\"EntryPoint\",\"urlTemplate\":\"https:\/\/www.cedol.org.ar\/logistica\/?s={search_term_string}\"},\"query-input\":\"required name=search_term_string\"}],\"inLanguage\":\"es\"},{\"@type\":\"Person\",\"@id\":\"https:\/\/www.cedol.org.ar\/logistica\/#\/schema\/person\/40275bdb20446824fc74d51aabe22e83\",\"name\":\"admin\"}]}<\/script>\n<!-- \/ Yoast SEO plugin. -->","yoast_head_json":{"title":"IMPULSADOS POR EL COMBUSTIBLE, VUELVEN A SUBIR LOS COMPONENTES DE COSTOS LOG\u00cdSTICOS &#187; CEDOL","description":"\u00cdndice Nacional de Costos Log\u00edsticos UTN \/ CEDOL \u2013 Mayo 2021.","robots":{"index":"index","follow":"follow","max-snippet":"max-snippet:-1","max-image-preview":"max-image-preview:large","max-video-preview":"max-video-preview:-1"},"canonical":"https:\/\/www.cedol.org.ar\/logistica\/impulsados-combustible-vuelven-subir-los-componentes-costos-logisticos\/","og_locale":"es_ES","og_type":"article","og_title":"IMPULSADOS POR EL COMBUSTIBLE, VUELVEN A SUBIR LOS COMPONENTES DE COSTOS LOG\u00cdSTICOS &#187; CEDOL","og_description":"\u00cdndice Nacional de Costos Log\u00edsticos UTN \/ CEDOL \u2013 Mayo 2021.","og_url":"https:\/\/www.cedol.org.ar\/logistica\/impulsados-combustible-vuelven-subir-los-componentes-costos-logisticos\/","og_site_name":"CEDOL","article_published_time":"2021-06-09T00:30:09+00:00","article_modified_time":"2021-06-09T00:32:12+00:00","og_image":[{"width":1070,"height":540,"url":"https:\/\/www.cedol.org.ar\/logistica\/wp-content\/uploads\/2018\/10\/ima-indices-1070.jpg","type":"image\/jpeg"}],"author":"admin","twitter_card":"summary_large_image","twitter_misc":{"Escrito por":"admin","Tiempo de lectura":"3 minutos"},"schema":{"@context":"https:\/\/schema.org","@graph":[{"@type":"WebPage","@id":"https:\/\/www.cedol.org.ar\/logistica\/impulsados-combustible-vuelven-subir-los-componentes-costos-logisticos\/","url":"https:\/\/www.cedol.org.ar\/logistica\/impulsados-combustible-vuelven-subir-los-componentes-costos-logisticos\/","name":"IMPULSADOS POR EL COMBUSTIBLE, VUELVEN A SUBIR LOS COMPONENTES DE COSTOS LOG\u00cdSTICOS &#187; CEDOL","isPartOf":{"@id":"https:\/\/www.cedol.org.ar\/logistica\/#website"},"primaryImageOfPage":{"@id":"https:\/\/www.cedol.org.ar\/logistica\/impulsados-combustible-vuelven-subir-los-componentes-costos-logisticos\/#primaryimage"},"image":{"@id":"https:\/\/www.cedol.org.ar\/logistica\/impulsados-combustible-vuelven-subir-los-componentes-costos-logisticos\/#primaryimage"},"thumbnailUrl":"https:\/\/www.cedol.org.ar\/logistica\/wp-content\/uploads\/2018\/10\/ima-indices-1070.jpg","datePublished":"2021-06-09T00:30:09+00:00","dateModified":"2021-06-09T00:32:12+00:00","author":{"@id":"https:\/\/www.cedol.org.ar\/logistica\/#\/schema\/person\/40275bdb20446824fc74d51aabe22e83"},"description":"\u00cdndice Nacional de Costos Log\u00edsticos UTN \/ CEDOL \u2013 Mayo 2021.","breadcrumb":{"@id":"https:\/\/www.cedol.org.ar\/logistica\/impulsados-combustible-vuelven-subir-los-componentes-costos-logisticos\/#breadcrumb"},"inLanguage":"es","potentialAction":[{"@type":"ReadAction","target":["https:\/\/www.cedol.org.ar\/logistica\/impulsados-combustible-vuelven-subir-los-componentes-costos-logisticos\/"]}]},{"@type":"ImageObject","inLanguage":"es","@id":"https:\/\/www.cedol.org.ar\/logistica\/impulsados-combustible-vuelven-subir-los-componentes-costos-logisticos\/#primaryimage","url":"https:\/\/www.cedol.org.ar\/logistica\/wp-content\/uploads\/2018\/10\/ima-indices-1070.jpg","contentUrl":"https:\/\/www.cedol.org.ar\/logistica\/wp-content\/uploads\/2018\/10\/ima-indices-1070.jpg","width":1070,"height":540,"caption":"\u00cdndices UTN \/ CEDOL"},{"@type":"BreadcrumbList","@id":"https:\/\/www.cedol.org.ar\/logistica\/impulsados-combustible-vuelven-subir-los-componentes-costos-logisticos\/#breadcrumb","itemListElement":[{"@type":"ListItem","position":1,"name":"Home","item":"https:\/\/www.cedol.org.ar\/logistica\/"},{"@type":"ListItem","position":2,"name":"IMPULSADOS POR EL COMBUSTIBLE, VUELVEN A SUBIR LOS COMPONENTES DE COSTOS LOG\u00cdSTICOS"}]},{"@type":"WebSite","@id":"https:\/\/www.cedol.org.ar\/logistica\/#website","url":"https:\/\/www.cedol.org.ar\/logistica\/","name":"CEDOL","description":"C\u00c1MARA EMPRESARIA DE OPERADORES LOG\u00cdSTICOS","potentialAction":[{"@type":"SearchAction","target":{"@type":"EntryPoint","urlTemplate":"https:\/\/www.cedol.org.ar\/logistica\/?s={search_term_string}"},"query-input":"required name=search_term_string"}],"inLanguage":"es"},{"@type":"Person","@id":"https:\/\/www.cedol.org.ar\/logistica\/#\/schema\/person\/40275bdb20446824fc74d51aabe22e83","name":"admin"}]}},"_links":{"self":[{"href":"https:\/\/www.cedol.org.ar\/logistica\/wp-json\/wp\/v2\/posts\/2867","targetHints":{"allow":["GET"]}}],"collection":[{"href":"https:\/\/www.cedol.org.ar\/logistica\/wp-json\/wp\/v2\/posts"}],"about":[{"href":"https:\/\/www.cedol.org.ar\/logistica\/wp-json\/wp\/v2\/types\/post"}],"author":[{"embeddable":true,"href":"https:\/\/www.cedol.org.ar\/logistica\/wp-json\/wp\/v2\/users\/1"}],"replies":[{"embeddable":true,"href":"https:\/\/www.cedol.org.ar\/logistica\/wp-json\/wp\/v2\/comments?post=2867"}],"version-history":[{"count":1,"href":"https:\/\/www.cedol.org.ar\/logistica\/wp-json\/wp\/v2\/posts\/2867\/revisions"}],"predecessor-version":[{"id":2868,"href":"https:\/\/www.cedol.org.ar\/logistica\/wp-json\/wp\/v2\/posts\/2867\/revisions\/2868"}],"wp:featuredmedia":[{"embeddable":true,"href":"https:\/\/www.cedol.org.ar\/logistica\/wp-json\/wp\/v2\/media\/2125"}],"wp:attachment":[{"href":"https:\/\/www.cedol.org.ar\/logistica\/wp-json\/wp\/v2\/media?parent=2867"}],"wp:term":[{"taxonomy":"category","embeddable":true,"href":"https:\/\/www.cedol.org.ar\/logistica\/wp-json\/wp\/v2\/categories?post=2867"},{"taxonomy":"post_tag","embeddable":true,"href":"https:\/\/www.cedol.org.ar\/logistica\/wp-json\/wp\/v2\/tags?post=2867"}],"curies":[{"name":"wp","href":"https:\/\/api.w.org\/{rel}","templated":true}]}}