{"id":2703,"date":"2020-11-11T23:10:35","date_gmt":"2020-11-11T23:10:35","guid":{"rendered":"https:\/\/www.cedol.org.ar\/logistica\/?p=2703"},"modified":"2020-11-11T23:10:35","modified_gmt":"2020-11-11T23:10:35","slug":"indice-utn-cedol-octubre-2020","status":"publish","type":"post","link":"https:\/\/www.cedol.org.ar\/logistica\/indice-utn-cedol-octubre-2020\/","title":{"rendered":"\u00cdndice UTN \/ CEDOL \u2013 Octubre 2020"},"content":{"rendered":"<p class=\"p1\"><b>SIGUE LA SUBA DE COSTOS LOG\u00cdSTICOS PESE A LA CA\u00cdDA DE VOL\u00daMENES<\/b><\/p>\n<p class=\"p1\">Buenos Aires,10 de noviembre de 2020.-\u00a0La<b>\u00a0Universidad Tecnol\u00f3gica Nacional<\/b>\u00a0<b>(UTN)<\/b>\u00a0a trav\u00e9s de su Centro Tecnol\u00f3gico de Transporte, Tr\u00e1nsito y Seguridad Vial (C3T), dio a conocer la evoluci\u00f3n del \u00cdndice de Costos Log\u00edsticos Nacionales elaborado para la<b>\u00a0C\u00e1mara Empresaria de Operadores Log\u00edsticos (CEDOL)<\/b>, correspondiente a <b>octubre <\/b>del 2020.<b> <\/b><\/p>\n<p class=\"p1\">La <b>variaci\u00f3n del mes<\/b> para los indicadores ha sido la siguiente:<\/p>\n<p class=\"p1\"><b>CEDOL Con Costos de Transporte&#8230;&#8230;&#8230;&#8230;&#8230;&#8230;&#8230;&#8230;&#8230;&#8230;. 5,53%<br \/>\n<\/b><b>CEDOL Sin Costos de Transporte&#8230;&#8230;&#8230;&#8230;&#8230;&#8230;&#8230;&#8230;&#8230;&#8230;.. 5,61%<br \/>\n<\/b><b>Distribuci\u00f3n Con Acompa\u00f1ante&#8230;&#8230;&#8230;&#8230;&#8230;&#8230;&#8230;&#8230;&#8230;&#8230;&#8230;&#8230; 5,67%<br \/>\n<\/b><b>Distribuci\u00f3n Sin Acompa\u00f1ante&#8230;&#8230;&#8230;&#8230;&#8230;&#8230;&#8230;&#8230;&#8230;&#8230;&#8230;&#8230;. 5,33%<\/b><\/p>\n<p class=\"p1\"><b>La suba de costos en octubre se ubic\u00f3 entre las m\u00e1s altas del a\u00f1o<\/b>, sin olvidar que contin\u00faa el contexto de ca\u00edda en los vol\u00famenes. En este mes se registr\u00f3 un porcentaje de incremento salarial, seg\u00fan paritaria de 40-89, del orden del 7%; un tercer incremento anual del valor del combustible; as\u00ed como tambi\u00e9n diversos aumentos en seguros, neum\u00e1ticos y la aceleraci\u00f3n de las minidevaluaciones en el tipo de cambio oficial que siempre generan aumentos en distintos insumos como <i>film strech<\/i>, pallets, material rodante, sistemas y tecnolog\u00eda, entre otros.<\/p>\n<p class=\"p1\">En consecuencia, los valores <b>acumulados durante los 10 meses del a\u00f1o (enero-octubre)<\/b>, muestran los siguientes incrementos:<\/p>\n<p class=\"p1\"><b>CEDOL Con Costos de Transporte&#8230;&#8230;&#8230;&#8230;&#8230;&#8230;&#8230;&#8230;&#8230;&#8230;. 30,31%<br \/>\n<\/b><b>CEDOL Sin Costos de Transporte&#8230;&#8230;&#8230;&#8230;&#8230;&#8230;&#8230;&#8230;&#8230;&#8230;.. 34,86%<br \/>\n<\/b><b>Distribuci\u00f3n Con Acompa\u00f1ante&#8230;&#8230;&#8230;&#8230;&#8230;&#8230;&#8230;&#8230;&#8230;&#8230;&#8230;&#8230; 32,65%<br \/>\n<\/b><b>Distribuci\u00f3n Sin Acompa\u00f1ante&#8230;&#8230;&#8230;&#8230;&#8230;&#8230;&#8230;&#8230;&#8230;&#8230;&#8230;&#8230;. 32,22%<\/b><\/p>\n<p class=\"p1\">Asimismo, cabe mencionar que en gran parte de este per\u00edodo el sector log\u00edstico trabaj\u00f3 por debajo de la capacidad operativa (almacenes, equipamiento, veh\u00edculos, automatizaciones, metros cuadrados y otros), lo que provoca elevados costos de improductividad. Si bien en la actualidad ciertos vol\u00famenes volvieron a crecer, las cifras no impactan en la totalidad por lo que en muchas operaciones log\u00edsticas todav\u00eda se trabaja con capacidad ociosa.<\/p>\n<p class=\"p1\"><b>Comportamiento de costos log\u00edsticos en pandemia<\/b><\/p>\n<p class=\"p1\">Por otro lado, es clave remarcar que los \u00edtems correspondientes al \u00cdndice de Costos Log\u00edsticos de CEDOL son medibles, verificables y calculados por la Universidad Tecnol\u00f3gica Nacional (UTN), pero no est\u00e1n afectados por productividad o variaciones significativas puntuales, como las que ocurren durante este per\u00edodo de pandemia.<\/p>\n<p class=\"p1\"><b>Al respecto, desde el 20 de marzo hasta la fecha, los costos se han visto distorsionados por factores ajenos a los contemplados en el \u00cdndice<\/b>, como mayor cantidad de personal asignado a las operaciones para reemplazo de personas de riesgo o desdoblamientos de turnos, seg\u00fan los protocolos definidos. <b>\u00c9stas, y otras acciones, generan una p\u00e9rdida significativa de la productividad en las empresas, a la cual se suma la disminuci\u00f3n de los vol\u00famenes operadores<\/b>, que provocan una importante distorsi\u00f3n en las tarifas variables, excluidas tambi\u00e9n en la elaboraci\u00f3n del \u00cdndice.<\/p>\n<p class=\"p1\">En consecuencia, <b>esta sucesi\u00f3n de factores genera gran preocupaci\u00f3n en las organizaciones log\u00edsticas debido a que los tiempos de pandemia se extienden y, probablemente, lo hagan tambi\u00e9n las medidas de seguridad excepcionales. Todo esto desencadena nuevas operaciones en las que cada nivel de servicio tendr\u00e1 que calcular un nuevo costo operativo.<\/b><\/p>\n<p class=\"p1\"><b>\u00a0<\/b><\/p>\n<p class=\"p1\"><b>Costos que afectan las operaciones y no integran el \u00cdndice<\/b><\/p>\n<p class=\"p1\">1) La actividad log\u00edstica es de mano de obra intensiva y, por lo tanto, los aspectos relacionados con el personal que trabaja durante la pandemia tienen costos adicionales vinculados a la misma operaci\u00f3n.<\/p>\n<p class=\"p1\">2) Costos de traslado del personal a las distintas bases operativas.<\/p>\n<p class=\"p1\">3) Tiempos de descanso y desinfecci\u00f3n de instalaciones, as\u00ed como tambi\u00e9n de la flota de veh\u00edculos para distribuci\u00f3n.<\/p>\n<p class=\"p1\">4) Los espacios en los centros de distribuci\u00f3n y las bases de transferencia para el mantenimiento de distancia segura se ampliaron en forma significativa, lo que provoca mayores costos y m\u00e1s inversiones operativas no contempladas en los acuerdos comerciales vigentes.<\/p>\n<p class=\"p1\">5) Desinfecci\u00f3n de elementos tecnol\u00f3gicos y operativos, en ciertos casos, varias veces por turno, seg\u00fan el flujo de la tarea.<\/p>\n<p class=\"p1\">\n<p class=\"p1\"><b>En definitiva, es preciso se\u00f1alar que -a\u00fan en las actividades permitidas y cumpliendo con los mismos niveles de servicio para un mismo volumen-, se ha verificado que se requiere mayor cantidad de recursos que los proyectados. \u00bfPor qu\u00e9? Porque se tuvieron que modificar las operaciones y se volvieron m\u00e1s costosas. <\/b><\/p>\n<p class=\"p1\">El objetivo de estos indicadores es reflejar mensualmente las variaciones de todos los costos log\u00edsticos, a excepci\u00f3n -precisamente- de las improductividades que suelen generarse por causas externas a los operadores log\u00edsticos. Su publicaci\u00f3n, con los componentes completos, se puede consultar en la web de la c\u00e1mara: <a href=\"http:\/\/www.cedol.org.ar\"><span class=\"s1\">www.cedol.org.ar<\/span><\/a><\/p>\n<p class=\"p4\"><b>Acerca de CEDOL<\/b><\/p>\n<p class=\"p4\">La C\u00e1mara Empresaria de Operadores Log\u00edsticos se fund\u00f3 en noviembre de 1998 para asumir la representaci\u00f3n de las empresas que tienen como principal actividad la prestaci\u00f3n de servicios log\u00edsticos:\u00a0Traslado, almacenamiento, ensamble y procesos industriales, fraccionamiento de mercader\u00edas para su transporte y distribuci\u00f3n, ejerciendo el control, la administraci\u00f3n de la informaci\u00f3n y la responsabilidad en las etapas de la cadena de abastecimiento. Al auspiciar las\u00a0Buenas Pr\u00e1cticas, la entidad impulsa procesos y tecnolog\u00edas que permiten brindar a sus asociados un buen nivel de calidad de servicio a un costo adecuado. Desde octubre de 2019, CEDOL es miembro activo de la Federaci\u00f3n Argentina de Entidades de Transporte y Log\u00edstica (FAETyL).<\/p>\n<p class=\"p6\"><b>Gracias por su Difusi\u00f3n<br \/>\n<\/b><b>C\u00e1mara Empresaria de Operadores Log\u00edsticos<br \/>\n<\/b><span class=\"s2\">Contacto de Prensa:\u00a0<a href=\"mailto:comunicacion@cedol.org.ar\"><span class=\"s1\">comunicacion@cedol.org.ar<\/span><\/a><\/span><\/p>\n","protected":false},"excerpt":{"rendered":"<p>SIGUE LA SUBA DE COSTOS LOG\u00cdSTICOS PESE A LA CA\u00cdDA DE VOL\u00daMENES Buenos Aires,10 de noviembre de 2020.-\u00a0La\u00a0Universidad Tecnol\u00f3gica Nacional\u00a0(UTN)\u00a0a trav\u00e9s de su Centro Tecnol\u00f3gico [&hellip;]<\/p>\n","protected":false},"author":1,"featured_media":2125,"comment_status":"open","ping_status":"open","sticky":false,"template":"","format":"standard","meta":{"_monsterinsights_skip_tracking":false,"_monsterinsights_sitenote_active":false,"_monsterinsights_sitenote_note":"","_monsterinsights_sitenote_category":0,"footnotes":""},"categories":[8],"tags":[],"class_list":["post-2703","post","type-post","status-publish","format-standard","has-post-thumbnail","hentry","category-estadisticas"],"yoast_head":"<!-- This site is optimized with the Yoast SEO plugin v22.3 - https:\/\/yoast.com\/wordpress\/plugins\/seo\/ -->\n<title>\u00cdndice UTN \/ CEDOL \u2013 Octubre 2020 &#187; CEDOL<\/title>\n<meta name=\"description\" content=\"SIGUE LA SUBA DE COSTOS LOG\u00cdSTICOS PESE A LA CA\u00cdDA DE VOL\u00daMENES\" \/>\n<meta name=\"robots\" content=\"index, follow, max-snippet:-1, max-image-preview:large, max-video-preview:-1\" \/>\n<link rel=\"canonical\" href=\"https:\/\/www.cedol.org.ar\/logistica\/indice-utn-cedol-octubre-2020\/\" \/>\n<meta property=\"og:locale\" content=\"es_ES\" \/>\n<meta property=\"og:type\" content=\"article\" \/>\n<meta property=\"og:title\" content=\"\u00cdndice UTN \/ CEDOL \u2013 Octubre 2020 &#187; CEDOL\" \/>\n<meta property=\"og:description\" content=\"SIGUE LA SUBA DE COSTOS LOG\u00cdSTICOS PESE A LA CA\u00cdDA DE VOL\u00daMENES\" \/>\n<meta property=\"og:url\" content=\"https:\/\/www.cedol.org.ar\/logistica\/indice-utn-cedol-octubre-2020\/\" \/>\n<meta property=\"og:site_name\" content=\"CEDOL\" \/>\n<meta property=\"article:published_time\" content=\"2020-11-11T23:10:35+00:00\" \/>\n<meta property=\"og:image\" content=\"https:\/\/www.cedol.org.ar\/logistica\/wp-content\/uploads\/2018\/10\/ima-indices-1070.jpg\" \/>\n\t<meta property=\"og:image:width\" content=\"1070\" \/>\n\t<meta property=\"og:image:height\" content=\"540\" \/>\n\t<meta property=\"og:image:type\" content=\"image\/jpeg\" \/>\n<meta name=\"author\" content=\"admin\" \/>\n<meta name=\"twitter:card\" content=\"summary_large_image\" \/>\n<meta name=\"twitter:label1\" content=\"Escrito por\" \/>\n\t<meta name=\"twitter:data1\" content=\"admin\" \/>\n\t<meta name=\"twitter:label2\" content=\"Tiempo de lectura\" \/>\n\t<meta name=\"twitter:data2\" content=\"5 minutos\" \/>\n<script type=\"application\/ld+json\" class=\"yoast-schema-graph\">{\"@context\":\"https:\/\/schema.org\",\"@graph\":[{\"@type\":\"WebPage\",\"@id\":\"https:\/\/www.cedol.org.ar\/logistica\/indice-utn-cedol-octubre-2020\/\",\"url\":\"https:\/\/www.cedol.org.ar\/logistica\/indice-utn-cedol-octubre-2020\/\",\"name\":\"\u00cdndice UTN \/ CEDOL \u2013 Octubre 2020 &#187; CEDOL\",\"isPartOf\":{\"@id\":\"https:\/\/www.cedol.org.ar\/logistica\/#website\"},\"primaryImageOfPage\":{\"@id\":\"https:\/\/www.cedol.org.ar\/logistica\/indice-utn-cedol-octubre-2020\/#primaryimage\"},\"image\":{\"@id\":\"https:\/\/www.cedol.org.ar\/logistica\/indice-utn-cedol-octubre-2020\/#primaryimage\"},\"thumbnailUrl\":\"https:\/\/www.cedol.org.ar\/logistica\/wp-content\/uploads\/2018\/10\/ima-indices-1070.jpg\",\"datePublished\":\"2020-11-11T23:10:35+00:00\",\"dateModified\":\"2020-11-11T23:10:35+00:00\",\"author\":{\"@id\":\"https:\/\/www.cedol.org.ar\/logistica\/#\/schema\/person\/40275bdb20446824fc74d51aabe22e83\"},\"description\":\"SIGUE LA SUBA DE COSTOS LOG\u00cdSTICOS PESE A LA CA\u00cdDA DE VOL\u00daMENES\",\"breadcrumb\":{\"@id\":\"https:\/\/www.cedol.org.ar\/logistica\/indice-utn-cedol-octubre-2020\/#breadcrumb\"},\"inLanguage\":\"es\",\"potentialAction\":[{\"@type\":\"ReadAction\",\"target\":[\"https:\/\/www.cedol.org.ar\/logistica\/indice-utn-cedol-octubre-2020\/\"]}]},{\"@type\":\"ImageObject\",\"inLanguage\":\"es\",\"@id\":\"https:\/\/www.cedol.org.ar\/logistica\/indice-utn-cedol-octubre-2020\/#primaryimage\",\"url\":\"https:\/\/www.cedol.org.ar\/logistica\/wp-content\/uploads\/2018\/10\/ima-indices-1070.jpg\",\"contentUrl\":\"https:\/\/www.cedol.org.ar\/logistica\/wp-content\/uploads\/2018\/10\/ima-indices-1070.jpg\",\"width\":1070,\"height\":540,\"caption\":\"\u00cdndices UTN \/ CEDOL\"},{\"@type\":\"BreadcrumbList\",\"@id\":\"https:\/\/www.cedol.org.ar\/logistica\/indice-utn-cedol-octubre-2020\/#breadcrumb\",\"itemListElement\":[{\"@type\":\"ListItem\",\"position\":1,\"name\":\"Home\",\"item\":\"https:\/\/www.cedol.org.ar\/logistica\/\"},{\"@type\":\"ListItem\",\"position\":2,\"name\":\"\u00cdndice UTN \/ CEDOL \u2013 Octubre 2020\"}]},{\"@type\":\"WebSite\",\"@id\":\"https:\/\/www.cedol.org.ar\/logistica\/#website\",\"url\":\"https:\/\/www.cedol.org.ar\/logistica\/\",\"name\":\"CEDOL\",\"description\":\"C\u00c1MARA EMPRESARIA DE OPERADORES LOG\u00cdSTICOS\",\"potentialAction\":[{\"@type\":\"SearchAction\",\"target\":{\"@type\":\"EntryPoint\",\"urlTemplate\":\"https:\/\/www.cedol.org.ar\/logistica\/?s={search_term_string}\"},\"query-input\":\"required name=search_term_string\"}],\"inLanguage\":\"es\"},{\"@type\":\"Person\",\"@id\":\"https:\/\/www.cedol.org.ar\/logistica\/#\/schema\/person\/40275bdb20446824fc74d51aabe22e83\",\"name\":\"admin\"}]}<\/script>\n<!-- \/ Yoast SEO plugin. -->","yoast_head_json":{"title":"\u00cdndice UTN \/ CEDOL \u2013 Octubre 2020 &#187; CEDOL","description":"SIGUE LA SUBA DE COSTOS LOG\u00cdSTICOS PESE A LA CA\u00cdDA DE VOL\u00daMENES","robots":{"index":"index","follow":"follow","max-snippet":"max-snippet:-1","max-image-preview":"max-image-preview:large","max-video-preview":"max-video-preview:-1"},"canonical":"https:\/\/www.cedol.org.ar\/logistica\/indice-utn-cedol-octubre-2020\/","og_locale":"es_ES","og_type":"article","og_title":"\u00cdndice UTN \/ CEDOL \u2013 Octubre 2020 &#187; CEDOL","og_description":"SIGUE LA SUBA DE COSTOS LOG\u00cdSTICOS PESE A LA CA\u00cdDA DE VOL\u00daMENES","og_url":"https:\/\/www.cedol.org.ar\/logistica\/indice-utn-cedol-octubre-2020\/","og_site_name":"CEDOL","article_published_time":"2020-11-11T23:10:35+00:00","og_image":[{"width":1070,"height":540,"url":"https:\/\/www.cedol.org.ar\/logistica\/wp-content\/uploads\/2018\/10\/ima-indices-1070.jpg","type":"image\/jpeg"}],"author":"admin","twitter_card":"summary_large_image","twitter_misc":{"Escrito por":"admin","Tiempo de lectura":"5 minutos"},"schema":{"@context":"https:\/\/schema.org","@graph":[{"@type":"WebPage","@id":"https:\/\/www.cedol.org.ar\/logistica\/indice-utn-cedol-octubre-2020\/","url":"https:\/\/www.cedol.org.ar\/logistica\/indice-utn-cedol-octubre-2020\/","name":"\u00cdndice UTN \/ CEDOL \u2013 Octubre 2020 &#187; CEDOL","isPartOf":{"@id":"https:\/\/www.cedol.org.ar\/logistica\/#website"},"primaryImageOfPage":{"@id":"https:\/\/www.cedol.org.ar\/logistica\/indice-utn-cedol-octubre-2020\/#primaryimage"},"image":{"@id":"https:\/\/www.cedol.org.ar\/logistica\/indice-utn-cedol-octubre-2020\/#primaryimage"},"thumbnailUrl":"https:\/\/www.cedol.org.ar\/logistica\/wp-content\/uploads\/2018\/10\/ima-indices-1070.jpg","datePublished":"2020-11-11T23:10:35+00:00","dateModified":"2020-11-11T23:10:35+00:00","author":{"@id":"https:\/\/www.cedol.org.ar\/logistica\/#\/schema\/person\/40275bdb20446824fc74d51aabe22e83"},"description":"SIGUE LA SUBA DE COSTOS LOG\u00cdSTICOS PESE A LA CA\u00cdDA DE VOL\u00daMENES","breadcrumb":{"@id":"https:\/\/www.cedol.org.ar\/logistica\/indice-utn-cedol-octubre-2020\/#breadcrumb"},"inLanguage":"es","potentialAction":[{"@type":"ReadAction","target":["https:\/\/www.cedol.org.ar\/logistica\/indice-utn-cedol-octubre-2020\/"]}]},{"@type":"ImageObject","inLanguage":"es","@id":"https:\/\/www.cedol.org.ar\/logistica\/indice-utn-cedol-octubre-2020\/#primaryimage","url":"https:\/\/www.cedol.org.ar\/logistica\/wp-content\/uploads\/2018\/10\/ima-indices-1070.jpg","contentUrl":"https:\/\/www.cedol.org.ar\/logistica\/wp-content\/uploads\/2018\/10\/ima-indices-1070.jpg","width":1070,"height":540,"caption":"\u00cdndices UTN \/ CEDOL"},{"@type":"BreadcrumbList","@id":"https:\/\/www.cedol.org.ar\/logistica\/indice-utn-cedol-octubre-2020\/#breadcrumb","itemListElement":[{"@type":"ListItem","position":1,"name":"Home","item":"https:\/\/www.cedol.org.ar\/logistica\/"},{"@type":"ListItem","position":2,"name":"\u00cdndice UTN \/ CEDOL \u2013 Octubre 2020"}]},{"@type":"WebSite","@id":"https:\/\/www.cedol.org.ar\/logistica\/#website","url":"https:\/\/www.cedol.org.ar\/logistica\/","name":"CEDOL","description":"C\u00c1MARA EMPRESARIA DE OPERADORES LOG\u00cdSTICOS","potentialAction":[{"@type":"SearchAction","target":{"@type":"EntryPoint","urlTemplate":"https:\/\/www.cedol.org.ar\/logistica\/?s={search_term_string}"},"query-input":"required name=search_term_string"}],"inLanguage":"es"},{"@type":"Person","@id":"https:\/\/www.cedol.org.ar\/logistica\/#\/schema\/person\/40275bdb20446824fc74d51aabe22e83","name":"admin"}]}},"_links":{"self":[{"href":"https:\/\/www.cedol.org.ar\/logistica\/wp-json\/wp\/v2\/posts\/2703","targetHints":{"allow":["GET"]}}],"collection":[{"href":"https:\/\/www.cedol.org.ar\/logistica\/wp-json\/wp\/v2\/posts"}],"about":[{"href":"https:\/\/www.cedol.org.ar\/logistica\/wp-json\/wp\/v2\/types\/post"}],"author":[{"embeddable":true,"href":"https:\/\/www.cedol.org.ar\/logistica\/wp-json\/wp\/v2\/users\/1"}],"replies":[{"embeddable":true,"href":"https:\/\/www.cedol.org.ar\/logistica\/wp-json\/wp\/v2\/comments?post=2703"}],"version-history":[{"count":1,"href":"https:\/\/www.cedol.org.ar\/logistica\/wp-json\/wp\/v2\/posts\/2703\/revisions"}],"predecessor-version":[{"id":2704,"href":"https:\/\/www.cedol.org.ar\/logistica\/wp-json\/wp\/v2\/posts\/2703\/revisions\/2704"}],"wp:featuredmedia":[{"embeddable":true,"href":"https:\/\/www.cedol.org.ar\/logistica\/wp-json\/wp\/v2\/media\/2125"}],"wp:attachment":[{"href":"https:\/\/www.cedol.org.ar\/logistica\/wp-json\/wp\/v2\/media?parent=2703"}],"wp:term":[{"taxonomy":"category","embeddable":true,"href":"https:\/\/www.cedol.org.ar\/logistica\/wp-json\/wp\/v2\/categories?post=2703"},{"taxonomy":"post_tag","embeddable":true,"href":"https:\/\/www.cedol.org.ar\/logistica\/wp-json\/wp\/v2\/tags?post=2703"}],"curies":[{"name":"wp","href":"https:\/\/api.w.org\/{rel}","templated":true}]}}