{"id":2667,"date":"2020-09-10T22:03:54","date_gmt":"2020-09-10T22:03:54","guid":{"rendered":"https:\/\/www.cedol.org.ar\/logistica\/?p=2667"},"modified":"2020-09-10T22:03:54","modified_gmt":"2020-09-10T22:03:54","slug":"indice-utn-cedol-agosto-2020","status":"publish","type":"post","link":"https:\/\/www.cedol.org.ar\/logistica\/indice-utn-cedol-agosto-2020\/","title":{"rendered":"\u00cdndice UTN \/ CEDOL \u2013 Agosto 2020"},"content":{"rendered":"<p class=\"p1\"><b>COSTOS LOG\u00cdSTICOS: FUERTE IMPACTO POR AUMENTOS DE PARITARIAS Y COMBUSTIBLE<\/b><\/p>\n<p class=\"p1\"><span class=\"s1\">Buenos Aires, 10 de septiembre de 2020.-\u00a0<\/span>La<b>\u00a0Universidad Tecnol\u00f3gica Nacional<\/b>\u00a0<b>(UTN)<\/b>\u00a0a trav\u00e9s de su Centro Tecnol\u00f3gico de Transporte, Tr\u00e1nsito y Seguridad Vial (C3T), dio a conocer la evoluci\u00f3n del \u00cdndice de Costos Log\u00edsticos Nacionales elaborado para la<b>\u00a0C\u00e1mara Empresaria de Operadores Log\u00edsticos (CEDOL)<\/b>, correspondiente a\u00a0<b>agosto\u00a0<\/b>del 2020.<\/p>\n<p class=\"p1\">La\u00a0<b>variaci\u00f3n del mes<\/b>\u00a0para los indicadores ha sido la siguiente:<\/p>\n<p class=\"p1\"><b>CEDOL Con Costos de Transporte&#8230;&#8230;&#8230;&#8230;&#8230;&#8230;&#8230;&#8230;&#8230;&#8230;. \u00a05,16%<br \/>\n<\/b><b>CEDOL Sin Costos de Transporte&#8230;&#8230;&#8230;&#8230;&#8230;&#8230;&#8230;&#8230;&#8230;&#8230;.. \u00a05,55%<br \/>\n<\/b><b>Distribuci\u00f3n Con Acompa\u00f1ante&#8230;&#8230;&#8230;&#8230;&#8230;&#8230;&#8230;&#8230;&#8230;&#8230;&#8230;&#8230;. 5,52%<br \/>\n<\/b><b>Distribuci\u00f3n Sin Acompa\u00f1ante&#8230;&#8230;&#8230;&#8230;&#8230;&#8230;&#8230;&#8230;&#8230;&#8230;&#8230;&#8230;.. 4,94%<\/b><\/p>\n<p class=\"p1\">En consecuencia, los valores\u00a0<b>acumulados durante los primeros 8 meses del a\u00f1o <\/b>(enero-agosto), muestran los siguientes incrementos:<\/p>\n<p class=\"p1\"><b>CEDOL Con Costos de Transporte&#8230;&#8230;&#8230;&#8230;&#8230;&#8230;&#8230;&#8230;&#8230;&#8230;. 19,64%<br \/>\n<\/b><b>CEDOL Sin Costos de Transporte&#8230;&#8230;&#8230;&#8230;&#8230;&#8230;&#8230;&#8230;&#8230;&#8230;.. 26,50%<br \/>\n<\/b><b>Distribuci\u00f3n Con Acompa\u00f1ante&#8230;&#8230;&#8230;&#8230;&#8230;&#8230;&#8230;&#8230;&#8230;&#8230;&#8230;&#8230; 23,74%<br \/>\n<\/b><b>Distribuci\u00f3n Sin Acompa\u00f1ante&#8230;&#8230;&#8230;&#8230;&#8230;&#8230;&#8230;&#8230;&#8230;&#8230;&#8230;&#8230;.. 22,99%<\/b><\/p>\n<p class=\"p1\">El incremento en los indicadores del \u00cdndice durante el mes tuvo gran impacto en los costos de las operaciones, principalmente, por el\u00a0<b>cumplimiento del primer tramo de las paritarias 2020 y por el aumento registrado en el valor del combustible a comienzos de agosto<\/b>.<\/p>\n<p class=\"p1\">Esta situaci\u00f3n es clave ya que\u00a0<b>significa una suba en los dos costos que m\u00e1s relevancia tienen dentro de las operaciones<\/b>. En el caso de la mano de obra, por ejemplo, el impacto del 8% representa solamente la primera parte de un total de 30% que fijo la paritaria con el gremio de Camioneros para los pr\u00f3ximos meses. Asimismo, esto se suma a la provisi\u00f3n de elementos de seguridad para el personal, por el COVID-19, y al pago de personal con licencia por situaciones de riesgo.<\/p>\n<p class=\"p1\"><b>Comportamiento de costos log\u00edsticos en pandemia<br \/>\n<\/b>Es clave remarcar que los \u00edtems correspondientes al \u00cdndice de Costos Log\u00edsticos son medibles, verificables y calculados por la\u00a0<b>Universidad Tecnol\u00f3gica Nacional (UTN)<\/b>, pero no est\u00e1n afectados por productividad o variaciones significativas puntuales, como las que ocurren durante este per\u00edodo de pandemia.<\/p>\n<p class=\"p1\"><b>Desde marzo hasta la fecha, los costos se vieron distorsionados por factores ajenos a los medidos por el \u00cdndice<\/b>, como mayor cantidad de personal asignado a operaciones para reemplazo del personal de riesgo o desdoblamientos de turnos, seg\u00fan los protocolos definidos.<b>\u00a0<\/b>\u00c9stas y otras acciones<b>\u00a0generan una p\u00e9rdida significativa de la productividad en las empresas del sector<\/b>, a la cual<b>\u00a0se suma la disminuci\u00f3n en los vol\u00famenes operadores<\/b>, que provocan una<b>\u00a0importante distorsi\u00f3n en las tarifas variables<\/b>, excluidas tambi\u00e9n en la elaboraci\u00f3n del \u00cdndice.<\/p>\n<p class=\"p1\">Esta sucesi\u00f3n de factores provoca gran preocupaci\u00f3n en las organizaciones del sector log\u00edstico debido a que los tiempos de la pandemia se extienden y, probablemente, lo har\u00e1n las medidas de seguridad excepcionales.<b>\u00a0Todo esto desencadena nuevas operaciones en las que cada nivel de servicio tendr\u00e1 que calcular un nuevo costo operativo.<\/b><\/p>\n<p class=\"p1\">En definitiva, resulta fundamental se\u00f1alar que -a\u00fan en las actividades permitidas y cumpliendo con los mismos niveles de servicio para un mismo volumen-,<b>\u00a0se ha verificado que se requiere mayor cantidad de recursos que los proyectados. \u00bfPor qu\u00e9? Porque se tuvieron que modificar las operaciones y se volvieron m\u00e1s costosas.<\/b><\/p>\n<p class=\"p1\">El objetivo de estos indicadores es reflejar mensualmente las variaciones de todos los costos log\u00edsticos, a excepci\u00f3n -precisamente- de las improductividades que suelen generarse por causas externas a los operadores log\u00edsticos. Su publicaci\u00f3n, con los componentes completos, se puede consultar en la web de la c\u00e1mara:\u00a0<a href=\"http:\/\/www.cedol.org.ar\/\"><span class=\"s2\">www.cedol.org.ar<\/span><\/a><\/p>\n<p class=\"p3\"><b>Acerca de CEDOL<br \/>\n<\/b>La C\u00e1mara Empresaria de Operadores Log\u00edsticos se fund\u00f3 en noviembre de 1998 para asumir la representaci\u00f3n de las empresas que tienen como principal actividad la prestaci\u00f3n de servicios log\u00edsticos:\u00a0Traslado, almacenamiento, ensamble y procesos industriales, fraccionamiento de mercader\u00edas para su transporte y distribuci\u00f3n, ejerciendo el control, la administraci\u00f3n de la informaci\u00f3n y la responsabilidad en las etapas de la cadena de abastecimiento. Al auspiciar las\u00a0Buenas Pr\u00e1cticas, la entidad impulsa procesos y tecnolog\u00edas que permiten brindar a sus asociados un buen nivel de calidad de servicio a un costo adecuado. Desde octubre de 2019, CEDOL es miembro activo de la Federaci\u00f3n Argentina de Entidades de Transporte y Log\u00edstica (FAETyL).<\/p>\n<p class=\"p5\"><b>Gracias por su Difusi\u00f3n<br \/>\n<\/b><b>C\u00e1mara Empresaria de Operadores Log\u00edsticos<br \/>\n<\/b><span class=\"s3\">Contacto de Prensa:\u00a0<a href=\"mailto:comunicacion@cedol.org.ar\"><span class=\"s2\">comunicacion@cedol.org.ar<\/span><\/a><\/span><\/p>\n","protected":false},"excerpt":{"rendered":"<p>COSTOS LOG\u00cdSTICOS: FUERTE IMPACTO POR AUMENTOS DE PARITARIAS Y COMBUSTIBLE Buenos Aires, 10 de septiembre de 2020.-\u00a0La\u00a0Universidad Tecnol\u00f3gica Nacional\u00a0(UTN)\u00a0a trav\u00e9s de su Centro Tecnol\u00f3gico de [&hellip;]<\/p>\n","protected":false},"author":1,"featured_media":2125,"comment_status":"open","ping_status":"open","sticky":false,"template":"","format":"standard","meta":{"_monsterinsights_skip_tracking":false,"_monsterinsights_sitenote_active":false,"_monsterinsights_sitenote_note":"","_monsterinsights_sitenote_category":0,"footnotes":""},"categories":[8],"tags":[],"class_list":["post-2667","post","type-post","status-publish","format-standard","has-post-thumbnail","hentry","category-estadisticas"],"yoast_head":"<!-- This site is optimized with the Yoast SEO plugin v22.3 - https:\/\/yoast.com\/wordpress\/plugins\/seo\/ -->\n<title>\u00cdndice UTN \/ CEDOL \u2013 Agosto 2020 &#187; CEDOL<\/title>\n<meta name=\"description\" content=\"COSTOS LOG\u00cdSTICOS: FUERTE IMPACTO POR AUMENTOS DE PARITARIAS Y COMBUSTIBLE\" \/>\n<meta name=\"robots\" content=\"index, follow, max-snippet:-1, max-image-preview:large, max-video-preview:-1\" \/>\n<link rel=\"canonical\" href=\"https:\/\/www.cedol.org.ar\/logistica\/indice-utn-cedol-agosto-2020\/\" \/>\n<meta property=\"og:locale\" content=\"es_ES\" \/>\n<meta property=\"og:type\" content=\"article\" \/>\n<meta property=\"og:title\" content=\"\u00cdndice UTN \/ CEDOL \u2013 Agosto 2020 &#187; CEDOL\" \/>\n<meta property=\"og:description\" content=\"COSTOS LOG\u00cdSTICOS: FUERTE IMPACTO POR AUMENTOS DE PARITARIAS Y COMBUSTIBLE\" \/>\n<meta property=\"og:url\" content=\"https:\/\/www.cedol.org.ar\/logistica\/indice-utn-cedol-agosto-2020\/\" \/>\n<meta property=\"og:site_name\" content=\"CEDOL\" \/>\n<meta property=\"article:published_time\" content=\"2020-09-10T22:03:54+00:00\" \/>\n<meta property=\"og:image\" content=\"https:\/\/www.cedol.org.ar\/logistica\/wp-content\/uploads\/2018\/10\/ima-indices-1070.jpg\" \/>\n\t<meta property=\"og:image:width\" content=\"1070\" \/>\n\t<meta property=\"og:image:height\" content=\"540\" \/>\n\t<meta property=\"og:image:type\" content=\"image\/jpeg\" \/>\n<meta name=\"author\" content=\"admin\" \/>\n<meta name=\"twitter:card\" content=\"summary_large_image\" \/>\n<meta name=\"twitter:label1\" content=\"Escrito por\" \/>\n\t<meta name=\"twitter:data1\" content=\"admin\" \/>\n\t<meta name=\"twitter:label2\" content=\"Tiempo de lectura\" \/>\n\t<meta name=\"twitter:data2\" content=\"4 minutos\" \/>\n<script type=\"application\/ld+json\" class=\"yoast-schema-graph\">{\"@context\":\"https:\/\/schema.org\",\"@graph\":[{\"@type\":\"WebPage\",\"@id\":\"https:\/\/www.cedol.org.ar\/logistica\/indice-utn-cedol-agosto-2020\/\",\"url\":\"https:\/\/www.cedol.org.ar\/logistica\/indice-utn-cedol-agosto-2020\/\",\"name\":\"\u00cdndice UTN \/ CEDOL \u2013 Agosto 2020 &#187; CEDOL\",\"isPartOf\":{\"@id\":\"https:\/\/www.cedol.org.ar\/logistica\/#website\"},\"primaryImageOfPage\":{\"@id\":\"https:\/\/www.cedol.org.ar\/logistica\/indice-utn-cedol-agosto-2020\/#primaryimage\"},\"image\":{\"@id\":\"https:\/\/www.cedol.org.ar\/logistica\/indice-utn-cedol-agosto-2020\/#primaryimage\"},\"thumbnailUrl\":\"https:\/\/www.cedol.org.ar\/logistica\/wp-content\/uploads\/2018\/10\/ima-indices-1070.jpg\",\"datePublished\":\"2020-09-10T22:03:54+00:00\",\"dateModified\":\"2020-09-10T22:03:54+00:00\",\"author\":{\"@id\":\"https:\/\/www.cedol.org.ar\/logistica\/#\/schema\/person\/40275bdb20446824fc74d51aabe22e83\"},\"description\":\"COSTOS LOG\u00cdSTICOS: FUERTE IMPACTO POR AUMENTOS DE PARITARIAS Y COMBUSTIBLE\",\"breadcrumb\":{\"@id\":\"https:\/\/www.cedol.org.ar\/logistica\/indice-utn-cedol-agosto-2020\/#breadcrumb\"},\"inLanguage\":\"es\",\"potentialAction\":[{\"@type\":\"ReadAction\",\"target\":[\"https:\/\/www.cedol.org.ar\/logistica\/indice-utn-cedol-agosto-2020\/\"]}]},{\"@type\":\"ImageObject\",\"inLanguage\":\"es\",\"@id\":\"https:\/\/www.cedol.org.ar\/logistica\/indice-utn-cedol-agosto-2020\/#primaryimage\",\"url\":\"https:\/\/www.cedol.org.ar\/logistica\/wp-content\/uploads\/2018\/10\/ima-indices-1070.jpg\",\"contentUrl\":\"https:\/\/www.cedol.org.ar\/logistica\/wp-content\/uploads\/2018\/10\/ima-indices-1070.jpg\",\"width\":1070,\"height\":540,\"caption\":\"\u00cdndices UTN \/ CEDOL\"},{\"@type\":\"BreadcrumbList\",\"@id\":\"https:\/\/www.cedol.org.ar\/logistica\/indice-utn-cedol-agosto-2020\/#breadcrumb\",\"itemListElement\":[{\"@type\":\"ListItem\",\"position\":1,\"name\":\"Home\",\"item\":\"https:\/\/www.cedol.org.ar\/logistica\/\"},{\"@type\":\"ListItem\",\"position\":2,\"name\":\"\u00cdndice UTN \/ CEDOL \u2013 Agosto 2020\"}]},{\"@type\":\"WebSite\",\"@id\":\"https:\/\/www.cedol.org.ar\/logistica\/#website\",\"url\":\"https:\/\/www.cedol.org.ar\/logistica\/\",\"name\":\"CEDOL\",\"description\":\"C\u00c1MARA EMPRESARIA DE OPERADORES LOG\u00cdSTICOS\",\"potentialAction\":[{\"@type\":\"SearchAction\",\"target\":{\"@type\":\"EntryPoint\",\"urlTemplate\":\"https:\/\/www.cedol.org.ar\/logistica\/?s={search_term_string}\"},\"query-input\":\"required name=search_term_string\"}],\"inLanguage\":\"es\"},{\"@type\":\"Person\",\"@id\":\"https:\/\/www.cedol.org.ar\/logistica\/#\/schema\/person\/40275bdb20446824fc74d51aabe22e83\",\"name\":\"admin\"}]}<\/script>\n<!-- \/ Yoast SEO plugin. -->","yoast_head_json":{"title":"\u00cdndice UTN \/ CEDOL \u2013 Agosto 2020 &#187; CEDOL","description":"COSTOS LOG\u00cdSTICOS: FUERTE IMPACTO POR AUMENTOS DE PARITARIAS Y COMBUSTIBLE","robots":{"index":"index","follow":"follow","max-snippet":"max-snippet:-1","max-image-preview":"max-image-preview:large","max-video-preview":"max-video-preview:-1"},"canonical":"https:\/\/www.cedol.org.ar\/logistica\/indice-utn-cedol-agosto-2020\/","og_locale":"es_ES","og_type":"article","og_title":"\u00cdndice UTN \/ CEDOL \u2013 Agosto 2020 &#187; CEDOL","og_description":"COSTOS LOG\u00cdSTICOS: FUERTE IMPACTO POR AUMENTOS DE PARITARIAS Y COMBUSTIBLE","og_url":"https:\/\/www.cedol.org.ar\/logistica\/indice-utn-cedol-agosto-2020\/","og_site_name":"CEDOL","article_published_time":"2020-09-10T22:03:54+00:00","og_image":[{"width":1070,"height":540,"url":"https:\/\/www.cedol.org.ar\/logistica\/wp-content\/uploads\/2018\/10\/ima-indices-1070.jpg","type":"image\/jpeg"}],"author":"admin","twitter_card":"summary_large_image","twitter_misc":{"Escrito por":"admin","Tiempo de lectura":"4 minutos"},"schema":{"@context":"https:\/\/schema.org","@graph":[{"@type":"WebPage","@id":"https:\/\/www.cedol.org.ar\/logistica\/indice-utn-cedol-agosto-2020\/","url":"https:\/\/www.cedol.org.ar\/logistica\/indice-utn-cedol-agosto-2020\/","name":"\u00cdndice UTN \/ CEDOL \u2013 Agosto 2020 &#187; CEDOL","isPartOf":{"@id":"https:\/\/www.cedol.org.ar\/logistica\/#website"},"primaryImageOfPage":{"@id":"https:\/\/www.cedol.org.ar\/logistica\/indice-utn-cedol-agosto-2020\/#primaryimage"},"image":{"@id":"https:\/\/www.cedol.org.ar\/logistica\/indice-utn-cedol-agosto-2020\/#primaryimage"},"thumbnailUrl":"https:\/\/www.cedol.org.ar\/logistica\/wp-content\/uploads\/2018\/10\/ima-indices-1070.jpg","datePublished":"2020-09-10T22:03:54+00:00","dateModified":"2020-09-10T22:03:54+00:00","author":{"@id":"https:\/\/www.cedol.org.ar\/logistica\/#\/schema\/person\/40275bdb20446824fc74d51aabe22e83"},"description":"COSTOS LOG\u00cdSTICOS: FUERTE IMPACTO POR AUMENTOS DE PARITARIAS Y COMBUSTIBLE","breadcrumb":{"@id":"https:\/\/www.cedol.org.ar\/logistica\/indice-utn-cedol-agosto-2020\/#breadcrumb"},"inLanguage":"es","potentialAction":[{"@type":"ReadAction","target":["https:\/\/www.cedol.org.ar\/logistica\/indice-utn-cedol-agosto-2020\/"]}]},{"@type":"ImageObject","inLanguage":"es","@id":"https:\/\/www.cedol.org.ar\/logistica\/indice-utn-cedol-agosto-2020\/#primaryimage","url":"https:\/\/www.cedol.org.ar\/logistica\/wp-content\/uploads\/2018\/10\/ima-indices-1070.jpg","contentUrl":"https:\/\/www.cedol.org.ar\/logistica\/wp-content\/uploads\/2018\/10\/ima-indices-1070.jpg","width":1070,"height":540,"caption":"\u00cdndices UTN \/ CEDOL"},{"@type":"BreadcrumbList","@id":"https:\/\/www.cedol.org.ar\/logistica\/indice-utn-cedol-agosto-2020\/#breadcrumb","itemListElement":[{"@type":"ListItem","position":1,"name":"Home","item":"https:\/\/www.cedol.org.ar\/logistica\/"},{"@type":"ListItem","position":2,"name":"\u00cdndice UTN \/ CEDOL \u2013 Agosto 2020"}]},{"@type":"WebSite","@id":"https:\/\/www.cedol.org.ar\/logistica\/#website","url":"https:\/\/www.cedol.org.ar\/logistica\/","name":"CEDOL","description":"C\u00c1MARA EMPRESARIA DE OPERADORES LOG\u00cdSTICOS","potentialAction":[{"@type":"SearchAction","target":{"@type":"EntryPoint","urlTemplate":"https:\/\/www.cedol.org.ar\/logistica\/?s={search_term_string}"},"query-input":"required name=search_term_string"}],"inLanguage":"es"},{"@type":"Person","@id":"https:\/\/www.cedol.org.ar\/logistica\/#\/schema\/person\/40275bdb20446824fc74d51aabe22e83","name":"admin"}]}},"_links":{"self":[{"href":"https:\/\/www.cedol.org.ar\/logistica\/wp-json\/wp\/v2\/posts\/2667","targetHints":{"allow":["GET"]}}],"collection":[{"href":"https:\/\/www.cedol.org.ar\/logistica\/wp-json\/wp\/v2\/posts"}],"about":[{"href":"https:\/\/www.cedol.org.ar\/logistica\/wp-json\/wp\/v2\/types\/post"}],"author":[{"embeddable":true,"href":"https:\/\/www.cedol.org.ar\/logistica\/wp-json\/wp\/v2\/users\/1"}],"replies":[{"embeddable":true,"href":"https:\/\/www.cedol.org.ar\/logistica\/wp-json\/wp\/v2\/comments?post=2667"}],"version-history":[{"count":1,"href":"https:\/\/www.cedol.org.ar\/logistica\/wp-json\/wp\/v2\/posts\/2667\/revisions"}],"predecessor-version":[{"id":2668,"href":"https:\/\/www.cedol.org.ar\/logistica\/wp-json\/wp\/v2\/posts\/2667\/revisions\/2668"}],"wp:featuredmedia":[{"embeddable":true,"href":"https:\/\/www.cedol.org.ar\/logistica\/wp-json\/wp\/v2\/media\/2125"}],"wp:attachment":[{"href":"https:\/\/www.cedol.org.ar\/logistica\/wp-json\/wp\/v2\/media?parent=2667"}],"wp:term":[{"taxonomy":"category","embeddable":true,"href":"https:\/\/www.cedol.org.ar\/logistica\/wp-json\/wp\/v2\/categories?post=2667"},{"taxonomy":"post_tag","embeddable":true,"href":"https:\/\/www.cedol.org.ar\/logistica\/wp-json\/wp\/v2\/tags?post=2667"}],"curies":[{"name":"wp","href":"https:\/\/api.w.org\/{rel}","templated":true}]}}