{"id":2663,"date":"2020-09-03T18:52:28","date_gmt":"2020-09-03T18:52:28","guid":{"rendered":"https:\/\/www.cedol.org.ar\/logistica\/?p=2663"},"modified":"2020-09-03T18:52:28","modified_gmt":"2020-09-03T18:52:28","slug":"fallecio-fundador-fadeeac","status":"publish","type":"post","link":"https:\/\/www.cedol.org.ar\/logistica\/fallecio-fundador-fadeeac\/","title":{"rendered":"FALLECI\u00d3 EL FUNDADOR DE FADEEAC"},"content":{"rendered":"<p class=\"p1\">El pasado martes 1\u00ba de septiembre de 2020, alrededor de las 18 horas, falleci\u00f3 <b>Rogelio Cavalieri Iribarne<\/b>, empresario y fundador de la Federaci\u00f3n Argentina de Entidades Empresarias del Autotransporte de Cargas (Fadeeac).<\/p>\n<p class=\"p1\">Don Rogelio se desempe\u00f1\u00f3 como presidente de la entidad desde su creaci\u00f3n en 1962, hasta 1995; y fue un pionero entre la dirigencia empresarial del autotransporte de cargas en el pa\u00eds.<\/p>\n<p class=\"p1\">Desde muy joven se esmer\u00f3 por conducir con mucha responsabilidad. Fue as\u00ed que lleg\u00f3 a tener varios camiones y a crear su compa\u00f1\u00eda Transportes El Rutero. Siempre se caracteriz\u00f3 por querer \u201ctransmitir principios de honestidad, decencia, correcci\u00f3n y respeto a los dem\u00e1s\u201d, como \u00e9l mismo explic\u00f3 en una de las tantas notas que brind\u00f3 para la revista de FADEEAC.<\/p>\n<p class=\"p1\">A partir de su empuje y dedicaci\u00f3n supo rodearse de excelentes colegas y profesionales que, con un marcado trabajo en equipo, le permitieron alcanzar desaf\u00edos que hoy trascienden a las personas y representan un patrimonio fundamental para el presente del sector.<\/p>\n<p class=\"p1\">Por eso, seguramente, las nuevas generaciones de dirigentes y transportistas encuentran inspiraci\u00f3n en su figura y, adem\u00e1s, destacan el legado de un empresario signado por la pasi\u00f3n hacia su actividad y los buenos valores para la vida cotidiana.<\/p>\n<p class=\"p1\">Tanto su obra como sus ideas perdurar\u00e1n a trav\u00e9s de FADEEAC, el fruto de su trabajo y liderazgo. <span class=\"Apple-converted-space\">\u00a0 \u00a0<\/span><\/p>\n<p class=\"p1\"><i>Foto: Fuente FADEEAC<\/i><\/p>\n","protected":false},"excerpt":{"rendered":"<p>El pasado martes 1\u00ba de septiembre de 2020, alrededor de las 18 horas, falleci\u00f3 Rogelio Cavalieri Iribarne, empresario y fundador de la Federaci\u00f3n Argentina de [&hellip;]<\/p>\n","protected":false},"author":1,"featured_media":2664,"comment_status":"open","ping_status":"open","sticky":false,"template":"","format":"standard","meta":{"_monsterinsights_skip_tracking":false,"_monsterinsights_sitenote_active":false,"_monsterinsights_sitenote_note":"","_monsterinsights_sitenote_category":0,"footnotes":""},"categories":[4],"tags":[],"class_list":["post-2663","post","type-post","status-publish","format-standard","has-post-thumbnail","hentry","category-noticias"],"yoast_head":"<!-- This site is optimized with the Yoast SEO plugin v22.3 - https:\/\/yoast.com\/wordpress\/plugins\/seo\/ -->\n<title>FALLECI\u00d3 EL FUNDADOR DE FADEEAC &#187; CEDOL<\/title>\n<meta name=\"description\" content=\"El pasado martes 1\u00ba de septiembre de 2020, alrededor de las 18 horas, falleci\u00f3 Rogelio Cavalieri Iribarne, empresario y fundador de la Federaci\u00f3n Argentina de Entidades Empresarias del Autotransporte de Cargas (Fadeeac).\" \/>\n<meta name=\"robots\" content=\"index, follow, max-snippet:-1, max-image-preview:large, max-video-preview:-1\" \/>\n<link rel=\"canonical\" href=\"https:\/\/www.cedol.org.ar\/logistica\/fallecio-fundador-fadeeac\/\" \/>\n<meta property=\"og:locale\" content=\"es_ES\" \/>\n<meta property=\"og:type\" content=\"article\" \/>\n<meta property=\"og:title\" content=\"FALLECI\u00d3 EL FUNDADOR DE FADEEAC &#187; CEDOL\" \/>\n<meta property=\"og:description\" content=\"El pasado martes 1\u00ba de septiembre de 2020, alrededor de las 18 horas, falleci\u00f3 Rogelio Cavalieri Iribarne, empresario y fundador de la Federaci\u00f3n Argentina de Entidades Empresarias del Autotransporte de Cargas (Fadeeac).\" \/>\n<meta property=\"og:url\" content=\"https:\/\/www.cedol.org.ar\/logistica\/fallecio-fundador-fadeeac\/\" \/>\n<meta property=\"og:site_name\" content=\"CEDOL\" \/>\n<meta property=\"article:published_time\" content=\"2020-09-03T18:52:28+00:00\" \/>\n<meta property=\"og:image\" content=\"https:\/\/www.cedol.org.ar\/logistica\/wp-content\/uploads\/2020\/09\/cavalieri.jpg\" \/>\n\t<meta property=\"og:image:width\" content=\"740\" \/>\n\t<meta property=\"og:image:height\" content=\"533\" \/>\n\t<meta property=\"og:image:type\" content=\"image\/jpeg\" \/>\n<meta name=\"author\" content=\"admin\" \/>\n<meta name=\"twitter:card\" content=\"summary_large_image\" \/>\n<meta name=\"twitter:label1\" content=\"Escrito por\" \/>\n\t<meta name=\"twitter:data1\" content=\"admin\" \/>\n\t<meta name=\"twitter:label2\" content=\"Tiempo de lectura\" \/>\n\t<meta name=\"twitter:data2\" content=\"1 minuto\" \/>\n<script type=\"application\/ld+json\" class=\"yoast-schema-graph\">{\"@context\":\"https:\/\/schema.org\",\"@graph\":[{\"@type\":\"WebPage\",\"@id\":\"https:\/\/www.cedol.org.ar\/logistica\/fallecio-fundador-fadeeac\/\",\"url\":\"https:\/\/www.cedol.org.ar\/logistica\/fallecio-fundador-fadeeac\/\",\"name\":\"FALLECI\u00d3 EL FUNDADOR DE FADEEAC &#187; CEDOL\",\"isPartOf\":{\"@id\":\"https:\/\/www.cedol.org.ar\/logistica\/#website\"},\"primaryImageOfPage\":{\"@id\":\"https:\/\/www.cedol.org.ar\/logistica\/fallecio-fundador-fadeeac\/#primaryimage\"},\"image\":{\"@id\":\"https:\/\/www.cedol.org.ar\/logistica\/fallecio-fundador-fadeeac\/#primaryimage\"},\"thumbnailUrl\":\"https:\/\/www.cedol.org.ar\/logistica\/wp-content\/uploads\/2020\/09\/cavalieri.jpg\",\"datePublished\":\"2020-09-03T18:52:28+00:00\",\"dateModified\":\"2020-09-03T18:52:28+00:00\",\"author\":{\"@id\":\"https:\/\/www.cedol.org.ar\/logistica\/#\/schema\/person\/40275bdb20446824fc74d51aabe22e83\"},\"description\":\"El pasado martes 1\u00ba de septiembre de 2020, alrededor de las 18 horas, falleci\u00f3 Rogelio Cavalieri Iribarne, empresario y fundador de la Federaci\u00f3n Argentina de Entidades Empresarias del Autotransporte de Cargas (Fadeeac).\",\"breadcrumb\":{\"@id\":\"https:\/\/www.cedol.org.ar\/logistica\/fallecio-fundador-fadeeac\/#breadcrumb\"},\"inLanguage\":\"es\",\"potentialAction\":[{\"@type\":\"ReadAction\",\"target\":[\"https:\/\/www.cedol.org.ar\/logistica\/fallecio-fundador-fadeeac\/\"]}]},{\"@type\":\"ImageObject\",\"inLanguage\":\"es\",\"@id\":\"https:\/\/www.cedol.org.ar\/logistica\/fallecio-fundador-fadeeac\/#primaryimage\",\"url\":\"https:\/\/www.cedol.org.ar\/logistica\/wp-content\/uploads\/2020\/09\/cavalieri.jpg\",\"contentUrl\":\"https:\/\/www.cedol.org.ar\/logistica\/wp-content\/uploads\/2020\/09\/cavalieri.jpg\",\"width\":740,\"height\":533},{\"@type\":\"BreadcrumbList\",\"@id\":\"https:\/\/www.cedol.org.ar\/logistica\/fallecio-fundador-fadeeac\/#breadcrumb\",\"itemListElement\":[{\"@type\":\"ListItem\",\"position\":1,\"name\":\"Home\",\"item\":\"https:\/\/www.cedol.org.ar\/logistica\/\"},{\"@type\":\"ListItem\",\"position\":2,\"name\":\"FALLECI\u00d3 EL FUNDADOR DE FADEEAC\"}]},{\"@type\":\"WebSite\",\"@id\":\"https:\/\/www.cedol.org.ar\/logistica\/#website\",\"url\":\"https:\/\/www.cedol.org.ar\/logistica\/\",\"name\":\"CEDOL\",\"description\":\"C\u00c1MARA EMPRESARIA DE OPERADORES LOG\u00cdSTICOS\",\"potentialAction\":[{\"@type\":\"SearchAction\",\"target\":{\"@type\":\"EntryPoint\",\"urlTemplate\":\"https:\/\/www.cedol.org.ar\/logistica\/?s={search_term_string}\"},\"query-input\":\"required name=search_term_string\"}],\"inLanguage\":\"es\"},{\"@type\":\"Person\",\"@id\":\"https:\/\/www.cedol.org.ar\/logistica\/#\/schema\/person\/40275bdb20446824fc74d51aabe22e83\",\"name\":\"admin\"}]}<\/script>\n<!-- \/ Yoast SEO plugin. -->","yoast_head_json":{"title":"FALLECI\u00d3 EL FUNDADOR DE FADEEAC &#187; CEDOL","description":"El pasado martes 1\u00ba de septiembre de 2020, alrededor de las 18 horas, falleci\u00f3 Rogelio Cavalieri Iribarne, empresario y fundador de la Federaci\u00f3n Argentina de Entidades Empresarias del Autotransporte de Cargas (Fadeeac).","robots":{"index":"index","follow":"follow","max-snippet":"max-snippet:-1","max-image-preview":"max-image-preview:large","max-video-preview":"max-video-preview:-1"},"canonical":"https:\/\/www.cedol.org.ar\/logistica\/fallecio-fundador-fadeeac\/","og_locale":"es_ES","og_type":"article","og_title":"FALLECI\u00d3 EL FUNDADOR DE FADEEAC &#187; CEDOL","og_description":"El pasado martes 1\u00ba de septiembre de 2020, alrededor de las 18 horas, falleci\u00f3 Rogelio Cavalieri Iribarne, empresario y fundador de la Federaci\u00f3n Argentina de Entidades Empresarias del Autotransporte de Cargas (Fadeeac).","og_url":"https:\/\/www.cedol.org.ar\/logistica\/fallecio-fundador-fadeeac\/","og_site_name":"CEDOL","article_published_time":"2020-09-03T18:52:28+00:00","og_image":[{"width":740,"height":533,"url":"https:\/\/www.cedol.org.ar\/logistica\/wp-content\/uploads\/2020\/09\/cavalieri.jpg","type":"image\/jpeg"}],"author":"admin","twitter_card":"summary_large_image","twitter_misc":{"Escrito por":"admin","Tiempo de lectura":"1 minuto"},"schema":{"@context":"https:\/\/schema.org","@graph":[{"@type":"WebPage","@id":"https:\/\/www.cedol.org.ar\/logistica\/fallecio-fundador-fadeeac\/","url":"https:\/\/www.cedol.org.ar\/logistica\/fallecio-fundador-fadeeac\/","name":"FALLECI\u00d3 EL FUNDADOR DE FADEEAC &#187; CEDOL","isPartOf":{"@id":"https:\/\/www.cedol.org.ar\/logistica\/#website"},"primaryImageOfPage":{"@id":"https:\/\/www.cedol.org.ar\/logistica\/fallecio-fundador-fadeeac\/#primaryimage"},"image":{"@id":"https:\/\/www.cedol.org.ar\/logistica\/fallecio-fundador-fadeeac\/#primaryimage"},"thumbnailUrl":"https:\/\/www.cedol.org.ar\/logistica\/wp-content\/uploads\/2020\/09\/cavalieri.jpg","datePublished":"2020-09-03T18:52:28+00:00","dateModified":"2020-09-03T18:52:28+00:00","author":{"@id":"https:\/\/www.cedol.org.ar\/logistica\/#\/schema\/person\/40275bdb20446824fc74d51aabe22e83"},"description":"El pasado martes 1\u00ba de septiembre de 2020, alrededor de las 18 horas, falleci\u00f3 Rogelio Cavalieri Iribarne, empresario y fundador de la Federaci\u00f3n Argentina de Entidades Empresarias del Autotransporte de Cargas (Fadeeac).","breadcrumb":{"@id":"https:\/\/www.cedol.org.ar\/logistica\/fallecio-fundador-fadeeac\/#breadcrumb"},"inLanguage":"es","potentialAction":[{"@type":"ReadAction","target":["https:\/\/www.cedol.org.ar\/logistica\/fallecio-fundador-fadeeac\/"]}]},{"@type":"ImageObject","inLanguage":"es","@id":"https:\/\/www.cedol.org.ar\/logistica\/fallecio-fundador-fadeeac\/#primaryimage","url":"https:\/\/www.cedol.org.ar\/logistica\/wp-content\/uploads\/2020\/09\/cavalieri.jpg","contentUrl":"https:\/\/www.cedol.org.ar\/logistica\/wp-content\/uploads\/2020\/09\/cavalieri.jpg","width":740,"height":533},{"@type":"BreadcrumbList","@id":"https:\/\/www.cedol.org.ar\/logistica\/fallecio-fundador-fadeeac\/#breadcrumb","itemListElement":[{"@type":"ListItem","position":1,"name":"Home","item":"https:\/\/www.cedol.org.ar\/logistica\/"},{"@type":"ListItem","position":2,"name":"FALLECI\u00d3 EL FUNDADOR DE FADEEAC"}]},{"@type":"WebSite","@id":"https:\/\/www.cedol.org.ar\/logistica\/#website","url":"https:\/\/www.cedol.org.ar\/logistica\/","name":"CEDOL","description":"C\u00c1MARA EMPRESARIA DE OPERADORES LOG\u00cdSTICOS","potentialAction":[{"@type":"SearchAction","target":{"@type":"EntryPoint","urlTemplate":"https:\/\/www.cedol.org.ar\/logistica\/?s={search_term_string}"},"query-input":"required name=search_term_string"}],"inLanguage":"es"},{"@type":"Person","@id":"https:\/\/www.cedol.org.ar\/logistica\/#\/schema\/person\/40275bdb20446824fc74d51aabe22e83","name":"admin"}]}},"_links":{"self":[{"href":"https:\/\/www.cedol.org.ar\/logistica\/wp-json\/wp\/v2\/posts\/2663","targetHints":{"allow":["GET"]}}],"collection":[{"href":"https:\/\/www.cedol.org.ar\/logistica\/wp-json\/wp\/v2\/posts"}],"about":[{"href":"https:\/\/www.cedol.org.ar\/logistica\/wp-json\/wp\/v2\/types\/post"}],"author":[{"embeddable":true,"href":"https:\/\/www.cedol.org.ar\/logistica\/wp-json\/wp\/v2\/users\/1"}],"replies":[{"embeddable":true,"href":"https:\/\/www.cedol.org.ar\/logistica\/wp-json\/wp\/v2\/comments?post=2663"}],"version-history":[{"count":1,"href":"https:\/\/www.cedol.org.ar\/logistica\/wp-json\/wp\/v2\/posts\/2663\/revisions"}],"predecessor-version":[{"id":2665,"href":"https:\/\/www.cedol.org.ar\/logistica\/wp-json\/wp\/v2\/posts\/2663\/revisions\/2665"}],"wp:featuredmedia":[{"embeddable":true,"href":"https:\/\/www.cedol.org.ar\/logistica\/wp-json\/wp\/v2\/media\/2664"}],"wp:attachment":[{"href":"https:\/\/www.cedol.org.ar\/logistica\/wp-json\/wp\/v2\/media?parent=2663"}],"wp:term":[{"taxonomy":"category","embeddable":true,"href":"https:\/\/www.cedol.org.ar\/logistica\/wp-json\/wp\/v2\/categories?post=2663"},{"taxonomy":"post_tag","embeddable":true,"href":"https:\/\/www.cedol.org.ar\/logistica\/wp-json\/wp\/v2\/tags?post=2663"}],"curies":[{"name":"wp","href":"https:\/\/api.w.org\/{rel}","templated":true}]}}