{"id":2653,"date":"2020-08-31T18:59:52","date_gmt":"2020-08-31T18:59:52","guid":{"rendered":"https:\/\/www.cedol.org.ar\/logistica\/?p=2653"},"modified":"2020-08-31T22:18:05","modified_gmt":"2020-08-31T22:18:05","slug":"noticias-del-sector-22","status":"publish","type":"post","link":"https:\/\/www.cedol.org.ar\/logistica\/noticias-del-sector-22\/","title":{"rendered":"NOTICIAS DEL SECTOR"},"content":{"rendered":"<p class=\"p1\"><b>Novedades de agosto: Recertificaci\u00f3n de Loginter del Sello Cedol; Zarcam y el Transporte Sustentable; Andreani present\u00f3 el Reporte de Sustentabilidad 2019; Comit\u00e9 Covid-19 de TRF.<\/b><\/p>\n<p class=\"p1\"><b>RECERTIFICACI\u00d3N DEL SELLO CEDOL<br \/>\n<\/b><b>Loginter<\/b> alcanz\u00f3 la recertificaci\u00f3n del Sello CEDOL que reconoce la Calidad de Gesti\u00f3n y Buenas Pr\u00e1cticas Empresarias para Operadores Log\u00edsticos. La consultora internacional <b>KPMG<\/b> llev\u00f3 adelante el proceso de evaluaci\u00f3n que involucr\u00f3 a todas las \u00e1reas de la organizaci\u00f3n y que permite a revisar los procesos y realizar benchmarking con otras organizaciones del sector.<\/p>\n<p class=\"p2\">Desde la compa\u00f1\u00eda indicaron que \u201c<i>este logro refuerza nuestro compromiso con sus objetivos organizacionales: Excelencia en las soluciones que brindamos, <\/i><span class=\"s1\"><i>la <\/i><\/span><i>b\u00fasqueda constante de la eficiencia y la vocaci\u00f3n por implementar ideas innovadoras\u201d<\/i>.<\/p>\n<p class=\"p2\">La certificaci\u00f3n de las buenas pr\u00e1cticas de gesti\u00f3n empresarial para operadores log\u00edsticos es el instrumento que reconoce y acredita la adhesi\u00f3n del Operador Log\u00edstico al <i>\u00abC\u00f3digo de Buenas Practicas Empresarias<\/i>\u00bb de CEDOL.<\/p>\n<p class=\"p2\">Dirigido a todas las empresas que cumplan con la definici\u00f3n de Operador Log\u00edstico, el Sello constituye una marca de calidad que reconoce el compromiso con la excelencia de las empresas del sector de operaciones log\u00edsticas.<\/p>\n<p class=\"p1\"><b>TRANSPORTE SUSTENTABLE<br \/>\n<\/b><b>Zarcam<\/b>, con <b>Ernesto Tentori<\/b>, <b>Jefe de SGI<\/b>, como representante, particip\u00f3 de la segunda reuni\u00f3n, de cuatro planificadas, que llev\u00f3 a cabo el Grupo de Trabajo Transporte Sustentable. Este grupo es fruto de la alianza entre el Pacto Global Argentina y la empresa automotriz Scania.<\/p>\n<p class=\"p2\">En esta oportunidad se present\u00f3 informaci\u00f3n comparativa del gas respecto de otros combustibles, sus alternativas y diferencias en cuanto a sustentabilidad, eficiencia y ahorro en el transporte.<\/p>\n<p class=\"p1\"><b>REPORTE DE SUSTENTABILIDAD 2019<br \/>\n<\/b>Por 11\u00b0 a\u00f1o consecutivo, <b>Andreani<\/b> present\u00f3 su Reporte de Sustentabilidad, correspondiente al per\u00edodo 2019, en el que destin\u00f3 inversiones para infraestructura, veh\u00edculos y tecnolog\u00eda; y estableci\u00f3 12 Indicadores Clave de Desempe\u00f1o (KPI) para evaluar su gesti\u00f3n sustentable. \u00c9stos se desprenden de los 4 pilares de su gesti\u00f3n sustentable: Valor humano, eficiencia ambiental, innovaci\u00f3n estrat\u00e9gica y compromiso social.<\/p>\n<p class=\"p2\">Adem\u00e1s, se mapearon las metas de los Objetivos de Desarrollo Sostenible (ODS) a los que contribuye con sus programas y acciones, aline\u00e1ndolos con los KPI de sustentabilidad ya definidos. De esta forma, la compa\u00f1\u00eda presenta un cuadro de creaci\u00f3n de valor mostrando el aporte realizado al desarrollo del pa\u00eds y a la Agenda 2030.<\/p>\n<p class=\"p2\">Se puede conocer el reporte completo en <a href=\"http:\/\/www.sustentabilidad.andreani.com\"><span class=\"s2\">www.sustentabilidad.andreani.com<\/span><\/a><\/p>\n<p class=\"p1\"><b>COMIT\u00c9 COVID-19<br \/>\n<\/b>Desde el comienzo de la pandemia, la Direcci\u00f3n de\u00a0<b>TRF<\/b>\u00a0convoc\u00f3 a un comit\u00e9 de Crisis para organizar un plan de acci\u00f3n frente a esta situaci\u00f3n extraordinaria. As\u00ed se cre\u00f3 el Comit\u00e9 Covid-19, que luego dar\u00eda lugar a la generaci\u00f3n de un protocolo.<\/p>\n<p class=\"p2\">Al respecto, uno de los integrantes del grupo,\u00a0<b>Lionel Peluffo<\/b>, se\u00f1al\u00f3 que\u00a0<i>\u00ablas reuniones se realizan diariamente y est\u00e1n integradas por Directores, Gerentes y personal clave para el manejo de esta crisis<\/i>\u00ab. Adem\u00e1s, explic\u00f3 que\u00a0<i>\u00abtratamos temas como el control de temperatura diario en las Plantas, novedades con los permisos de circulaci\u00f3n, el status de la limpieza y desinfecci\u00f3n, las necesidades de insumos cr\u00edticos, el status de las actividades de TRF y una revisi\u00f3n de los casos sospechosos, contactos estrechos y casos confirmados\u00bb.<\/i><\/p>\n<p class=\"p2\">Asimismo, otra funci\u00f3n del comit\u00e9 es revisar permanentemente los nuevos requisitos emitidos por las distintas entidades sanitarias y llevarlos a la pr\u00e1ctica. Su labor diaria es fundamental para que la compa\u00f1\u00eda se ajuste al dinamismo y los cambios que presenta la pandemia.<\/p>\n","protected":false},"excerpt":{"rendered":"<p>Novedades de agosto: Recertificaci\u00f3n de Loginter del Sello Cedol; Zarcam y el Transporte Sustentable; Andreani present\u00f3 el Reporte de Sustentabilidad 2019; Comit\u00e9 Covid-19 de TRF. [&hellip;]<\/p>\n","protected":false},"author":1,"featured_media":2654,"comment_status":"open","ping_status":"open","sticky":false,"template":"","format":"standard","meta":{"_monsterinsights_skip_tracking":false,"_monsterinsights_sitenote_active":false,"_monsterinsights_sitenote_note":"","_monsterinsights_sitenote_category":0,"footnotes":""},"categories":[4],"tags":[],"class_list":["post-2653","post","type-post","status-publish","format-standard","has-post-thumbnail","hentry","category-noticias"],"yoast_head":"<!-- This site is optimized with the Yoast SEO plugin v22.3 - https:\/\/yoast.com\/wordpress\/plugins\/seo\/ -->\n<title>NOTICIAS DEL SECTOR &#187; CEDOL<\/title>\n<meta name=\"description\" content=\"Novedades de agosto: Recertificaci\u00f3n de Loginter del Sello Cedol; Zarcam y el Transporte Sustentable; Andreani present\u00f3 el Reporte de Sustentabilidad 2019; Comit\u00e9 frente al Covid-19 de TRF.\" \/>\n<meta name=\"robots\" content=\"index, follow, max-snippet:-1, max-image-preview:large, max-video-preview:-1\" \/>\n<link rel=\"canonical\" href=\"https:\/\/www.cedol.org.ar\/logistica\/noticias-del-sector-22\/\" \/>\n<meta property=\"og:locale\" content=\"es_ES\" \/>\n<meta property=\"og:type\" content=\"article\" \/>\n<meta property=\"og:title\" content=\"NOTICIAS DEL SECTOR &#187; CEDOL\" \/>\n<meta property=\"og:description\" content=\"Novedades de agosto: Recertificaci\u00f3n de Loginter del Sello Cedol; Zarcam y el Transporte Sustentable; Andreani present\u00f3 el Reporte de Sustentabilidad 2019; Comit\u00e9 frente al Covid-19 de TRF.\" \/>\n<meta property=\"og:url\" content=\"https:\/\/www.cedol.org.ar\/logistica\/noticias-del-sector-22\/\" \/>\n<meta property=\"og:site_name\" content=\"CEDOL\" \/>\n<meta property=\"article:published_time\" content=\"2020-08-31T18:59:52+00:00\" \/>\n<meta property=\"article:modified_time\" content=\"2020-08-31T22:18:05+00:00\" \/>\n<meta property=\"og:image\" content=\"https:\/\/www.cedol.org.ar\/logistica\/wp-content\/uploads\/2020\/08\/FOTO-A.jpeg\" \/>\n\t<meta property=\"og:image:width\" content=\"800\" \/>\n\t<meta property=\"og:image:height\" content=\"534\" \/>\n\t<meta property=\"og:image:type\" content=\"image\/jpeg\" \/>\n<meta name=\"author\" content=\"admin\" \/>\n<meta name=\"twitter:card\" content=\"summary_large_image\" \/>\n<meta name=\"twitter:label1\" content=\"Escrito por\" \/>\n\t<meta name=\"twitter:data1\" content=\"admin\" \/>\n\t<meta name=\"twitter:label2\" content=\"Tiempo de lectura\" \/>\n\t<meta name=\"twitter:data2\" content=\"3 minutos\" \/>\n<script type=\"application\/ld+json\" class=\"yoast-schema-graph\">{\"@context\":\"https:\/\/schema.org\",\"@graph\":[{\"@type\":\"WebPage\",\"@id\":\"https:\/\/www.cedol.org.ar\/logistica\/noticias-del-sector-22\/\",\"url\":\"https:\/\/www.cedol.org.ar\/logistica\/noticias-del-sector-22\/\",\"name\":\"NOTICIAS DEL SECTOR &#187; CEDOL\",\"isPartOf\":{\"@id\":\"https:\/\/www.cedol.org.ar\/logistica\/#website\"},\"primaryImageOfPage\":{\"@id\":\"https:\/\/www.cedol.org.ar\/logistica\/noticias-del-sector-22\/#primaryimage\"},\"image\":{\"@id\":\"https:\/\/www.cedol.org.ar\/logistica\/noticias-del-sector-22\/#primaryimage\"},\"thumbnailUrl\":\"https:\/\/www.cedol.org.ar\/logistica\/wp-content\/uploads\/2020\/08\/FOTO-A.jpeg\",\"datePublished\":\"2020-08-31T18:59:52+00:00\",\"dateModified\":\"2020-08-31T22:18:05+00:00\",\"author\":{\"@id\":\"https:\/\/www.cedol.org.ar\/logistica\/#\/schema\/person\/40275bdb20446824fc74d51aabe22e83\"},\"description\":\"Novedades de agosto: Recertificaci\u00f3n de Loginter del Sello Cedol; Zarcam y el Transporte Sustentable; Andreani present\u00f3 el Reporte de Sustentabilidad 2019; Comit\u00e9 frente al Covid-19 de TRF.\",\"breadcrumb\":{\"@id\":\"https:\/\/www.cedol.org.ar\/logistica\/noticias-del-sector-22\/#breadcrumb\"},\"inLanguage\":\"es\",\"potentialAction\":[{\"@type\":\"ReadAction\",\"target\":[\"https:\/\/www.cedol.org.ar\/logistica\/noticias-del-sector-22\/\"]}]},{\"@type\":\"ImageObject\",\"inLanguage\":\"es\",\"@id\":\"https:\/\/www.cedol.org.ar\/logistica\/noticias-del-sector-22\/#primaryimage\",\"url\":\"https:\/\/www.cedol.org.ar\/logistica\/wp-content\/uploads\/2020\/08\/FOTO-A.jpeg\",\"contentUrl\":\"https:\/\/www.cedol.org.ar\/logistica\/wp-content\/uploads\/2020\/08\/FOTO-A.jpeg\",\"width\":800,\"height\":534},{\"@type\":\"BreadcrumbList\",\"@id\":\"https:\/\/www.cedol.org.ar\/logistica\/noticias-del-sector-22\/#breadcrumb\",\"itemListElement\":[{\"@type\":\"ListItem\",\"position\":1,\"name\":\"Home\",\"item\":\"https:\/\/www.cedol.org.ar\/logistica\/\"},{\"@type\":\"ListItem\",\"position\":2,\"name\":\"NOTICIAS DEL SECTOR\"}]},{\"@type\":\"WebSite\",\"@id\":\"https:\/\/www.cedol.org.ar\/logistica\/#website\",\"url\":\"https:\/\/www.cedol.org.ar\/logistica\/\",\"name\":\"CEDOL\",\"description\":\"C\u00c1MARA EMPRESARIA DE OPERADORES LOG\u00cdSTICOS\",\"potentialAction\":[{\"@type\":\"SearchAction\",\"target\":{\"@type\":\"EntryPoint\",\"urlTemplate\":\"https:\/\/www.cedol.org.ar\/logistica\/?s={search_term_string}\"},\"query-input\":\"required name=search_term_string\"}],\"inLanguage\":\"es\"},{\"@type\":\"Person\",\"@id\":\"https:\/\/www.cedol.org.ar\/logistica\/#\/schema\/person\/40275bdb20446824fc74d51aabe22e83\",\"name\":\"admin\"}]}<\/script>\n<!-- \/ Yoast SEO plugin. -->","yoast_head_json":{"title":"NOTICIAS DEL SECTOR &#187; CEDOL","description":"Novedades de agosto: Recertificaci\u00f3n de Loginter del Sello Cedol; Zarcam y el Transporte Sustentable; Andreani present\u00f3 el Reporte de Sustentabilidad 2019; Comit\u00e9 frente al Covid-19 de TRF.","robots":{"index":"index","follow":"follow","max-snippet":"max-snippet:-1","max-image-preview":"max-image-preview:large","max-video-preview":"max-video-preview:-1"},"canonical":"https:\/\/www.cedol.org.ar\/logistica\/noticias-del-sector-22\/","og_locale":"es_ES","og_type":"article","og_title":"NOTICIAS DEL SECTOR &#187; CEDOL","og_description":"Novedades de agosto: Recertificaci\u00f3n de Loginter del Sello Cedol; Zarcam y el Transporte Sustentable; Andreani present\u00f3 el Reporte de Sustentabilidad 2019; Comit\u00e9 frente al Covid-19 de TRF.","og_url":"https:\/\/www.cedol.org.ar\/logistica\/noticias-del-sector-22\/","og_site_name":"CEDOL","article_published_time":"2020-08-31T18:59:52+00:00","article_modified_time":"2020-08-31T22:18:05+00:00","og_image":[{"width":800,"height":534,"url":"https:\/\/www.cedol.org.ar\/logistica\/wp-content\/uploads\/2020\/08\/FOTO-A.jpeg","type":"image\/jpeg"}],"author":"admin","twitter_card":"summary_large_image","twitter_misc":{"Escrito por":"admin","Tiempo de lectura":"3 minutos"},"schema":{"@context":"https:\/\/schema.org","@graph":[{"@type":"WebPage","@id":"https:\/\/www.cedol.org.ar\/logistica\/noticias-del-sector-22\/","url":"https:\/\/www.cedol.org.ar\/logistica\/noticias-del-sector-22\/","name":"NOTICIAS DEL SECTOR &#187; CEDOL","isPartOf":{"@id":"https:\/\/www.cedol.org.ar\/logistica\/#website"},"primaryImageOfPage":{"@id":"https:\/\/www.cedol.org.ar\/logistica\/noticias-del-sector-22\/#primaryimage"},"image":{"@id":"https:\/\/www.cedol.org.ar\/logistica\/noticias-del-sector-22\/#primaryimage"},"thumbnailUrl":"https:\/\/www.cedol.org.ar\/logistica\/wp-content\/uploads\/2020\/08\/FOTO-A.jpeg","datePublished":"2020-08-31T18:59:52+00:00","dateModified":"2020-08-31T22:18:05+00:00","author":{"@id":"https:\/\/www.cedol.org.ar\/logistica\/#\/schema\/person\/40275bdb20446824fc74d51aabe22e83"},"description":"Novedades de agosto: Recertificaci\u00f3n de Loginter del Sello Cedol; Zarcam y el Transporte Sustentable; Andreani present\u00f3 el Reporte de Sustentabilidad 2019; Comit\u00e9 frente al Covid-19 de TRF.","breadcrumb":{"@id":"https:\/\/www.cedol.org.ar\/logistica\/noticias-del-sector-22\/#breadcrumb"},"inLanguage":"es","potentialAction":[{"@type":"ReadAction","target":["https:\/\/www.cedol.org.ar\/logistica\/noticias-del-sector-22\/"]}]},{"@type":"ImageObject","inLanguage":"es","@id":"https:\/\/www.cedol.org.ar\/logistica\/noticias-del-sector-22\/#primaryimage","url":"https:\/\/www.cedol.org.ar\/logistica\/wp-content\/uploads\/2020\/08\/FOTO-A.jpeg","contentUrl":"https:\/\/www.cedol.org.ar\/logistica\/wp-content\/uploads\/2020\/08\/FOTO-A.jpeg","width":800,"height":534},{"@type":"BreadcrumbList","@id":"https:\/\/www.cedol.org.ar\/logistica\/noticias-del-sector-22\/#breadcrumb","itemListElement":[{"@type":"ListItem","position":1,"name":"Home","item":"https:\/\/www.cedol.org.ar\/logistica\/"},{"@type":"ListItem","position":2,"name":"NOTICIAS DEL SECTOR"}]},{"@type":"WebSite","@id":"https:\/\/www.cedol.org.ar\/logistica\/#website","url":"https:\/\/www.cedol.org.ar\/logistica\/","name":"CEDOL","description":"C\u00c1MARA EMPRESARIA DE OPERADORES LOG\u00cdSTICOS","potentialAction":[{"@type":"SearchAction","target":{"@type":"EntryPoint","urlTemplate":"https:\/\/www.cedol.org.ar\/logistica\/?s={search_term_string}"},"query-input":"required name=search_term_string"}],"inLanguage":"es"},{"@type":"Person","@id":"https:\/\/www.cedol.org.ar\/logistica\/#\/schema\/person\/40275bdb20446824fc74d51aabe22e83","name":"admin"}]}},"_links":{"self":[{"href":"https:\/\/www.cedol.org.ar\/logistica\/wp-json\/wp\/v2\/posts\/2653","targetHints":{"allow":["GET"]}}],"collection":[{"href":"https:\/\/www.cedol.org.ar\/logistica\/wp-json\/wp\/v2\/posts"}],"about":[{"href":"https:\/\/www.cedol.org.ar\/logistica\/wp-json\/wp\/v2\/types\/post"}],"author":[{"embeddable":true,"href":"https:\/\/www.cedol.org.ar\/logistica\/wp-json\/wp\/v2\/users\/1"}],"replies":[{"embeddable":true,"href":"https:\/\/www.cedol.org.ar\/logistica\/wp-json\/wp\/v2\/comments?post=2653"}],"version-history":[{"count":3,"href":"https:\/\/www.cedol.org.ar\/logistica\/wp-json\/wp\/v2\/posts\/2653\/revisions"}],"predecessor-version":[{"id":2662,"href":"https:\/\/www.cedol.org.ar\/logistica\/wp-json\/wp\/v2\/posts\/2653\/revisions\/2662"}],"wp:featuredmedia":[{"embeddable":true,"href":"https:\/\/www.cedol.org.ar\/logistica\/wp-json\/wp\/v2\/media\/2654"}],"wp:attachment":[{"href":"https:\/\/www.cedol.org.ar\/logistica\/wp-json\/wp\/v2\/media?parent=2653"}],"wp:term":[{"taxonomy":"category","embeddable":true,"href":"https:\/\/www.cedol.org.ar\/logistica\/wp-json\/wp\/v2\/categories?post=2653"},{"taxonomy":"post_tag","embeddable":true,"href":"https:\/\/www.cedol.org.ar\/logistica\/wp-json\/wp\/v2\/tags?post=2653"}],"curies":[{"name":"wp","href":"https:\/\/api.w.org\/{rel}","templated":true}]}}