{"id":2571,"date":"2020-05-29T16:52:05","date_gmt":"2020-05-29T16:52:05","guid":{"rendered":"https:\/\/www.cedol.org.ar\/logistica\/?p=2571"},"modified":"2020-05-29T16:52:42","modified_gmt":"2020-05-29T16:52:42","slug":"protocolos-seguridad-sector-logistico","status":"publish","type":"post","link":"https:\/\/www.cedol.org.ar\/logistica\/protocolos-seguridad-sector-logistico\/","title":{"rendered":"PROTOCOLOS DE SEGURIDAD EN EL SECTOR LOG\u00cdSTICO"},"content":{"rendered":"<p class=\"p1\"><span class=\"s1\"><b>En el segundo desayuno virtual del a\u00f1o de ARLOG se debati\u00f3 sobre los nuevos protocolos de seguridad para mitigar la propagaci\u00f3n del coronavirus en las operaciones.<\/b><\/span><\/p>\n<p class=\"p1\"><span class=\"s1\">La <b>Asociaci\u00f3n Argentina de Log\u00edstica Empresaria (ARLOG)<\/b> llev\u00f3 a cabo su segundo desayuno del a\u00f1o, a trav\u00e9s de la plataforma Zoom y en simult\u00e1neo por YouTube, el jueves 21 de mayo. M\u00e1s de 300 personas fueron parte del encuentro virtual, en el que se debati\u00f3 sobre los nuevos protocolos de seguridad para mitigar la propagaci\u00f3n del coronavirus en las operaciones.<\/span><\/p>\n<p class=\"p1\"><span class=\"s1\">Con la moderaci\u00f3n de Alejandro Leiras, director de Capacitaci\u00f3n de ARLOG, disertaron Pablo Beltr\u00e1n Sim\u00f3, gerente de Log\u00edstica y Servicio al Cliente para el Cono Sur del Grupo Cepas; Gabriel Garc\u00eda Polignano, director de Operaciones de Celsur Log\u00edstica, y Fernando Ant\u00f3n, gerente de Gesti\u00f3n de las Personas de Andreani Grupo Log\u00edstico.<\/span><\/p>\n<p class=\"p1\"><span class=\"s1\">Luego de las palabras de inicio de Ra\u00fal Garreta, presidente de ARLOG, Pablo Beltr\u00e1n Sim\u00f3 explic\u00f3: \u201c<i>en primer lugar, llevamos a cabo una descentralizaci\u00f3n y acercamiento a la demanda por categor\u00eda y familia de productos. Luego, armamos c\u00e9lulas de trabajo independientes, manteniendo las distancias, la limpieza y la sanitizaci\u00f3n. En los predios operativos, adoptamos el uso de term\u00f3metros y lavasuelas, implementamos declaraciones juradas de cada persona que ingresa, en particular los proveedores, y control de equipamiento\u201d<\/i>.<\/span><\/p>\n<p class=\"p1\"><span class=\"s1\">Por \u00faltimo, resalt\u00f3 el valor de la comunicaci\u00f3n: \u201ch<i>ubo que comunicar mucho cambio a mucha gente y en muy poco tiempo, en un contexto de ansiedad y estr\u00e9s que genera sensibilidades y miedos l\u00f3gicos, tratando de evitar las cr\u00edticas y ofreciendo elogios<\/i>\u201d.<\/span><\/p>\n<p class=\"p1\"><span class=\"s1\">Luego fue el turno de Gabriel Garc\u00eda Polignano, qui\u00e9n sum\u00f3 la complejidad de <i>\u201cla \u00faltima milla<\/i>\u201d y de sus actores fundamentales: el chofer, clave en todo el proceso, y la log\u00edstica, que trata de asegurar \u201c<i>normalidad<\/i>\u201d en este momento de pandemia.<\/span><\/p>\n<p class=\"p1\"><span class=\"s1\"><i>\u201cDebemos tratar la unidad de transporte con la limpieza de todos los puntos de contacto con el chofer en su trabajo diario: manijas, puertas, tablero de control, puertas de acceso y palanca de cambio<\/i>\u201d, indic\u00f3. Y a\u00f1adi\u00f3: <i>\u201cEl ambiente limpio, la unidad limpia y el paquete limpio nos ayudan a mejorar las pr\u00e1cticas en general. Tambi\u00e9n se elimin\u00f3 el remito f\u00edsico y firma de la hoja de ruta<\/i>\u201d.<\/span><\/p>\n<p class=\"p1\"><span class=\"s1\">Por \u00faltimo, Fernando Ant\u00f3n precis\u00f3 que otro punto a trabajar fue la capacitaci\u00f3n de las personas, para que cambien sus h\u00e1bitos y entiendan que deben ser solidarias y responsables de forma individual y social. \u201c<i>Debimos aumentar la frecuencia de limpieza, y hacer limpiezas intermedias en las zonas de alto tr\u00e1nsito. Otros protocolos que se realizaron incluyeron demarcar el piso en las l\u00edneas de ingreso, para que se mantenga la distancia, adem\u00e1s del uso alcohol en gel, barbijos y guantes<\/i>\u201d, sostuvo.<\/span><\/p>\n<p class=\"p1\"><span class=\"s1\">Para concluir, destac\u00f3 que la dificultad consiste en garantizar la continuidad de la operaci\u00f3n en el caso de detectar casos sospechosos o afirmativos. Para ello, el protocolo desarrollado por la empresa indica \u201c<i>separar la c\u00e9lula del resto del grupo y armar un programa de contenci\u00f3n emocional para las personas\u201d<\/i>.<\/span><\/p>\n","protected":false},"excerpt":{"rendered":"<p>En el segundo desayuno virtual del a\u00f1o de ARLOG se debati\u00f3 sobre los nuevos protocolos de seguridad para mitigar la propagaci\u00f3n del coronavirus en las [&hellip;]<\/p>\n","protected":false},"author":1,"featured_media":2572,"comment_status":"open","ping_status":"open","sticky":false,"template":"","format":"standard","meta":{"_monsterinsights_skip_tracking":false,"_monsterinsights_sitenote_active":false,"_monsterinsights_sitenote_note":"","_monsterinsights_sitenote_category":0,"footnotes":""},"categories":[4],"tags":[],"class_list":["post-2571","post","type-post","status-publish","format-standard","has-post-thumbnail","hentry","category-noticias"],"yoast_head":"<!-- This site is optimized with the Yoast SEO plugin v22.3 - https:\/\/yoast.com\/wordpress\/plugins\/seo\/ -->\n<title>PROTOCOLOS DE SEGURIDAD EN EL SECTOR LOG\u00cdSTICO &#187; CEDOL<\/title>\n<meta name=\"description\" content=\"En el segundo desayuno virtual del a\u00f1o de ARLOG se debati\u00f3 sobre los nuevos protocolos de seguridad para mitigar la propagaci\u00f3n del coronavirus en las operaciones.\" \/>\n<meta name=\"robots\" content=\"index, follow, max-snippet:-1, max-image-preview:large, max-video-preview:-1\" \/>\n<link rel=\"canonical\" href=\"https:\/\/www.cedol.org.ar\/logistica\/protocolos-seguridad-sector-logistico\/\" \/>\n<meta property=\"og:locale\" content=\"es_ES\" \/>\n<meta property=\"og:type\" content=\"article\" \/>\n<meta property=\"og:title\" content=\"PROTOCOLOS DE SEGURIDAD EN EL SECTOR LOG\u00cdSTICO &#187; CEDOL\" \/>\n<meta property=\"og:description\" content=\"En el segundo desayuno virtual del a\u00f1o de ARLOG se debati\u00f3 sobre los nuevos protocolos de seguridad para mitigar la propagaci\u00f3n del coronavirus en las operaciones.\" \/>\n<meta property=\"og:url\" content=\"https:\/\/www.cedol.org.ar\/logistica\/protocolos-seguridad-sector-logistico\/\" \/>\n<meta property=\"og:site_name\" content=\"CEDOL\" \/>\n<meta property=\"article:published_time\" content=\"2020-05-29T16:52:05+00:00\" \/>\n<meta property=\"article:modified_time\" content=\"2020-05-29T16:52:42+00:00\" \/>\n<meta property=\"og:image\" content=\"https:\/\/www.cedol.org.ar\/logistica\/wp-content\/uploads\/2020\/05\/FOTO-1.jpg\" \/>\n\t<meta property=\"og:image:width\" content=\"800\" \/>\n\t<meta property=\"og:image:height\" content=\"449\" \/>\n\t<meta property=\"og:image:type\" content=\"image\/jpeg\" \/>\n<meta name=\"author\" content=\"admin\" \/>\n<meta name=\"twitter:card\" content=\"summary_large_image\" \/>\n<meta name=\"twitter:label1\" content=\"Escrito por\" \/>\n\t<meta name=\"twitter:data1\" content=\"admin\" \/>\n\t<meta name=\"twitter:label2\" content=\"Tiempo de lectura\" \/>\n\t<meta name=\"twitter:data2\" content=\"3 minutos\" \/>\n<script type=\"application\/ld+json\" class=\"yoast-schema-graph\">{\"@context\":\"https:\/\/schema.org\",\"@graph\":[{\"@type\":\"WebPage\",\"@id\":\"https:\/\/www.cedol.org.ar\/logistica\/protocolos-seguridad-sector-logistico\/\",\"url\":\"https:\/\/www.cedol.org.ar\/logistica\/protocolos-seguridad-sector-logistico\/\",\"name\":\"PROTOCOLOS DE SEGURIDAD EN EL SECTOR LOG\u00cdSTICO &#187; CEDOL\",\"isPartOf\":{\"@id\":\"https:\/\/www.cedol.org.ar\/logistica\/#website\"},\"primaryImageOfPage\":{\"@id\":\"https:\/\/www.cedol.org.ar\/logistica\/protocolos-seguridad-sector-logistico\/#primaryimage\"},\"image\":{\"@id\":\"https:\/\/www.cedol.org.ar\/logistica\/protocolos-seguridad-sector-logistico\/#primaryimage\"},\"thumbnailUrl\":\"https:\/\/www.cedol.org.ar\/logistica\/wp-content\/uploads\/2020\/05\/FOTO-1.jpg\",\"datePublished\":\"2020-05-29T16:52:05+00:00\",\"dateModified\":\"2020-05-29T16:52:42+00:00\",\"author\":{\"@id\":\"https:\/\/www.cedol.org.ar\/logistica\/#\/schema\/person\/40275bdb20446824fc74d51aabe22e83\"},\"description\":\"En el segundo desayuno virtual del a\u00f1o de ARLOG se debati\u00f3 sobre los nuevos protocolos de seguridad para mitigar la propagaci\u00f3n del coronavirus en las operaciones.\",\"breadcrumb\":{\"@id\":\"https:\/\/www.cedol.org.ar\/logistica\/protocolos-seguridad-sector-logistico\/#breadcrumb\"},\"inLanguage\":\"es\",\"potentialAction\":[{\"@type\":\"ReadAction\",\"target\":[\"https:\/\/www.cedol.org.ar\/logistica\/protocolos-seguridad-sector-logistico\/\"]}]},{\"@type\":\"ImageObject\",\"inLanguage\":\"es\",\"@id\":\"https:\/\/www.cedol.org.ar\/logistica\/protocolos-seguridad-sector-logistico\/#primaryimage\",\"url\":\"https:\/\/www.cedol.org.ar\/logistica\/wp-content\/uploads\/2020\/05\/FOTO-1.jpg\",\"contentUrl\":\"https:\/\/www.cedol.org.ar\/logistica\/wp-content\/uploads\/2020\/05\/FOTO-1.jpg\",\"width\":800,\"height\":449},{\"@type\":\"BreadcrumbList\",\"@id\":\"https:\/\/www.cedol.org.ar\/logistica\/protocolos-seguridad-sector-logistico\/#breadcrumb\",\"itemListElement\":[{\"@type\":\"ListItem\",\"position\":1,\"name\":\"Home\",\"item\":\"https:\/\/www.cedol.org.ar\/logistica\/\"},{\"@type\":\"ListItem\",\"position\":2,\"name\":\"PROTOCOLOS DE SEGURIDAD EN EL SECTOR LOG\u00cdSTICO\"}]},{\"@type\":\"WebSite\",\"@id\":\"https:\/\/www.cedol.org.ar\/logistica\/#website\",\"url\":\"https:\/\/www.cedol.org.ar\/logistica\/\",\"name\":\"CEDOL\",\"description\":\"C\u00c1MARA EMPRESARIA DE OPERADORES LOG\u00cdSTICOS\",\"potentialAction\":[{\"@type\":\"SearchAction\",\"target\":{\"@type\":\"EntryPoint\",\"urlTemplate\":\"https:\/\/www.cedol.org.ar\/logistica\/?s={search_term_string}\"},\"query-input\":\"required name=search_term_string\"}],\"inLanguage\":\"es\"},{\"@type\":\"Person\",\"@id\":\"https:\/\/www.cedol.org.ar\/logistica\/#\/schema\/person\/40275bdb20446824fc74d51aabe22e83\",\"name\":\"admin\"}]}<\/script>\n<!-- \/ Yoast SEO plugin. -->","yoast_head_json":{"title":"PROTOCOLOS DE SEGURIDAD EN EL SECTOR LOG\u00cdSTICO &#187; CEDOL","description":"En el segundo desayuno virtual del a\u00f1o de ARLOG se debati\u00f3 sobre los nuevos protocolos de seguridad para mitigar la propagaci\u00f3n del coronavirus en las operaciones.","robots":{"index":"index","follow":"follow","max-snippet":"max-snippet:-1","max-image-preview":"max-image-preview:large","max-video-preview":"max-video-preview:-1"},"canonical":"https:\/\/www.cedol.org.ar\/logistica\/protocolos-seguridad-sector-logistico\/","og_locale":"es_ES","og_type":"article","og_title":"PROTOCOLOS DE SEGURIDAD EN EL SECTOR LOG\u00cdSTICO &#187; CEDOL","og_description":"En el segundo desayuno virtual del a\u00f1o de ARLOG se debati\u00f3 sobre los nuevos protocolos de seguridad para mitigar la propagaci\u00f3n del coronavirus en las operaciones.","og_url":"https:\/\/www.cedol.org.ar\/logistica\/protocolos-seguridad-sector-logistico\/","og_site_name":"CEDOL","article_published_time":"2020-05-29T16:52:05+00:00","article_modified_time":"2020-05-29T16:52:42+00:00","og_image":[{"width":800,"height":449,"url":"https:\/\/www.cedol.org.ar\/logistica\/wp-content\/uploads\/2020\/05\/FOTO-1.jpg","type":"image\/jpeg"}],"author":"admin","twitter_card":"summary_large_image","twitter_misc":{"Escrito por":"admin","Tiempo de lectura":"3 minutos"},"schema":{"@context":"https:\/\/schema.org","@graph":[{"@type":"WebPage","@id":"https:\/\/www.cedol.org.ar\/logistica\/protocolos-seguridad-sector-logistico\/","url":"https:\/\/www.cedol.org.ar\/logistica\/protocolos-seguridad-sector-logistico\/","name":"PROTOCOLOS DE SEGURIDAD EN EL SECTOR LOG\u00cdSTICO &#187; CEDOL","isPartOf":{"@id":"https:\/\/www.cedol.org.ar\/logistica\/#website"},"primaryImageOfPage":{"@id":"https:\/\/www.cedol.org.ar\/logistica\/protocolos-seguridad-sector-logistico\/#primaryimage"},"image":{"@id":"https:\/\/www.cedol.org.ar\/logistica\/protocolos-seguridad-sector-logistico\/#primaryimage"},"thumbnailUrl":"https:\/\/www.cedol.org.ar\/logistica\/wp-content\/uploads\/2020\/05\/FOTO-1.jpg","datePublished":"2020-05-29T16:52:05+00:00","dateModified":"2020-05-29T16:52:42+00:00","author":{"@id":"https:\/\/www.cedol.org.ar\/logistica\/#\/schema\/person\/40275bdb20446824fc74d51aabe22e83"},"description":"En el segundo desayuno virtual del a\u00f1o de ARLOG se debati\u00f3 sobre los nuevos protocolos de seguridad para mitigar la propagaci\u00f3n del coronavirus en las operaciones.","breadcrumb":{"@id":"https:\/\/www.cedol.org.ar\/logistica\/protocolos-seguridad-sector-logistico\/#breadcrumb"},"inLanguage":"es","potentialAction":[{"@type":"ReadAction","target":["https:\/\/www.cedol.org.ar\/logistica\/protocolos-seguridad-sector-logistico\/"]}]},{"@type":"ImageObject","inLanguage":"es","@id":"https:\/\/www.cedol.org.ar\/logistica\/protocolos-seguridad-sector-logistico\/#primaryimage","url":"https:\/\/www.cedol.org.ar\/logistica\/wp-content\/uploads\/2020\/05\/FOTO-1.jpg","contentUrl":"https:\/\/www.cedol.org.ar\/logistica\/wp-content\/uploads\/2020\/05\/FOTO-1.jpg","width":800,"height":449},{"@type":"BreadcrumbList","@id":"https:\/\/www.cedol.org.ar\/logistica\/protocolos-seguridad-sector-logistico\/#breadcrumb","itemListElement":[{"@type":"ListItem","position":1,"name":"Home","item":"https:\/\/www.cedol.org.ar\/logistica\/"},{"@type":"ListItem","position":2,"name":"PROTOCOLOS DE SEGURIDAD EN EL SECTOR LOG\u00cdSTICO"}]},{"@type":"WebSite","@id":"https:\/\/www.cedol.org.ar\/logistica\/#website","url":"https:\/\/www.cedol.org.ar\/logistica\/","name":"CEDOL","description":"C\u00c1MARA EMPRESARIA DE OPERADORES LOG\u00cdSTICOS","potentialAction":[{"@type":"SearchAction","target":{"@type":"EntryPoint","urlTemplate":"https:\/\/www.cedol.org.ar\/logistica\/?s={search_term_string}"},"query-input":"required name=search_term_string"}],"inLanguage":"es"},{"@type":"Person","@id":"https:\/\/www.cedol.org.ar\/logistica\/#\/schema\/person\/40275bdb20446824fc74d51aabe22e83","name":"admin"}]}},"_links":{"self":[{"href":"https:\/\/www.cedol.org.ar\/logistica\/wp-json\/wp\/v2\/posts\/2571","targetHints":{"allow":["GET"]}}],"collection":[{"href":"https:\/\/www.cedol.org.ar\/logistica\/wp-json\/wp\/v2\/posts"}],"about":[{"href":"https:\/\/www.cedol.org.ar\/logistica\/wp-json\/wp\/v2\/types\/post"}],"author":[{"embeddable":true,"href":"https:\/\/www.cedol.org.ar\/logistica\/wp-json\/wp\/v2\/users\/1"}],"replies":[{"embeddable":true,"href":"https:\/\/www.cedol.org.ar\/logistica\/wp-json\/wp\/v2\/comments?post=2571"}],"version-history":[{"count":1,"href":"https:\/\/www.cedol.org.ar\/logistica\/wp-json\/wp\/v2\/posts\/2571\/revisions"}],"predecessor-version":[{"id":2573,"href":"https:\/\/www.cedol.org.ar\/logistica\/wp-json\/wp\/v2\/posts\/2571\/revisions\/2573"}],"wp:featuredmedia":[{"embeddable":true,"href":"https:\/\/www.cedol.org.ar\/logistica\/wp-json\/wp\/v2\/media\/2572"}],"wp:attachment":[{"href":"https:\/\/www.cedol.org.ar\/logistica\/wp-json\/wp\/v2\/media?parent=2571"}],"wp:term":[{"taxonomy":"category","embeddable":true,"href":"https:\/\/www.cedol.org.ar\/logistica\/wp-json\/wp\/v2\/categories?post=2571"},{"taxonomy":"post_tag","embeddable":true,"href":"https:\/\/www.cedol.org.ar\/logistica\/wp-json\/wp\/v2\/tags?post=2571"}],"curies":[{"name":"wp","href":"https:\/\/api.w.org\/{rel}","templated":true}]}}