{"id":2521,"date":"2020-03-30T17:34:30","date_gmt":"2020-03-30T17:34:30","guid":{"rendered":"http:\/\/www.cedol.org.ar\/logistica\/?p=2521"},"modified":"2020-04-08T15:43:54","modified_gmt":"2020-04-08T15:43:54","slug":"acta-compromiso-gobierno-ypf-transporte-carga","status":"publish","type":"post","link":"https:\/\/www.cedol.org.ar\/logistica\/acta-compromiso-gobierno-ypf-transporte-carga\/","title":{"rendered":"ACTA DE COMPROMISO ENTRE EL GOBIERNO, YPF Y EL TRANSPORTE DE CARGA"},"content":{"rendered":"<p class=\"p1\"><span class=\"s1\"><b>El acuerdo busca lograr las condiciones de trabajo a los transportistas y garantizar la continuidad de los servicios de distribuci\u00f3n en todo el pa\u00eds mientras dure la cuarentena.<\/b><\/span><\/p>\n<p class=\"p1\"><span class=\"s1\">Con el objetivo de permitir el abastecimiento de insumos esenciales a la poblaci\u00f3n, el Gobierno Nacional, YPF, la Federaci\u00f3n de Camioneros y las c\u00e1maras del sector firmaron un acuerdo que busca lograr las condiciones de trabajo a los transportistas y garantizar la continuidad de los servicios de distribuci\u00f3n en todo el pa\u00eds durante la pandemia por el virus COVID-19.<\/span><\/p>\n<p class=\"p1\"><span class=\"s1\">En este sentido, el acta com\u00fan determina la intervenci\u00f3n desde el Gobierno Nacional, articulando el trabajo de fuerzas de Seguridad y los ministerios de Transporte, Salud, del Interior y de Agricultura, para que los trabajadores del sector de log\u00edstica y transporte puedan circular y contin\u00faen las actividades esenciales del transporte. La CNRT realizar\u00e1 los controles diarios para fiscalizar el cumplimiento de las medidas acordadas.<\/span><\/p>\n<p class=\"p1\"><span class=\"s1\">Al respecto, el <b>Ministro de Transporte<\/b>, <b>Mario Meoni<\/b>, sostuvo: \u201c<i>Estamos generando las condiciones para que se pueda seguir trabajando en la Argentina y que pueda seguir la actividad econ\u00f3mica. Queremos que los trabajadores puedan trabajar en las condiciones esenciales que se requieren para cuidar su salud en primer lugar, pero tambi\u00e9n teniendo en mente que son imprescindibles para poder proveer al resto de la ciudadan\u00eda de los elementos b\u00e1sicos<\/i>\u201d.<\/span><\/p>\n<p class=\"p1\"><span class=\"s1\">Asimismo, manifest\u00f3 su preocupaci\u00f3n por la falta de atenci\u00f3n e incluso el cierre al transporte en muchos lugares del pa\u00eds: <i>\u201cAl cerrar la frontera de los municipios, est\u00e1n poniendo en riesgo a la propia poblaci\u00f3n\u201d<\/i>, en tanto que agradeci\u00f3 a YPF por \u201c<i>poner una red de estaciones de servicio muy amplias en toda la Argentina para que los trabajadores se puedan abastecer, comer, asearse\u201d<\/i>.<\/span><\/p>\n<p class=\"p1\"><span class=\"s1\">En efecto, YPF asume el compromiso de establecer un sistema de atenci\u00f3n 24 horas en la red de estaciones de servicio para que los trabajadores puedan acudir ante circunstancias extraordinarias; tambi\u00e9n se compromete a mantener las instalaciones de las estaciones desinfectadas a toda hora; garantizar el abastecimiento de mercader\u00edas comestibles durante las 24 horas y la existencia de jab\u00f3n y\/o alcohol en gel; tener ba\u00f1os adecuados para lograr una adecuada higiene y aseo de los conductores de carga. <\/span><\/p>\n<p class=\"p1\"><span class=\"s1\">Asimismo, es importante destacar las funciones exceptuadas del aislamiento obligatorio y que resultan esenciales: Aquellas vinculadas con el comercio exterior, transporte de mercader\u00edas, petr\u00f3leo, combustibles y GLP y producci\u00f3n y distribuci\u00f3n de biocombustibles. <\/span><\/p>\n<p class=\"p1\"><span class=\"s1\">Con este acuerdo, el Gobierno Nacional busca el normal abastecimiento de insumos imprescindibles para la sociedad. De la firma del acuerdo participaron: El ministro de Transporte, Mario Meoni; la ministra de Seguridad, Sabina Frederic; el ministro de Agricultura, Luis Basterra; el secretario de Interior, Jos\u00e9 Lepere; el jefe de Gabinete de Transporte, Abel de Manuele; el director de la Agencia Nacional de Seguridad Vial, Pablo Carignano; el director de la Comisi\u00f3n Nacional de Regulaci\u00f3n del Transporte, Jos\u00e9 Arteaga; el subsecretario de Articulaci\u00f3n Interjurisdiccional de Transporte, Felipe Rodr\u00edguez Laguens; Alejandro Collia, del Ministerio de Salud; la jefa de Gabinete de Seguridad, Cecilia Rodr\u00edguez; Guillermo Nielsen, de YPF; Pablo Moyano, de La Federaci\u00f3n, Juan Aguilar, de Faetyl; Pablo Agolanti, de Fetra; Walter Bo, de Fadeaac; Luis C\u00f3rdoba, de La Federaci\u00f3n y Ram\u00f3n Jatip, de Catac.<\/span><\/p>\n","protected":false},"excerpt":{"rendered":"<p>El acuerdo busca lograr las condiciones de trabajo a los transportistas y garantizar la continuidad de los servicios de distribuci\u00f3n en todo el pa\u00eds mientras [&hellip;]<\/p>\n","protected":false},"author":1,"featured_media":2522,"comment_status":"open","ping_status":"open","sticky":false,"template":"","format":"standard","meta":{"_monsterinsights_skip_tracking":false,"_monsterinsights_sitenote_active":false,"_monsterinsights_sitenote_note":"","_monsterinsights_sitenote_category":0,"footnotes":""},"categories":[4],"tags":[],"class_list":["post-2521","post","type-post","status-publish","format-standard","has-post-thumbnail","hentry","category-noticias"],"yoast_head":"<!-- This site is optimized with the Yoast SEO plugin v22.3 - https:\/\/yoast.com\/wordpress\/plugins\/seo\/ -->\n<title>ACTA DE COMPROMISO ENTRE EL GOBIERNO, YPF Y EL TRANSPORTE DE CARGA &#187; CEDOL<\/title>\n<meta name=\"description\" content=\"El acuerdo busca lograr las condiciones de trabajo a los transportistas y garantizar la continuidad de los servicios de distribuci\u00f3n en todo el pa\u00eds mientras dure la cuarentena.\" \/>\n<meta name=\"robots\" content=\"index, follow, max-snippet:-1, max-image-preview:large, max-video-preview:-1\" \/>\n<link rel=\"canonical\" href=\"https:\/\/www.cedol.org.ar\/logistica\/acta-compromiso-gobierno-ypf-transporte-carga\/\" \/>\n<meta property=\"og:locale\" content=\"es_ES\" \/>\n<meta property=\"og:type\" content=\"article\" \/>\n<meta property=\"og:title\" content=\"ACTA DE COMPROMISO ENTRE EL GOBIERNO, YPF Y EL TRANSPORTE DE CARGA &#187; CEDOL\" \/>\n<meta property=\"og:description\" content=\"El acuerdo busca lograr las condiciones de trabajo a los transportistas y garantizar la continuidad de los servicios de distribuci\u00f3n en todo el pa\u00eds mientras dure la cuarentena.\" \/>\n<meta property=\"og:url\" content=\"https:\/\/www.cedol.org.ar\/logistica\/acta-compromiso-gobierno-ypf-transporte-carga\/\" \/>\n<meta property=\"og:site_name\" content=\"CEDOL\" \/>\n<meta property=\"article:published_time\" content=\"2020-03-30T17:34:30+00:00\" \/>\n<meta property=\"article:modified_time\" content=\"2020-04-08T15:43:54+00:00\" \/>\n<meta property=\"og:image\" content=\"https:\/\/www.cedol.org.ar\/logistica\/wp-content\/uploads\/2020\/03\/FOTO-3.jpg\" \/>\n\t<meta property=\"og:image:width\" content=\"4054\" \/>\n\t<meta property=\"og:image:height\" content=\"2703\" \/>\n\t<meta property=\"og:image:type\" content=\"image\/jpeg\" \/>\n<meta name=\"author\" content=\"admin\" \/>\n<meta name=\"twitter:card\" content=\"summary_large_image\" \/>\n<meta name=\"twitter:label1\" content=\"Escrito por\" \/>\n\t<meta name=\"twitter:data1\" content=\"admin\" \/>\n\t<meta name=\"twitter:label2\" content=\"Tiempo de lectura\" \/>\n\t<meta name=\"twitter:data2\" content=\"3 minutos\" \/>\n<script type=\"application\/ld+json\" class=\"yoast-schema-graph\">{\"@context\":\"https:\/\/schema.org\",\"@graph\":[{\"@type\":\"WebPage\",\"@id\":\"https:\/\/www.cedol.org.ar\/logistica\/acta-compromiso-gobierno-ypf-transporte-carga\/\",\"url\":\"https:\/\/www.cedol.org.ar\/logistica\/acta-compromiso-gobierno-ypf-transporte-carga\/\",\"name\":\"ACTA DE COMPROMISO ENTRE EL GOBIERNO, YPF Y EL TRANSPORTE DE CARGA &#187; CEDOL\",\"isPartOf\":{\"@id\":\"https:\/\/www.cedol.org.ar\/logistica\/#website\"},\"primaryImageOfPage\":{\"@id\":\"https:\/\/www.cedol.org.ar\/logistica\/acta-compromiso-gobierno-ypf-transporte-carga\/#primaryimage\"},\"image\":{\"@id\":\"https:\/\/www.cedol.org.ar\/logistica\/acta-compromiso-gobierno-ypf-transporte-carga\/#primaryimage\"},\"thumbnailUrl\":\"https:\/\/www.cedol.org.ar\/logistica\/wp-content\/uploads\/2020\/03\/FOTO-3.jpg\",\"datePublished\":\"2020-03-30T17:34:30+00:00\",\"dateModified\":\"2020-04-08T15:43:54+00:00\",\"author\":{\"@id\":\"https:\/\/www.cedol.org.ar\/logistica\/#\/schema\/person\/40275bdb20446824fc74d51aabe22e83\"},\"description\":\"El acuerdo busca lograr las condiciones de trabajo a los transportistas y garantizar la continuidad de los servicios de distribuci\u00f3n en todo el pa\u00eds mientras dure la cuarentena.\",\"breadcrumb\":{\"@id\":\"https:\/\/www.cedol.org.ar\/logistica\/acta-compromiso-gobierno-ypf-transporte-carga\/#breadcrumb\"},\"inLanguage\":\"es\",\"potentialAction\":[{\"@type\":\"ReadAction\",\"target\":[\"https:\/\/www.cedol.org.ar\/logistica\/acta-compromiso-gobierno-ypf-transporte-carga\/\"]}]},{\"@type\":\"ImageObject\",\"inLanguage\":\"es\",\"@id\":\"https:\/\/www.cedol.org.ar\/logistica\/acta-compromiso-gobierno-ypf-transporte-carga\/#primaryimage\",\"url\":\"https:\/\/www.cedol.org.ar\/logistica\/wp-content\/uploads\/2020\/03\/FOTO-3.jpg\",\"contentUrl\":\"https:\/\/www.cedol.org.ar\/logistica\/wp-content\/uploads\/2020\/03\/FOTO-3.jpg\",\"width\":4054,\"height\":2703},{\"@type\":\"BreadcrumbList\",\"@id\":\"https:\/\/www.cedol.org.ar\/logistica\/acta-compromiso-gobierno-ypf-transporte-carga\/#breadcrumb\",\"itemListElement\":[{\"@type\":\"ListItem\",\"position\":1,\"name\":\"Home\",\"item\":\"https:\/\/www.cedol.org.ar\/logistica\/\"},{\"@type\":\"ListItem\",\"position\":2,\"name\":\"ACTA DE COMPROMISO ENTRE EL GOBIERNO, YPF Y EL TRANSPORTE DE CARGA\"}]},{\"@type\":\"WebSite\",\"@id\":\"https:\/\/www.cedol.org.ar\/logistica\/#website\",\"url\":\"https:\/\/www.cedol.org.ar\/logistica\/\",\"name\":\"CEDOL\",\"description\":\"C\u00c1MARA EMPRESARIA DE OPERADORES LOG\u00cdSTICOS\",\"potentialAction\":[{\"@type\":\"SearchAction\",\"target\":{\"@type\":\"EntryPoint\",\"urlTemplate\":\"https:\/\/www.cedol.org.ar\/logistica\/?s={search_term_string}\"},\"query-input\":\"required name=search_term_string\"}],\"inLanguage\":\"es\"},{\"@type\":\"Person\",\"@id\":\"https:\/\/www.cedol.org.ar\/logistica\/#\/schema\/person\/40275bdb20446824fc74d51aabe22e83\",\"name\":\"admin\"}]}<\/script>\n<!-- \/ Yoast SEO plugin. -->","yoast_head_json":{"title":"ACTA DE COMPROMISO ENTRE EL GOBIERNO, YPF Y EL TRANSPORTE DE CARGA &#187; CEDOL","description":"El acuerdo busca lograr las condiciones de trabajo a los transportistas y garantizar la continuidad de los servicios de distribuci\u00f3n en todo el pa\u00eds mientras dure la cuarentena.","robots":{"index":"index","follow":"follow","max-snippet":"max-snippet:-1","max-image-preview":"max-image-preview:large","max-video-preview":"max-video-preview:-1"},"canonical":"https:\/\/www.cedol.org.ar\/logistica\/acta-compromiso-gobierno-ypf-transporte-carga\/","og_locale":"es_ES","og_type":"article","og_title":"ACTA DE COMPROMISO ENTRE EL GOBIERNO, YPF Y EL TRANSPORTE DE CARGA &#187; CEDOL","og_description":"El acuerdo busca lograr las condiciones de trabajo a los transportistas y garantizar la continuidad de los servicios de distribuci\u00f3n en todo el pa\u00eds mientras dure la cuarentena.","og_url":"https:\/\/www.cedol.org.ar\/logistica\/acta-compromiso-gobierno-ypf-transporte-carga\/","og_site_name":"CEDOL","article_published_time":"2020-03-30T17:34:30+00:00","article_modified_time":"2020-04-08T15:43:54+00:00","og_image":[{"width":4054,"height":2703,"url":"https:\/\/www.cedol.org.ar\/logistica\/wp-content\/uploads\/2020\/03\/FOTO-3.jpg","type":"image\/jpeg"}],"author":"admin","twitter_card":"summary_large_image","twitter_misc":{"Escrito por":"admin","Tiempo de lectura":"3 minutos"},"schema":{"@context":"https:\/\/schema.org","@graph":[{"@type":"WebPage","@id":"https:\/\/www.cedol.org.ar\/logistica\/acta-compromiso-gobierno-ypf-transporte-carga\/","url":"https:\/\/www.cedol.org.ar\/logistica\/acta-compromiso-gobierno-ypf-transporte-carga\/","name":"ACTA DE COMPROMISO ENTRE EL GOBIERNO, YPF Y EL TRANSPORTE DE CARGA &#187; CEDOL","isPartOf":{"@id":"https:\/\/www.cedol.org.ar\/logistica\/#website"},"primaryImageOfPage":{"@id":"https:\/\/www.cedol.org.ar\/logistica\/acta-compromiso-gobierno-ypf-transporte-carga\/#primaryimage"},"image":{"@id":"https:\/\/www.cedol.org.ar\/logistica\/acta-compromiso-gobierno-ypf-transporte-carga\/#primaryimage"},"thumbnailUrl":"https:\/\/www.cedol.org.ar\/logistica\/wp-content\/uploads\/2020\/03\/FOTO-3.jpg","datePublished":"2020-03-30T17:34:30+00:00","dateModified":"2020-04-08T15:43:54+00:00","author":{"@id":"https:\/\/www.cedol.org.ar\/logistica\/#\/schema\/person\/40275bdb20446824fc74d51aabe22e83"},"description":"El acuerdo busca lograr las condiciones de trabajo a los transportistas y garantizar la continuidad de los servicios de distribuci\u00f3n en todo el pa\u00eds mientras dure la cuarentena.","breadcrumb":{"@id":"https:\/\/www.cedol.org.ar\/logistica\/acta-compromiso-gobierno-ypf-transporte-carga\/#breadcrumb"},"inLanguage":"es","potentialAction":[{"@type":"ReadAction","target":["https:\/\/www.cedol.org.ar\/logistica\/acta-compromiso-gobierno-ypf-transporte-carga\/"]}]},{"@type":"ImageObject","inLanguage":"es","@id":"https:\/\/www.cedol.org.ar\/logistica\/acta-compromiso-gobierno-ypf-transporte-carga\/#primaryimage","url":"https:\/\/www.cedol.org.ar\/logistica\/wp-content\/uploads\/2020\/03\/FOTO-3.jpg","contentUrl":"https:\/\/www.cedol.org.ar\/logistica\/wp-content\/uploads\/2020\/03\/FOTO-3.jpg","width":4054,"height":2703},{"@type":"BreadcrumbList","@id":"https:\/\/www.cedol.org.ar\/logistica\/acta-compromiso-gobierno-ypf-transporte-carga\/#breadcrumb","itemListElement":[{"@type":"ListItem","position":1,"name":"Home","item":"https:\/\/www.cedol.org.ar\/logistica\/"},{"@type":"ListItem","position":2,"name":"ACTA DE COMPROMISO ENTRE EL GOBIERNO, YPF Y EL TRANSPORTE DE CARGA"}]},{"@type":"WebSite","@id":"https:\/\/www.cedol.org.ar\/logistica\/#website","url":"https:\/\/www.cedol.org.ar\/logistica\/","name":"CEDOL","description":"C\u00c1MARA EMPRESARIA DE OPERADORES LOG\u00cdSTICOS","potentialAction":[{"@type":"SearchAction","target":{"@type":"EntryPoint","urlTemplate":"https:\/\/www.cedol.org.ar\/logistica\/?s={search_term_string}"},"query-input":"required name=search_term_string"}],"inLanguage":"es"},{"@type":"Person","@id":"https:\/\/www.cedol.org.ar\/logistica\/#\/schema\/person\/40275bdb20446824fc74d51aabe22e83","name":"admin"}]}},"_links":{"self":[{"href":"https:\/\/www.cedol.org.ar\/logistica\/wp-json\/wp\/v2\/posts\/2521","targetHints":{"allow":["GET"]}}],"collection":[{"href":"https:\/\/www.cedol.org.ar\/logistica\/wp-json\/wp\/v2\/posts"}],"about":[{"href":"https:\/\/www.cedol.org.ar\/logistica\/wp-json\/wp\/v2\/types\/post"}],"author":[{"embeddable":true,"href":"https:\/\/www.cedol.org.ar\/logistica\/wp-json\/wp\/v2\/users\/1"}],"replies":[{"embeddable":true,"href":"https:\/\/www.cedol.org.ar\/logistica\/wp-json\/wp\/v2\/comments?post=2521"}],"version-history":[{"count":1,"href":"https:\/\/www.cedol.org.ar\/logistica\/wp-json\/wp\/v2\/posts\/2521\/revisions"}],"predecessor-version":[{"id":2523,"href":"https:\/\/www.cedol.org.ar\/logistica\/wp-json\/wp\/v2\/posts\/2521\/revisions\/2523"}],"wp:featuredmedia":[{"embeddable":true,"href":"https:\/\/www.cedol.org.ar\/logistica\/wp-json\/wp\/v2\/media\/2522"}],"wp:attachment":[{"href":"https:\/\/www.cedol.org.ar\/logistica\/wp-json\/wp\/v2\/media?parent=2521"}],"wp:term":[{"taxonomy":"category","embeddable":true,"href":"https:\/\/www.cedol.org.ar\/logistica\/wp-json\/wp\/v2\/categories?post=2521"},{"taxonomy":"post_tag","embeddable":true,"href":"https:\/\/www.cedol.org.ar\/logistica\/wp-json\/wp\/v2\/tags?post=2521"}],"curies":[{"name":"wp","href":"https:\/\/api.w.org\/{rel}","templated":true}]}}