{"id":2517,"date":"2020-03-30T17:15:35","date_gmt":"2020-03-30T17:15:35","guid":{"rendered":"http:\/\/www.cedol.org.ar\/logistica\/?p=2517"},"modified":"2020-04-08T15:44:02","modified_gmt":"2020-04-08T15:44:02","slug":"faetyl-se-sumo-al-comite-crisis-prevencion-del-covid-19","status":"publish","type":"post","link":"https:\/\/www.cedol.org.ar\/logistica\/faetyl-se-sumo-al-comite-crisis-prevencion-del-covid-19\/","title":{"rendered":"FAETYL SE SUM\u00d3 AL COMIT\u00c9 DE CRISIS Y PREVENCI\u00d3N DEL COVID-19"},"content":{"rendered":"<p class=\"p1\"><span class=\"s1\"><b>El Gobierno Nacional junto con FAETyL y la Federaci\u00f3n Nacional de Camioneros, confeccionaron un protocolo de seguridad para los colaboradores y trabajadores de la log\u00edstica.<\/b><\/span><\/p>\n<p><img loading=\"lazy\" decoding=\"async\" class=\"aligncenter size-large wp-image-2518\" src=\"http:\/\/www.cedol.org.ar\/logistica\/wp-content\/uploads\/2020\/03\/afiche-faetyl-528x540.jpg\" alt=\"\" width=\"528\" height=\"540\" srcset=\"https:\/\/www.cedol.org.ar\/logistica\/wp-content\/uploads\/2020\/03\/afiche-faetyl-528x540.jpg 528w, https:\/\/www.cedol.org.ar\/logistica\/wp-content\/uploads\/2020\/03\/afiche-faetyl-293x300.jpg 293w, https:\/\/www.cedol.org.ar\/logistica\/wp-content\/uploads\/2020\/03\/afiche-faetyl-768x786.jpg 768w, https:\/\/www.cedol.org.ar\/logistica\/wp-content\/uploads\/2020\/03\/afiche-faetyl-816x835.jpg 816w, https:\/\/www.cedol.org.ar\/logistica\/wp-content\/uploads\/2020\/03\/afiche-faetyl.jpg 1974w\" sizes=\"auto, (max-width: 528px) 100vw, 528px\" \/><\/p>\n<p class=\"p1\"><span class=\"s1\">Al comenzar la crisis por la pandemia generada por el virus COVID-19, la <b>Federaci\u00f3n Argentina de Entidades de Transporte y Log\u00edstica (FAETyL)<\/b> se incorpor\u00f3 a la confecci\u00f3n del protocolo de prevenci\u00f3n y al comit\u00e9 de crisis para enfrentar la propagaci\u00f3n del \u201ccoronavirus\u201d.<\/span><\/p>\n<p class=\"p1\"><span class=\"s1\">En un contexto de pandemia, la actividad log\u00edstica resulta fundamental para superar la crisis, y el compromiso del sector con el pa\u00eds es hacer todos los esfuerzos para abastecer a la poblaci\u00f3n y brindar los servicios esenciales. Para ello, el Gobierno Nacional junto con FAETyL y la <b>Federaci\u00f3n Nacional de Camioneros<\/b>, trabajaron en la confecci\u00f3n y puesta en marcha de un protocolo de seguridad para los colaboradores y trabajadores de la log\u00edstica.<\/span><\/p>\n<p class=\"p1\"><span class=\"s1\">Con este fin, la Federaci\u00f3n se incorpor\u00f3 al comit\u00e9 representada por Juan Aguilar y Lucio Zemborain, secretario y asesor legal respectivamente. Tanto el comit\u00e9 como el protocolo tienen como objetivo mantener la entrega de productos y servicios esenciales para el normal funcionamiento de actividades clave como la recolecci\u00f3n de residuos, el transporte de caudales, la distribuci\u00f3n de alimentos y bebidas y otras operaciones log\u00edsticas m\u00e1s generales.<\/span><\/p>\n<p class=\"p1\"><span class=\"s1\">El protocolo consensuado por todas las partes determina, entre otros, tres puntos destacados:<\/span><\/p>\n<p class=\"p1\"><span class=\"s1\">1) Extremar la limpieza y desinfecci\u00f3n permanente de los lugares de trabajo.<\/span><\/p>\n<p class=\"p1\"><span class=\"s1\">2) Control de temperatura a todos los trabajadores en el inicio de la jornada laboral.<\/span><\/p>\n<p class=\"p1\"><span class=\"s1\">3) Provisi\u00f3n de los elementos de cuidado personal a los colaboradores afectados al transporte y distribuci\u00f3n: alcohol en gel, barbijos y guantes de l\u00e1tex. <\/span><\/p>\n<p class=\"p1\"><span class=\"s1\">La sociedad enfrenta una crisis sumamente dram\u00e1tica por lo que desde FAETyL llamaron a trabajar de manera conjunta entre Naci\u00f3n y las provincias para no interrumpir la provisi\u00f3n de servicios esenciales.<\/span><\/p>\n<p class=\"p1\"><span class=\"s1\">En definitiva, tanto para la Federaci\u00f3n como para las C\u00e1maras que la conforman es de vital importancia mantener la operatividad en la actividad log\u00edstica para asegurar el normal abastecimiento de todos los productos imprescindibles a nivel nacional, atenuando el impacto econ\u00f3mico y desalentando medidas arbitrarias que puedan atentar contra las necesidades b\u00e1sicas de la poblaci\u00f3n.<\/span><\/p>\n","protected":false},"excerpt":{"rendered":"<p>El Gobierno Nacional junto con FAETyL y la Federaci\u00f3n Nacional de Camioneros, confeccionaron un protocolo de seguridad para los colaboradores y trabajadores de la log\u00edstica. [&hellip;]<\/p>\n","protected":false},"author":1,"featured_media":2518,"comment_status":"open","ping_status":"open","sticky":false,"template":"","format":"standard","meta":{"_monsterinsights_skip_tracking":false,"_monsterinsights_sitenote_active":false,"_monsterinsights_sitenote_note":"","_monsterinsights_sitenote_category":0,"footnotes":""},"categories":[4],"tags":[],"class_list":["post-2517","post","type-post","status-publish","format-standard","has-post-thumbnail","hentry","category-noticias"],"yoast_head":"<!-- This site is optimized with the Yoast SEO plugin v22.3 - https:\/\/yoast.com\/wordpress\/plugins\/seo\/ -->\n<title>FAETYL SE SUM\u00d3 AL COMIT\u00c9 DE CRISIS Y PREVENCI\u00d3N DEL COVID-19 &#187; CEDOL<\/title>\n<meta name=\"description\" content=\"El Gobierno Nacional junto con FAETyL y la Federaci\u00f3n Nacional de Camioneros, confeccionaron un protocolo de seguridad para los colaboradores y trabajadores de la log\u00edstica.\" \/>\n<meta name=\"robots\" content=\"index, follow, max-snippet:-1, max-image-preview:large, max-video-preview:-1\" \/>\n<link rel=\"canonical\" href=\"https:\/\/www.cedol.org.ar\/logistica\/faetyl-se-sumo-al-comite-crisis-prevencion-del-covid-19\/\" \/>\n<meta property=\"og:locale\" content=\"es_ES\" \/>\n<meta property=\"og:type\" content=\"article\" \/>\n<meta property=\"og:title\" content=\"FAETYL SE SUM\u00d3 AL COMIT\u00c9 DE CRISIS Y PREVENCI\u00d3N DEL COVID-19 &#187; CEDOL\" \/>\n<meta property=\"og:description\" content=\"El Gobierno Nacional junto con FAETyL y la Federaci\u00f3n Nacional de Camioneros, confeccionaron un protocolo de seguridad para los colaboradores y trabajadores de la log\u00edstica.\" \/>\n<meta property=\"og:url\" content=\"https:\/\/www.cedol.org.ar\/logistica\/faetyl-se-sumo-al-comite-crisis-prevencion-del-covid-19\/\" \/>\n<meta property=\"og:site_name\" content=\"CEDOL\" \/>\n<meta property=\"article:published_time\" content=\"2020-03-30T17:15:35+00:00\" \/>\n<meta property=\"article:modified_time\" content=\"2020-04-08T15:44:02+00:00\" \/>\n<meta property=\"og:image\" content=\"https:\/\/www.cedol.org.ar\/logistica\/wp-content\/uploads\/2020\/03\/afiche-faetyl.jpg\" \/>\n\t<meta property=\"og:image:width\" content=\"1974\" \/>\n\t<meta property=\"og:image:height\" content=\"2020\" \/>\n\t<meta property=\"og:image:type\" content=\"image\/jpeg\" \/>\n<meta name=\"author\" content=\"admin\" \/>\n<meta name=\"twitter:card\" content=\"summary_large_image\" \/>\n<meta name=\"twitter:label1\" content=\"Escrito por\" \/>\n\t<meta name=\"twitter:data1\" content=\"admin\" \/>\n\t<meta name=\"twitter:label2\" content=\"Tiempo de lectura\" \/>\n\t<meta name=\"twitter:data2\" content=\"2 minutos\" \/>\n<script type=\"application\/ld+json\" class=\"yoast-schema-graph\">{\"@context\":\"https:\/\/schema.org\",\"@graph\":[{\"@type\":\"WebPage\",\"@id\":\"https:\/\/www.cedol.org.ar\/logistica\/faetyl-se-sumo-al-comite-crisis-prevencion-del-covid-19\/\",\"url\":\"https:\/\/www.cedol.org.ar\/logistica\/faetyl-se-sumo-al-comite-crisis-prevencion-del-covid-19\/\",\"name\":\"FAETYL SE SUM\u00d3 AL COMIT\u00c9 DE CRISIS Y PREVENCI\u00d3N DEL COVID-19 &#187; CEDOL\",\"isPartOf\":{\"@id\":\"https:\/\/www.cedol.org.ar\/logistica\/#website\"},\"primaryImageOfPage\":{\"@id\":\"https:\/\/www.cedol.org.ar\/logistica\/faetyl-se-sumo-al-comite-crisis-prevencion-del-covid-19\/#primaryimage\"},\"image\":{\"@id\":\"https:\/\/www.cedol.org.ar\/logistica\/faetyl-se-sumo-al-comite-crisis-prevencion-del-covid-19\/#primaryimage\"},\"thumbnailUrl\":\"https:\/\/www.cedol.org.ar\/logistica\/wp-content\/uploads\/2020\/03\/afiche-faetyl.jpg\",\"datePublished\":\"2020-03-30T17:15:35+00:00\",\"dateModified\":\"2020-04-08T15:44:02+00:00\",\"author\":{\"@id\":\"https:\/\/www.cedol.org.ar\/logistica\/#\/schema\/person\/40275bdb20446824fc74d51aabe22e83\"},\"description\":\"El Gobierno Nacional junto con FAETyL y la Federaci\u00f3n Nacional de Camioneros, confeccionaron un protocolo de seguridad para los colaboradores y trabajadores de la log\u00edstica.\",\"breadcrumb\":{\"@id\":\"https:\/\/www.cedol.org.ar\/logistica\/faetyl-se-sumo-al-comite-crisis-prevencion-del-covid-19\/#breadcrumb\"},\"inLanguage\":\"es\",\"potentialAction\":[{\"@type\":\"ReadAction\",\"target\":[\"https:\/\/www.cedol.org.ar\/logistica\/faetyl-se-sumo-al-comite-crisis-prevencion-del-covid-19\/\"]}]},{\"@type\":\"ImageObject\",\"inLanguage\":\"es\",\"@id\":\"https:\/\/www.cedol.org.ar\/logistica\/faetyl-se-sumo-al-comite-crisis-prevencion-del-covid-19\/#primaryimage\",\"url\":\"https:\/\/www.cedol.org.ar\/logistica\/wp-content\/uploads\/2020\/03\/afiche-faetyl.jpg\",\"contentUrl\":\"https:\/\/www.cedol.org.ar\/logistica\/wp-content\/uploads\/2020\/03\/afiche-faetyl.jpg\",\"width\":1974,\"height\":2020},{\"@type\":\"BreadcrumbList\",\"@id\":\"https:\/\/www.cedol.org.ar\/logistica\/faetyl-se-sumo-al-comite-crisis-prevencion-del-covid-19\/#breadcrumb\",\"itemListElement\":[{\"@type\":\"ListItem\",\"position\":1,\"name\":\"Home\",\"item\":\"https:\/\/www.cedol.org.ar\/logistica\/\"},{\"@type\":\"ListItem\",\"position\":2,\"name\":\"FAETYL SE SUM\u00d3 AL COMIT\u00c9 DE CRISIS Y PREVENCI\u00d3N DEL COVID-19\"}]},{\"@type\":\"WebSite\",\"@id\":\"https:\/\/www.cedol.org.ar\/logistica\/#website\",\"url\":\"https:\/\/www.cedol.org.ar\/logistica\/\",\"name\":\"CEDOL\",\"description\":\"C\u00c1MARA EMPRESARIA DE OPERADORES LOG\u00cdSTICOS\",\"potentialAction\":[{\"@type\":\"SearchAction\",\"target\":{\"@type\":\"EntryPoint\",\"urlTemplate\":\"https:\/\/www.cedol.org.ar\/logistica\/?s={search_term_string}\"},\"query-input\":\"required name=search_term_string\"}],\"inLanguage\":\"es\"},{\"@type\":\"Person\",\"@id\":\"https:\/\/www.cedol.org.ar\/logistica\/#\/schema\/person\/40275bdb20446824fc74d51aabe22e83\",\"name\":\"admin\"}]}<\/script>\n<!-- \/ Yoast SEO plugin. -->","yoast_head_json":{"title":"FAETYL SE SUM\u00d3 AL COMIT\u00c9 DE CRISIS Y PREVENCI\u00d3N DEL COVID-19 &#187; CEDOL","description":"El Gobierno Nacional junto con FAETyL y la Federaci\u00f3n Nacional de Camioneros, confeccionaron un protocolo de seguridad para los colaboradores y trabajadores de la log\u00edstica.","robots":{"index":"index","follow":"follow","max-snippet":"max-snippet:-1","max-image-preview":"max-image-preview:large","max-video-preview":"max-video-preview:-1"},"canonical":"https:\/\/www.cedol.org.ar\/logistica\/faetyl-se-sumo-al-comite-crisis-prevencion-del-covid-19\/","og_locale":"es_ES","og_type":"article","og_title":"FAETYL SE SUM\u00d3 AL COMIT\u00c9 DE CRISIS Y PREVENCI\u00d3N DEL COVID-19 &#187; CEDOL","og_description":"El Gobierno Nacional junto con FAETyL y la Federaci\u00f3n Nacional de Camioneros, confeccionaron un protocolo de seguridad para los colaboradores y trabajadores de la log\u00edstica.","og_url":"https:\/\/www.cedol.org.ar\/logistica\/faetyl-se-sumo-al-comite-crisis-prevencion-del-covid-19\/","og_site_name":"CEDOL","article_published_time":"2020-03-30T17:15:35+00:00","article_modified_time":"2020-04-08T15:44:02+00:00","og_image":[{"width":1974,"height":2020,"url":"https:\/\/www.cedol.org.ar\/logistica\/wp-content\/uploads\/2020\/03\/afiche-faetyl.jpg","type":"image\/jpeg"}],"author":"admin","twitter_card":"summary_large_image","twitter_misc":{"Escrito por":"admin","Tiempo de lectura":"2 minutos"},"schema":{"@context":"https:\/\/schema.org","@graph":[{"@type":"WebPage","@id":"https:\/\/www.cedol.org.ar\/logistica\/faetyl-se-sumo-al-comite-crisis-prevencion-del-covid-19\/","url":"https:\/\/www.cedol.org.ar\/logistica\/faetyl-se-sumo-al-comite-crisis-prevencion-del-covid-19\/","name":"FAETYL SE SUM\u00d3 AL COMIT\u00c9 DE CRISIS Y PREVENCI\u00d3N DEL COVID-19 &#187; CEDOL","isPartOf":{"@id":"https:\/\/www.cedol.org.ar\/logistica\/#website"},"primaryImageOfPage":{"@id":"https:\/\/www.cedol.org.ar\/logistica\/faetyl-se-sumo-al-comite-crisis-prevencion-del-covid-19\/#primaryimage"},"image":{"@id":"https:\/\/www.cedol.org.ar\/logistica\/faetyl-se-sumo-al-comite-crisis-prevencion-del-covid-19\/#primaryimage"},"thumbnailUrl":"https:\/\/www.cedol.org.ar\/logistica\/wp-content\/uploads\/2020\/03\/afiche-faetyl.jpg","datePublished":"2020-03-30T17:15:35+00:00","dateModified":"2020-04-08T15:44:02+00:00","author":{"@id":"https:\/\/www.cedol.org.ar\/logistica\/#\/schema\/person\/40275bdb20446824fc74d51aabe22e83"},"description":"El Gobierno Nacional junto con FAETyL y la Federaci\u00f3n Nacional de Camioneros, confeccionaron un protocolo de seguridad para los colaboradores y trabajadores de la log\u00edstica.","breadcrumb":{"@id":"https:\/\/www.cedol.org.ar\/logistica\/faetyl-se-sumo-al-comite-crisis-prevencion-del-covid-19\/#breadcrumb"},"inLanguage":"es","potentialAction":[{"@type":"ReadAction","target":["https:\/\/www.cedol.org.ar\/logistica\/faetyl-se-sumo-al-comite-crisis-prevencion-del-covid-19\/"]}]},{"@type":"ImageObject","inLanguage":"es","@id":"https:\/\/www.cedol.org.ar\/logistica\/faetyl-se-sumo-al-comite-crisis-prevencion-del-covid-19\/#primaryimage","url":"https:\/\/www.cedol.org.ar\/logistica\/wp-content\/uploads\/2020\/03\/afiche-faetyl.jpg","contentUrl":"https:\/\/www.cedol.org.ar\/logistica\/wp-content\/uploads\/2020\/03\/afiche-faetyl.jpg","width":1974,"height":2020},{"@type":"BreadcrumbList","@id":"https:\/\/www.cedol.org.ar\/logistica\/faetyl-se-sumo-al-comite-crisis-prevencion-del-covid-19\/#breadcrumb","itemListElement":[{"@type":"ListItem","position":1,"name":"Home","item":"https:\/\/www.cedol.org.ar\/logistica\/"},{"@type":"ListItem","position":2,"name":"FAETYL SE SUM\u00d3 AL COMIT\u00c9 DE CRISIS Y PREVENCI\u00d3N DEL COVID-19"}]},{"@type":"WebSite","@id":"https:\/\/www.cedol.org.ar\/logistica\/#website","url":"https:\/\/www.cedol.org.ar\/logistica\/","name":"CEDOL","description":"C\u00c1MARA EMPRESARIA DE OPERADORES LOG\u00cdSTICOS","potentialAction":[{"@type":"SearchAction","target":{"@type":"EntryPoint","urlTemplate":"https:\/\/www.cedol.org.ar\/logistica\/?s={search_term_string}"},"query-input":"required name=search_term_string"}],"inLanguage":"es"},{"@type":"Person","@id":"https:\/\/www.cedol.org.ar\/logistica\/#\/schema\/person\/40275bdb20446824fc74d51aabe22e83","name":"admin"}]}},"_links":{"self":[{"href":"https:\/\/www.cedol.org.ar\/logistica\/wp-json\/wp\/v2\/posts\/2517","targetHints":{"allow":["GET"]}}],"collection":[{"href":"https:\/\/www.cedol.org.ar\/logistica\/wp-json\/wp\/v2\/posts"}],"about":[{"href":"https:\/\/www.cedol.org.ar\/logistica\/wp-json\/wp\/v2\/types\/post"}],"author":[{"embeddable":true,"href":"https:\/\/www.cedol.org.ar\/logistica\/wp-json\/wp\/v2\/users\/1"}],"replies":[{"embeddable":true,"href":"https:\/\/www.cedol.org.ar\/logistica\/wp-json\/wp\/v2\/comments?post=2517"}],"version-history":[{"count":1,"href":"https:\/\/www.cedol.org.ar\/logistica\/wp-json\/wp\/v2\/posts\/2517\/revisions"}],"predecessor-version":[{"id":2519,"href":"https:\/\/www.cedol.org.ar\/logistica\/wp-json\/wp\/v2\/posts\/2517\/revisions\/2519"}],"wp:featuredmedia":[{"embeddable":true,"href":"https:\/\/www.cedol.org.ar\/logistica\/wp-json\/wp\/v2\/media\/2518"}],"wp:attachment":[{"href":"https:\/\/www.cedol.org.ar\/logistica\/wp-json\/wp\/v2\/media?parent=2517"}],"wp:term":[{"taxonomy":"category","embeddable":true,"href":"https:\/\/www.cedol.org.ar\/logistica\/wp-json\/wp\/v2\/categories?post=2517"},{"taxonomy":"post_tag","embeddable":true,"href":"https:\/\/www.cedol.org.ar\/logistica\/wp-json\/wp\/v2\/tags?post=2517"}],"curies":[{"name":"wp","href":"https:\/\/api.w.org\/{rel}","templated":true}]}}