{"id":2514,"date":"2020-03-30T17:12:34","date_gmt":"2020-03-30T17:12:34","guid":{"rendered":"http:\/\/www.cedol.org.ar\/logistica\/?p=2514"},"modified":"2020-03-30T18:20:48","modified_gmt":"2020-03-30T18:20:48","slug":"covid-19-empresas-logistica-comprometidas-abastecimiento","status":"publish","type":"post","link":"https:\/\/www.cedol.org.ar\/logistica\/covid-19-empresas-logistica-comprometidas-abastecimiento\/","title":{"rendered":"COVID-19: EMPRESAS DE LOG\u00cdSTICA COMPROMETIDAS CON EL ABASTECIMIENTO"},"content":{"rendered":"<p class=\"p1\"><span class=\"s1\"><b>El Consejo Directivo de CEDOL est\u00e1 conectado en forma permanente para hacer un seguimiento cercano de la actividad y resolver cualquier imprevisto que pudiera surgir.<\/b><\/span><\/p>\n<p class=\"p1\"><span class=\"s1\">En los 15 d\u00edas previos a que se decretara la cuarentena en Argentina, y alertados por la situaci\u00f3n que atravesaban otros pa\u00edses con la propagaci\u00f3n del <b>COVID-19<\/b> o <b><i>\u201ccoronavirus\u201d<\/i><\/b>, la <b>C\u00e1mara Empresaria de Operadores Log\u00edsticos (CEDOL)<\/b> y las autoridades del Gobierno nacional comenzaron a trabajar de manera conjunta en las medidas que posibilitar\u00edan un normal abastecimiento de productos esenciales para la poblaci\u00f3n. <i>\u201cEstamos realizando un trabajo muy satisfactorio junto a las autoridades para asegurar el abastecimiento a nivel nacional<\/i>\u201d, destac\u00f3 <b>Hern\u00e1n S\u00e1nchez, presidente de CEDOL<\/b>.<\/span><\/p>\n<p class=\"p1\"><span class=\"s1\">Adem\u00e1s, los miembros del Consejo Directivo de CEDOL conformaron un comit\u00e9 de crisis que permanentemente est\u00e1 monitoreando la actividad en cada una de las empresas para hacer un seguimiento cercano de la actividad y resolver cualquier imprevisto que pudiera surgir.\u00a0<\/span><\/p>\n<p class=\"p1\"><span class=\"s1\">De esta manera, una vez que el <b>Presidente Alberto Fern\u00e1ndez<\/b> anunci\u00f3 las restricciones de circulaci\u00f3n, <b>las empresas que conforman CEDOL pudieron<\/b> <b>ofrecer sus servicios de manera habitual <\/b>para abastecer a la sociedad,<b> <\/b>con los recaudos necesarios para<b> <\/b>la<b> prevenci\u00f3n del contagio entre sus m\u00e1s de 150 mil colaboradores<\/b>, directos e indirectos, en todo el territorio argentino. <\/span><\/p>\n<p class=\"p1\"><span class=\"s1\">En l\u00ednea con las recomendaciones de la Organizaci\u00f3n Mundial de la Salud (OMS) y las pautas dispuestas por el Gobierno nacional, <b>el objetivo de las medidas tomadas por CEDOL es garantizar -con la debida protecci\u00f3n- el normal desarrollo de los servicios log\u00edsticos que brindamos a nuestros clientes<\/b>. Sin ellos, ser\u00eda imposible abastecer de medicamentos, alimentos, art\u00edculos de higiene y bienes personales en general indispensables para la toda la poblaci\u00f3n.<\/span><\/p>\n<p class=\"p1\"><span class=\"s1\"><i>\u201cEl trabajo que viene realizando el sector log\u00edstico en estos d\u00edas de pandemia es para destacar<\/i>\u201d, remarc\u00f3 S\u00e1nchez. Y agreg\u00f3 que en este contexto, <i>\u201cla log\u00edstica es fundamental para que la poblaci\u00f3n permanezca tranquila y pueda contar con todo lo que necesita en su casa y, de esa manera, moverse lo menos posible\u201d<\/i>. <\/span><\/p>\n<p class=\"p1\"><span class=\"s1\">La actividad log\u00edstica es transversal a toda la econom\u00eda del pa\u00eds. Y la cadena de abastecimiento <b>es el motor central que mueve los bienes y dinamiza los servicios de una naci\u00f3n<\/b>. De su correcto funcionamiento depende el sector productivo y comercial de la Argentina.<\/span><\/p>\n<p class=\"p1\"><span class=\"s1\">En ese sentido, el presidente de CEDOL puntualiz\u00f3 que \u201c<i>nos encontramos en un momento clave para que cada integrante de la sociedad aporte soluciones desde su lugar para sumar un grano de arena en pos del bienestar general. Nuestra C\u00e1mara, con m\u00e1s de 20 a\u00f1os de historia en el pa\u00eds, y a trav\u00e9s de las empresas que agrupa, asume ese compromiso social con todos los argentinos\u201d<\/i>.<\/span><\/p>\n","protected":false},"excerpt":{"rendered":"<p>El Consejo Directivo de CEDOL est\u00e1 conectado en forma permanente para hacer un seguimiento cercano de la actividad y resolver cualquier imprevisto que pudiera surgir. [&hellip;]<\/p>\n","protected":false},"author":1,"featured_media":2520,"comment_status":"open","ping_status":"open","sticky":true,"template":"","format":"standard","meta":{"_monsterinsights_skip_tracking":false,"_monsterinsights_sitenote_active":false,"_monsterinsights_sitenote_note":"","_monsterinsights_sitenote_category":0,"footnotes":""},"categories":[4],"tags":[],"class_list":["post-2514","post","type-post","status-publish","format-standard","has-post-thumbnail","hentry","category-noticias"],"yoast_head":"<!-- This site is optimized with the Yoast SEO plugin v22.3 - https:\/\/yoast.com\/wordpress\/plugins\/seo\/ -->\n<title>COVID-19: EMPRESAS DE LOG\u00cdSTICA COMPROMETIDAS CON EL ABASTECIMIENTO &#187; CEDOL<\/title>\n<meta name=\"description\" content=\"El Consejo Directivo de CEDOL est\u00e1 conectado en forma permanente para hacer un seguimiento cercano de la actividad y resolver cualquier imprevisto que pudiera surgir.\" \/>\n<meta name=\"robots\" content=\"index, follow, max-snippet:-1, max-image-preview:large, max-video-preview:-1\" \/>\n<link rel=\"canonical\" href=\"https:\/\/www.cedol.org.ar\/logistica\/covid-19-empresas-logistica-comprometidas-abastecimiento\/\" \/>\n<meta property=\"og:locale\" content=\"es_ES\" \/>\n<meta property=\"og:type\" content=\"article\" \/>\n<meta property=\"og:title\" content=\"COVID-19: EMPRESAS DE LOG\u00cdSTICA COMPROMETIDAS CON EL ABASTECIMIENTO &#187; CEDOL\" \/>\n<meta property=\"og:description\" content=\"El Consejo Directivo de CEDOL est\u00e1 conectado en forma permanente para hacer un seguimiento cercano de la actividad y resolver cualquier imprevisto que pudiera surgir.\" \/>\n<meta property=\"og:url\" content=\"https:\/\/www.cedol.org.ar\/logistica\/covid-19-empresas-logistica-comprometidas-abastecimiento\/\" \/>\n<meta property=\"og:site_name\" content=\"CEDOL\" \/>\n<meta property=\"article:published_time\" content=\"2020-03-30T17:12:34+00:00\" \/>\n<meta property=\"article:modified_time\" content=\"2020-03-30T18:20:48+00:00\" \/>\n<meta property=\"og:image\" content=\"https:\/\/www.cedol.org.ar\/logistica\/wp-content\/uploads\/2020\/03\/FOTO-1-mar-20-1.jpg\" \/>\n\t<meta property=\"og:image:width\" content=\"774\" \/>\n\t<meta property=\"og:image:height\" content=\"492\" \/>\n\t<meta property=\"og:image:type\" content=\"image\/jpeg\" \/>\n<meta name=\"author\" content=\"admin\" \/>\n<meta name=\"twitter:card\" content=\"summary_large_image\" \/>\n<meta name=\"twitter:label1\" content=\"Escrito por\" \/>\n\t<meta name=\"twitter:data1\" content=\"admin\" \/>\n\t<meta name=\"twitter:label2\" content=\"Tiempo de lectura\" \/>\n\t<meta name=\"twitter:data2\" content=\"2 minutos\" \/>\n<script type=\"application\/ld+json\" class=\"yoast-schema-graph\">{\"@context\":\"https:\/\/schema.org\",\"@graph\":[{\"@type\":\"WebPage\",\"@id\":\"https:\/\/www.cedol.org.ar\/logistica\/covid-19-empresas-logistica-comprometidas-abastecimiento\/\",\"url\":\"https:\/\/www.cedol.org.ar\/logistica\/covid-19-empresas-logistica-comprometidas-abastecimiento\/\",\"name\":\"COVID-19: EMPRESAS DE LOG\u00cdSTICA COMPROMETIDAS CON EL ABASTECIMIENTO &#187; CEDOL\",\"isPartOf\":{\"@id\":\"https:\/\/www.cedol.org.ar\/logistica\/#website\"},\"primaryImageOfPage\":{\"@id\":\"https:\/\/www.cedol.org.ar\/logistica\/covid-19-empresas-logistica-comprometidas-abastecimiento\/#primaryimage\"},\"image\":{\"@id\":\"https:\/\/www.cedol.org.ar\/logistica\/covid-19-empresas-logistica-comprometidas-abastecimiento\/#primaryimage\"},\"thumbnailUrl\":\"https:\/\/www.cedol.org.ar\/logistica\/wp-content\/uploads\/2020\/03\/FOTO-1-mar-20-1.jpg\",\"datePublished\":\"2020-03-30T17:12:34+00:00\",\"dateModified\":\"2020-03-30T18:20:48+00:00\",\"author\":{\"@id\":\"https:\/\/www.cedol.org.ar\/logistica\/#\/schema\/person\/40275bdb20446824fc74d51aabe22e83\"},\"description\":\"El Consejo Directivo de CEDOL est\u00e1 conectado en forma permanente para hacer un seguimiento cercano de la actividad y resolver cualquier imprevisto que pudiera surgir.\",\"breadcrumb\":{\"@id\":\"https:\/\/www.cedol.org.ar\/logistica\/covid-19-empresas-logistica-comprometidas-abastecimiento\/#breadcrumb\"},\"inLanguage\":\"es\",\"potentialAction\":[{\"@type\":\"ReadAction\",\"target\":[\"https:\/\/www.cedol.org.ar\/logistica\/covid-19-empresas-logistica-comprometidas-abastecimiento\/\"]}]},{\"@type\":\"ImageObject\",\"inLanguage\":\"es\",\"@id\":\"https:\/\/www.cedol.org.ar\/logistica\/covid-19-empresas-logistica-comprometidas-abastecimiento\/#primaryimage\",\"url\":\"https:\/\/www.cedol.org.ar\/logistica\/wp-content\/uploads\/2020\/03\/FOTO-1-mar-20-1.jpg\",\"contentUrl\":\"https:\/\/www.cedol.org.ar\/logistica\/wp-content\/uploads\/2020\/03\/FOTO-1-mar-20-1.jpg\",\"width\":774,\"height\":492},{\"@type\":\"BreadcrumbList\",\"@id\":\"https:\/\/www.cedol.org.ar\/logistica\/covid-19-empresas-logistica-comprometidas-abastecimiento\/#breadcrumb\",\"itemListElement\":[{\"@type\":\"ListItem\",\"position\":1,\"name\":\"Home\",\"item\":\"https:\/\/www.cedol.org.ar\/logistica\/\"},{\"@type\":\"ListItem\",\"position\":2,\"name\":\"COVID-19: EMPRESAS DE LOG\u00cdSTICA COMPROMETIDAS CON EL ABASTECIMIENTO\"}]},{\"@type\":\"WebSite\",\"@id\":\"https:\/\/www.cedol.org.ar\/logistica\/#website\",\"url\":\"https:\/\/www.cedol.org.ar\/logistica\/\",\"name\":\"CEDOL\",\"description\":\"C\u00c1MARA EMPRESARIA DE OPERADORES LOG\u00cdSTICOS\",\"potentialAction\":[{\"@type\":\"SearchAction\",\"target\":{\"@type\":\"EntryPoint\",\"urlTemplate\":\"https:\/\/www.cedol.org.ar\/logistica\/?s={search_term_string}\"},\"query-input\":\"required name=search_term_string\"}],\"inLanguage\":\"es\"},{\"@type\":\"Person\",\"@id\":\"https:\/\/www.cedol.org.ar\/logistica\/#\/schema\/person\/40275bdb20446824fc74d51aabe22e83\",\"name\":\"admin\"}]}<\/script>\n<!-- \/ Yoast SEO plugin. -->","yoast_head_json":{"title":"COVID-19: EMPRESAS DE LOG\u00cdSTICA COMPROMETIDAS CON EL ABASTECIMIENTO &#187; CEDOL","description":"El Consejo Directivo de CEDOL est\u00e1 conectado en forma permanente para hacer un seguimiento cercano de la actividad y resolver cualquier imprevisto que pudiera surgir.","robots":{"index":"index","follow":"follow","max-snippet":"max-snippet:-1","max-image-preview":"max-image-preview:large","max-video-preview":"max-video-preview:-1"},"canonical":"https:\/\/www.cedol.org.ar\/logistica\/covid-19-empresas-logistica-comprometidas-abastecimiento\/","og_locale":"es_ES","og_type":"article","og_title":"COVID-19: EMPRESAS DE LOG\u00cdSTICA COMPROMETIDAS CON EL ABASTECIMIENTO &#187; CEDOL","og_description":"El Consejo Directivo de CEDOL est\u00e1 conectado en forma permanente para hacer un seguimiento cercano de la actividad y resolver cualquier imprevisto que pudiera surgir.","og_url":"https:\/\/www.cedol.org.ar\/logistica\/covid-19-empresas-logistica-comprometidas-abastecimiento\/","og_site_name":"CEDOL","article_published_time":"2020-03-30T17:12:34+00:00","article_modified_time":"2020-03-30T18:20:48+00:00","og_image":[{"width":774,"height":492,"url":"https:\/\/www.cedol.org.ar\/logistica\/wp-content\/uploads\/2020\/03\/FOTO-1-mar-20-1.jpg","type":"image\/jpeg"}],"author":"admin","twitter_card":"summary_large_image","twitter_misc":{"Escrito por":"admin","Tiempo de lectura":"2 minutos"},"schema":{"@context":"https:\/\/schema.org","@graph":[{"@type":"WebPage","@id":"https:\/\/www.cedol.org.ar\/logistica\/covid-19-empresas-logistica-comprometidas-abastecimiento\/","url":"https:\/\/www.cedol.org.ar\/logistica\/covid-19-empresas-logistica-comprometidas-abastecimiento\/","name":"COVID-19: EMPRESAS DE LOG\u00cdSTICA COMPROMETIDAS CON EL ABASTECIMIENTO &#187; CEDOL","isPartOf":{"@id":"https:\/\/www.cedol.org.ar\/logistica\/#website"},"primaryImageOfPage":{"@id":"https:\/\/www.cedol.org.ar\/logistica\/covid-19-empresas-logistica-comprometidas-abastecimiento\/#primaryimage"},"image":{"@id":"https:\/\/www.cedol.org.ar\/logistica\/covid-19-empresas-logistica-comprometidas-abastecimiento\/#primaryimage"},"thumbnailUrl":"https:\/\/www.cedol.org.ar\/logistica\/wp-content\/uploads\/2020\/03\/FOTO-1-mar-20-1.jpg","datePublished":"2020-03-30T17:12:34+00:00","dateModified":"2020-03-30T18:20:48+00:00","author":{"@id":"https:\/\/www.cedol.org.ar\/logistica\/#\/schema\/person\/40275bdb20446824fc74d51aabe22e83"},"description":"El Consejo Directivo de CEDOL est\u00e1 conectado en forma permanente para hacer un seguimiento cercano de la actividad y resolver cualquier imprevisto que pudiera surgir.","breadcrumb":{"@id":"https:\/\/www.cedol.org.ar\/logistica\/covid-19-empresas-logistica-comprometidas-abastecimiento\/#breadcrumb"},"inLanguage":"es","potentialAction":[{"@type":"ReadAction","target":["https:\/\/www.cedol.org.ar\/logistica\/covid-19-empresas-logistica-comprometidas-abastecimiento\/"]}]},{"@type":"ImageObject","inLanguage":"es","@id":"https:\/\/www.cedol.org.ar\/logistica\/covid-19-empresas-logistica-comprometidas-abastecimiento\/#primaryimage","url":"https:\/\/www.cedol.org.ar\/logistica\/wp-content\/uploads\/2020\/03\/FOTO-1-mar-20-1.jpg","contentUrl":"https:\/\/www.cedol.org.ar\/logistica\/wp-content\/uploads\/2020\/03\/FOTO-1-mar-20-1.jpg","width":774,"height":492},{"@type":"BreadcrumbList","@id":"https:\/\/www.cedol.org.ar\/logistica\/covid-19-empresas-logistica-comprometidas-abastecimiento\/#breadcrumb","itemListElement":[{"@type":"ListItem","position":1,"name":"Home","item":"https:\/\/www.cedol.org.ar\/logistica\/"},{"@type":"ListItem","position":2,"name":"COVID-19: EMPRESAS DE LOG\u00cdSTICA COMPROMETIDAS CON EL ABASTECIMIENTO"}]},{"@type":"WebSite","@id":"https:\/\/www.cedol.org.ar\/logistica\/#website","url":"https:\/\/www.cedol.org.ar\/logistica\/","name":"CEDOL","description":"C\u00c1MARA EMPRESARIA DE OPERADORES LOG\u00cdSTICOS","potentialAction":[{"@type":"SearchAction","target":{"@type":"EntryPoint","urlTemplate":"https:\/\/www.cedol.org.ar\/logistica\/?s={search_term_string}"},"query-input":"required name=search_term_string"}],"inLanguage":"es"},{"@type":"Person","@id":"https:\/\/www.cedol.org.ar\/logistica\/#\/schema\/person\/40275bdb20446824fc74d51aabe22e83","name":"admin"}]}},"_links":{"self":[{"href":"https:\/\/www.cedol.org.ar\/logistica\/wp-json\/wp\/v2\/posts\/2514","targetHints":{"allow":["GET"]}}],"collection":[{"href":"https:\/\/www.cedol.org.ar\/logistica\/wp-json\/wp\/v2\/posts"}],"about":[{"href":"https:\/\/www.cedol.org.ar\/logistica\/wp-json\/wp\/v2\/types\/post"}],"author":[{"embeddable":true,"href":"https:\/\/www.cedol.org.ar\/logistica\/wp-json\/wp\/v2\/users\/1"}],"replies":[{"embeddable":true,"href":"https:\/\/www.cedol.org.ar\/logistica\/wp-json\/wp\/v2\/comments?post=2514"}],"version-history":[{"count":1,"href":"https:\/\/www.cedol.org.ar\/logistica\/wp-json\/wp\/v2\/posts\/2514\/revisions"}],"predecessor-version":[{"id":2516,"href":"https:\/\/www.cedol.org.ar\/logistica\/wp-json\/wp\/v2\/posts\/2514\/revisions\/2516"}],"wp:featuredmedia":[{"embeddable":true,"href":"https:\/\/www.cedol.org.ar\/logistica\/wp-json\/wp\/v2\/media\/2520"}],"wp:attachment":[{"href":"https:\/\/www.cedol.org.ar\/logistica\/wp-json\/wp\/v2\/media?parent=2514"}],"wp:term":[{"taxonomy":"category","embeddable":true,"href":"https:\/\/www.cedol.org.ar\/logistica\/wp-json\/wp\/v2\/categories?post=2514"},{"taxonomy":"post_tag","embeddable":true,"href":"https:\/\/www.cedol.org.ar\/logistica\/wp-json\/wp\/v2\/tags?post=2514"}],"curies":[{"name":"wp","href":"https:\/\/api.w.org\/{rel}","templated":true}]}}