{"id":2491,"date":"2020-02-28T17:40:30","date_gmt":"2020-02-28T17:40:30","guid":{"rendered":"http:\/\/www.cedol.org.ar\/logistica\/?p=2491"},"modified":"2020-02-28T18:09:29","modified_gmt":"2020-02-28T18:09:29","slug":"avanza-management-logistico-encuentro-2020","status":"publish","type":"post","link":"https:\/\/www.cedol.org.ar\/logistica\/avanza-management-logistico-encuentro-2020\/","title":{"rendered":"AVANZA EL \u201cMANAGEMENT LOG\u00cdSTICO &#8211; ENCUENTRO 2020\u201d"},"content":{"rendered":"<p class=\"p1\"><span class=\"s1\"><b>La cita ser\u00e1 el 5 de mayo en el Hip\u00f3dromo de San Isidro, donde tambi\u00e9n se desarrollar\u00e1 el 12\u00ba Encuentro CEDOL bajo la consigna: \u201cCambios y mirada prospectiva de las operaciones log\u00edsticas\u201d.<\/b><\/span><\/p>\n<p class=\"p1\"><span class=\"s1\">El pr\u00f3ximo 5 de mayo, en el Espacio Darwin del Hip\u00f3dromo de San Isidro, se llevar\u00e1 a cabo el evento <b><i>\u201cManagement Log\u00edstico-Encuentro 2020\u201d<\/i><\/b>, dentro del cual se realizar\u00e1 el <b>12\u00b0 Encuentro de Intercambio Profesional de CEDOL<\/b>. <\/span><\/p>\n<p class=\"p1\"><span class=\"s1\">Esta nueva alternativa surge como resultado de la alianza entre ambos foros de capacitaci\u00f3n y <i>networking<\/i> y se convierte<i> <\/i>en una jornada completa imperdible para todos los profesionales involucrados en la industria log\u00edstica.<\/span><\/p>\n<p class=\"p1\"><span class=\"s1\">De esta manera, adem\u00e1s, el encuentro se convierte en la mayor reuni\u00f3n de Operadores Log\u00edsticos del pa\u00eds, e incluye una modalidad gratuita para sus asistentes que contempla: <\/span><\/p>\n<ul class=\"ul1\">\n<li class=\"li2\"><span class=\"s3\"><b>Presentaci\u00f3n del libro CEDOL <i>\u201cCambios y mirada prospectiva de las operaciones log\u00edsticas\u201d.<\/i><\/b><\/span><\/li>\n<li class=\"li2\"><span class=\"s3\"><b>Capacitaci\u00f3n Gratuita a cargo de CEDOL.<\/b><\/span><\/li>\n<li class=\"li2\"><span class=\"s3\"><b>\u00c1rea de negocios con m\u00e1s de 60 expositores.<\/b><\/span><\/li>\n<li class=\"li2\"><span class=\"s3\"><b>Caf\u00e9 y lunch del mediod\u00eda.<\/b><\/span><\/li>\n<li class=\"li2\"><span class=\"s3\"><b>Capacitaci\u00f3n Gratuita a cargo de Management Log\u00edstico-Encuentro 2020.<\/b><\/span><\/li>\n<li class=\"li2\"><span class=\"s3\"><b>Estacionamiento gratuito.<\/b><\/span><\/li>\n<li class=\"li2\"><span class=\"s3\"><b>Conferencia Magistral.<\/b><\/span><\/li>\n<li class=\"li2\"><span class=\"s3\"><b>C\u00f3ctel de cierre.<\/b><\/span><\/li>\n<\/ul>\n<p class=\"p1\"><span class=\"s1\">Sin dudas, a partir de ahora, esta alianza entre el Seminario Internacional de Management Log\u00edstico y la <b>C\u00e1mara Empresaria de Operadores Log\u00edsticos (CEDOL) <\/b>ser\u00e1 el punto de encuentro anual para la comunidad log\u00edstica en Argentina. <\/span><\/p>\n<p class=\"p1\"><span class=\"s1\">Como parte de esta uni\u00f3n estrat\u00e9gica, al comienzo de la jornada, en el Auditorio Plata, se presentar\u00e1 el libro que a\u00f1o tras a\u00f1o lanza CEDOL sobre alguna de las \u00faltimas tendencias del sector, a la vez que se entregar\u00e1n los premios y reconocimientos correspondientes. <\/span><\/p>\n<p class=\"p1\"><span class=\"s1\">Asimismo, la C\u00e1mara tendr\u00e1 a su cargo la moderaci\u00f3n de la segunda conferencia dentro de este auditorio y de la Conferencia Magistral, que tendr\u00e1 lugar en el Auditorio Oro, por lo que todos los asistentes al 12\u00b0 Encuentro CEDOL tambi\u00e9n ser\u00e1n invitados a presenciar ambas instancias de conferencias de manera gratuita.<\/span><\/p>\n<p class=\"p1\"><span class=\"s1\">El objetivo de la alianza es que el evento se enfoque en el crecimiento del mercado de operaciones log\u00edsticas tercerizadas, que se transforme en el principal encuentro sobre log\u00edstica en la Argentina y, por supuesto, el m\u00e1s prestigioso de la regi\u00f3n.<\/span><\/p>\n<p class=\"p1\"><span class=\"s1\">Por eso, ya se pueden reservar lugares a trav\u00e9s de un registro online desde el siguiente <\/span><a href=\"https:\/\/www.managementlogistico.com\/pre-registro-gratuito\/\"><span class=\"s4\"><b>link<\/b><\/span><\/a>.<\/p>\n","protected":false},"excerpt":{"rendered":"<p>La cita ser\u00e1 el 5 de mayo en el Hip\u00f3dromo de San Isidro, donde tambi\u00e9n se desarrollar\u00e1 el 12\u00ba Encuentro CEDOL bajo la consigna: \u201cCambios [&hellip;]<\/p>\n","protected":false},"author":1,"featured_media":2483,"comment_status":"open","ping_status":"open","sticky":true,"template":"","format":"standard","meta":{"_monsterinsights_skip_tracking":false,"_monsterinsights_sitenote_active":false,"_monsterinsights_sitenote_note":"","_monsterinsights_sitenote_category":0,"footnotes":""},"categories":[4],"tags":[],"class_list":["post-2491","post","type-post","status-publish","format-standard","has-post-thumbnail","hentry","category-noticias"],"yoast_head":"<!-- This site is optimized with the Yoast SEO plugin v22.3 - https:\/\/yoast.com\/wordpress\/plugins\/seo\/ -->\n<title>AVANZA EL \u201cMANAGEMENT LOG\u00cdSTICO - ENCUENTRO 2020\u201d &#187; CEDOL<\/title>\n<meta name=\"description\" content=\"La cita ser\u00e1 el 5 de mayo en el Hip\u00f3dromo de San Isidro, donde tambi\u00e9n se desarrollar\u00e1 el 12\u00ba Encuentro CEDOL bajo la consigna: \u201cCambios y mirada prospectiva de las operaciones log\u00edsticas\u201d.\" \/>\n<meta name=\"robots\" content=\"index, follow, max-snippet:-1, max-image-preview:large, max-video-preview:-1\" \/>\n<link rel=\"canonical\" href=\"https:\/\/www.cedol.org.ar\/logistica\/avanza-management-logistico-encuentro-2020\/\" \/>\n<meta property=\"og:locale\" content=\"es_ES\" \/>\n<meta property=\"og:type\" content=\"article\" \/>\n<meta property=\"og:title\" content=\"AVANZA EL \u201cMANAGEMENT LOG\u00cdSTICO - ENCUENTRO 2020\u201d &#187; CEDOL\" \/>\n<meta property=\"og:description\" content=\"La cita ser\u00e1 el 5 de mayo en el Hip\u00f3dromo de San Isidro, donde tambi\u00e9n se desarrollar\u00e1 el 12\u00ba Encuentro CEDOL bajo la consigna: \u201cCambios y mirada prospectiva de las operaciones log\u00edsticas\u201d.\" \/>\n<meta property=\"og:url\" content=\"https:\/\/www.cedol.org.ar\/logistica\/avanza-management-logistico-encuentro-2020\/\" \/>\n<meta property=\"og:site_name\" content=\"CEDOL\" \/>\n<meta property=\"article:published_time\" content=\"2020-02-28T17:40:30+00:00\" \/>\n<meta property=\"article:modified_time\" content=\"2020-02-28T18:09:29+00:00\" \/>\n<meta property=\"og:image\" content=\"https:\/\/www.cedol.org.ar\/logistica\/wp-content\/uploads\/2020\/01\/ENCUENTRO-CEDOL-2020.jpg\" \/>\n\t<meta property=\"og:image:width\" content=\"1200\" \/>\n\t<meta property=\"og:image:height\" content=\"1200\" \/>\n\t<meta property=\"og:image:type\" content=\"image\/jpeg\" \/>\n<meta name=\"author\" content=\"admin\" \/>\n<meta name=\"twitter:card\" content=\"summary_large_image\" \/>\n<meta name=\"twitter:label1\" content=\"Escrito por\" \/>\n\t<meta name=\"twitter:data1\" content=\"admin\" \/>\n\t<meta name=\"twitter:label2\" content=\"Tiempo de lectura\" \/>\n\t<meta name=\"twitter:data2\" content=\"2 minutos\" \/>\n<script type=\"application\/ld+json\" class=\"yoast-schema-graph\">{\"@context\":\"https:\/\/schema.org\",\"@graph\":[{\"@type\":\"WebPage\",\"@id\":\"https:\/\/www.cedol.org.ar\/logistica\/avanza-management-logistico-encuentro-2020\/\",\"url\":\"https:\/\/www.cedol.org.ar\/logistica\/avanza-management-logistico-encuentro-2020\/\",\"name\":\"AVANZA EL \u201cMANAGEMENT LOG\u00cdSTICO - ENCUENTRO 2020\u201d &#187; CEDOL\",\"isPartOf\":{\"@id\":\"https:\/\/www.cedol.org.ar\/logistica\/#website\"},\"primaryImageOfPage\":{\"@id\":\"https:\/\/www.cedol.org.ar\/logistica\/avanza-management-logistico-encuentro-2020\/#primaryimage\"},\"image\":{\"@id\":\"https:\/\/www.cedol.org.ar\/logistica\/avanza-management-logistico-encuentro-2020\/#primaryimage\"},\"thumbnailUrl\":\"https:\/\/www.cedol.org.ar\/logistica\/wp-content\/uploads\/2020\/01\/ENCUENTRO-CEDOL-2020.jpg\",\"datePublished\":\"2020-02-28T17:40:30+00:00\",\"dateModified\":\"2020-02-28T18:09:29+00:00\",\"author\":{\"@id\":\"https:\/\/www.cedol.org.ar\/logistica\/#\/schema\/person\/40275bdb20446824fc74d51aabe22e83\"},\"description\":\"La cita ser\u00e1 el 5 de mayo en el Hip\u00f3dromo de San Isidro, donde tambi\u00e9n se desarrollar\u00e1 el 12\u00ba Encuentro CEDOL bajo la consigna: \u201cCambios y mirada prospectiva de las operaciones log\u00edsticas\u201d.\",\"breadcrumb\":{\"@id\":\"https:\/\/www.cedol.org.ar\/logistica\/avanza-management-logistico-encuentro-2020\/#breadcrumb\"},\"inLanguage\":\"es\",\"potentialAction\":[{\"@type\":\"ReadAction\",\"target\":[\"https:\/\/www.cedol.org.ar\/logistica\/avanza-management-logistico-encuentro-2020\/\"]}]},{\"@type\":\"ImageObject\",\"inLanguage\":\"es\",\"@id\":\"https:\/\/www.cedol.org.ar\/logistica\/avanza-management-logistico-encuentro-2020\/#primaryimage\",\"url\":\"https:\/\/www.cedol.org.ar\/logistica\/wp-content\/uploads\/2020\/01\/ENCUENTRO-CEDOL-2020.jpg\",\"contentUrl\":\"https:\/\/www.cedol.org.ar\/logistica\/wp-content\/uploads\/2020\/01\/ENCUENTRO-CEDOL-2020.jpg\",\"width\":1200,\"height\":1200},{\"@type\":\"BreadcrumbList\",\"@id\":\"https:\/\/www.cedol.org.ar\/logistica\/avanza-management-logistico-encuentro-2020\/#breadcrumb\",\"itemListElement\":[{\"@type\":\"ListItem\",\"position\":1,\"name\":\"Home\",\"item\":\"https:\/\/www.cedol.org.ar\/logistica\/\"},{\"@type\":\"ListItem\",\"position\":2,\"name\":\"AVANZA EL \u201cMANAGEMENT LOG\u00cdSTICO &#8211; ENCUENTRO 2020\u201d\"}]},{\"@type\":\"WebSite\",\"@id\":\"https:\/\/www.cedol.org.ar\/logistica\/#website\",\"url\":\"https:\/\/www.cedol.org.ar\/logistica\/\",\"name\":\"CEDOL\",\"description\":\"C\u00c1MARA EMPRESARIA DE OPERADORES LOG\u00cdSTICOS\",\"potentialAction\":[{\"@type\":\"SearchAction\",\"target\":{\"@type\":\"EntryPoint\",\"urlTemplate\":\"https:\/\/www.cedol.org.ar\/logistica\/?s={search_term_string}\"},\"query-input\":\"required name=search_term_string\"}],\"inLanguage\":\"es\"},{\"@type\":\"Person\",\"@id\":\"https:\/\/www.cedol.org.ar\/logistica\/#\/schema\/person\/40275bdb20446824fc74d51aabe22e83\",\"name\":\"admin\"}]}<\/script>\n<!-- \/ Yoast SEO plugin. -->","yoast_head_json":{"title":"AVANZA EL \u201cMANAGEMENT LOG\u00cdSTICO - ENCUENTRO 2020\u201d &#187; CEDOL","description":"La cita ser\u00e1 el 5 de mayo en el Hip\u00f3dromo de San Isidro, donde tambi\u00e9n se desarrollar\u00e1 el 12\u00ba Encuentro CEDOL bajo la consigna: \u201cCambios y mirada prospectiva de las operaciones log\u00edsticas\u201d.","robots":{"index":"index","follow":"follow","max-snippet":"max-snippet:-1","max-image-preview":"max-image-preview:large","max-video-preview":"max-video-preview:-1"},"canonical":"https:\/\/www.cedol.org.ar\/logistica\/avanza-management-logistico-encuentro-2020\/","og_locale":"es_ES","og_type":"article","og_title":"AVANZA EL \u201cMANAGEMENT LOG\u00cdSTICO - ENCUENTRO 2020\u201d &#187; CEDOL","og_description":"La cita ser\u00e1 el 5 de mayo en el Hip\u00f3dromo de San Isidro, donde tambi\u00e9n se desarrollar\u00e1 el 12\u00ba Encuentro CEDOL bajo la consigna: \u201cCambios y mirada prospectiva de las operaciones log\u00edsticas\u201d.","og_url":"https:\/\/www.cedol.org.ar\/logistica\/avanza-management-logistico-encuentro-2020\/","og_site_name":"CEDOL","article_published_time":"2020-02-28T17:40:30+00:00","article_modified_time":"2020-02-28T18:09:29+00:00","og_image":[{"width":1200,"height":1200,"url":"https:\/\/www.cedol.org.ar\/logistica\/wp-content\/uploads\/2020\/01\/ENCUENTRO-CEDOL-2020.jpg","type":"image\/jpeg"}],"author":"admin","twitter_card":"summary_large_image","twitter_misc":{"Escrito por":"admin","Tiempo de lectura":"2 minutos"},"schema":{"@context":"https:\/\/schema.org","@graph":[{"@type":"WebPage","@id":"https:\/\/www.cedol.org.ar\/logistica\/avanza-management-logistico-encuentro-2020\/","url":"https:\/\/www.cedol.org.ar\/logistica\/avanza-management-logistico-encuentro-2020\/","name":"AVANZA EL \u201cMANAGEMENT LOG\u00cdSTICO - ENCUENTRO 2020\u201d &#187; CEDOL","isPartOf":{"@id":"https:\/\/www.cedol.org.ar\/logistica\/#website"},"primaryImageOfPage":{"@id":"https:\/\/www.cedol.org.ar\/logistica\/avanza-management-logistico-encuentro-2020\/#primaryimage"},"image":{"@id":"https:\/\/www.cedol.org.ar\/logistica\/avanza-management-logistico-encuentro-2020\/#primaryimage"},"thumbnailUrl":"https:\/\/www.cedol.org.ar\/logistica\/wp-content\/uploads\/2020\/01\/ENCUENTRO-CEDOL-2020.jpg","datePublished":"2020-02-28T17:40:30+00:00","dateModified":"2020-02-28T18:09:29+00:00","author":{"@id":"https:\/\/www.cedol.org.ar\/logistica\/#\/schema\/person\/40275bdb20446824fc74d51aabe22e83"},"description":"La cita ser\u00e1 el 5 de mayo en el Hip\u00f3dromo de San Isidro, donde tambi\u00e9n se desarrollar\u00e1 el 12\u00ba Encuentro CEDOL bajo la consigna: \u201cCambios y mirada prospectiva de las operaciones log\u00edsticas\u201d.","breadcrumb":{"@id":"https:\/\/www.cedol.org.ar\/logistica\/avanza-management-logistico-encuentro-2020\/#breadcrumb"},"inLanguage":"es","potentialAction":[{"@type":"ReadAction","target":["https:\/\/www.cedol.org.ar\/logistica\/avanza-management-logistico-encuentro-2020\/"]}]},{"@type":"ImageObject","inLanguage":"es","@id":"https:\/\/www.cedol.org.ar\/logistica\/avanza-management-logistico-encuentro-2020\/#primaryimage","url":"https:\/\/www.cedol.org.ar\/logistica\/wp-content\/uploads\/2020\/01\/ENCUENTRO-CEDOL-2020.jpg","contentUrl":"https:\/\/www.cedol.org.ar\/logistica\/wp-content\/uploads\/2020\/01\/ENCUENTRO-CEDOL-2020.jpg","width":1200,"height":1200},{"@type":"BreadcrumbList","@id":"https:\/\/www.cedol.org.ar\/logistica\/avanza-management-logistico-encuentro-2020\/#breadcrumb","itemListElement":[{"@type":"ListItem","position":1,"name":"Home","item":"https:\/\/www.cedol.org.ar\/logistica\/"},{"@type":"ListItem","position":2,"name":"AVANZA EL \u201cMANAGEMENT LOG\u00cdSTICO &#8211; ENCUENTRO 2020\u201d"}]},{"@type":"WebSite","@id":"https:\/\/www.cedol.org.ar\/logistica\/#website","url":"https:\/\/www.cedol.org.ar\/logistica\/","name":"CEDOL","description":"C\u00c1MARA EMPRESARIA DE OPERADORES LOG\u00cdSTICOS","potentialAction":[{"@type":"SearchAction","target":{"@type":"EntryPoint","urlTemplate":"https:\/\/www.cedol.org.ar\/logistica\/?s={search_term_string}"},"query-input":"required name=search_term_string"}],"inLanguage":"es"},{"@type":"Person","@id":"https:\/\/www.cedol.org.ar\/logistica\/#\/schema\/person\/40275bdb20446824fc74d51aabe22e83","name":"admin"}]}},"_links":{"self":[{"href":"https:\/\/www.cedol.org.ar\/logistica\/wp-json\/wp\/v2\/posts\/2491","targetHints":{"allow":["GET"]}}],"collection":[{"href":"https:\/\/www.cedol.org.ar\/logistica\/wp-json\/wp\/v2\/posts"}],"about":[{"href":"https:\/\/www.cedol.org.ar\/logistica\/wp-json\/wp\/v2\/types\/post"}],"author":[{"embeddable":true,"href":"https:\/\/www.cedol.org.ar\/logistica\/wp-json\/wp\/v2\/users\/1"}],"replies":[{"embeddable":true,"href":"https:\/\/www.cedol.org.ar\/logistica\/wp-json\/wp\/v2\/comments?post=2491"}],"version-history":[{"count":1,"href":"https:\/\/www.cedol.org.ar\/logistica\/wp-json\/wp\/v2\/posts\/2491\/revisions"}],"predecessor-version":[{"id":2492,"href":"https:\/\/www.cedol.org.ar\/logistica\/wp-json\/wp\/v2\/posts\/2491\/revisions\/2492"}],"wp:featuredmedia":[{"embeddable":true,"href":"https:\/\/www.cedol.org.ar\/logistica\/wp-json\/wp\/v2\/media\/2483"}],"wp:attachment":[{"href":"https:\/\/www.cedol.org.ar\/logistica\/wp-json\/wp\/v2\/media?parent=2491"}],"wp:term":[{"taxonomy":"category","embeddable":true,"href":"https:\/\/www.cedol.org.ar\/logistica\/wp-json\/wp\/v2\/categories?post=2491"},{"taxonomy":"post_tag","embeddable":true,"href":"https:\/\/www.cedol.org.ar\/logistica\/wp-json\/wp\/v2\/tags?post=2491"}],"curies":[{"name":"wp","href":"https:\/\/api.w.org\/{rel}","templated":true}]}}