{"id":2486,"date":"2020-02-13T20:13:56","date_gmt":"2020-02-13T20:13:56","guid":{"rendered":"http:\/\/www.cedol.org.ar\/logistica\/?p=2486"},"modified":"2020-02-13T20:13:56","modified_gmt":"2020-02-13T20:13:56","slug":"indice-utn-cedol-enero-2020","status":"publish","type":"post","link":"https:\/\/www.cedol.org.ar\/logistica\/indice-utn-cedol-enero-2020\/","title":{"rendered":"\u00cdndice UTN \/ CEDOL \u2013 Enero 2020"},"content":{"rendered":"<p><b>Costos Log\u00edsticos: El a\u00f1o comenz\u00f3 con m\u00e1s subas\u00a0y sigue la tendencia de 2019<\/b><\/p>\n<p class=\"p1\"><span class=\"s1\">Buenos Aires, 11 de febrero de 2020.-<\/span><span class=\"s2\">\u00a0La<b>\u00a0Universidad Tecnol\u00f3gica Nacional<\/b>\u00a0<b>(UTN)<\/b>\u00a0a trav\u00e9s de su Centro Tecnol\u00f3gico de Transporte, Tr\u00e1nsito y Seguridad Vial (C3T), dio a conocer la evoluci\u00f3n del \u00cdndice de Costos Log\u00edsticos Nacionales elaborado para la<b>\u00a0C\u00e1mara Empresaria de Operadores Log\u00edsticos (CEDOL)<\/b>, correspondiente a\u00a0<b>enero<\/b>\u00a0del 2020.<\/span><\/p>\n<p class=\"p1\"><span class=\"s2\">La\u00a0<b>variaci\u00f3n del mes<\/b>\u00a0para los indicadores ha sido la siguiente:<\/span><\/p>\n<p class=\"p1\"><span class=\"s2\"><b>CEDOL Con Costos de Transporte&#8230;&#8230;&#8230;&#8230;&#8230;&#8230;&#8230;&#8230;&#8230;&#8230;.\u00a02,86%<br \/>\n<\/b><\/span><span class=\"s2\"><b>CEDOL Sin Costos de Transporte&#8230;&#8230;&#8230;&#8230;&#8230;&#8230;&#8230;&#8230;&#8230;&#8230;.. 7,11%<br \/>\n<\/b><\/span><span class=\"s2\"><b>Distribuci\u00f3n Con Acompa\u00f1ante&#8230;&#8230;&#8230;&#8230;&#8230;&#8230;&#8230;&#8230;&#8230;&#8230;&#8230;&#8230; 7,56%<br \/>\n<\/b><\/span><span class=\"s2\"><b>Distribuci\u00f3n Sin Acompa\u00f1ante&#8230;&#8230;&#8230;&#8230;&#8230;&#8230;&#8230;&#8230;&#8230;&#8230;&#8230;&#8230;. 6,65%<\/b><\/span><\/p>\n<p class=\"p1\"><span class=\"s2\">Durante este mes,\u00a0<b>el indicador con mayor preponderancia fue \u201cmano de obra\u201d<\/b>, con una variaci\u00f3n real del 9,76% sobre la masa salarial. En tal sentido, cabe se\u00f1alar que la\u00a0<b>Federaci\u00f3n Argentina de Empresas de Transporte y Log\u00edstica (FAETyL)<\/b>\u00a0y la\u00a0<b>Federaci\u00f3n Argentina de Entidades Empresarias del Autotransporte de Cargas (FADEEAC),\u00a0<\/b>acordaron y homologaron un aumento salarial para el sector de 26,5%, a pagar en 2 cuotas y que absorber\u00e1 el incremento general a trabajadores privados establecido por el Poder Ejecutivo.\u00a0\u00a0<\/span><\/p>\n<p class=\"p1\"><span class=\"s2\">Por su parte, el resultado general de\u00a0<b>los costos de transporte automotor<\/b>\u00a0que elabora FADEEAC tuvo un incremento en el mes de enero del orden del 2,15%.\u00a0<b>\u00a0<\/b><\/span><\/p>\n<p class=\"p1\"><span class=\"s2\">En consecuencia, los valores acumulados durante los\u00a0<b>\u00faltimos 12 meses<\/b>, muestran los siguientes incrementos:<\/span><\/p>\n<p class=\"p1\"><span class=\"s2\"><b>CEDOL Con Costos de Transporte&#8230;&#8230;&#8230;&#8230;&#8230;&#8230;&#8230;&#8230;&#8230;&#8230;. 47,46%<br \/>\n<\/b><\/span><span class=\"s2\"><b>CEDOL Sin Costos de Transporte&#8230;&#8230;&#8230;&#8230;&#8230;&#8230;&#8230;&#8230;&#8230;&#8230;.. 59,98%<br \/>\n<\/b><\/span><span class=\"s2\"><b>Distribuci\u00f3n Con Acompa\u00f1ante&#8230;&#8230;&#8230;&#8230;&#8230;&#8230;&#8230;&#8230;&#8230;&#8230;&#8230;&#8230; 54,45%<br \/>\n<\/b><\/span><span class=\"s2\"><b>Distribuci\u00f3n Sin Acompa\u00f1ante&#8230;&#8230;&#8230;&#8230;&#8230;&#8230;&#8230;&#8230;&#8230;&#8230;&#8230;&#8230;.. 52,98%<\/b><\/span><\/p>\n<p class=\"p1\"><span class=\"s2\">Por otro lado, se realiz\u00f3 una estimaci\u00f3n de la variaci\u00f3n de costos para las operaciones de febrero 2020, mes en el cual comienza a regir el incremento de paritarias antes mencionado.\u00a0En ese sentido, manteniendo constante todos los\u00a0<i>drivers<\/i>\u00a0salvo el de mano de obra, el resultado es de\u00a0<b>2,04% <\/b>para <b>Costo Log\u00edstico con Transporte<\/b>\u00a0y de\u00a0<b>1,42% <\/b>para<b> Costo Log\u00edstico sin Transporte<\/b>.\u00a0Las variaciones de estos indicadores -menores a las de enero- obedecen a la absorci\u00f3n del importe del Decreto 14\/2020 otorgado en el primer mes del a\u00f1o 2020.<\/span><\/p>\n<p class=\"p1\"><span class=\"s2\"><b>Por \u00faltimo, el sector log\u00edstico vuelve a remarcar que, por tercer a\u00f1o consecutivo, se encuentra a la espera de un crecimiento en las operaciones que haga sustentable a la actividad de las empresas de log\u00edstica.\u00a0<\/b><br \/>\n<\/span><span class=\"s2\">El objetivo de estos indicadores es reflejar mensualmente las variaciones de todos los costos log\u00edsticos, a excepci\u00f3n -precisamente- de las improductividades que suelen generarse por causas externas a los operadores log\u00edsticos. Su publicaci\u00f3n, con los componentes completos, se puede consultar en la web de la c\u00e1mara:\u00a0<a href=\"http:\/\/www.cedol.org.ar\/\"><span class=\"s3\">www.cedol.org.ar<\/span><\/a><\/span><\/p>\n<p class=\"p3\"><span class=\"s2\"><b>Acerca de CEDOL<br \/>\n<\/b><\/span><span class=\"s2\">La C\u00e1mara Empresaria de Operadores Log\u00edsticos se fund\u00f3 en noviembre de 1998 para asumir la representaci\u00f3n de las empresas que tienen como principal actividad la prestaci\u00f3n de servicios log\u00edsticos:\u00a0Traslado, almacenamiento, ensamble y procesos industriales, fraccionamiento de mercader\u00edas para su transporte y distribuci\u00f3n, ejerciendo el control, la administraci\u00f3n de la informaci\u00f3n y la responsabilidad en las etapas de la cadena de abastecimiento. Al auspiciar las\u00a0Buenas Pr\u00e1cticas, la entidad impulsa procesos y tecnolog\u00edas que permiten brindar a sus asociados un buen nivel de calidad de servicio a un costo adecuado. Desde octubre de 2019, CEDOL es miembro activo de la Federaci\u00f3n Argentina de Entidades de Transporte y Log\u00edstica (FAETyL).<\/span><\/p>\n<p class=\"p6\"><span class=\"s2\"><b>Gracias por su Difusi\u00f3n<\/b><\/span><\/p>\n<p class=\"p6\"><span class=\"s2\">C\u00e1mara Empresaria de Operadores Log\u00edsticos<\/span><\/p>\n<p class=\"p7\"><span class=\"s4\"><a href=\"http:\/\/www.cedol.org.ar\/\">www.cedol.org.ar<\/a><\/span><span class=\"s5\"><br \/>\n<\/span><span class=\"s5\">Contacto de Prensa:\u00a0<a href=\"mailto:comunicacion@cedol.org.ar\"><span class=\"s3\">comunicacion@cedol.org.ar<\/span><\/a>\u00a0\u00a0<\/span><\/p>\n","protected":false},"excerpt":{"rendered":"<p>Costos Log\u00edsticos: El a\u00f1o comenz\u00f3 con m\u00e1s subas\u00a0y sigue la tendencia de 2019 Buenos Aires, 11 de febrero de 2020.-\u00a0La\u00a0Universidad Tecnol\u00f3gica Nacional\u00a0(UTN)\u00a0a trav\u00e9s de su [&hellip;]<\/p>\n","protected":false},"author":1,"featured_media":2125,"comment_status":"open","ping_status":"open","sticky":false,"template":"","format":"standard","meta":{"_monsterinsights_skip_tracking":false,"_monsterinsights_sitenote_active":false,"_monsterinsights_sitenote_note":"","_monsterinsights_sitenote_category":0,"footnotes":""},"categories":[8],"tags":[],"class_list":["post-2486","post","type-post","status-publish","format-standard","has-post-thumbnail","hentry","category-estadisticas"],"yoast_head":"<!-- This site is optimized with the Yoast SEO plugin v22.3 - https:\/\/yoast.com\/wordpress\/plugins\/seo\/ -->\n<title>\u00cdndice UTN \/ CEDOL \u2013 Enero 2020 &#187; CEDOL<\/title>\n<meta name=\"description\" content=\"Costos Log\u00edsticos: El a\u00f1o comenz\u00f3 con m\u00e1s subas\u00a0y sigue la tendencia de 2019\" \/>\n<meta name=\"robots\" content=\"index, follow, max-snippet:-1, max-image-preview:large, max-video-preview:-1\" \/>\n<link rel=\"canonical\" href=\"https:\/\/www.cedol.org.ar\/logistica\/indice-utn-cedol-enero-2020\/\" \/>\n<meta property=\"og:locale\" content=\"es_ES\" \/>\n<meta property=\"og:type\" content=\"article\" \/>\n<meta property=\"og:title\" content=\"\u00cdndice UTN \/ CEDOL \u2013 Enero 2020 &#187; CEDOL\" \/>\n<meta property=\"og:description\" content=\"Costos Log\u00edsticos: El a\u00f1o comenz\u00f3 con m\u00e1s subas\u00a0y sigue la tendencia de 2019\" \/>\n<meta property=\"og:url\" content=\"https:\/\/www.cedol.org.ar\/logistica\/indice-utn-cedol-enero-2020\/\" \/>\n<meta property=\"og:site_name\" content=\"CEDOL\" \/>\n<meta property=\"article:published_time\" content=\"2020-02-13T20:13:56+00:00\" \/>\n<meta property=\"og:image\" content=\"https:\/\/www.cedol.org.ar\/logistica\/wp-content\/uploads\/2018\/10\/ima-indices-1070.jpg\" \/>\n\t<meta property=\"og:image:width\" content=\"1070\" \/>\n\t<meta property=\"og:image:height\" content=\"540\" \/>\n\t<meta property=\"og:image:type\" content=\"image\/jpeg\" \/>\n<meta name=\"author\" content=\"admin\" \/>\n<meta name=\"twitter:card\" content=\"summary_large_image\" \/>\n<meta name=\"twitter:label1\" content=\"Escrito por\" \/>\n\t<meta name=\"twitter:data1\" content=\"admin\" \/>\n\t<meta name=\"twitter:label2\" content=\"Tiempo de lectura\" \/>\n\t<meta name=\"twitter:data2\" content=\"3 minutos\" \/>\n<script type=\"application\/ld+json\" class=\"yoast-schema-graph\">{\"@context\":\"https:\/\/schema.org\",\"@graph\":[{\"@type\":\"WebPage\",\"@id\":\"https:\/\/www.cedol.org.ar\/logistica\/indice-utn-cedol-enero-2020\/\",\"url\":\"https:\/\/www.cedol.org.ar\/logistica\/indice-utn-cedol-enero-2020\/\",\"name\":\"\u00cdndice UTN \/ CEDOL \u2013 Enero 2020 &#187; CEDOL\",\"isPartOf\":{\"@id\":\"https:\/\/www.cedol.org.ar\/logistica\/#website\"},\"primaryImageOfPage\":{\"@id\":\"https:\/\/www.cedol.org.ar\/logistica\/indice-utn-cedol-enero-2020\/#primaryimage\"},\"image\":{\"@id\":\"https:\/\/www.cedol.org.ar\/logistica\/indice-utn-cedol-enero-2020\/#primaryimage\"},\"thumbnailUrl\":\"https:\/\/www.cedol.org.ar\/logistica\/wp-content\/uploads\/2018\/10\/ima-indices-1070.jpg\",\"datePublished\":\"2020-02-13T20:13:56+00:00\",\"dateModified\":\"2020-02-13T20:13:56+00:00\",\"author\":{\"@id\":\"https:\/\/www.cedol.org.ar\/logistica\/#\/schema\/person\/40275bdb20446824fc74d51aabe22e83\"},\"description\":\"Costos Log\u00edsticos: El a\u00f1o comenz\u00f3 con m\u00e1s subas\u00a0y sigue la tendencia de 2019\",\"breadcrumb\":{\"@id\":\"https:\/\/www.cedol.org.ar\/logistica\/indice-utn-cedol-enero-2020\/#breadcrumb\"},\"inLanguage\":\"es\",\"potentialAction\":[{\"@type\":\"ReadAction\",\"target\":[\"https:\/\/www.cedol.org.ar\/logistica\/indice-utn-cedol-enero-2020\/\"]}]},{\"@type\":\"ImageObject\",\"inLanguage\":\"es\",\"@id\":\"https:\/\/www.cedol.org.ar\/logistica\/indice-utn-cedol-enero-2020\/#primaryimage\",\"url\":\"https:\/\/www.cedol.org.ar\/logistica\/wp-content\/uploads\/2018\/10\/ima-indices-1070.jpg\",\"contentUrl\":\"https:\/\/www.cedol.org.ar\/logistica\/wp-content\/uploads\/2018\/10\/ima-indices-1070.jpg\",\"width\":1070,\"height\":540,\"caption\":\"\u00cdndices UTN \/ CEDOL\"},{\"@type\":\"BreadcrumbList\",\"@id\":\"https:\/\/www.cedol.org.ar\/logistica\/indice-utn-cedol-enero-2020\/#breadcrumb\",\"itemListElement\":[{\"@type\":\"ListItem\",\"position\":1,\"name\":\"Home\",\"item\":\"https:\/\/www.cedol.org.ar\/logistica\/\"},{\"@type\":\"ListItem\",\"position\":2,\"name\":\"\u00cdndice UTN \/ CEDOL \u2013 Enero 2020\"}]},{\"@type\":\"WebSite\",\"@id\":\"https:\/\/www.cedol.org.ar\/logistica\/#website\",\"url\":\"https:\/\/www.cedol.org.ar\/logistica\/\",\"name\":\"CEDOL\",\"description\":\"C\u00c1MARA EMPRESARIA DE OPERADORES LOG\u00cdSTICOS\",\"potentialAction\":[{\"@type\":\"SearchAction\",\"target\":{\"@type\":\"EntryPoint\",\"urlTemplate\":\"https:\/\/www.cedol.org.ar\/logistica\/?s={search_term_string}\"},\"query-input\":\"required name=search_term_string\"}],\"inLanguage\":\"es\"},{\"@type\":\"Person\",\"@id\":\"https:\/\/www.cedol.org.ar\/logistica\/#\/schema\/person\/40275bdb20446824fc74d51aabe22e83\",\"name\":\"admin\"}]}<\/script>\n<!-- \/ Yoast SEO plugin. -->","yoast_head_json":{"title":"\u00cdndice UTN \/ CEDOL \u2013 Enero 2020 &#187; CEDOL","description":"Costos Log\u00edsticos: El a\u00f1o comenz\u00f3 con m\u00e1s subas\u00a0y sigue la tendencia de 2019","robots":{"index":"index","follow":"follow","max-snippet":"max-snippet:-1","max-image-preview":"max-image-preview:large","max-video-preview":"max-video-preview:-1"},"canonical":"https:\/\/www.cedol.org.ar\/logistica\/indice-utn-cedol-enero-2020\/","og_locale":"es_ES","og_type":"article","og_title":"\u00cdndice UTN \/ CEDOL \u2013 Enero 2020 &#187; CEDOL","og_description":"Costos Log\u00edsticos: El a\u00f1o comenz\u00f3 con m\u00e1s subas\u00a0y sigue la tendencia de 2019","og_url":"https:\/\/www.cedol.org.ar\/logistica\/indice-utn-cedol-enero-2020\/","og_site_name":"CEDOL","article_published_time":"2020-02-13T20:13:56+00:00","og_image":[{"width":1070,"height":540,"url":"https:\/\/www.cedol.org.ar\/logistica\/wp-content\/uploads\/2018\/10\/ima-indices-1070.jpg","type":"image\/jpeg"}],"author":"admin","twitter_card":"summary_large_image","twitter_misc":{"Escrito por":"admin","Tiempo de lectura":"3 minutos"},"schema":{"@context":"https:\/\/schema.org","@graph":[{"@type":"WebPage","@id":"https:\/\/www.cedol.org.ar\/logistica\/indice-utn-cedol-enero-2020\/","url":"https:\/\/www.cedol.org.ar\/logistica\/indice-utn-cedol-enero-2020\/","name":"\u00cdndice UTN \/ CEDOL \u2013 Enero 2020 &#187; CEDOL","isPartOf":{"@id":"https:\/\/www.cedol.org.ar\/logistica\/#website"},"primaryImageOfPage":{"@id":"https:\/\/www.cedol.org.ar\/logistica\/indice-utn-cedol-enero-2020\/#primaryimage"},"image":{"@id":"https:\/\/www.cedol.org.ar\/logistica\/indice-utn-cedol-enero-2020\/#primaryimage"},"thumbnailUrl":"https:\/\/www.cedol.org.ar\/logistica\/wp-content\/uploads\/2018\/10\/ima-indices-1070.jpg","datePublished":"2020-02-13T20:13:56+00:00","dateModified":"2020-02-13T20:13:56+00:00","author":{"@id":"https:\/\/www.cedol.org.ar\/logistica\/#\/schema\/person\/40275bdb20446824fc74d51aabe22e83"},"description":"Costos Log\u00edsticos: El a\u00f1o comenz\u00f3 con m\u00e1s subas\u00a0y sigue la tendencia de 2019","breadcrumb":{"@id":"https:\/\/www.cedol.org.ar\/logistica\/indice-utn-cedol-enero-2020\/#breadcrumb"},"inLanguage":"es","potentialAction":[{"@type":"ReadAction","target":["https:\/\/www.cedol.org.ar\/logistica\/indice-utn-cedol-enero-2020\/"]}]},{"@type":"ImageObject","inLanguage":"es","@id":"https:\/\/www.cedol.org.ar\/logistica\/indice-utn-cedol-enero-2020\/#primaryimage","url":"https:\/\/www.cedol.org.ar\/logistica\/wp-content\/uploads\/2018\/10\/ima-indices-1070.jpg","contentUrl":"https:\/\/www.cedol.org.ar\/logistica\/wp-content\/uploads\/2018\/10\/ima-indices-1070.jpg","width":1070,"height":540,"caption":"\u00cdndices UTN \/ CEDOL"},{"@type":"BreadcrumbList","@id":"https:\/\/www.cedol.org.ar\/logistica\/indice-utn-cedol-enero-2020\/#breadcrumb","itemListElement":[{"@type":"ListItem","position":1,"name":"Home","item":"https:\/\/www.cedol.org.ar\/logistica\/"},{"@type":"ListItem","position":2,"name":"\u00cdndice UTN \/ CEDOL \u2013 Enero 2020"}]},{"@type":"WebSite","@id":"https:\/\/www.cedol.org.ar\/logistica\/#website","url":"https:\/\/www.cedol.org.ar\/logistica\/","name":"CEDOL","description":"C\u00c1MARA EMPRESARIA DE OPERADORES LOG\u00cdSTICOS","potentialAction":[{"@type":"SearchAction","target":{"@type":"EntryPoint","urlTemplate":"https:\/\/www.cedol.org.ar\/logistica\/?s={search_term_string}"},"query-input":"required name=search_term_string"}],"inLanguage":"es"},{"@type":"Person","@id":"https:\/\/www.cedol.org.ar\/logistica\/#\/schema\/person\/40275bdb20446824fc74d51aabe22e83","name":"admin"}]}},"_links":{"self":[{"href":"https:\/\/www.cedol.org.ar\/logistica\/wp-json\/wp\/v2\/posts\/2486","targetHints":{"allow":["GET"]}}],"collection":[{"href":"https:\/\/www.cedol.org.ar\/logistica\/wp-json\/wp\/v2\/posts"}],"about":[{"href":"https:\/\/www.cedol.org.ar\/logistica\/wp-json\/wp\/v2\/types\/post"}],"author":[{"embeddable":true,"href":"https:\/\/www.cedol.org.ar\/logistica\/wp-json\/wp\/v2\/users\/1"}],"replies":[{"embeddable":true,"href":"https:\/\/www.cedol.org.ar\/logistica\/wp-json\/wp\/v2\/comments?post=2486"}],"version-history":[{"count":1,"href":"https:\/\/www.cedol.org.ar\/logistica\/wp-json\/wp\/v2\/posts\/2486\/revisions"}],"predecessor-version":[{"id":2487,"href":"https:\/\/www.cedol.org.ar\/logistica\/wp-json\/wp\/v2\/posts\/2486\/revisions\/2487"}],"wp:featuredmedia":[{"embeddable":true,"href":"https:\/\/www.cedol.org.ar\/logistica\/wp-json\/wp\/v2\/media\/2125"}],"wp:attachment":[{"href":"https:\/\/www.cedol.org.ar\/logistica\/wp-json\/wp\/v2\/media?parent=2486"}],"wp:term":[{"taxonomy":"category","embeddable":true,"href":"https:\/\/www.cedol.org.ar\/logistica\/wp-json\/wp\/v2\/categories?post=2486"},{"taxonomy":"post_tag","embeddable":true,"href":"https:\/\/www.cedol.org.ar\/logistica\/wp-json\/wp\/v2\/tags?post=2486"}],"curies":[{"name":"wp","href":"https:\/\/api.w.org\/{rel}","templated":true}]}}