{"id":2482,"date":"2020-01-30T17:37:50","date_gmt":"2020-01-30T17:37:50","guid":{"rendered":"http:\/\/www.cedol.org.ar\/logistica\/?p=2482"},"modified":"2020-01-30T17:38:44","modified_gmt":"2020-01-30T17:38:44","slug":"noticias-del-sector-15","status":"publish","type":"post","link":"https:\/\/www.cedol.org.ar\/logistica\/noticias-del-sector-15\/","title":{"rendered":"NOTICIAS DEL SECTOR"},"content":{"rendered":"<p class=\"p1\"><span class=\"s1\"><b>Novedades de enero: Todo listo para el 12\u00ba Encuentro CEDOL; \u00daltimos espacios en Norlog; Meoni convoc\u00f3 al primer Encuentro Nacional de Transporte; La globalizaci\u00f3n persiste bajo presi\u00f3n. <\/b><\/span><\/p>\n<p class=\"p1\"><span class=\"s1\"><b>Todo listo para el 12\u00ba Encuentro CEDOL<\/b><\/span><b> <\/b><\/p>\n<p class=\"p2\"><span class=\"s1\">El <b>5 de mayo pr\u00f3ximo <\/b>se llevar\u00e1 a cabo el <b>12\u00ba Encuentro CEDOL,<\/b> con la consigna <b><i>\u201cCambios y mirada prospectiva de las operaciones log\u00edsticas\u201d<\/i><\/b>. Como parte de un cambio estrat\u00e9gico para potenciar el evento, la C\u00e1mara realiz\u00f3 una alianza con los organizadores del <b>Seminario Internacional de Management Log\u00edstico (SIML)<\/b> para que, en esta ocasi\u00f3n, ambos encuentros funcionen de manera conjunta e integrada. De esta forma, el tradicional Encuentro CEDOL ser\u00e1 en el <b>Espacio Darwin<\/b>, del<b> Hip\u00f3dromo de San Isidro<\/b> (Av. M\u00e1rquez 504) y, como siempre, la <b>inscripci\u00f3n ser\u00e1 GRATUITA<\/b>, previo registro en la web de la C\u00e1mara. <\/span><\/p>\n<p class=\"p2\"><span class=\"s1\">Los asistentes podr\u00e1n ingresar de manera gratuita en: Auditorio Plata, donde se realizar\u00e1n las conferencias de actualizaci\u00f3n profesional; \u00e1rea de negocios y exposici\u00f3n; y, adem\u00e1s, asistir\u00e1n al coctel de cierre. <\/span><\/p>\n<p class=\"p2\"><span class=\"s1\">Por otro lado, el departamento T\u00e9cnico de CEDOL confirm\u00f3 que se encuentra trabajando -como en cada edici\u00f3n- para la elaboraci\u00f3n de una<b> nueva publicaci\u00f3n especializada<\/b>, cuyo t\u00edtulo responder\u00e1 al tema convocante del Encuentro. El material, en formato libro, ser\u00e1 distribuido gratuitamente durante la jornada. <\/span><\/p>\n<p class=\"p4\"><span class=\"s1\"><b>\u00daltimos espacios en Norlog <\/b><\/span><\/p>\n<p class=\"p2\"><span class=\"s1\">En el marco de su segunda etapa de loteo, <b>Andreani Desarrollos Inmobiliarios<\/b>, unidad de negocios Real Estate de la compa\u00f1\u00eda log\u00edstica, pone a disposici\u00f3n espacios exclusivos para PyMES y grandes empresas que deseen radicarse en <b>Norlog<\/b>, la plataforma log\u00edstica multi-cliente destinada al movimiento, almacenamiento y radicaci\u00f3n de industrias livianas no contaminantes (categor\u00eda I y II).<\/span><\/p>\n<p class=\"p2\"><span class=\"s1\"><i>\u201cNorlog se destaca por su ubicaci\u00f3n, desarrollo de infraestructura y servicios. La nueva oferta de terrenos abre la posibilidad de que tambi\u00e9n peque\u00f1as empresas puedan radicarse en la mejor plataforma log\u00edstica industrial del pa\u00eds<\/i>\u201d, indic\u00f3 <b>Christian Leupold<\/b>, gerente comercial de Andreani Desarrollos Inmobiliarios.<\/span><\/p>\n<p class=\"p2\"><span class=\"s1\">En la actualidad, la plataforma dispone de 70.000 m2 divididos en 4 terrenos entre 12.000 y 15.000 m2. Adicionalmente, un lote de 18.000 m2 que fue dividido en tres parcelas de 6.000 m2, pensando en las necesidades concretas de las PyMES. Por su parte, los restantes cuatro lotes est\u00e1n dispuestos preferentemente para las grandes compa\u00f1\u00edas que buscan potenciar sus negocios y que buscan radicarse en espacios de calidad. Ubicada en el eje del corredor norte (partido de Tigre), permite evitar los nudos de tr\u00e1nsito conflictivos y que haya un mayor flujo y conexi\u00f3n con las zonas de mayor consumo. <\/span><\/p>\n<p class=\"p4\"><span class=\"s1\"><b>Meoni convoc\u00f3 al primer Encuentro Nacional de Transporte <\/b><\/span><\/p>\n<p class=\"p2\"><span class=\"s1\">El <b>Ministerio de Transporte<\/b>, bajo la nueva gesti\u00f3n a cargo del Ministro <b>Mario<\/b> <b>Meoni<\/b>, encabez\u00f3 el primer encuentro federal con ministros y secretarios de todo el pa\u00eds, del que participaron representantes de las 23 provincias y la Ciudad Aut\u00f3noma de Buenos Aires. El encuentro tuvo lugar en el Palacio de Hacienda con el objetivo de establecer un primer espacio de intercambio institucional entre los 24 distritos y la Naci\u00f3n para una agenda coordinada de transporte, que abarque la movilidad en las ciudades, as\u00ed como el desarrollo productivo y la conectividad y el turismo a lo largo y a lo ancho de<span class=\"Apple-converted-space\">\u00a0 <\/span>todo el pa\u00eds.<\/span><\/p>\n<p class=\"p2\"><span class=\"s1\"><i>\u201cDesde la mirada federal y equitativa que tenemos del pa\u00eds y del transporte, nos preocupa desarrollar una pol\u00edtica integral con una mirada amplia, que incluya el transporte p\u00fablico de pasajeros as\u00ed como la pol\u00edtica ferroviaria y la log\u00edstica y la conectividad en la Argentina. Celebro tener una mesa com\u00fan de trabajo, con un cronograma para desarrollar cada uno de los temas<\/i>\u201d, remarc\u00f3 el Ministro.<\/span><\/p>\n<p class=\"p2\"><span class=\"s1\">Durante el encuentro hubo un espacio de intercambio y di\u00e1logo de problem\u00e1ticas comunes del transporte en los diferentes distritos. Estuvieron presentes representantes de la Ciudad Aut\u00f3noma de Buenos Aires y de la Provincia de Buenos Aires, Catamarca, Chaco, Chubut, C\u00f3rdoba, Corrientes, Formosa, Entre R\u00edos, La Pampa, Jujuy, Mendoza, Misiones, La Rioja, Neuqu\u00e9n, Salta, San Luis, Santa Fe, Tierra del Fuego, Tucum\u00e1n, Santiago del Estero, Santa Cruz, San Juan y R\u00edo Negro, junto con funcionarios nacionales del Ministerio de Transporte.<\/span><\/p>\n<p class=\"p4\"><span class=\"s1\"><b>La globalizaci\u00f3n persiste bajo presi\u00f3n <\/b><\/span><\/p>\n<p class=\"p2\"><span class=\"s1\">La empresa de log\u00edstica <b>DHL<\/b> y la <b><i>NYU Stern School of Business<\/i><\/b> publicaron la \u00faltima actualizaci\u00f3n 2019 del <b>\u00cdndice Global de Conectividad (GCI)<\/b>, que destaca los principales acontecimientos en los flujos internacionales de capital, comercio, informaci\u00f3n y personas. El informe muestra que la contracci\u00f3n de los flujos internacionales de capital provoc\u00f3 una ligera ca\u00edda de la conectividad mundial. Sin embargo, a pesar de los fuertes vientos en contra en la geopol\u00edtica y el comercio mundial, el GCI se mantuvo cerca de su m\u00e1ximo hist\u00f3rico de 2017. En general, el mundo permanece m\u00e1s conectado que en ning\u00fan otro momento de la historia, sin que hasta la fecha se hayan observado signos de reversi\u00f3n generalizada de la globalizaci\u00f3n.<\/span><\/p>\n<p class=\"p2\"><span class=\"s1\"><i>\u201cSi bien las tensiones geopol\u00edticas actuales podr\u00edan perturbar seriamente la conectividad mundial, esta actualizaci\u00f3n de 2019 concluye que la mayor\u00eda de las corrientes internacionales se han mantenido sorprendentemente resistentes hasta ahora\u201d<\/i>, coment\u00f3 <b>John Pearson<\/b>, CEO de DHL Express. En \u00faltima instancia, agreg\u00f3, \u201c<i>se observa una evoluci\u00f3n de la globalizaci\u00f3n, no su declive\u201d<\/i>. <\/span><\/p>\n<p class=\"p2\"><span class=\"s1\">El informe tambi\u00e9n presenta una investigaci\u00f3n a fondo de la relaci\u00f3n comercial entre Estados Unidos y China, rastreando la marcada declinaci\u00f3n del comercio entre ambos pa\u00edses, as\u00ed como un examen de las recientes afirmaciones de que la globalizaci\u00f3n est\u00e1 dando paso a la regionalizaci\u00f3n. <i>\u201cNuestro an\u00e1lisis no confirma una marcada tendencia a la regionalizaci\u00f3n. Por el contrario, constatamos que la distancia media, a trav\u00e9s de la cual los pa\u00edses comercian, se ha mantenido estable desde 2012\u201d<\/i>, explic\u00f3 <b>Steven Altman<\/b>, de la <i>NYU Stern School of Business<\/i>. \u201c<i>Si bien el desgaste de las relaciones entre las principales econom\u00edas podr\u00eda llevar a una fractura en el plano regional, semejante giro a\u00fan no se ha producido de manera concluyente\u201d<\/i>, remarc\u00f3.<\/span><\/p>\n","protected":false},"excerpt":{"rendered":"<p>Novedades de enero: Todo listo para el 12\u00ba Encuentro CEDOL; \u00daltimos espacios en Norlog; Meoni convoc\u00f3 al primer Encuentro Nacional de Transporte; La globalizaci\u00f3n persiste [&hellip;]<\/p>\n","protected":false},"author":1,"featured_media":2483,"comment_status":"open","ping_status":"open","sticky":true,"template":"","format":"standard","meta":{"_monsterinsights_skip_tracking":false,"_monsterinsights_sitenote_active":false,"_monsterinsights_sitenote_note":"","_monsterinsights_sitenote_category":0,"footnotes":""},"categories":[4],"tags":[],"class_list":["post-2482","post","type-post","status-publish","format-standard","has-post-thumbnail","hentry","category-noticias"],"yoast_head":"<!-- This site is optimized with the Yoast SEO plugin v22.3 - https:\/\/yoast.com\/wordpress\/plugins\/seo\/ -->\n<title>NOTICIAS DEL SECTOR &#187; CEDOL<\/title>\n<meta name=\"description\" content=\"Novedades de enero: Todo listo para el 12\u00ba Encuentro CEDOL; \u00daltimos espacios en Norlog; Meoni convoc\u00f3 al primer Encuentro Nacional de Transporte; La globalizaci\u00f3n persiste bajo presi\u00f3n.\" \/>\n<meta name=\"robots\" content=\"index, follow, max-snippet:-1, max-image-preview:large, max-video-preview:-1\" \/>\n<link rel=\"canonical\" href=\"https:\/\/www.cedol.org.ar\/logistica\/noticias-del-sector-15\/\" \/>\n<meta property=\"og:locale\" content=\"es_ES\" \/>\n<meta property=\"og:type\" content=\"article\" \/>\n<meta property=\"og:title\" content=\"NOTICIAS DEL SECTOR &#187; CEDOL\" \/>\n<meta property=\"og:description\" content=\"Novedades de enero: Todo listo para el 12\u00ba Encuentro CEDOL; \u00daltimos espacios en Norlog; Meoni convoc\u00f3 al primer Encuentro Nacional de Transporte; La globalizaci\u00f3n persiste bajo presi\u00f3n.\" \/>\n<meta property=\"og:url\" content=\"https:\/\/www.cedol.org.ar\/logistica\/noticias-del-sector-15\/\" \/>\n<meta property=\"og:site_name\" content=\"CEDOL\" \/>\n<meta property=\"article:published_time\" content=\"2020-01-30T17:37:50+00:00\" \/>\n<meta property=\"article:modified_time\" content=\"2020-01-30T17:38:44+00:00\" \/>\n<meta property=\"og:image\" content=\"https:\/\/www.cedol.org.ar\/logistica\/wp-content\/uploads\/2020\/01\/ENCUENTRO-CEDOL-2020.jpg\" \/>\n\t<meta property=\"og:image:width\" content=\"1200\" \/>\n\t<meta property=\"og:image:height\" content=\"1200\" \/>\n\t<meta property=\"og:image:type\" content=\"image\/jpeg\" \/>\n<meta name=\"author\" content=\"admin\" \/>\n<meta name=\"twitter:card\" content=\"summary_large_image\" \/>\n<meta name=\"twitter:label1\" content=\"Escrito por\" \/>\n\t<meta name=\"twitter:data1\" content=\"admin\" \/>\n\t<meta name=\"twitter:label2\" content=\"Tiempo de lectura\" \/>\n\t<meta name=\"twitter:data2\" content=\"5 minutos\" \/>\n<script type=\"application\/ld+json\" class=\"yoast-schema-graph\">{\"@context\":\"https:\/\/schema.org\",\"@graph\":[{\"@type\":\"WebPage\",\"@id\":\"https:\/\/www.cedol.org.ar\/logistica\/noticias-del-sector-15\/\",\"url\":\"https:\/\/www.cedol.org.ar\/logistica\/noticias-del-sector-15\/\",\"name\":\"NOTICIAS DEL SECTOR &#187; CEDOL\",\"isPartOf\":{\"@id\":\"https:\/\/www.cedol.org.ar\/logistica\/#website\"},\"primaryImageOfPage\":{\"@id\":\"https:\/\/www.cedol.org.ar\/logistica\/noticias-del-sector-15\/#primaryimage\"},\"image\":{\"@id\":\"https:\/\/www.cedol.org.ar\/logistica\/noticias-del-sector-15\/#primaryimage\"},\"thumbnailUrl\":\"https:\/\/www.cedol.org.ar\/logistica\/wp-content\/uploads\/2020\/01\/ENCUENTRO-CEDOL-2020.jpg\",\"datePublished\":\"2020-01-30T17:37:50+00:00\",\"dateModified\":\"2020-01-30T17:38:44+00:00\",\"author\":{\"@id\":\"https:\/\/www.cedol.org.ar\/logistica\/#\/schema\/person\/40275bdb20446824fc74d51aabe22e83\"},\"description\":\"Novedades de enero: Todo listo para el 12\u00ba Encuentro CEDOL; \u00daltimos espacios en Norlog; Meoni convoc\u00f3 al primer Encuentro Nacional de Transporte; La globalizaci\u00f3n persiste bajo presi\u00f3n.\",\"breadcrumb\":{\"@id\":\"https:\/\/www.cedol.org.ar\/logistica\/noticias-del-sector-15\/#breadcrumb\"},\"inLanguage\":\"es\",\"potentialAction\":[{\"@type\":\"ReadAction\",\"target\":[\"https:\/\/www.cedol.org.ar\/logistica\/noticias-del-sector-15\/\"]}]},{\"@type\":\"ImageObject\",\"inLanguage\":\"es\",\"@id\":\"https:\/\/www.cedol.org.ar\/logistica\/noticias-del-sector-15\/#primaryimage\",\"url\":\"https:\/\/www.cedol.org.ar\/logistica\/wp-content\/uploads\/2020\/01\/ENCUENTRO-CEDOL-2020.jpg\",\"contentUrl\":\"https:\/\/www.cedol.org.ar\/logistica\/wp-content\/uploads\/2020\/01\/ENCUENTRO-CEDOL-2020.jpg\",\"width\":1200,\"height\":1200},{\"@type\":\"BreadcrumbList\",\"@id\":\"https:\/\/www.cedol.org.ar\/logistica\/noticias-del-sector-15\/#breadcrumb\",\"itemListElement\":[{\"@type\":\"ListItem\",\"position\":1,\"name\":\"Home\",\"item\":\"https:\/\/www.cedol.org.ar\/logistica\/\"},{\"@type\":\"ListItem\",\"position\":2,\"name\":\"NOTICIAS DEL SECTOR\"}]},{\"@type\":\"WebSite\",\"@id\":\"https:\/\/www.cedol.org.ar\/logistica\/#website\",\"url\":\"https:\/\/www.cedol.org.ar\/logistica\/\",\"name\":\"CEDOL\",\"description\":\"C\u00c1MARA EMPRESARIA DE OPERADORES LOG\u00cdSTICOS\",\"potentialAction\":[{\"@type\":\"SearchAction\",\"target\":{\"@type\":\"EntryPoint\",\"urlTemplate\":\"https:\/\/www.cedol.org.ar\/logistica\/?s={search_term_string}\"},\"query-input\":\"required name=search_term_string\"}],\"inLanguage\":\"es\"},{\"@type\":\"Person\",\"@id\":\"https:\/\/www.cedol.org.ar\/logistica\/#\/schema\/person\/40275bdb20446824fc74d51aabe22e83\",\"name\":\"admin\"}]}<\/script>\n<!-- \/ Yoast SEO plugin. -->","yoast_head_json":{"title":"NOTICIAS DEL SECTOR &#187; CEDOL","description":"Novedades de enero: Todo listo para el 12\u00ba Encuentro CEDOL; \u00daltimos espacios en Norlog; Meoni convoc\u00f3 al primer Encuentro Nacional de Transporte; La globalizaci\u00f3n persiste bajo presi\u00f3n.","robots":{"index":"index","follow":"follow","max-snippet":"max-snippet:-1","max-image-preview":"max-image-preview:large","max-video-preview":"max-video-preview:-1"},"canonical":"https:\/\/www.cedol.org.ar\/logistica\/noticias-del-sector-15\/","og_locale":"es_ES","og_type":"article","og_title":"NOTICIAS DEL SECTOR &#187; CEDOL","og_description":"Novedades de enero: Todo listo para el 12\u00ba Encuentro CEDOL; \u00daltimos espacios en Norlog; Meoni convoc\u00f3 al primer Encuentro Nacional de Transporte; La globalizaci\u00f3n persiste bajo presi\u00f3n.","og_url":"https:\/\/www.cedol.org.ar\/logistica\/noticias-del-sector-15\/","og_site_name":"CEDOL","article_published_time":"2020-01-30T17:37:50+00:00","article_modified_time":"2020-01-30T17:38:44+00:00","og_image":[{"width":1200,"height":1200,"url":"https:\/\/www.cedol.org.ar\/logistica\/wp-content\/uploads\/2020\/01\/ENCUENTRO-CEDOL-2020.jpg","type":"image\/jpeg"}],"author":"admin","twitter_card":"summary_large_image","twitter_misc":{"Escrito por":"admin","Tiempo de lectura":"5 minutos"},"schema":{"@context":"https:\/\/schema.org","@graph":[{"@type":"WebPage","@id":"https:\/\/www.cedol.org.ar\/logistica\/noticias-del-sector-15\/","url":"https:\/\/www.cedol.org.ar\/logistica\/noticias-del-sector-15\/","name":"NOTICIAS DEL SECTOR &#187; CEDOL","isPartOf":{"@id":"https:\/\/www.cedol.org.ar\/logistica\/#website"},"primaryImageOfPage":{"@id":"https:\/\/www.cedol.org.ar\/logistica\/noticias-del-sector-15\/#primaryimage"},"image":{"@id":"https:\/\/www.cedol.org.ar\/logistica\/noticias-del-sector-15\/#primaryimage"},"thumbnailUrl":"https:\/\/www.cedol.org.ar\/logistica\/wp-content\/uploads\/2020\/01\/ENCUENTRO-CEDOL-2020.jpg","datePublished":"2020-01-30T17:37:50+00:00","dateModified":"2020-01-30T17:38:44+00:00","author":{"@id":"https:\/\/www.cedol.org.ar\/logistica\/#\/schema\/person\/40275bdb20446824fc74d51aabe22e83"},"description":"Novedades de enero: Todo listo para el 12\u00ba Encuentro CEDOL; \u00daltimos espacios en Norlog; Meoni convoc\u00f3 al primer Encuentro Nacional de Transporte; La globalizaci\u00f3n persiste bajo presi\u00f3n.","breadcrumb":{"@id":"https:\/\/www.cedol.org.ar\/logistica\/noticias-del-sector-15\/#breadcrumb"},"inLanguage":"es","potentialAction":[{"@type":"ReadAction","target":["https:\/\/www.cedol.org.ar\/logistica\/noticias-del-sector-15\/"]}]},{"@type":"ImageObject","inLanguage":"es","@id":"https:\/\/www.cedol.org.ar\/logistica\/noticias-del-sector-15\/#primaryimage","url":"https:\/\/www.cedol.org.ar\/logistica\/wp-content\/uploads\/2020\/01\/ENCUENTRO-CEDOL-2020.jpg","contentUrl":"https:\/\/www.cedol.org.ar\/logistica\/wp-content\/uploads\/2020\/01\/ENCUENTRO-CEDOL-2020.jpg","width":1200,"height":1200},{"@type":"BreadcrumbList","@id":"https:\/\/www.cedol.org.ar\/logistica\/noticias-del-sector-15\/#breadcrumb","itemListElement":[{"@type":"ListItem","position":1,"name":"Home","item":"https:\/\/www.cedol.org.ar\/logistica\/"},{"@type":"ListItem","position":2,"name":"NOTICIAS DEL SECTOR"}]},{"@type":"WebSite","@id":"https:\/\/www.cedol.org.ar\/logistica\/#website","url":"https:\/\/www.cedol.org.ar\/logistica\/","name":"CEDOL","description":"C\u00c1MARA EMPRESARIA DE OPERADORES LOG\u00cdSTICOS","potentialAction":[{"@type":"SearchAction","target":{"@type":"EntryPoint","urlTemplate":"https:\/\/www.cedol.org.ar\/logistica\/?s={search_term_string}"},"query-input":"required name=search_term_string"}],"inLanguage":"es"},{"@type":"Person","@id":"https:\/\/www.cedol.org.ar\/logistica\/#\/schema\/person\/40275bdb20446824fc74d51aabe22e83","name":"admin"}]}},"_links":{"self":[{"href":"https:\/\/www.cedol.org.ar\/logistica\/wp-json\/wp\/v2\/posts\/2482","targetHints":{"allow":["GET"]}}],"collection":[{"href":"https:\/\/www.cedol.org.ar\/logistica\/wp-json\/wp\/v2\/posts"}],"about":[{"href":"https:\/\/www.cedol.org.ar\/logistica\/wp-json\/wp\/v2\/types\/post"}],"author":[{"embeddable":true,"href":"https:\/\/www.cedol.org.ar\/logistica\/wp-json\/wp\/v2\/users\/1"}],"replies":[{"embeddable":true,"href":"https:\/\/www.cedol.org.ar\/logistica\/wp-json\/wp\/v2\/comments?post=2482"}],"version-history":[{"count":1,"href":"https:\/\/www.cedol.org.ar\/logistica\/wp-json\/wp\/v2\/posts\/2482\/revisions"}],"predecessor-version":[{"id":2484,"href":"https:\/\/www.cedol.org.ar\/logistica\/wp-json\/wp\/v2\/posts\/2482\/revisions\/2484"}],"wp:featuredmedia":[{"embeddable":true,"href":"https:\/\/www.cedol.org.ar\/logistica\/wp-json\/wp\/v2\/media\/2483"}],"wp:attachment":[{"href":"https:\/\/www.cedol.org.ar\/logistica\/wp-json\/wp\/v2\/media?parent=2482"}],"wp:term":[{"taxonomy":"category","embeddable":true,"href":"https:\/\/www.cedol.org.ar\/logistica\/wp-json\/wp\/v2\/categories?post=2482"},{"taxonomy":"post_tag","embeddable":true,"href":"https:\/\/www.cedol.org.ar\/logistica\/wp-json\/wp\/v2\/tags?post=2482"}],"curies":[{"name":"wp","href":"https:\/\/api.w.org\/{rel}","templated":true}]}}