{"id":2461,"date":"2019-12-27T17:38:39","date_gmt":"2019-12-27T17:38:39","guid":{"rendered":"http:\/\/www.cedol.org.ar\/logistica\/?p=2461"},"modified":"2019-12-27T18:01:58","modified_gmt":"2019-12-27T18:01:58","slug":"noticias-del-sector-14","status":"publish","type":"post","link":"https:\/\/www.cedol.org.ar\/logistica\/noticias-del-sector-14\/","title":{"rendered":"NOTICIAS DEL SECTOR"},"content":{"rendered":"<p class=\"p1\"><span class=\"s1\"><b>Novedades de diciembre: \u201cLa Log\u00edstica Latinoamericana en Contexto\u201d, el e-Book de ALALOG;<\/b><\/span> <span class=\"s1\"><b>Todo listo para el 12\u00ba Encuentro CEDOL; Auditor\u00eda internacional para zonas primarias aduaneras en San Luis. <\/b><\/span><\/p>\n<p class=\"p1\"><span class=\"s1\"><b>\u201cLa Log\u00edstica Latinoamericana en Contexto\u201d, el e-Book de ALALOG<br \/>\n<\/b><\/span><span class=\"s1\">La Asociaci\u00f3n Latinoamericana de Log\u00edstica ALALOG, desarroll\u00f3 y lanz\u00f3 su primer libro digital\u00a0<i>\u00abLa Log\u00edstica Latinoamericana en Contexto\u00bb<\/i>, basado en la experiencia del Encuentro realizado en el\u00a0<i>Logistic Summit &amp; Expo<\/i>, en M\u00e9xico.<\/span><\/p>\n<p class=\"p2\"><span class=\"s1\">La publicaci\u00f3n contiene los indicadores de Costos Log\u00edsticos Regionales relevados por la entidad; las tendencias que reflejan la realidad de los 3PL en 9 pa\u00edses del continente (Argentina, Bolivia, Brasil, Ecuador, M\u00e9xico, Paraguay, Per\u00fa, Uruguay y Venezuela); y una serie de conclusiones extra\u00eddas de las exposiciones.<\/span><\/p>\n<p class=\"p2\"><span class=\"s1\">El objetivo es dar a conocer el panorama general de la gesti\u00f3n log\u00edstica y la\u00a0<i>supply chain<\/i>\u00a0en los pa\u00edses miembros de ALALOG.\u00a0<i>\u201cEsperamos poder contribuir a entender y difundir un poco m\u00e1s esta apasionante actividad que, en la actualidad, tiene un funci\u00f3n primordial en el desarrollo de los negocios y las econom\u00edas de cada pa\u00eds y la regi\u00f3n en su conjunto<\/i>\u201d, afirm\u00f3 Carlos Musante, referente T\u00e9cnico de la entidad latinoamericana. \u00a0<\/span><\/p>\n<p class=\"p2\"><span class=\"s1\">Si bien la realizaci\u00f3n integral de esta publicaci\u00f3n digital estuvo a cargo de la Asociaci\u00f3n, cont\u00f3 tambi\u00e9n con el apoyo y acompa\u00f1amiento de las siguientes organizaciones y empresas: Asociaci\u00f3n Latinoamericana de Integraci\u00f3n (ALADI), Andreani, Celsur, Instituto Nacional de Log\u00edstica de Uruguay (INALOG), Logistic Summit &amp; Expo 2020, Miebach y Terminales R\u00edo de La Plata.<\/span><\/p>\n<p class=\"p2\"><span class=\"s1\">Por supuesto, el material se puede descargar de manera gratuita en el siguiente LINK:\u00a0<\/span><span class=\"s2\"><a href=\"https:\/\/alalog.org\/pdf\/2019\/Ebook-ALALOG-Logistica-Latinoamericana-en-contexto.pdf\" target=\"_blank\" rel=\"external noopener noreferrer\"><b>https:\/\/alalog.org\/pdf\/2019\/Ebook-ALALOG-Logistica-Latinoamericana-en-contexto.pdf<\/b><\/a><\/span><span class=\"s3\"><b>\u00a0\u00a0\u00a0<\/b><\/span><\/p>\n<p class=\"p1\"><span class=\"s1\"><b><br \/>\nTodo listo para el 12\u00ba Encuentro CEDOL<\/b><\/span><b><br \/>\n<\/b><span class=\"s1\">El <b>5 de mayo pr\u00f3ximo <\/b>se llevar\u00e1 a cabo el <b>12\u00ba Encuentro CEDOL,<\/b> con la consigna <b><i>\u201cCambios y mirada prospectiva de las operaciones log\u00edsticas\u201d<\/i><\/b>. Como parte de un cambio estrat\u00e9gico para potenciar el evento, la C\u00e1mara realiz\u00f3 una alianza con los organizadores del <b>Seminario Internacional de Management Log\u00edstico (SIML)<\/b> para que, en esta ocasi\u00f3n, ambos encuentros funcionen de manera conjunta e integrada. De esta forma, el tradicional Encuentro CEDOL ser\u00e1 en el <b>Espacio Darwin<\/b>, del<b> Hip\u00f3dromo de San Isidro<\/b> (Av. M\u00e1rquez 504) y, como siempre, la <b>inscripci\u00f3n ser\u00e1 GRATUITA<\/b>, previo registro en la web de la C\u00e1mara. <\/span><\/p>\n<p class=\"p6\"><span class=\"s1\">Los asistentes podr\u00e1n ingresar de manera gratuita en: Auditorio Plata, donde se realizar\u00e1n las conferencias de actualizaci\u00f3n profesional; \u00e1rea de negocios y exposici\u00f3n; y, adem\u00e1s, asistir\u00e1n al coctel de cierre. <\/span><\/p>\n<p class=\"p6\"><span class=\"s1\">Por otro lado, el departamento T\u00e9cnico de CEDOL confirm\u00f3 que se encuentra trabajando -como en cada edici\u00f3n- para la elaboraci\u00f3n de una<b> nueva publicaci\u00f3n especializada<\/b>, cuyo t\u00edtulo responder\u00e1 al tema convocante del Encuentro. El material, en formato libro, ser\u00e1 distribuido gratuitamente durante la jornada. <\/span><\/p>\n<p class=\"p1\"><span class=\"s1\"><b><br \/>\nAuditor\u00eda internacional para zonas primarias aduaneras en San Luis<br \/>\n<\/b><\/span><span class=\"s1\">Las Zonas Primarias Aduaneras (ZPA), unidades de negocio que lleva adelante la Secretar\u00eda de San Luis Log\u00edstica, recibieron la certificaci\u00f3n a las Normas ISO 9001:2015 en el 2017 y, luego de varias visitas y reuniones, lograron el manteniendo de la certificaci\u00f3n por parte del IRAM. <\/span><\/p>\n<p class=\"p6\"><span class=\"s1\"><i>\u201cSe alcanzaron los procesos y como resultado del trabajo realizado en las diversas auditor\u00edas, se concluy\u00f3 en mantener la certificaci\u00f3n, para lo cual destacamos el compromiso de la direcci\u00f3n y la toma de conciencia por parte del personal\u201d<\/i>, expres\u00f3 \u00c9rika Torres, jefa del subprograma Calidad del Ministerio de Ciencia y Tecnolog\u00eda.<\/span><\/p>\n<p class=\"p6\"><span class=\"s1\">La certificaci\u00f3n es un requisito importante a nivel internacional y San Luis, a trav\u00e9s de la Ley de Calidad promulgada por el Gobierno provincial en 2011, es pionera en la iniciativa para toda la administraci\u00f3n p\u00fablica. <\/span><\/p>\n","protected":false},"excerpt":{"rendered":"<p>Novedades de diciembre: \u201cLa Log\u00edstica Latinoamericana en Contexto\u201d, el e-Book de ALALOG; Todo listo para el 12\u00ba Encuentro CEDOL; Auditor\u00eda internacional para zonas primarias aduaneras [&hellip;]<\/p>\n","protected":false},"author":1,"featured_media":2462,"comment_status":"open","ping_status":"open","sticky":false,"template":"","format":"standard","meta":{"_monsterinsights_skip_tracking":false,"_monsterinsights_sitenote_active":false,"_monsterinsights_sitenote_note":"","_monsterinsights_sitenote_category":0,"footnotes":""},"categories":[4],"tags":[],"class_list":["post-2461","post","type-post","status-publish","format-standard","has-post-thumbnail","hentry","category-noticias"],"yoast_head":"<!-- This site is optimized with the Yoast SEO plugin v22.3 - https:\/\/yoast.com\/wordpress\/plugins\/seo\/ -->\n<title>NOTICIAS DEL SECTOR &#187; CEDOL<\/title>\n<meta name=\"description\" content=\"Novedades de diciembre: \u201cLa Log\u00edstica Latinoamericana en Contexto\u201d, el e-Book de ALALOG; Todo listo para el 12\u00ba Encuentro CEDOL; Auditor\u00eda internacional para zonas primarias aduaneras en San Luis.\" \/>\n<meta name=\"robots\" content=\"index, follow, max-snippet:-1, max-image-preview:large, max-video-preview:-1\" \/>\n<link rel=\"canonical\" href=\"https:\/\/www.cedol.org.ar\/logistica\/noticias-del-sector-14\/\" \/>\n<meta property=\"og:locale\" content=\"es_ES\" \/>\n<meta property=\"og:type\" content=\"article\" \/>\n<meta property=\"og:title\" content=\"NOTICIAS DEL SECTOR &#187; CEDOL\" \/>\n<meta property=\"og:description\" content=\"Novedades de diciembre: \u201cLa Log\u00edstica Latinoamericana en Contexto\u201d, el e-Book de ALALOG; Todo listo para el 12\u00ba Encuentro CEDOL; Auditor\u00eda internacional para zonas primarias aduaneras en San Luis.\" \/>\n<meta property=\"og:url\" content=\"https:\/\/www.cedol.org.ar\/logistica\/noticias-del-sector-14\/\" \/>\n<meta property=\"og:site_name\" content=\"CEDOL\" \/>\n<meta property=\"article:published_time\" content=\"2019-12-27T17:38:39+00:00\" \/>\n<meta property=\"article:modified_time\" content=\"2019-12-27T18:01:58+00:00\" \/>\n<meta property=\"og:image\" content=\"https:\/\/www.cedol.org.ar\/logistica\/wp-content\/uploads\/2019\/12\/Captura-de-Pantalla-2019-12-27-a-las-14.37.35.png\" \/>\n\t<meta property=\"og:image:width\" content=\"2168\" \/>\n\t<meta property=\"og:image:height\" content=\"1890\" \/>\n\t<meta property=\"og:image:type\" content=\"image\/png\" \/>\n<meta name=\"author\" content=\"admin\" \/>\n<meta name=\"twitter:card\" content=\"summary_large_image\" \/>\n<meta name=\"twitter:label1\" content=\"Escrito por\" \/>\n\t<meta name=\"twitter:data1\" content=\"admin\" \/>\n\t<meta name=\"twitter:label2\" content=\"Tiempo de lectura\" \/>\n\t<meta name=\"twitter:data2\" content=\"3 minutos\" \/>\n<script type=\"application\/ld+json\" class=\"yoast-schema-graph\">{\"@context\":\"https:\/\/schema.org\",\"@graph\":[{\"@type\":\"WebPage\",\"@id\":\"https:\/\/www.cedol.org.ar\/logistica\/noticias-del-sector-14\/\",\"url\":\"https:\/\/www.cedol.org.ar\/logistica\/noticias-del-sector-14\/\",\"name\":\"NOTICIAS DEL SECTOR &#187; CEDOL\",\"isPartOf\":{\"@id\":\"https:\/\/www.cedol.org.ar\/logistica\/#website\"},\"primaryImageOfPage\":{\"@id\":\"https:\/\/www.cedol.org.ar\/logistica\/noticias-del-sector-14\/#primaryimage\"},\"image\":{\"@id\":\"https:\/\/www.cedol.org.ar\/logistica\/noticias-del-sector-14\/#primaryimage\"},\"thumbnailUrl\":\"https:\/\/www.cedol.org.ar\/logistica\/wp-content\/uploads\/2019\/12\/Captura-de-Pantalla-2019-12-27-a-las-14.37.35.png\",\"datePublished\":\"2019-12-27T17:38:39+00:00\",\"dateModified\":\"2019-12-27T18:01:58+00:00\",\"author\":{\"@id\":\"https:\/\/www.cedol.org.ar\/logistica\/#\/schema\/person\/40275bdb20446824fc74d51aabe22e83\"},\"description\":\"Novedades de diciembre: \u201cLa Log\u00edstica Latinoamericana en Contexto\u201d, el e-Book de ALALOG; Todo listo para el 12\u00ba Encuentro CEDOL; Auditor\u00eda internacional para zonas primarias aduaneras en San Luis.\",\"breadcrumb\":{\"@id\":\"https:\/\/www.cedol.org.ar\/logistica\/noticias-del-sector-14\/#breadcrumb\"},\"inLanguage\":\"es\",\"potentialAction\":[{\"@type\":\"ReadAction\",\"target\":[\"https:\/\/www.cedol.org.ar\/logistica\/noticias-del-sector-14\/\"]}]},{\"@type\":\"ImageObject\",\"inLanguage\":\"es\",\"@id\":\"https:\/\/www.cedol.org.ar\/logistica\/noticias-del-sector-14\/#primaryimage\",\"url\":\"https:\/\/www.cedol.org.ar\/logistica\/wp-content\/uploads\/2019\/12\/Captura-de-Pantalla-2019-12-27-a-las-14.37.35.png\",\"contentUrl\":\"https:\/\/www.cedol.org.ar\/logistica\/wp-content\/uploads\/2019\/12\/Captura-de-Pantalla-2019-12-27-a-las-14.37.35.png\",\"width\":2168,\"height\":1890},{\"@type\":\"BreadcrumbList\",\"@id\":\"https:\/\/www.cedol.org.ar\/logistica\/noticias-del-sector-14\/#breadcrumb\",\"itemListElement\":[{\"@type\":\"ListItem\",\"position\":1,\"name\":\"Home\",\"item\":\"https:\/\/www.cedol.org.ar\/logistica\/\"},{\"@type\":\"ListItem\",\"position\":2,\"name\":\"NOTICIAS DEL SECTOR\"}]},{\"@type\":\"WebSite\",\"@id\":\"https:\/\/www.cedol.org.ar\/logistica\/#website\",\"url\":\"https:\/\/www.cedol.org.ar\/logistica\/\",\"name\":\"CEDOL\",\"description\":\"C\u00c1MARA EMPRESARIA DE OPERADORES LOG\u00cdSTICOS\",\"potentialAction\":[{\"@type\":\"SearchAction\",\"target\":{\"@type\":\"EntryPoint\",\"urlTemplate\":\"https:\/\/www.cedol.org.ar\/logistica\/?s={search_term_string}\"},\"query-input\":\"required name=search_term_string\"}],\"inLanguage\":\"es\"},{\"@type\":\"Person\",\"@id\":\"https:\/\/www.cedol.org.ar\/logistica\/#\/schema\/person\/40275bdb20446824fc74d51aabe22e83\",\"name\":\"admin\"}]}<\/script>\n<!-- \/ Yoast SEO plugin. -->","yoast_head_json":{"title":"NOTICIAS DEL SECTOR &#187; CEDOL","description":"Novedades de diciembre: \u201cLa Log\u00edstica Latinoamericana en Contexto\u201d, el e-Book de ALALOG; Todo listo para el 12\u00ba Encuentro CEDOL; Auditor\u00eda internacional para zonas primarias aduaneras en San Luis.","robots":{"index":"index","follow":"follow","max-snippet":"max-snippet:-1","max-image-preview":"max-image-preview:large","max-video-preview":"max-video-preview:-1"},"canonical":"https:\/\/www.cedol.org.ar\/logistica\/noticias-del-sector-14\/","og_locale":"es_ES","og_type":"article","og_title":"NOTICIAS DEL SECTOR &#187; CEDOL","og_description":"Novedades de diciembre: \u201cLa Log\u00edstica Latinoamericana en Contexto\u201d, el e-Book de ALALOG; Todo listo para el 12\u00ba Encuentro CEDOL; Auditor\u00eda internacional para zonas primarias aduaneras en San Luis.","og_url":"https:\/\/www.cedol.org.ar\/logistica\/noticias-del-sector-14\/","og_site_name":"CEDOL","article_published_time":"2019-12-27T17:38:39+00:00","article_modified_time":"2019-12-27T18:01:58+00:00","og_image":[{"width":2168,"height":1890,"url":"https:\/\/www.cedol.org.ar\/logistica\/wp-content\/uploads\/2019\/12\/Captura-de-Pantalla-2019-12-27-a-las-14.37.35.png","type":"image\/png"}],"author":"admin","twitter_card":"summary_large_image","twitter_misc":{"Escrito por":"admin","Tiempo de lectura":"3 minutos"},"schema":{"@context":"https:\/\/schema.org","@graph":[{"@type":"WebPage","@id":"https:\/\/www.cedol.org.ar\/logistica\/noticias-del-sector-14\/","url":"https:\/\/www.cedol.org.ar\/logistica\/noticias-del-sector-14\/","name":"NOTICIAS DEL SECTOR &#187; CEDOL","isPartOf":{"@id":"https:\/\/www.cedol.org.ar\/logistica\/#website"},"primaryImageOfPage":{"@id":"https:\/\/www.cedol.org.ar\/logistica\/noticias-del-sector-14\/#primaryimage"},"image":{"@id":"https:\/\/www.cedol.org.ar\/logistica\/noticias-del-sector-14\/#primaryimage"},"thumbnailUrl":"https:\/\/www.cedol.org.ar\/logistica\/wp-content\/uploads\/2019\/12\/Captura-de-Pantalla-2019-12-27-a-las-14.37.35.png","datePublished":"2019-12-27T17:38:39+00:00","dateModified":"2019-12-27T18:01:58+00:00","author":{"@id":"https:\/\/www.cedol.org.ar\/logistica\/#\/schema\/person\/40275bdb20446824fc74d51aabe22e83"},"description":"Novedades de diciembre: \u201cLa Log\u00edstica Latinoamericana en Contexto\u201d, el e-Book de ALALOG; Todo listo para el 12\u00ba Encuentro CEDOL; Auditor\u00eda internacional para zonas primarias aduaneras en San Luis.","breadcrumb":{"@id":"https:\/\/www.cedol.org.ar\/logistica\/noticias-del-sector-14\/#breadcrumb"},"inLanguage":"es","potentialAction":[{"@type":"ReadAction","target":["https:\/\/www.cedol.org.ar\/logistica\/noticias-del-sector-14\/"]}]},{"@type":"ImageObject","inLanguage":"es","@id":"https:\/\/www.cedol.org.ar\/logistica\/noticias-del-sector-14\/#primaryimage","url":"https:\/\/www.cedol.org.ar\/logistica\/wp-content\/uploads\/2019\/12\/Captura-de-Pantalla-2019-12-27-a-las-14.37.35.png","contentUrl":"https:\/\/www.cedol.org.ar\/logistica\/wp-content\/uploads\/2019\/12\/Captura-de-Pantalla-2019-12-27-a-las-14.37.35.png","width":2168,"height":1890},{"@type":"BreadcrumbList","@id":"https:\/\/www.cedol.org.ar\/logistica\/noticias-del-sector-14\/#breadcrumb","itemListElement":[{"@type":"ListItem","position":1,"name":"Home","item":"https:\/\/www.cedol.org.ar\/logistica\/"},{"@type":"ListItem","position":2,"name":"NOTICIAS DEL SECTOR"}]},{"@type":"WebSite","@id":"https:\/\/www.cedol.org.ar\/logistica\/#website","url":"https:\/\/www.cedol.org.ar\/logistica\/","name":"CEDOL","description":"C\u00c1MARA EMPRESARIA DE OPERADORES LOG\u00cdSTICOS","potentialAction":[{"@type":"SearchAction","target":{"@type":"EntryPoint","urlTemplate":"https:\/\/www.cedol.org.ar\/logistica\/?s={search_term_string}"},"query-input":"required name=search_term_string"}],"inLanguage":"es"},{"@type":"Person","@id":"https:\/\/www.cedol.org.ar\/logistica\/#\/schema\/person\/40275bdb20446824fc74d51aabe22e83","name":"admin"}]}},"_links":{"self":[{"href":"https:\/\/www.cedol.org.ar\/logistica\/wp-json\/wp\/v2\/posts\/2461","targetHints":{"allow":["GET"]}}],"collection":[{"href":"https:\/\/www.cedol.org.ar\/logistica\/wp-json\/wp\/v2\/posts"}],"about":[{"href":"https:\/\/www.cedol.org.ar\/logistica\/wp-json\/wp\/v2\/types\/post"}],"author":[{"embeddable":true,"href":"https:\/\/www.cedol.org.ar\/logistica\/wp-json\/wp\/v2\/users\/1"}],"replies":[{"embeddable":true,"href":"https:\/\/www.cedol.org.ar\/logistica\/wp-json\/wp\/v2\/comments?post=2461"}],"version-history":[{"count":4,"href":"https:\/\/www.cedol.org.ar\/logistica\/wp-json\/wp\/v2\/posts\/2461\/revisions"}],"predecessor-version":[{"id":2466,"href":"https:\/\/www.cedol.org.ar\/logistica\/wp-json\/wp\/v2\/posts\/2461\/revisions\/2466"}],"wp:featuredmedia":[{"embeddable":true,"href":"https:\/\/www.cedol.org.ar\/logistica\/wp-json\/wp\/v2\/media\/2462"}],"wp:attachment":[{"href":"https:\/\/www.cedol.org.ar\/logistica\/wp-json\/wp\/v2\/media?parent=2461"}],"wp:term":[{"taxonomy":"category","embeddable":true,"href":"https:\/\/www.cedol.org.ar\/logistica\/wp-json\/wp\/v2\/categories?post=2461"},{"taxonomy":"post_tag","embeddable":true,"href":"https:\/\/www.cedol.org.ar\/logistica\/wp-json\/wp\/v2\/tags?post=2461"}],"curies":[{"name":"wp","href":"https:\/\/api.w.org\/{rel}","templated":true}]}}