{"id":2455,"date":"2019-12-27T16:53:45","date_gmt":"2019-12-27T16:53:45","guid":{"rendered":"http:\/\/www.cedol.org.ar\/logistica\/?p=2455"},"modified":"2019-12-27T18:03:12","modified_gmt":"2019-12-27T18:03:12","slug":"cena-anual-cedol-homenajeo-jorge-lopez","status":"publish","type":"post","link":"https:\/\/www.cedol.org.ar\/logistica\/cena-anual-cedol-homenajeo-jorge-lopez\/","title":{"rendered":"EN SU CENA ANUAL, CEDOL HOMENAJE\u00d3 A JORGE L\u00d3PEZ"},"content":{"rendered":"<p class=\"p1\"><span class=\"s1\"><b>Por primera vez como presidente, Hern\u00e1n S\u00e1nchez ofici\u00f3 de anfitri\u00f3n de la tradicional cena de fin de a\u00f1o, en la que se realiz\u00f3 un c\u00e1lido reconocimiento a Jorge L\u00f3pez.<\/b><\/span><\/p>\n<p class=\"p1\"><span class=\"s1\">Como cada a\u00f1o, a inicios de diciembre, la C\u00e1mara Empresaria de Operadores Log\u00edsticos (CEDOL) celebr\u00f3 su habitual cena de camarader\u00eda para socios y colaboradores. <\/span><\/p>\n<p class=\"p1\"><span class=\"s1\">Al comienzo de la noche, y por primera vez como presidente de la entidad, <b>Hern\u00e1n S\u00e1nchez<\/b> fue el encargado de dirigirse a los presentes para resumir los puntos destacados de la log\u00edstica durante 2019. Al respecto, indic\u00f3 que es muy dif\u00edcil que existan empresas fuertes en sectores d\u00e9biles. <i>\u201cSean grandes o peque\u00f1as, m\u00e1s o menos profesionales y rentables, a cualquier empresa se le har\u00e1 cuesta arriba su camino sin el respaldo de un sector fuerte, prestigioso\u201d<\/i>, reconoci\u00f3. Y puntualiz\u00f3 que el sector log\u00edstico debe ser visto como un gran actor en la cadena de valor y que, precisamente para profundizar esa postura, la c\u00e1mara decidi\u00f3 incorporarse a <b>FAETyL<\/b>. <\/span><\/p>\n<p class=\"p1\"><span class=\"s1\">En los \u00faltimos 30 a\u00f1os, la actividad log\u00edstica ha mutado, mejorado y ahora se dirige claramente hacia un futuro de especializaci\u00f3n de servicios, explic\u00f3 S\u00e1nchez; qui\u00e9n remarc\u00f3 que esa especializaci\u00f3n <i>\u201cobliga al sector a ser mejor, m\u00e1s competitivo\u201d<\/i>. Para el directivo, las especialidades son lo que viene, son las bases sobre las que se debe construir la log\u00edstica del futuro.\u00a0<\/span><\/p>\n<p class=\"p1\"><span class=\"s1\">Por \u00faltimo, sobre el contexto nacional, S\u00e1nchez mencion\u00f3 que se acab\u00f3 la incertidumbre pol\u00edtica: <i>\u201cTenemos por delante un gran a\u00f1o, lleno de desaf\u00edos, y estar\u00e1 en nosotros hacerlo m\u00e1s o menos exitoso. S\u00f3lo hay que propon\u00e9rselo\u201d<\/i>. <\/span><\/p>\n<p class=\"p1\"><span class=\"s1\"><b>Noche de reconocimiento<\/b><\/span><\/p>\n<p class=\"p1\"><span class=\"s1\">M\u00e1s tarde, la reuni\u00f3n sirvi\u00f3 de marco para homenajear a uno de los profesionales m\u00e1s respetados en el sector log\u00edstico y que dirigi\u00f3 por m\u00e1s de una d\u00e9cada los destinos de CEDOL: <b>Jorge L\u00f3pez<\/b>. Y los encargados de entregarle una plaqueta conmemorativa fueron <b>Oscar Andreani<\/b>, y <b>Emilio \u201cLito\u201d Aguirre<\/b>. <\/span><\/p>\n<p class=\"p1\"><span class=\"s1\">En primer lugar, Andreani record\u00f3 sus comienzos juntos, casi 40 a\u00f1os atr\u00e1s, en una relaci\u00f3n que comenz\u00f3 como jefe y empleado pero que con el tiempo madur\u00f3 hasta convertirlos en socios y compa\u00f1eros de ruta. <i>\u201cNo ser\u00edamos la empresa que somos sin la participaci\u00f3n de Jorge\u201d<\/i>, reconoci\u00f3 el empresario. <\/span><\/p>\n<p class=\"p1\"><span class=\"s1\">Por su parte, Aguirre se refiri\u00f3 a la dedicaci\u00f3n que Jorge tiene hacia su familia y remarc\u00f3 la profunda amistad que supieron forjar en tantos a\u00f1os de trabajo conjunto. <i>Lito<\/i> ofreci\u00f3 uno de los momentos divertidos de la noche al destacar una habilidad \u00fanica, propia de Jorge: Comer y hablar al mismo tiempo. <i>\u201cMe cost\u00f3 bastante tomarle la mano a eso para ir a comer y conversar con \u00e9l\u201d<\/i>, dijo. <\/span><\/p>\n<p class=\"p1\"><span class=\"s1\">Por \u00faltimo, el homenajeado se\u00f1al\u00f3 que <i>\u201cnada se hace solo en la vida y por eso agradezco todo lo bueno que me toc\u00f3 vivir en esta actividad, rodeado de grandes profesionales\u201d<\/i>. En ese sentido, L\u00f3pez cerr\u00f3 sus palabras con el agradecimiento a todos los colegas, empresarios y profesionales que <i>\u201ccontribuyeron para que el sector sea un lugar de encuentro para construir tejido social\u201d<\/i>.<\/span><\/p>\n","protected":false},"excerpt":{"rendered":"<p>Por primera vez como presidente, Hern\u00e1n S\u00e1nchez ofici\u00f3 de anfitri\u00f3n de la tradicional cena de fin de a\u00f1o, en la que se realiz\u00f3 un c\u00e1lido [&hellip;]<\/p>\n","protected":false},"author":1,"featured_media":2456,"comment_status":"open","ping_status":"open","sticky":true,"template":"","format":"standard","meta":{"_monsterinsights_skip_tracking":false,"_monsterinsights_sitenote_active":false,"_monsterinsights_sitenote_note":"","_monsterinsights_sitenote_category":0,"footnotes":""},"categories":[4],"tags":[],"class_list":["post-2455","post","type-post","status-publish","format-standard","has-post-thumbnail","hentry","category-noticias"],"yoast_head":"<!-- This site is optimized with the Yoast SEO plugin v22.3 - https:\/\/yoast.com\/wordpress\/plugins\/seo\/ -->\n<title>EN SU CENA ANUAL, CEDOL HOMENAJE\u00d3 A JORGE L\u00d3PEZ &#187; CEDOL<\/title>\n<meta name=\"description\" content=\"Por primera vez como presidente, Hern\u00e1n S\u00e1nchez ofici\u00f3 de anfitri\u00f3n de la tradicional cena de fin de a\u00f1o, en la que se realiz\u00f3 un c\u00e1lido reconocimiento a Jorge L\u00f3pez.\" \/>\n<meta name=\"robots\" content=\"index, follow, max-snippet:-1, max-image-preview:large, max-video-preview:-1\" \/>\n<link rel=\"canonical\" href=\"https:\/\/www.cedol.org.ar\/logistica\/cena-anual-cedol-homenajeo-jorge-lopez\/\" \/>\n<meta property=\"og:locale\" content=\"es_ES\" \/>\n<meta property=\"og:type\" content=\"article\" \/>\n<meta property=\"og:title\" content=\"EN SU CENA ANUAL, CEDOL HOMENAJE\u00d3 A JORGE L\u00d3PEZ &#187; CEDOL\" \/>\n<meta property=\"og:description\" content=\"Por primera vez como presidente, Hern\u00e1n S\u00e1nchez ofici\u00f3 de anfitri\u00f3n de la tradicional cena de fin de a\u00f1o, en la que se realiz\u00f3 un c\u00e1lido reconocimiento a Jorge L\u00f3pez.\" \/>\n<meta property=\"og:url\" content=\"https:\/\/www.cedol.org.ar\/logistica\/cena-anual-cedol-homenajeo-jorge-lopez\/\" \/>\n<meta property=\"og:site_name\" content=\"CEDOL\" \/>\n<meta property=\"article:published_time\" content=\"2019-12-27T16:53:45+00:00\" \/>\n<meta property=\"article:modified_time\" content=\"2019-12-27T18:03:12+00:00\" \/>\n<meta property=\"og:image\" content=\"https:\/\/www.cedol.org.ar\/logistica\/wp-content\/uploads\/2019\/12\/Baja-Suter-4630.jpg\" \/>\n\t<meta property=\"og:image:width\" content=\"1080\" \/>\n\t<meta property=\"og:image:height\" content=\"720\" \/>\n\t<meta property=\"og:image:type\" content=\"image\/jpeg\" \/>\n<meta name=\"author\" content=\"admin\" \/>\n<meta name=\"twitter:card\" content=\"summary_large_image\" \/>\n<meta name=\"twitter:label1\" content=\"Escrito por\" \/>\n\t<meta name=\"twitter:data1\" content=\"admin\" \/>\n\t<meta name=\"twitter:label2\" content=\"Tiempo de lectura\" \/>\n\t<meta name=\"twitter:data2\" content=\"3 minutos\" \/>\n<script type=\"application\/ld+json\" class=\"yoast-schema-graph\">{\"@context\":\"https:\/\/schema.org\",\"@graph\":[{\"@type\":\"WebPage\",\"@id\":\"https:\/\/www.cedol.org.ar\/logistica\/cena-anual-cedol-homenajeo-jorge-lopez\/\",\"url\":\"https:\/\/www.cedol.org.ar\/logistica\/cena-anual-cedol-homenajeo-jorge-lopez\/\",\"name\":\"EN SU CENA ANUAL, CEDOL HOMENAJE\u00d3 A JORGE L\u00d3PEZ &#187; CEDOL\",\"isPartOf\":{\"@id\":\"https:\/\/www.cedol.org.ar\/logistica\/#website\"},\"primaryImageOfPage\":{\"@id\":\"https:\/\/www.cedol.org.ar\/logistica\/cena-anual-cedol-homenajeo-jorge-lopez\/#primaryimage\"},\"image\":{\"@id\":\"https:\/\/www.cedol.org.ar\/logistica\/cena-anual-cedol-homenajeo-jorge-lopez\/#primaryimage\"},\"thumbnailUrl\":\"https:\/\/www.cedol.org.ar\/logistica\/wp-content\/uploads\/2019\/12\/Baja-Suter-4630.jpg\",\"datePublished\":\"2019-12-27T16:53:45+00:00\",\"dateModified\":\"2019-12-27T18:03:12+00:00\",\"author\":{\"@id\":\"https:\/\/www.cedol.org.ar\/logistica\/#\/schema\/person\/40275bdb20446824fc74d51aabe22e83\"},\"description\":\"Por primera vez como presidente, Hern\u00e1n S\u00e1nchez ofici\u00f3 de anfitri\u00f3n de la tradicional cena de fin de a\u00f1o, en la que se realiz\u00f3 un c\u00e1lido reconocimiento a Jorge L\u00f3pez.\",\"breadcrumb\":{\"@id\":\"https:\/\/www.cedol.org.ar\/logistica\/cena-anual-cedol-homenajeo-jorge-lopez\/#breadcrumb\"},\"inLanguage\":\"es\",\"potentialAction\":[{\"@type\":\"ReadAction\",\"target\":[\"https:\/\/www.cedol.org.ar\/logistica\/cena-anual-cedol-homenajeo-jorge-lopez\/\"]}]},{\"@type\":\"ImageObject\",\"inLanguage\":\"es\",\"@id\":\"https:\/\/www.cedol.org.ar\/logistica\/cena-anual-cedol-homenajeo-jorge-lopez\/#primaryimage\",\"url\":\"https:\/\/www.cedol.org.ar\/logistica\/wp-content\/uploads\/2019\/12\/Baja-Suter-4630.jpg\",\"contentUrl\":\"https:\/\/www.cedol.org.ar\/logistica\/wp-content\/uploads\/2019\/12\/Baja-Suter-4630.jpg\",\"width\":1080,\"height\":720},{\"@type\":\"BreadcrumbList\",\"@id\":\"https:\/\/www.cedol.org.ar\/logistica\/cena-anual-cedol-homenajeo-jorge-lopez\/#breadcrumb\",\"itemListElement\":[{\"@type\":\"ListItem\",\"position\":1,\"name\":\"Home\",\"item\":\"https:\/\/www.cedol.org.ar\/logistica\/\"},{\"@type\":\"ListItem\",\"position\":2,\"name\":\"EN SU CENA ANUAL, CEDOL HOMENAJE\u00d3 A JORGE L\u00d3PEZ\"}]},{\"@type\":\"WebSite\",\"@id\":\"https:\/\/www.cedol.org.ar\/logistica\/#website\",\"url\":\"https:\/\/www.cedol.org.ar\/logistica\/\",\"name\":\"CEDOL\",\"description\":\"C\u00c1MARA EMPRESARIA DE OPERADORES LOG\u00cdSTICOS\",\"potentialAction\":[{\"@type\":\"SearchAction\",\"target\":{\"@type\":\"EntryPoint\",\"urlTemplate\":\"https:\/\/www.cedol.org.ar\/logistica\/?s={search_term_string}\"},\"query-input\":\"required name=search_term_string\"}],\"inLanguage\":\"es\"},{\"@type\":\"Person\",\"@id\":\"https:\/\/www.cedol.org.ar\/logistica\/#\/schema\/person\/40275bdb20446824fc74d51aabe22e83\",\"name\":\"admin\"}]}<\/script>\n<!-- \/ Yoast SEO plugin. -->","yoast_head_json":{"title":"EN SU CENA ANUAL, CEDOL HOMENAJE\u00d3 A JORGE L\u00d3PEZ &#187; CEDOL","description":"Por primera vez como presidente, Hern\u00e1n S\u00e1nchez ofici\u00f3 de anfitri\u00f3n de la tradicional cena de fin de a\u00f1o, en la que se realiz\u00f3 un c\u00e1lido reconocimiento a Jorge L\u00f3pez.","robots":{"index":"index","follow":"follow","max-snippet":"max-snippet:-1","max-image-preview":"max-image-preview:large","max-video-preview":"max-video-preview:-1"},"canonical":"https:\/\/www.cedol.org.ar\/logistica\/cena-anual-cedol-homenajeo-jorge-lopez\/","og_locale":"es_ES","og_type":"article","og_title":"EN SU CENA ANUAL, CEDOL HOMENAJE\u00d3 A JORGE L\u00d3PEZ &#187; CEDOL","og_description":"Por primera vez como presidente, Hern\u00e1n S\u00e1nchez ofici\u00f3 de anfitri\u00f3n de la tradicional cena de fin de a\u00f1o, en la que se realiz\u00f3 un c\u00e1lido reconocimiento a Jorge L\u00f3pez.","og_url":"https:\/\/www.cedol.org.ar\/logistica\/cena-anual-cedol-homenajeo-jorge-lopez\/","og_site_name":"CEDOL","article_published_time":"2019-12-27T16:53:45+00:00","article_modified_time":"2019-12-27T18:03:12+00:00","og_image":[{"width":1080,"height":720,"url":"https:\/\/www.cedol.org.ar\/logistica\/wp-content\/uploads\/2019\/12\/Baja-Suter-4630.jpg","type":"image\/jpeg"}],"author":"admin","twitter_card":"summary_large_image","twitter_misc":{"Escrito por":"admin","Tiempo de lectura":"3 minutos"},"schema":{"@context":"https:\/\/schema.org","@graph":[{"@type":"WebPage","@id":"https:\/\/www.cedol.org.ar\/logistica\/cena-anual-cedol-homenajeo-jorge-lopez\/","url":"https:\/\/www.cedol.org.ar\/logistica\/cena-anual-cedol-homenajeo-jorge-lopez\/","name":"EN SU CENA ANUAL, CEDOL HOMENAJE\u00d3 A JORGE L\u00d3PEZ &#187; CEDOL","isPartOf":{"@id":"https:\/\/www.cedol.org.ar\/logistica\/#website"},"primaryImageOfPage":{"@id":"https:\/\/www.cedol.org.ar\/logistica\/cena-anual-cedol-homenajeo-jorge-lopez\/#primaryimage"},"image":{"@id":"https:\/\/www.cedol.org.ar\/logistica\/cena-anual-cedol-homenajeo-jorge-lopez\/#primaryimage"},"thumbnailUrl":"https:\/\/www.cedol.org.ar\/logistica\/wp-content\/uploads\/2019\/12\/Baja-Suter-4630.jpg","datePublished":"2019-12-27T16:53:45+00:00","dateModified":"2019-12-27T18:03:12+00:00","author":{"@id":"https:\/\/www.cedol.org.ar\/logistica\/#\/schema\/person\/40275bdb20446824fc74d51aabe22e83"},"description":"Por primera vez como presidente, Hern\u00e1n S\u00e1nchez ofici\u00f3 de anfitri\u00f3n de la tradicional cena de fin de a\u00f1o, en la que se realiz\u00f3 un c\u00e1lido reconocimiento a Jorge L\u00f3pez.","breadcrumb":{"@id":"https:\/\/www.cedol.org.ar\/logistica\/cena-anual-cedol-homenajeo-jorge-lopez\/#breadcrumb"},"inLanguage":"es","potentialAction":[{"@type":"ReadAction","target":["https:\/\/www.cedol.org.ar\/logistica\/cena-anual-cedol-homenajeo-jorge-lopez\/"]}]},{"@type":"ImageObject","inLanguage":"es","@id":"https:\/\/www.cedol.org.ar\/logistica\/cena-anual-cedol-homenajeo-jorge-lopez\/#primaryimage","url":"https:\/\/www.cedol.org.ar\/logistica\/wp-content\/uploads\/2019\/12\/Baja-Suter-4630.jpg","contentUrl":"https:\/\/www.cedol.org.ar\/logistica\/wp-content\/uploads\/2019\/12\/Baja-Suter-4630.jpg","width":1080,"height":720},{"@type":"BreadcrumbList","@id":"https:\/\/www.cedol.org.ar\/logistica\/cena-anual-cedol-homenajeo-jorge-lopez\/#breadcrumb","itemListElement":[{"@type":"ListItem","position":1,"name":"Home","item":"https:\/\/www.cedol.org.ar\/logistica\/"},{"@type":"ListItem","position":2,"name":"EN SU CENA ANUAL, CEDOL HOMENAJE\u00d3 A JORGE L\u00d3PEZ"}]},{"@type":"WebSite","@id":"https:\/\/www.cedol.org.ar\/logistica\/#website","url":"https:\/\/www.cedol.org.ar\/logistica\/","name":"CEDOL","description":"C\u00c1MARA EMPRESARIA DE OPERADORES LOG\u00cdSTICOS","potentialAction":[{"@type":"SearchAction","target":{"@type":"EntryPoint","urlTemplate":"https:\/\/www.cedol.org.ar\/logistica\/?s={search_term_string}"},"query-input":"required name=search_term_string"}],"inLanguage":"es"},{"@type":"Person","@id":"https:\/\/www.cedol.org.ar\/logistica\/#\/schema\/person\/40275bdb20446824fc74d51aabe22e83","name":"admin"}]}},"_links":{"self":[{"href":"https:\/\/www.cedol.org.ar\/logistica\/wp-json\/wp\/v2\/posts\/2455","targetHints":{"allow":["GET"]}}],"collection":[{"href":"https:\/\/www.cedol.org.ar\/logistica\/wp-json\/wp\/v2\/posts"}],"about":[{"href":"https:\/\/www.cedol.org.ar\/logistica\/wp-json\/wp\/v2\/types\/post"}],"author":[{"embeddable":true,"href":"https:\/\/www.cedol.org.ar\/logistica\/wp-json\/wp\/v2\/users\/1"}],"replies":[{"embeddable":true,"href":"https:\/\/www.cedol.org.ar\/logistica\/wp-json\/wp\/v2\/comments?post=2455"}],"version-history":[{"count":1,"href":"https:\/\/www.cedol.org.ar\/logistica\/wp-json\/wp\/v2\/posts\/2455\/revisions"}],"predecessor-version":[{"id":2457,"href":"https:\/\/www.cedol.org.ar\/logistica\/wp-json\/wp\/v2\/posts\/2455\/revisions\/2457"}],"wp:featuredmedia":[{"embeddable":true,"href":"https:\/\/www.cedol.org.ar\/logistica\/wp-json\/wp\/v2\/media\/2456"}],"wp:attachment":[{"href":"https:\/\/www.cedol.org.ar\/logistica\/wp-json\/wp\/v2\/media?parent=2455"}],"wp:term":[{"taxonomy":"category","embeddable":true,"href":"https:\/\/www.cedol.org.ar\/logistica\/wp-json\/wp\/v2\/categories?post=2455"},{"taxonomy":"post_tag","embeddable":true,"href":"https:\/\/www.cedol.org.ar\/logistica\/wp-json\/wp\/v2\/tags?post=2455"}],"curies":[{"name":"wp","href":"https:\/\/api.w.org\/{rel}","templated":true}]}}