{"id":2442,"date":"2019-11-29T19:48:46","date_gmt":"2019-11-29T19:48:46","guid":{"rendered":"http:\/\/www.cedol.org.ar\/logistica\/?p=2442"},"modified":"2019-11-29T19:48:46","modified_gmt":"2019-11-29T19:48:46","slug":"noticias-del-sector-13","status":"publish","type":"post","link":"https:\/\/www.cedol.org.ar\/logistica\/noticias-del-sector-13\/","title":{"rendered":"NOTICIAS DEL SECTOR"},"content":{"rendered":"<p><b>Cruz del Sur particip\u00f3 del Study Tour de ALALOG\u00a0<\/b><\/p>\n<p><span style=\"font-weight: 400;\">A trav\u00e9s de su <\/span><b>gerente de Operaciones, Diego Ludovico<\/b><span style=\"font-weight: 400;\">, la empresa form\u00f3 parte de la primera edici\u00f3n de este evento organizado por la <\/span><b>Asociaci\u00f3n Latinoamericana de Log\u00edstica (ALALOG)<\/b><span style=\"font-weight: 400;\"> y el <\/span><b><i>Institute for Careers and Innovation in Logistics &amp; Supply Chain<\/i><\/b> <b><i>(ICIL)<\/i><\/b><span style=\"font-weight: 400;\">.<\/p>\n<p><\/span><\/p>\n<p><span style=\"font-weight: 400;\">El encuentro consisti\u00f3 en visitas a almacenes, f\u00e1bricas e infraestructuras, con el objetivo de mostrar ejemplos pr\u00e1cticos de supply chain en toda su extensi\u00f3n. Tambi\u00e9n participaron en una serie de workshops y la comitiva estuvo conformada por representantes de Uruguay, Per\u00fa y Argentina.\u00a0\u00a0<\/span><\/p>\n<p><span style=\"font-weight: 400;\">Ludovico observ\u00f3 que los clientes son cada vez m\u00e1s exigentes e informados, lo que hace que la gesti\u00f3n de recursos y equipos de trabajo se convierta en un factor clave del \u00e9xito. <\/span><i><span style=\"font-weight: 400;\">\u201cPor eso, para abordar los distintos proyectos, se recomienda el uso de equipos de trabajo con alto grado de empat\u00eda, liderazgo y capacidad de negociaci\u00f3n\u201d<\/span><\/i><span style=\"font-weight: 400;\">, detall\u00f3.<\/span><\/p>\n<p><span style=\"font-weight: 400;\">De esta forma, el di\u00e1logo con los clientes, el conocimiento de las necesidades y de los niveles de satisfacci\u00f3n, permiten la retroalimentaci\u00f3n a trav\u00e9s de matrices que -auditadas desde los departamentos de calidad- posibilitan la continuidad y la mejora permanente de cada proceso.\u00a0<\/span><\/p>\n<p><span style=\"font-weight: 400;\">Adem\u00e1s, Ludovico enumer\u00f3 los pilares de la innovaci\u00f3n que identific\u00f3 durante el viaje: Las inversiones estructurales (dep\u00f3sitos, sorter, automatizaci\u00f3n, tecnolog\u00edas aplicadas); las nuevas tecnolog\u00edas (que van desde m\u00e1quinas que palletizan a la lectura e interpretaci\u00f3n de remitos con an\u00e1lisis de datos); los sistemas robustos que permiten la aplicaci\u00f3n de inteligencia artificial, la digitalizaci\u00f3n (simuladores de operaciones para verificar resultados y diagramar correctamente las mismas) y la capacitaci\u00f3n permanente de todos los sectores de la cadena de valor.<\/span><\/p>\n<p><span style=\"font-weight: 400;\">\u00a0<\/span><\/p>\n<p><b>El comercio global en una encrucijada<\/b><\/p>\n<p><span style=\"font-weight: 400;\">El <\/span><b>Bar\u00f3metro de Comercio Global de DHL<\/b><span style=\"font-weight: 400;\"> prev\u00e9 un leve descenso del comercio global. El \u00edndice general perdi\u00f3 un punto, situ\u00e1ndose en 47, lo cual indica que el comercio mundial seguir\u00e1 perdiendo impulso durante los pr\u00f3ximos tres meses. No obstante, la tendencia a la baja se ha desacelerado de manera perceptible desde la actualizaci\u00f3n de junio, cuando el GTB registr\u00f3 un descenso de 8 puntos. La desaceleraci\u00f3n se est\u00e1 extendiendo por la mayor\u00eda de los pa\u00edses del GTB, con cinco de siete situados ya en territorio negativo. El \u00fanico detonante fue el descenso del comercio a\u00e9reo, pues perdi\u00f3 4 puntos y qued\u00f3 en 45, mientras que el \u00edndice de comercio mar\u00edtimo global se mantuvo invariado en 48.<\/span><\/p>\n<p><i><span style=\"font-weight: 400;\">\u201cEn todo el mundo siguen acechando los conflictos comerciales. Las tensiones geopol\u00edticas generan incertidumbre. Pese a ello, el comercio global contin\u00faa evolucionando. Aunque el Bar\u00f3metro de Comercio Global de DHL ha vuelto a descender, el comercio mundial va a mantener su nivel elevado\u201d<\/span><\/i><span style=\"font-weight: 400;\">, afirm\u00f3 <\/span><b>Tim Scharwath, CEO de DHL Global Freight Forwarding<\/b><span style=\"font-weight: 400;\">. <\/span><i><span style=\"font-weight: 400;\">\u201cEso refuerza nuestra convicci\u00f3n de que la globalizaci\u00f3n contin\u00faa y de que la log\u00edstica seguir\u00e1 siendo su clave tambi\u00e9n en el futuro\u201d<\/span><\/i><span style=\"font-weight: 400;\">, agreg\u00f3.<\/span><\/p>\n<p><b>Cabe recordar que el conflicto comercial entre China y Estados Unidos resulta en un clima general bastante sosegado, en el que ambos pa\u00edses presentan las perspectivas m\u00e1s negativas<\/b><span style=\"font-weight: 400;\">. Las perspectivas de comercio a\u00e9reo y mar\u00edtimo de EE.UU. se mantienen casi invariables respecto a la \u00faltima actualizaci\u00f3n. Para el comercio chino, el GTB prev\u00e9 un declive moderado de 4 puntos, que sit\u00faa a este pa\u00eds en 45. La causa principal de estas tendencias es la debilidad del comercio a\u00e9reo chino, que ha ca\u00eddo de manera significativa: 8 puntos en los \u00faltimos tres meses, situ\u00e1ndose en 43.<\/span><\/p>\n<p><span style=\"font-weight: 400;\">\u00a0<\/span><\/p>\n<p><b>Seg\u00fan el Ministerio, ya circulan m\u00e1s de 2 mil camiones de gran porte<\/b><\/p>\n<p><span style=\"font-weight: 400;\">Se trata de las nuevas configuraciones aprobadas para ampliar la capacidad de transporte de carga, reduciendo costos log\u00edsticos, optimizando la producci\u00f3n y mejorando la seguridad vial. En Argentina, aseguran desde el organismo, ya est\u00e1n circulando <\/span><b>72 bitrenes y m\u00e1s de 2 mil escalables de fabricaci\u00f3n nacional<\/b><span style=\"font-weight: 400;\"> (camiones con acoplado de mayor porte que los normales, pero que no llegan a ser bitrenes).<\/span><\/p>\n<p><b>Un bitren implica una inversi\u00f3n de entre 2,5 y 5,6 millones de pesos, mientras que los equipos escalados, van de 1,4 a 1,8 millones de pesos.<\/b><span style=\"font-weight: 400;\"> Por su parte, en total <\/span><b>hay 16.073 kil\u00f3metros de corredores seguros aprobados para la circulaci\u00f3n de bitrenes largos<\/b><span style=\"font-weight: 400;\"> (25,5 metros), que reducir\u00e1n los costos log\u00edsticos para las econom\u00edas regionales en las provincias adheridas.<\/span><\/p>\n<p><span style=\"font-weight: 400;\">A trav\u00e9s de Vialidad Nacional, en octubre, <\/span><b>el Ministerio habilit\u00f3 1073 nuevos kil\u00f3metros de red vial nacional para la circulaci\u00f3n de bitrenes largos (de hasta 25,5 metros), que se sumaron a los 15.000 que ya hab\u00edan sido habilitados a mediados del a\u00f1o pasado.<\/b><\/p>\n<p><span style=\"font-weight: 400;\">Hasta la fecha, <\/span><b>14 provincias adhirieron a las modificaciones normativas sobre circulaci\u00f3n de estos veh\u00edculos<\/b><span style=\"font-weight: 400;\"> (Buenos Aires, Neuqu\u00e9n, Santa Fe, Corrientes, Mendoza, Misiones, San Juan, Santiago del Estero, la CABA, San Luis, C\u00f3rdoba, Entre R\u00edos, Catamarca y Rio Negro) -algunas de \u00e9stas a\u00fan deben reglamentar esta adhesi\u00f3n, como es el caso de C\u00f3rdoba y Entre R\u00edos. Mientras tanto, Tierra del Fuego, Santa Cruz, Chubut, La Pampa, Tucum\u00e1n, Salta, Jujuy, Chaco, Formosa y La Rioja siguen sin adherir a pesar del inter\u00e9s de las econom\u00edas regionales y los dadores de carga locales.<\/span><\/p>\n<p><span style=\"font-weight: 400;\"><br \/>\n<\/span><\/p>\n","protected":false},"excerpt":{"rendered":"<p>Cruz del Sur particip\u00f3 del Study Tour de ALALOG\u00a0 A trav\u00e9s de su gerente de Operaciones, Diego Ludovico, la empresa form\u00f3 parte de la primera [&hellip;]<\/p>\n","protected":false},"author":1,"featured_media":2443,"comment_status":"open","ping_status":"open","sticky":false,"template":"","format":"standard","meta":{"_monsterinsights_skip_tracking":false,"_monsterinsights_sitenote_active":false,"_monsterinsights_sitenote_note":"","_monsterinsights_sitenote_category":0,"footnotes":""},"categories":[4],"tags":[],"class_list":["post-2442","post","type-post","status-publish","format-standard","has-post-thumbnail","hentry","category-noticias"],"yoast_head":"<!-- This site is optimized with the Yoast SEO plugin v22.3 - https:\/\/yoast.com\/wordpress\/plugins\/seo\/ -->\n<title>NOTICIAS DEL SECTOR &#187; CEDOL<\/title>\n<meta name=\"description\" content=\"Cruz del Sur particip\u00f3 del Study Tour de ALALOG\u00a0 A trav\u00e9s de su gerente de Operaciones, Diego Ludovico, la empresa form\u00f3 parte de la primera edici\u00f3n de\" \/>\n<meta name=\"robots\" content=\"index, follow, max-snippet:-1, max-image-preview:large, max-video-preview:-1\" \/>\n<link rel=\"canonical\" href=\"https:\/\/www.cedol.org.ar\/logistica\/noticias-del-sector-13\/\" \/>\n<meta property=\"og:locale\" content=\"es_ES\" \/>\n<meta property=\"og:type\" content=\"article\" \/>\n<meta property=\"og:title\" content=\"NOTICIAS DEL SECTOR &#187; CEDOL\" \/>\n<meta property=\"og:description\" content=\"Cruz del Sur particip\u00f3 del Study Tour de ALALOG\u00a0 A trav\u00e9s de su gerente de Operaciones, Diego Ludovico, la empresa form\u00f3 parte de la primera edici\u00f3n de\" \/>\n<meta property=\"og:url\" content=\"https:\/\/www.cedol.org.ar\/logistica\/noticias-del-sector-13\/\" \/>\n<meta property=\"og:site_name\" content=\"CEDOL\" \/>\n<meta property=\"article:published_time\" content=\"2019-11-29T19:48:46+00:00\" \/>\n<meta property=\"og:image\" content=\"https:\/\/www.cedol.org.ar\/logistica\/wp-content\/uploads\/2019\/11\/noticias-del-sector.jpg\" \/>\n\t<meta property=\"og:image:width\" content=\"542\" \/>\n\t<meta property=\"og:image:height\" content=\"342\" \/>\n\t<meta property=\"og:image:type\" content=\"image\/jpeg\" \/>\n<meta name=\"author\" content=\"admin\" \/>\n<meta name=\"twitter:card\" content=\"summary_large_image\" \/>\n<meta name=\"twitter:label1\" content=\"Escrito por\" \/>\n\t<meta name=\"twitter:data1\" content=\"admin\" \/>\n\t<meta name=\"twitter:label2\" content=\"Tiempo de lectura\" \/>\n\t<meta name=\"twitter:data2\" content=\"4 minutos\" \/>\n<script type=\"application\/ld+json\" class=\"yoast-schema-graph\">{\"@context\":\"https:\/\/schema.org\",\"@graph\":[{\"@type\":\"WebPage\",\"@id\":\"https:\/\/www.cedol.org.ar\/logistica\/noticias-del-sector-13\/\",\"url\":\"https:\/\/www.cedol.org.ar\/logistica\/noticias-del-sector-13\/\",\"name\":\"NOTICIAS DEL SECTOR &#187; CEDOL\",\"isPartOf\":{\"@id\":\"https:\/\/www.cedol.org.ar\/logistica\/#website\"},\"primaryImageOfPage\":{\"@id\":\"https:\/\/www.cedol.org.ar\/logistica\/noticias-del-sector-13\/#primaryimage\"},\"image\":{\"@id\":\"https:\/\/www.cedol.org.ar\/logistica\/noticias-del-sector-13\/#primaryimage\"},\"thumbnailUrl\":\"https:\/\/www.cedol.org.ar\/logistica\/wp-content\/uploads\/2019\/11\/noticias-del-sector.jpg\",\"datePublished\":\"2019-11-29T19:48:46+00:00\",\"dateModified\":\"2019-11-29T19:48:46+00:00\",\"author\":{\"@id\":\"https:\/\/www.cedol.org.ar\/logistica\/#\/schema\/person\/40275bdb20446824fc74d51aabe22e83\"},\"description\":\"Cruz del Sur particip\u00f3 del Study Tour de ALALOG\u00a0 A trav\u00e9s de su gerente de Operaciones, Diego Ludovico, la empresa form\u00f3 parte de la primera edici\u00f3n de\",\"breadcrumb\":{\"@id\":\"https:\/\/www.cedol.org.ar\/logistica\/noticias-del-sector-13\/#breadcrumb\"},\"inLanguage\":\"es\",\"potentialAction\":[{\"@type\":\"ReadAction\",\"target\":[\"https:\/\/www.cedol.org.ar\/logistica\/noticias-del-sector-13\/\"]}]},{\"@type\":\"ImageObject\",\"inLanguage\":\"es\",\"@id\":\"https:\/\/www.cedol.org.ar\/logistica\/noticias-del-sector-13\/#primaryimage\",\"url\":\"https:\/\/www.cedol.org.ar\/logistica\/wp-content\/uploads\/2019\/11\/noticias-del-sector.jpg\",\"contentUrl\":\"https:\/\/www.cedol.org.ar\/logistica\/wp-content\/uploads\/2019\/11\/noticias-del-sector.jpg\",\"width\":542,\"height\":342},{\"@type\":\"BreadcrumbList\",\"@id\":\"https:\/\/www.cedol.org.ar\/logistica\/noticias-del-sector-13\/#breadcrumb\",\"itemListElement\":[{\"@type\":\"ListItem\",\"position\":1,\"name\":\"Home\",\"item\":\"https:\/\/www.cedol.org.ar\/logistica\/\"},{\"@type\":\"ListItem\",\"position\":2,\"name\":\"NOTICIAS DEL SECTOR\"}]},{\"@type\":\"WebSite\",\"@id\":\"https:\/\/www.cedol.org.ar\/logistica\/#website\",\"url\":\"https:\/\/www.cedol.org.ar\/logistica\/\",\"name\":\"CEDOL\",\"description\":\"C\u00c1MARA EMPRESARIA DE OPERADORES LOG\u00cdSTICOS\",\"potentialAction\":[{\"@type\":\"SearchAction\",\"target\":{\"@type\":\"EntryPoint\",\"urlTemplate\":\"https:\/\/www.cedol.org.ar\/logistica\/?s={search_term_string}\"},\"query-input\":\"required name=search_term_string\"}],\"inLanguage\":\"es\"},{\"@type\":\"Person\",\"@id\":\"https:\/\/www.cedol.org.ar\/logistica\/#\/schema\/person\/40275bdb20446824fc74d51aabe22e83\",\"name\":\"admin\"}]}<\/script>\n<!-- \/ Yoast SEO plugin. -->","yoast_head_json":{"title":"NOTICIAS DEL SECTOR &#187; CEDOL","description":"Cruz del Sur particip\u00f3 del Study Tour de ALALOG\u00a0 A trav\u00e9s de su gerente de Operaciones, Diego Ludovico, la empresa form\u00f3 parte de la primera edici\u00f3n de","robots":{"index":"index","follow":"follow","max-snippet":"max-snippet:-1","max-image-preview":"max-image-preview:large","max-video-preview":"max-video-preview:-1"},"canonical":"https:\/\/www.cedol.org.ar\/logistica\/noticias-del-sector-13\/","og_locale":"es_ES","og_type":"article","og_title":"NOTICIAS DEL SECTOR &#187; CEDOL","og_description":"Cruz del Sur particip\u00f3 del Study Tour de ALALOG\u00a0 A trav\u00e9s de su gerente de Operaciones, Diego Ludovico, la empresa form\u00f3 parte de la primera edici\u00f3n de","og_url":"https:\/\/www.cedol.org.ar\/logistica\/noticias-del-sector-13\/","og_site_name":"CEDOL","article_published_time":"2019-11-29T19:48:46+00:00","og_image":[{"width":542,"height":342,"url":"https:\/\/www.cedol.org.ar\/logistica\/wp-content\/uploads\/2019\/11\/noticias-del-sector.jpg","type":"image\/jpeg"}],"author":"admin","twitter_card":"summary_large_image","twitter_misc":{"Escrito por":"admin","Tiempo de lectura":"4 minutos"},"schema":{"@context":"https:\/\/schema.org","@graph":[{"@type":"WebPage","@id":"https:\/\/www.cedol.org.ar\/logistica\/noticias-del-sector-13\/","url":"https:\/\/www.cedol.org.ar\/logistica\/noticias-del-sector-13\/","name":"NOTICIAS DEL SECTOR &#187; CEDOL","isPartOf":{"@id":"https:\/\/www.cedol.org.ar\/logistica\/#website"},"primaryImageOfPage":{"@id":"https:\/\/www.cedol.org.ar\/logistica\/noticias-del-sector-13\/#primaryimage"},"image":{"@id":"https:\/\/www.cedol.org.ar\/logistica\/noticias-del-sector-13\/#primaryimage"},"thumbnailUrl":"https:\/\/www.cedol.org.ar\/logistica\/wp-content\/uploads\/2019\/11\/noticias-del-sector.jpg","datePublished":"2019-11-29T19:48:46+00:00","dateModified":"2019-11-29T19:48:46+00:00","author":{"@id":"https:\/\/www.cedol.org.ar\/logistica\/#\/schema\/person\/40275bdb20446824fc74d51aabe22e83"},"description":"Cruz del Sur particip\u00f3 del Study Tour de ALALOG\u00a0 A trav\u00e9s de su gerente de Operaciones, Diego Ludovico, la empresa form\u00f3 parte de la primera edici\u00f3n de","breadcrumb":{"@id":"https:\/\/www.cedol.org.ar\/logistica\/noticias-del-sector-13\/#breadcrumb"},"inLanguage":"es","potentialAction":[{"@type":"ReadAction","target":["https:\/\/www.cedol.org.ar\/logistica\/noticias-del-sector-13\/"]}]},{"@type":"ImageObject","inLanguage":"es","@id":"https:\/\/www.cedol.org.ar\/logistica\/noticias-del-sector-13\/#primaryimage","url":"https:\/\/www.cedol.org.ar\/logistica\/wp-content\/uploads\/2019\/11\/noticias-del-sector.jpg","contentUrl":"https:\/\/www.cedol.org.ar\/logistica\/wp-content\/uploads\/2019\/11\/noticias-del-sector.jpg","width":542,"height":342},{"@type":"BreadcrumbList","@id":"https:\/\/www.cedol.org.ar\/logistica\/noticias-del-sector-13\/#breadcrumb","itemListElement":[{"@type":"ListItem","position":1,"name":"Home","item":"https:\/\/www.cedol.org.ar\/logistica\/"},{"@type":"ListItem","position":2,"name":"NOTICIAS DEL SECTOR"}]},{"@type":"WebSite","@id":"https:\/\/www.cedol.org.ar\/logistica\/#website","url":"https:\/\/www.cedol.org.ar\/logistica\/","name":"CEDOL","description":"C\u00c1MARA EMPRESARIA DE OPERADORES LOG\u00cdSTICOS","potentialAction":[{"@type":"SearchAction","target":{"@type":"EntryPoint","urlTemplate":"https:\/\/www.cedol.org.ar\/logistica\/?s={search_term_string}"},"query-input":"required name=search_term_string"}],"inLanguage":"es"},{"@type":"Person","@id":"https:\/\/www.cedol.org.ar\/logistica\/#\/schema\/person\/40275bdb20446824fc74d51aabe22e83","name":"admin"}]}},"_links":{"self":[{"href":"https:\/\/www.cedol.org.ar\/logistica\/wp-json\/wp\/v2\/posts\/2442","targetHints":{"allow":["GET"]}}],"collection":[{"href":"https:\/\/www.cedol.org.ar\/logistica\/wp-json\/wp\/v2\/posts"}],"about":[{"href":"https:\/\/www.cedol.org.ar\/logistica\/wp-json\/wp\/v2\/types\/post"}],"author":[{"embeddable":true,"href":"https:\/\/www.cedol.org.ar\/logistica\/wp-json\/wp\/v2\/users\/1"}],"replies":[{"embeddable":true,"href":"https:\/\/www.cedol.org.ar\/logistica\/wp-json\/wp\/v2\/comments?post=2442"}],"version-history":[{"count":1,"href":"https:\/\/www.cedol.org.ar\/logistica\/wp-json\/wp\/v2\/posts\/2442\/revisions"}],"predecessor-version":[{"id":2444,"href":"https:\/\/www.cedol.org.ar\/logistica\/wp-json\/wp\/v2\/posts\/2442\/revisions\/2444"}],"wp:featuredmedia":[{"embeddable":true,"href":"https:\/\/www.cedol.org.ar\/logistica\/wp-json\/wp\/v2\/media\/2443"}],"wp:attachment":[{"href":"https:\/\/www.cedol.org.ar\/logistica\/wp-json\/wp\/v2\/media?parent=2442"}],"wp:term":[{"taxonomy":"category","embeddable":true,"href":"https:\/\/www.cedol.org.ar\/logistica\/wp-json\/wp\/v2\/categories?post=2442"},{"taxonomy":"post_tag","embeddable":true,"href":"https:\/\/www.cedol.org.ar\/logistica\/wp-json\/wp\/v2\/tags?post=2442"}],"curies":[{"name":"wp","href":"https:\/\/api.w.org\/{rel}","templated":true}]}}