{"id":2433,"date":"2019-11-29T19:33:33","date_gmt":"2019-11-29T19:33:33","guid":{"rendered":"http:\/\/www.cedol.org.ar\/logistica\/?p=2433"},"modified":"2019-11-29T19:34:01","modified_gmt":"2019-11-29T19:34:01","slug":"cedol-se-incorporo-faetyl","status":"publish","type":"post","link":"https:\/\/www.cedol.org.ar\/logistica\/cedol-se-incorporo-faetyl\/","title":{"rendered":"CEDOL SE INCORPOR\u00d3 A FAETYL"},"content":{"rendered":"<p><b>Orientada a potenciar la especializaci\u00f3n y competitividad de servicios log\u00edsticos, la CEDOL se incorpor\u00f3 a la nueva Federaci\u00f3n Argentina de Entidades de Transporte y Log\u00edstica, FAETyL, dejando de formar parte de FADEEAC.<br \/>\n<\/b><\/p>\n<p><span style=\"font-weight: 400;\">La\u00a0<\/span><b>CEDOL<\/b><span style=\"font-weight: 400;\"> se incorpor\u00f3 como socio activo a la nueva <\/span><b>Federaci\u00f3n Argentina de Entidades de Transporte y Log\u00edstica, FAETyL<\/b><span style=\"font-weight: 400;\"> y, consecuentemente, dej\u00f3 de formar parte de la <\/span><b>Federaci\u00f3n Argentina de Entidades Empresarias del Autotransporte de Cargas, FADEEAC<\/b><span style=\"font-weight: 400;\">.<\/span><\/p>\n<p><span style=\"font-weight: 400;\">La medida, que se hizo efectiva desde el mes de octubre, obedece a\u00a0la necesidad\u00a0de la actividad log\u00edstica de continuar creciendo en b\u00fasqueda de\u00a0mayor competitividad\u00a0para potenciar la especializaci\u00f3n y jerarquizaci\u00f3n del sector.<\/span><\/p>\n<p><span style=\"font-weight: 400;\">En las casi dos d\u00e9cadas que CEDOL integr\u00f3 la FADEEAC conform\u00f3 una relaci\u00f3n altamente exitosa para ambas partes, por lo que estar\u00e1 siempre agradecida. Sin embargo, los nuevos requerimientos que generan los cambios de conducta de los consumidores,\u00a0las\u00a0innovadoras tecnolog\u00edas\u00a0aplicadas a la actividad y\u00a0la creciente demanda de servicios\u00a0m\u00e1s eficientes, dinamizan los procesos log\u00edsticos e impulsan la necesidad de adecuarse a una realidad espec\u00edfica, m\u00e1s compleja, din\u00e1mica\u00a0y amplia que\u00a0la del autotransporte de cargas.<\/span><\/p>\n<p><span style=\"font-weight: 400;\">La decisi\u00f3n tomada por todos los miembros del <\/span><b>Consejo Directivo de CEDOL<\/b><span style=\"font-weight: 400;\"> tambi\u00e9n responde al nivel de\u00a0crecimiento y\u00a0especializaci\u00f3n alcanzados por los operadores log\u00edsticos, quienes en la actualidad\u00a0representan un segmento m\u00e1s destacado en la vida empresaria. Asimismo, consideran fundamental focalizarse en nuevas formas de encarar acuerdos y negociaciones con los diversos actores que integran la econom\u00eda nacional: Gobierno, sindicatos, clientes, proveedores y opini\u00f3n p\u00fablica.<\/span><\/p>\n<p><i><span style=\"font-weight: 400;\">\u201cA partir de esta\u00a0visi\u00f3n que compartimos con otras c\u00e1maras, nos incorporarnos a la recientemente creada FAETyL\u201d<\/span><\/i><span style=\"font-weight: 400;\">, expres\u00f3\u00a0<\/span><b>Hern\u00e1n S\u00e1nchez, presidente de CEDOL<\/b><span style=\"font-weight: 400;\">. Y aclar\u00f3 que la medida no tiene otro objetivo que avanzar en la especializaci\u00f3n de la actividad:\u00a0<\/span><i><span style=\"font-weight: 400;\">\u201cSin dudas, el futuro nos encontrar\u00e1 trabajando con FADEEAC en algunos temas y con FAETyL, en otros\u201d<\/span><\/i><span style=\"font-weight: 400;\">.<\/span><\/p>\n<p><span style=\"font-weight: 400;\">Por \u00faltimo, CEDOL renueva el compromiso con sus objetivos principales: Que sus empresas brinden mayor productividad\u00a0y competitividad a\u00a0los clientes y mejores condiciones de\u00a0crecimiento y\u00a0desarrollo para\u00a0sus\u00a0colaboradores y proveedores. Siempre con la firme convicci\u00f3n de que estas transformaciones generar\u00e1n cambios positivos relevantes para el sector y el para el pa\u00eds. <\/span><\/p>\n<p>&nbsp;<\/p>\n","protected":false},"excerpt":{"rendered":"<p>Orientada a potenciar la especializaci\u00f3n y competitividad de servicios log\u00edsticos, la CEDOL se incorpor\u00f3 a la nueva Federaci\u00f3n Argentina de Entidades de Transporte y Log\u00edstica, [&hellip;]<\/p>\n","protected":false},"author":1,"featured_media":2434,"comment_status":"open","ping_status":"open","sticky":true,"template":"","format":"standard","meta":{"_monsterinsights_skip_tracking":false,"_monsterinsights_sitenote_active":false,"_monsterinsights_sitenote_note":"","_monsterinsights_sitenote_category":0,"footnotes":""},"categories":[4],"tags":[],"class_list":["post-2433","post","type-post","status-publish","format-standard","has-post-thumbnail","hentry","category-noticias"],"yoast_head":"<!-- This site is optimized with the Yoast SEO plugin v22.3 - https:\/\/yoast.com\/wordpress\/plugins\/seo\/ -->\n<title>CEDOL SE INCORPOR\u00d3 A FAETYL &#187; CEDOL<\/title>\n<meta name=\"description\" content=\"Orientada a potenciar la especializaci\u00f3n y competitividad de servicios log\u00edsticos, la CEDOL se incorpor\u00f3 a la nueva Federaci\u00f3n Argentina de Entidades de\" \/>\n<meta name=\"robots\" content=\"index, follow, max-snippet:-1, max-image-preview:large, max-video-preview:-1\" \/>\n<link rel=\"canonical\" href=\"https:\/\/www.cedol.org.ar\/logistica\/cedol-se-incorporo-faetyl\/\" \/>\n<meta property=\"og:locale\" content=\"es_ES\" \/>\n<meta property=\"og:type\" content=\"article\" \/>\n<meta property=\"og:title\" content=\"CEDOL SE INCORPOR\u00d3 A FAETYL &#187; CEDOL\" \/>\n<meta property=\"og:description\" content=\"Orientada a potenciar la especializaci\u00f3n y competitividad de servicios log\u00edsticos, la CEDOL se incorpor\u00f3 a la nueva Federaci\u00f3n Argentina de Entidades de\" \/>\n<meta property=\"og:url\" content=\"https:\/\/www.cedol.org.ar\/logistica\/cedol-se-incorporo-faetyl\/\" \/>\n<meta property=\"og:site_name\" content=\"CEDOL\" \/>\n<meta property=\"article:published_time\" content=\"2019-11-29T19:33:33+00:00\" \/>\n<meta property=\"article:modified_time\" content=\"2019-11-29T19:34:01+00:00\" \/>\n<meta property=\"og:image\" content=\"https:\/\/www.cedol.org.ar\/logistica\/wp-content\/uploads\/2019\/11\/faetyl.jpg\" \/>\n\t<meta property=\"og:image:width\" content=\"542\" \/>\n\t<meta property=\"og:image:height\" content=\"342\" \/>\n\t<meta property=\"og:image:type\" content=\"image\/jpeg\" \/>\n<meta name=\"author\" content=\"admin\" \/>\n<meta name=\"twitter:card\" content=\"summary_large_image\" \/>\n<meta name=\"twitter:label1\" content=\"Escrito por\" \/>\n\t<meta name=\"twitter:data1\" content=\"admin\" \/>\n\t<meta name=\"twitter:label2\" content=\"Tiempo de lectura\" \/>\n\t<meta name=\"twitter:data2\" content=\"2 minutos\" \/>\n<script type=\"application\/ld+json\" class=\"yoast-schema-graph\">{\"@context\":\"https:\/\/schema.org\",\"@graph\":[{\"@type\":\"WebPage\",\"@id\":\"https:\/\/www.cedol.org.ar\/logistica\/cedol-se-incorporo-faetyl\/\",\"url\":\"https:\/\/www.cedol.org.ar\/logistica\/cedol-se-incorporo-faetyl\/\",\"name\":\"CEDOL SE INCORPOR\u00d3 A FAETYL &#187; CEDOL\",\"isPartOf\":{\"@id\":\"https:\/\/www.cedol.org.ar\/logistica\/#website\"},\"primaryImageOfPage\":{\"@id\":\"https:\/\/www.cedol.org.ar\/logistica\/cedol-se-incorporo-faetyl\/#primaryimage\"},\"image\":{\"@id\":\"https:\/\/www.cedol.org.ar\/logistica\/cedol-se-incorporo-faetyl\/#primaryimage\"},\"thumbnailUrl\":\"https:\/\/www.cedol.org.ar\/logistica\/wp-content\/uploads\/2019\/11\/faetyl.jpg\",\"datePublished\":\"2019-11-29T19:33:33+00:00\",\"dateModified\":\"2019-11-29T19:34:01+00:00\",\"author\":{\"@id\":\"https:\/\/www.cedol.org.ar\/logistica\/#\/schema\/person\/40275bdb20446824fc74d51aabe22e83\"},\"description\":\"Orientada a potenciar la especializaci\u00f3n y competitividad de servicios log\u00edsticos, la CEDOL se incorpor\u00f3 a la nueva Federaci\u00f3n Argentina de Entidades de\",\"breadcrumb\":{\"@id\":\"https:\/\/www.cedol.org.ar\/logistica\/cedol-se-incorporo-faetyl\/#breadcrumb\"},\"inLanguage\":\"es\",\"potentialAction\":[{\"@type\":\"ReadAction\",\"target\":[\"https:\/\/www.cedol.org.ar\/logistica\/cedol-se-incorporo-faetyl\/\"]}]},{\"@type\":\"ImageObject\",\"inLanguage\":\"es\",\"@id\":\"https:\/\/www.cedol.org.ar\/logistica\/cedol-se-incorporo-faetyl\/#primaryimage\",\"url\":\"https:\/\/www.cedol.org.ar\/logistica\/wp-content\/uploads\/2019\/11\/faetyl.jpg\",\"contentUrl\":\"https:\/\/www.cedol.org.ar\/logistica\/wp-content\/uploads\/2019\/11\/faetyl.jpg\",\"width\":542,\"height\":342},{\"@type\":\"BreadcrumbList\",\"@id\":\"https:\/\/www.cedol.org.ar\/logistica\/cedol-se-incorporo-faetyl\/#breadcrumb\",\"itemListElement\":[{\"@type\":\"ListItem\",\"position\":1,\"name\":\"Home\",\"item\":\"https:\/\/www.cedol.org.ar\/logistica\/\"},{\"@type\":\"ListItem\",\"position\":2,\"name\":\"CEDOL SE INCORPOR\u00d3 A FAETYL\"}]},{\"@type\":\"WebSite\",\"@id\":\"https:\/\/www.cedol.org.ar\/logistica\/#website\",\"url\":\"https:\/\/www.cedol.org.ar\/logistica\/\",\"name\":\"CEDOL\",\"description\":\"C\u00c1MARA EMPRESARIA DE OPERADORES LOG\u00cdSTICOS\",\"potentialAction\":[{\"@type\":\"SearchAction\",\"target\":{\"@type\":\"EntryPoint\",\"urlTemplate\":\"https:\/\/www.cedol.org.ar\/logistica\/?s={search_term_string}\"},\"query-input\":\"required name=search_term_string\"}],\"inLanguage\":\"es\"},{\"@type\":\"Person\",\"@id\":\"https:\/\/www.cedol.org.ar\/logistica\/#\/schema\/person\/40275bdb20446824fc74d51aabe22e83\",\"name\":\"admin\"}]}<\/script>\n<!-- \/ Yoast SEO plugin. -->","yoast_head_json":{"title":"CEDOL SE INCORPOR\u00d3 A FAETYL &#187; CEDOL","description":"Orientada a potenciar la especializaci\u00f3n y competitividad de servicios log\u00edsticos, la CEDOL se incorpor\u00f3 a la nueva Federaci\u00f3n Argentina de Entidades de","robots":{"index":"index","follow":"follow","max-snippet":"max-snippet:-1","max-image-preview":"max-image-preview:large","max-video-preview":"max-video-preview:-1"},"canonical":"https:\/\/www.cedol.org.ar\/logistica\/cedol-se-incorporo-faetyl\/","og_locale":"es_ES","og_type":"article","og_title":"CEDOL SE INCORPOR\u00d3 A FAETYL &#187; CEDOL","og_description":"Orientada a potenciar la especializaci\u00f3n y competitividad de servicios log\u00edsticos, la CEDOL se incorpor\u00f3 a la nueva Federaci\u00f3n Argentina de Entidades de","og_url":"https:\/\/www.cedol.org.ar\/logistica\/cedol-se-incorporo-faetyl\/","og_site_name":"CEDOL","article_published_time":"2019-11-29T19:33:33+00:00","article_modified_time":"2019-11-29T19:34:01+00:00","og_image":[{"width":542,"height":342,"url":"https:\/\/www.cedol.org.ar\/logistica\/wp-content\/uploads\/2019\/11\/faetyl.jpg","type":"image\/jpeg"}],"author":"admin","twitter_card":"summary_large_image","twitter_misc":{"Escrito por":"admin","Tiempo de lectura":"2 minutos"},"schema":{"@context":"https:\/\/schema.org","@graph":[{"@type":"WebPage","@id":"https:\/\/www.cedol.org.ar\/logistica\/cedol-se-incorporo-faetyl\/","url":"https:\/\/www.cedol.org.ar\/logistica\/cedol-se-incorporo-faetyl\/","name":"CEDOL SE INCORPOR\u00d3 A FAETYL &#187; CEDOL","isPartOf":{"@id":"https:\/\/www.cedol.org.ar\/logistica\/#website"},"primaryImageOfPage":{"@id":"https:\/\/www.cedol.org.ar\/logistica\/cedol-se-incorporo-faetyl\/#primaryimage"},"image":{"@id":"https:\/\/www.cedol.org.ar\/logistica\/cedol-se-incorporo-faetyl\/#primaryimage"},"thumbnailUrl":"https:\/\/www.cedol.org.ar\/logistica\/wp-content\/uploads\/2019\/11\/faetyl.jpg","datePublished":"2019-11-29T19:33:33+00:00","dateModified":"2019-11-29T19:34:01+00:00","author":{"@id":"https:\/\/www.cedol.org.ar\/logistica\/#\/schema\/person\/40275bdb20446824fc74d51aabe22e83"},"description":"Orientada a potenciar la especializaci\u00f3n y competitividad de servicios log\u00edsticos, la CEDOL se incorpor\u00f3 a la nueva Federaci\u00f3n Argentina de Entidades de","breadcrumb":{"@id":"https:\/\/www.cedol.org.ar\/logistica\/cedol-se-incorporo-faetyl\/#breadcrumb"},"inLanguage":"es","potentialAction":[{"@type":"ReadAction","target":["https:\/\/www.cedol.org.ar\/logistica\/cedol-se-incorporo-faetyl\/"]}]},{"@type":"ImageObject","inLanguage":"es","@id":"https:\/\/www.cedol.org.ar\/logistica\/cedol-se-incorporo-faetyl\/#primaryimage","url":"https:\/\/www.cedol.org.ar\/logistica\/wp-content\/uploads\/2019\/11\/faetyl.jpg","contentUrl":"https:\/\/www.cedol.org.ar\/logistica\/wp-content\/uploads\/2019\/11\/faetyl.jpg","width":542,"height":342},{"@type":"BreadcrumbList","@id":"https:\/\/www.cedol.org.ar\/logistica\/cedol-se-incorporo-faetyl\/#breadcrumb","itemListElement":[{"@type":"ListItem","position":1,"name":"Home","item":"https:\/\/www.cedol.org.ar\/logistica\/"},{"@type":"ListItem","position":2,"name":"CEDOL SE INCORPOR\u00d3 A FAETYL"}]},{"@type":"WebSite","@id":"https:\/\/www.cedol.org.ar\/logistica\/#website","url":"https:\/\/www.cedol.org.ar\/logistica\/","name":"CEDOL","description":"C\u00c1MARA EMPRESARIA DE OPERADORES LOG\u00cdSTICOS","potentialAction":[{"@type":"SearchAction","target":{"@type":"EntryPoint","urlTemplate":"https:\/\/www.cedol.org.ar\/logistica\/?s={search_term_string}"},"query-input":"required name=search_term_string"}],"inLanguage":"es"},{"@type":"Person","@id":"https:\/\/www.cedol.org.ar\/logistica\/#\/schema\/person\/40275bdb20446824fc74d51aabe22e83","name":"admin"}]}},"_links":{"self":[{"href":"https:\/\/www.cedol.org.ar\/logistica\/wp-json\/wp\/v2\/posts\/2433","targetHints":{"allow":["GET"]}}],"collection":[{"href":"https:\/\/www.cedol.org.ar\/logistica\/wp-json\/wp\/v2\/posts"}],"about":[{"href":"https:\/\/www.cedol.org.ar\/logistica\/wp-json\/wp\/v2\/types\/post"}],"author":[{"embeddable":true,"href":"https:\/\/www.cedol.org.ar\/logistica\/wp-json\/wp\/v2\/users\/1"}],"replies":[{"embeddable":true,"href":"https:\/\/www.cedol.org.ar\/logistica\/wp-json\/wp\/v2\/comments?post=2433"}],"version-history":[{"count":1,"href":"https:\/\/www.cedol.org.ar\/logistica\/wp-json\/wp\/v2\/posts\/2433\/revisions"}],"predecessor-version":[{"id":2435,"href":"https:\/\/www.cedol.org.ar\/logistica\/wp-json\/wp\/v2\/posts\/2433\/revisions\/2435"}],"wp:featuredmedia":[{"embeddable":true,"href":"https:\/\/www.cedol.org.ar\/logistica\/wp-json\/wp\/v2\/media\/2434"}],"wp:attachment":[{"href":"https:\/\/www.cedol.org.ar\/logistica\/wp-json\/wp\/v2\/media?parent=2433"}],"wp:term":[{"taxonomy":"category","embeddable":true,"href":"https:\/\/www.cedol.org.ar\/logistica\/wp-json\/wp\/v2\/categories?post=2433"},{"taxonomy":"post_tag","embeddable":true,"href":"https:\/\/www.cedol.org.ar\/logistica\/wp-json\/wp\/v2\/tags?post=2433"}],"curies":[{"name":"wp","href":"https:\/\/api.w.org\/{rel}","templated":true}]}}