{"id":2420,"date":"2019-10-31T13:24:14","date_gmt":"2019-10-31T13:24:14","guid":{"rendered":"http:\/\/www.cedol.org.ar\/logistica\/?p=2420"},"modified":"2019-10-31T13:24:14","modified_gmt":"2019-10-31T13:24:14","slug":"noticias-del-sector-12","status":"publish","type":"post","link":"https:\/\/www.cedol.org.ar\/logistica\/noticias-del-sector-12\/","title":{"rendered":"NOTICIAS DEL SECTOR"},"content":{"rendered":"<p class=\"p1\"><span class=\"s1\"><b>Novedades de octubre: Trenes Argentinos Cargas transport\u00f3 m\u00e1s de 600.000 toneladas en un mes;<\/b><\/span> <span class=\"s1\"><b>El CEL ampli\u00f3 su formaci\u00f3n para altos directivos; Scania lanz\u00f3 su plataforma de veh\u00edculos usados.\u00a0<\/b><\/span><\/p>\n<p class=\"p1\"><span class=\"s1\"><b>Trenes Argentinos Cargas transport\u00f3 m\u00e1s de 600.000 toneladas en un mes<\/b><\/span><b> <\/b><\/p>\n<p class=\"p2\"><span class=\"s1\">Por primera vez en 28 a\u00f1os, los ferrocarriles Belgrano, Urquiza y San Mart\u00edn Cargas, operados por la empresa Trenes Argentinos Cargas, dependiente del Ministerio de Transporte, transportaron 624.064 toneladas en agosto, triplicando el volumen de 2015, cuando se trasladaron 195.272. <i>\u201cReactivando el ferrocarril de cargas bajamos los costos log\u00edsticos generando empleo y crecimiento. Cada vag\u00f3n que viaja lleno, cada kil\u00f3metro de v\u00eda renovada nos acerca a tener un tren cada vez mejor para transportar la producci\u00f3n argentina. La reactivaci\u00f3n de nuestros trenes, durante a\u00f1os abandonados, llevan crecimiento a los pueblos y m\u00e1s empleo\u00bb<\/i>, indic\u00f3 <b>Guillermo Dietrich<\/b>, Ministro de Transporte de la Naci\u00f3n.\u00a0<\/span><\/p>\n<p class=\"p2\"><span class=\"s1\">En tanto que <b>Ezequiel Lemos<\/b>, presidente de Trenes Argentinos Cargas, se\u00f1al\u00f3: <i>\u201cEste logro es el resultado del trabajo en equipo, acompa\u00f1ado de la mayor inversi\u00f3n ferroviaria realizada durante estos \u00faltimos a\u00f1os para que los trenes de carga argentinos sean cada d\u00eda m\u00e1s seguros, eficientes y competitivos, conectando a las distintas provincias con los principales puertos para llegar al mundo con nuestros productos. Sin dudas, el ferrocarril es una pieza clave en el crecimiento econ\u00f3mico de Argentina y estamos orgullosos del gran trabajo realizado a favor de eso\u201d<\/i>. <\/span><\/p>\n<p class=\"p4\"><span class=\"s1\"><b>El CEL ampli\u00f3 su formaci\u00f3n para altos directivos <\/b><\/span><\/p>\n<p class=\"p2\"><span class=\"s1\">Referente desde hace m\u00e1s de 40 a\u00f1os en la actividad log\u00edstica, el Centro Espa\u00f1ol de Log\u00edstica firm\u00f3 un acuerdo con <i>Management Centre Europe<\/i> (MCE), filial Europea de la <i>American Management Association<\/i> (AMA), para incorporar a su oferta formativa el cat\u00e1logo l\u00edder en el desarrollo y capacitaci\u00f3n de managers y profesionales en Europa, Medio Oriente y \u00c1frica.<\/span><\/p>\n<p class=\"p2\"><span class=\"s1\">En m\u00e1s de 55 a\u00f1os, MCE ha colaborado con m\u00e1s de 1000 empresas y organizaciones para formar casi 500.000 l\u00edderes en \u00e1reas de liderazgo personal, liderazgo en equipos y habilidades de negocios. Con este acuerdo, estar\u00e1n disponibles en Espa\u00f1a programas de capacitaci\u00f3n y liderazgo aplicados a la cadena de suministro, dirigidos a altos directivos. <i>\u201cCon esta incorporaci\u00f3n al cat\u00e1logo formativo que ofrecemos desde el Centro Espa\u00f1ol de Log\u00edstica, a\u00f1adimos la capacitaci\u00f3n de habilidades para el perfil log\u00edstico. Un profesional para el que la toma de decisiones, la gesti\u00f3n de equipos o la capacidad de an\u00e1lisis, son claves en su d\u00eda a d\u00eda\u201d<\/i>, coment\u00f3 <b>Esther S\u00e1nchez<\/b>, responsable de Formaci\u00f3n del CEL.<\/span><\/p>\n<p class=\"p4\"><span class=\"s1\"><b>Scania lanz\u00f3 su plataforma de veh\u00edculos usados\u00a0<\/b><\/span><\/p>\n<p class=\"p2\"><span class=\"s1\">La firma sueca present\u00f3 su plataforma de comercializaci\u00f3n de veh\u00edculos usados. El sitio cuenta con un buscador de unidades por marca, modelo, configuraci\u00f3n y a\u00f1o. Adem\u00e1s, el cliente podr\u00e1 acceder a las caracter\u00edsticas, especificaciones y fotos de cada veh\u00edculo, y ponerse en contacto con un asesor; todo desde una sola plataforma. <i>\u201cCon esta nueva herramienta buscamos facilitar el acceso a los clientes a veh\u00edculos usados que tiene disponible nuestra red de concesionarios, garantizando un funcionamiento \u00f3ptimo de los mismos, gracias a la revisi\u00f3n que comprende m\u00e1s de 50 puntos y que realizan nuestros especialistas a cada unidad\u201d<\/i>, asegur\u00f3 <b>Fernando R\u00edos, <\/b>director de Ventas de la compa\u00f1\u00eda.<\/span><\/p>\n<p class=\"p2\"><span class=\"s1\">Todas las unidades pasan por un chequeo realizado por los t\u00e9cnicos de la compa\u00f1\u00eda, necesario para que sean aprobadas para su comercializaci\u00f3n, asegurando que el veh\u00edculo fue propiamente evaluado y calificado. \u201c<i>La compra de un veh\u00edculo usado Scania se traduce en robustez, durabilidad, confiabilidad y bajos costos operativos, y el cliente puede contar siempre con nuestros eficaces servicios, a trav\u00e9s de los cuales, obtendr\u00e1 el m\u00e1ximo tiempo operativo por el m\u00ednimo costo de operaci\u00f3n\u201d<\/i>, finaliz\u00f3 R\u00edos. <\/span><\/p>\n","protected":false},"excerpt":{"rendered":"<p>Novedades de octubre: Trenes Argentinos Cargas transport\u00f3 m\u00e1s de 600.000 toneladas en un mes; El CEL ampli\u00f3 su formaci\u00f3n para altos directivos; Scania lanz\u00f3 su [&hellip;]<\/p>\n","protected":false},"author":1,"featured_media":2421,"comment_status":"open","ping_status":"open","sticky":false,"template":"","format":"standard","meta":{"_monsterinsights_skip_tracking":false,"_monsterinsights_sitenote_active":false,"_monsterinsights_sitenote_note":"","_monsterinsights_sitenote_category":0,"footnotes":""},"categories":[4],"tags":[],"class_list":["post-2420","post","type-post","status-publish","format-standard","has-post-thumbnail","hentry","category-noticias"],"yoast_head":"<!-- This site is optimized with the Yoast SEO plugin v22.3 - https:\/\/yoast.com\/wordpress\/plugins\/seo\/ -->\n<title>NOTICIAS DEL SECTOR &#187; CEDOL<\/title>\n<meta name=\"description\" content=\"Novedades de octubre: Trenes Argentinos Cargas transport\u00f3 m\u00e1s de 600.000 toneladas en un mes; El CEL ampli\u00f3 su formaci\u00f3n para altos directivos; Scania lanz\u00f3 su plataforma de veh\u00edculos usados.\" \/>\n<meta name=\"robots\" content=\"index, follow, max-snippet:-1, max-image-preview:large, max-video-preview:-1\" \/>\n<link rel=\"canonical\" href=\"https:\/\/www.cedol.org.ar\/logistica\/noticias-del-sector-12\/\" \/>\n<meta property=\"og:locale\" content=\"es_ES\" \/>\n<meta property=\"og:type\" content=\"article\" \/>\n<meta property=\"og:title\" content=\"NOTICIAS DEL SECTOR &#187; CEDOL\" \/>\n<meta property=\"og:description\" content=\"Novedades de octubre: Trenes Argentinos Cargas transport\u00f3 m\u00e1s de 600.000 toneladas en un mes; El CEL ampli\u00f3 su formaci\u00f3n para altos directivos; Scania lanz\u00f3 su plataforma de veh\u00edculos usados.\" \/>\n<meta property=\"og:url\" content=\"https:\/\/www.cedol.org.ar\/logistica\/noticias-del-sector-12\/\" \/>\n<meta property=\"og:site_name\" content=\"CEDOL\" \/>\n<meta property=\"article:published_time\" content=\"2019-10-31T13:24:14+00:00\" \/>\n<meta property=\"og:image\" content=\"https:\/\/www.cedol.org.ar\/logistica\/wp-content\/uploads\/2019\/10\/FOTO-A.jpeg\" \/>\n\t<meta property=\"og:image:width\" content=\"1280\" \/>\n\t<meta property=\"og:image:height\" content=\"846\" \/>\n\t<meta property=\"og:image:type\" content=\"image\/jpeg\" \/>\n<meta name=\"author\" content=\"admin\" \/>\n<meta name=\"twitter:card\" content=\"summary_large_image\" \/>\n<meta name=\"twitter:label1\" content=\"Escrito por\" \/>\n\t<meta name=\"twitter:data1\" content=\"admin\" \/>\n\t<meta name=\"twitter:label2\" content=\"Tiempo de lectura\" \/>\n\t<meta name=\"twitter:data2\" content=\"3 minutos\" \/>\n<script type=\"application\/ld+json\" class=\"yoast-schema-graph\">{\"@context\":\"https:\/\/schema.org\",\"@graph\":[{\"@type\":\"WebPage\",\"@id\":\"https:\/\/www.cedol.org.ar\/logistica\/noticias-del-sector-12\/\",\"url\":\"https:\/\/www.cedol.org.ar\/logistica\/noticias-del-sector-12\/\",\"name\":\"NOTICIAS DEL SECTOR &#187; CEDOL\",\"isPartOf\":{\"@id\":\"https:\/\/www.cedol.org.ar\/logistica\/#website\"},\"primaryImageOfPage\":{\"@id\":\"https:\/\/www.cedol.org.ar\/logistica\/noticias-del-sector-12\/#primaryimage\"},\"image\":{\"@id\":\"https:\/\/www.cedol.org.ar\/logistica\/noticias-del-sector-12\/#primaryimage\"},\"thumbnailUrl\":\"https:\/\/www.cedol.org.ar\/logistica\/wp-content\/uploads\/2019\/10\/FOTO-A.jpeg\",\"datePublished\":\"2019-10-31T13:24:14+00:00\",\"dateModified\":\"2019-10-31T13:24:14+00:00\",\"author\":{\"@id\":\"https:\/\/www.cedol.org.ar\/logistica\/#\/schema\/person\/40275bdb20446824fc74d51aabe22e83\"},\"description\":\"Novedades de octubre: Trenes Argentinos Cargas transport\u00f3 m\u00e1s de 600.000 toneladas en un mes; El CEL ampli\u00f3 su formaci\u00f3n para altos directivos; Scania lanz\u00f3 su plataforma de veh\u00edculos usados.\",\"breadcrumb\":{\"@id\":\"https:\/\/www.cedol.org.ar\/logistica\/noticias-del-sector-12\/#breadcrumb\"},\"inLanguage\":\"es\",\"potentialAction\":[{\"@type\":\"ReadAction\",\"target\":[\"https:\/\/www.cedol.org.ar\/logistica\/noticias-del-sector-12\/\"]}]},{\"@type\":\"ImageObject\",\"inLanguage\":\"es\",\"@id\":\"https:\/\/www.cedol.org.ar\/logistica\/noticias-del-sector-12\/#primaryimage\",\"url\":\"https:\/\/www.cedol.org.ar\/logistica\/wp-content\/uploads\/2019\/10\/FOTO-A.jpeg\",\"contentUrl\":\"https:\/\/www.cedol.org.ar\/logistica\/wp-content\/uploads\/2019\/10\/FOTO-A.jpeg\",\"width\":1280,\"height\":846},{\"@type\":\"BreadcrumbList\",\"@id\":\"https:\/\/www.cedol.org.ar\/logistica\/noticias-del-sector-12\/#breadcrumb\",\"itemListElement\":[{\"@type\":\"ListItem\",\"position\":1,\"name\":\"Home\",\"item\":\"https:\/\/www.cedol.org.ar\/logistica\/\"},{\"@type\":\"ListItem\",\"position\":2,\"name\":\"NOTICIAS DEL SECTOR\"}]},{\"@type\":\"WebSite\",\"@id\":\"https:\/\/www.cedol.org.ar\/logistica\/#website\",\"url\":\"https:\/\/www.cedol.org.ar\/logistica\/\",\"name\":\"CEDOL\",\"description\":\"C\u00c1MARA EMPRESARIA DE OPERADORES LOG\u00cdSTICOS\",\"potentialAction\":[{\"@type\":\"SearchAction\",\"target\":{\"@type\":\"EntryPoint\",\"urlTemplate\":\"https:\/\/www.cedol.org.ar\/logistica\/?s={search_term_string}\"},\"query-input\":\"required name=search_term_string\"}],\"inLanguage\":\"es\"},{\"@type\":\"Person\",\"@id\":\"https:\/\/www.cedol.org.ar\/logistica\/#\/schema\/person\/40275bdb20446824fc74d51aabe22e83\",\"name\":\"admin\"}]}<\/script>\n<!-- \/ Yoast SEO plugin. -->","yoast_head_json":{"title":"NOTICIAS DEL SECTOR &#187; CEDOL","description":"Novedades de octubre: Trenes Argentinos Cargas transport\u00f3 m\u00e1s de 600.000 toneladas en un mes; El CEL ampli\u00f3 su formaci\u00f3n para altos directivos; Scania lanz\u00f3 su plataforma de veh\u00edculos usados.","robots":{"index":"index","follow":"follow","max-snippet":"max-snippet:-1","max-image-preview":"max-image-preview:large","max-video-preview":"max-video-preview:-1"},"canonical":"https:\/\/www.cedol.org.ar\/logistica\/noticias-del-sector-12\/","og_locale":"es_ES","og_type":"article","og_title":"NOTICIAS DEL SECTOR &#187; CEDOL","og_description":"Novedades de octubre: Trenes Argentinos Cargas transport\u00f3 m\u00e1s de 600.000 toneladas en un mes; El CEL ampli\u00f3 su formaci\u00f3n para altos directivos; Scania lanz\u00f3 su plataforma de veh\u00edculos usados.","og_url":"https:\/\/www.cedol.org.ar\/logistica\/noticias-del-sector-12\/","og_site_name":"CEDOL","article_published_time":"2019-10-31T13:24:14+00:00","og_image":[{"width":1280,"height":846,"url":"https:\/\/www.cedol.org.ar\/logistica\/wp-content\/uploads\/2019\/10\/FOTO-A.jpeg","type":"image\/jpeg"}],"author":"admin","twitter_card":"summary_large_image","twitter_misc":{"Escrito por":"admin","Tiempo de lectura":"3 minutos"},"schema":{"@context":"https:\/\/schema.org","@graph":[{"@type":"WebPage","@id":"https:\/\/www.cedol.org.ar\/logistica\/noticias-del-sector-12\/","url":"https:\/\/www.cedol.org.ar\/logistica\/noticias-del-sector-12\/","name":"NOTICIAS DEL SECTOR &#187; CEDOL","isPartOf":{"@id":"https:\/\/www.cedol.org.ar\/logistica\/#website"},"primaryImageOfPage":{"@id":"https:\/\/www.cedol.org.ar\/logistica\/noticias-del-sector-12\/#primaryimage"},"image":{"@id":"https:\/\/www.cedol.org.ar\/logistica\/noticias-del-sector-12\/#primaryimage"},"thumbnailUrl":"https:\/\/www.cedol.org.ar\/logistica\/wp-content\/uploads\/2019\/10\/FOTO-A.jpeg","datePublished":"2019-10-31T13:24:14+00:00","dateModified":"2019-10-31T13:24:14+00:00","author":{"@id":"https:\/\/www.cedol.org.ar\/logistica\/#\/schema\/person\/40275bdb20446824fc74d51aabe22e83"},"description":"Novedades de octubre: Trenes Argentinos Cargas transport\u00f3 m\u00e1s de 600.000 toneladas en un mes; El CEL ampli\u00f3 su formaci\u00f3n para altos directivos; Scania lanz\u00f3 su plataforma de veh\u00edculos usados.","breadcrumb":{"@id":"https:\/\/www.cedol.org.ar\/logistica\/noticias-del-sector-12\/#breadcrumb"},"inLanguage":"es","potentialAction":[{"@type":"ReadAction","target":["https:\/\/www.cedol.org.ar\/logistica\/noticias-del-sector-12\/"]}]},{"@type":"ImageObject","inLanguage":"es","@id":"https:\/\/www.cedol.org.ar\/logistica\/noticias-del-sector-12\/#primaryimage","url":"https:\/\/www.cedol.org.ar\/logistica\/wp-content\/uploads\/2019\/10\/FOTO-A.jpeg","contentUrl":"https:\/\/www.cedol.org.ar\/logistica\/wp-content\/uploads\/2019\/10\/FOTO-A.jpeg","width":1280,"height":846},{"@type":"BreadcrumbList","@id":"https:\/\/www.cedol.org.ar\/logistica\/noticias-del-sector-12\/#breadcrumb","itemListElement":[{"@type":"ListItem","position":1,"name":"Home","item":"https:\/\/www.cedol.org.ar\/logistica\/"},{"@type":"ListItem","position":2,"name":"NOTICIAS DEL SECTOR"}]},{"@type":"WebSite","@id":"https:\/\/www.cedol.org.ar\/logistica\/#website","url":"https:\/\/www.cedol.org.ar\/logistica\/","name":"CEDOL","description":"C\u00c1MARA EMPRESARIA DE OPERADORES LOG\u00cdSTICOS","potentialAction":[{"@type":"SearchAction","target":{"@type":"EntryPoint","urlTemplate":"https:\/\/www.cedol.org.ar\/logistica\/?s={search_term_string}"},"query-input":"required name=search_term_string"}],"inLanguage":"es"},{"@type":"Person","@id":"https:\/\/www.cedol.org.ar\/logistica\/#\/schema\/person\/40275bdb20446824fc74d51aabe22e83","name":"admin"}]}},"_links":{"self":[{"href":"https:\/\/www.cedol.org.ar\/logistica\/wp-json\/wp\/v2\/posts\/2420","targetHints":{"allow":["GET"]}}],"collection":[{"href":"https:\/\/www.cedol.org.ar\/logistica\/wp-json\/wp\/v2\/posts"}],"about":[{"href":"https:\/\/www.cedol.org.ar\/logistica\/wp-json\/wp\/v2\/types\/post"}],"author":[{"embeddable":true,"href":"https:\/\/www.cedol.org.ar\/logistica\/wp-json\/wp\/v2\/users\/1"}],"replies":[{"embeddable":true,"href":"https:\/\/www.cedol.org.ar\/logistica\/wp-json\/wp\/v2\/comments?post=2420"}],"version-history":[{"count":1,"href":"https:\/\/www.cedol.org.ar\/logistica\/wp-json\/wp\/v2\/posts\/2420\/revisions"}],"predecessor-version":[{"id":2422,"href":"https:\/\/www.cedol.org.ar\/logistica\/wp-json\/wp\/v2\/posts\/2420\/revisions\/2422"}],"wp:featuredmedia":[{"embeddable":true,"href":"https:\/\/www.cedol.org.ar\/logistica\/wp-json\/wp\/v2\/media\/2421"}],"wp:attachment":[{"href":"https:\/\/www.cedol.org.ar\/logistica\/wp-json\/wp\/v2\/media?parent=2420"}],"wp:term":[{"taxonomy":"category","embeddable":true,"href":"https:\/\/www.cedol.org.ar\/logistica\/wp-json\/wp\/v2\/categories?post=2420"},{"taxonomy":"post_tag","embeddable":true,"href":"https:\/\/www.cedol.org.ar\/logistica\/wp-json\/wp\/v2\/tags?post=2420"}],"curies":[{"name":"wp","href":"https:\/\/api.w.org\/{rel}","templated":true}]}}