{"id":2417,"date":"2019-10-31T13:22:50","date_gmt":"2019-10-31T13:22:50","guid":{"rendered":"http:\/\/www.cedol.org.ar\/logistica\/?p=2417"},"modified":"2019-10-31T13:50:40","modified_gmt":"2019-10-31T13:50:40","slug":"cedol-se-suma-la-union-industrial-argentina","status":"publish","type":"post","link":"https:\/\/www.cedol.org.ar\/logistica\/cedol-se-suma-la-union-industrial-argentina\/","title":{"rendered":"CEDOL SE SUMA A LA UNI\u00d3N INDUSTRIAL ARGENTINA"},"content":{"rendered":"<p class=\"p1\"><span class=\"s1\"><b>Alejandro Leiras, Co- Director T\u00e9cnico de CEDOL, quien participa mensualmente en las reuniones del Departamento de Transporte y Log\u00edstica de la UIA se\u00f1ala: \u201cFormar parte de la UIA nos permite a los operadores log\u00edsticos integrarnos a\u00fan m\u00e1s con nuestros clientes\u201d.<\/b><\/span><\/p>\n<p class=\"p1\"><span class=\"s1\">Desde el pasado mes de septiembre, la <b>C\u00e1mara Empresaria de Operadores Log\u00edsticos (CEDOL)<\/b> se encuentra asociada -en car\u00e1cter de adherente- a la <b>Uni\u00f3n Industrial Argentina (UIA)<\/b>, para lo cual fue designado <b>Ignacio Rey Iraola<\/b>, pro secretario de CEDOL, como representante ante el Comit\u00e9 Ejecutivo de la organizaci\u00f3n industrial.<\/span><\/p>\n<p class=\"p1\"><span class=\"s1\"><i>\u201cFormar parte de la UIA era uno de nuestros objetivos porque nos permite a los operadores log\u00edsticos integrarnos a\u00fan m\u00e1s con nuestros clientes para profundizar el conocimiento de sus necesidades y<span class=\"Apple-converted-space\">\u00a0 <\/span>encontrar soluciones conjuntas\u201d<\/i>, indic\u00f3 <b>Alejandro Leiras<\/b>, co director T\u00e9cnico de CEDOL, quien participa mensualmente en las reuniones del Departamento de Transporte y Log\u00edstica de la UIA. <\/span><\/p>\n<p class=\"p1\"><span class=\"s1\">Ese espacio est\u00e1 conformado por representantes de peque\u00f1as, medianas y grandes empresas, as\u00ed como por c\u00e1maras sectoriales y regionales. En dicho departamento analizan, debaten y realizan aportes vinculados a pol\u00edticas que mejoren la log\u00edstica y el transporte, para fomentar el desarrollo industrial. <\/span><\/p>\n<p class=\"p1\"><span class=\"s1\">Adem\u00e1s de las reuniones de trabajo peri\u00f3dicas que se realizan para discutir alternativas de pol\u00edticas en la materia, en las que tambi\u00e9n participan funcionarios del Ministerio de Transporte de la Naci\u00f3n, de Vialidad, del Belgrano Cargas y Log\u00edstica, de la Administraci\u00f3n General de Puertos (AGP) y diversos especialistas, el departamento realiza seguimientos permanentes de las estad\u00edsticas de transporte de cargas seg\u00fan los diversos modos y monitorea la evoluci\u00f3n de los costos de la actividad.<\/span><\/p>\n","protected":false},"excerpt":{"rendered":"<p>Alejandro Leiras, Co- Director T\u00e9cnico de CEDOL, quien participa mensualmente en las reuniones del Departamento de Transporte y Log\u00edstica de la UIA se\u00f1ala: \u201cFormar parte [&hellip;]<\/p>\n","protected":false},"author":1,"featured_media":2423,"comment_status":"open","ping_status":"open","sticky":false,"template":"","format":"standard","meta":{"_monsterinsights_skip_tracking":false,"_monsterinsights_sitenote_active":false,"_monsterinsights_sitenote_note":"","_monsterinsights_sitenote_category":0,"footnotes":""},"categories":[4],"tags":[],"class_list":["post-2417","post","type-post","status-publish","format-standard","has-post-thumbnail","hentry","category-noticias"],"yoast_head":"<!-- This site is optimized with the Yoast SEO plugin v22.3 - https:\/\/yoast.com\/wordpress\/plugins\/seo\/ -->\n<title>CEDOL SE SUMA A LA UNI\u00d3N INDUSTRIAL ARGENTINA &#187; CEDOL<\/title>\n<meta name=\"description\" content=\"Alejandro Leiras, Co- Director T\u00e9cnico de CEDOL, quien participa mensualmente en las reuniones del Departamento de Transporte y Log\u00edstica de la UIA se\u00f1ala: \u201cFormar parte de la UIA nos permite a los operadores log\u00edsticos integrarnos a\u00fan m\u00e1s con nuestros clientes\u201d.\" \/>\n<meta name=\"robots\" content=\"index, follow, max-snippet:-1, max-image-preview:large, max-video-preview:-1\" \/>\n<link rel=\"canonical\" href=\"https:\/\/www.cedol.org.ar\/logistica\/cedol-se-suma-la-union-industrial-argentina\/\" \/>\n<meta property=\"og:locale\" content=\"es_ES\" \/>\n<meta property=\"og:type\" content=\"article\" \/>\n<meta property=\"og:title\" content=\"CEDOL SE SUMA A LA UNI\u00d3N INDUSTRIAL ARGENTINA &#187; CEDOL\" \/>\n<meta property=\"og:description\" content=\"Alejandro Leiras, Co- Director T\u00e9cnico de CEDOL, quien participa mensualmente en las reuniones del Departamento de Transporte y Log\u00edstica de la UIA se\u00f1ala: \u201cFormar parte de la UIA nos permite a los operadores log\u00edsticos integrarnos a\u00fan m\u00e1s con nuestros clientes\u201d.\" \/>\n<meta property=\"og:url\" content=\"https:\/\/www.cedol.org.ar\/logistica\/cedol-se-suma-la-union-industrial-argentina\/\" \/>\n<meta property=\"og:site_name\" content=\"CEDOL\" \/>\n<meta property=\"article:published_time\" content=\"2019-10-31T13:22:50+00:00\" \/>\n<meta property=\"article:modified_time\" content=\"2019-10-31T13:50:40+00:00\" \/>\n<meta property=\"og:image\" content=\"https:\/\/www.cedol.org.ar\/logistica\/wp-content\/uploads\/2019\/10\/FOTO-2-1.jpg\" \/>\n\t<meta property=\"og:image:width\" content=\"789\" \/>\n\t<meta property=\"og:image:height\" content=\"523\" \/>\n\t<meta property=\"og:image:type\" content=\"image\/jpeg\" \/>\n<meta name=\"author\" content=\"admin\" \/>\n<meta name=\"twitter:card\" content=\"summary_large_image\" \/>\n<meta name=\"twitter:label1\" content=\"Escrito por\" \/>\n\t<meta name=\"twitter:data1\" content=\"admin\" \/>\n\t<meta name=\"twitter:label2\" content=\"Tiempo de lectura\" \/>\n\t<meta name=\"twitter:data2\" content=\"1 minuto\" \/>\n<script type=\"application\/ld+json\" class=\"yoast-schema-graph\">{\"@context\":\"https:\/\/schema.org\",\"@graph\":[{\"@type\":\"WebPage\",\"@id\":\"https:\/\/www.cedol.org.ar\/logistica\/cedol-se-suma-la-union-industrial-argentina\/\",\"url\":\"https:\/\/www.cedol.org.ar\/logistica\/cedol-se-suma-la-union-industrial-argentina\/\",\"name\":\"CEDOL SE SUMA A LA UNI\u00d3N INDUSTRIAL ARGENTINA &#187; CEDOL\",\"isPartOf\":{\"@id\":\"https:\/\/www.cedol.org.ar\/logistica\/#website\"},\"primaryImageOfPage\":{\"@id\":\"https:\/\/www.cedol.org.ar\/logistica\/cedol-se-suma-la-union-industrial-argentina\/#primaryimage\"},\"image\":{\"@id\":\"https:\/\/www.cedol.org.ar\/logistica\/cedol-se-suma-la-union-industrial-argentina\/#primaryimage\"},\"thumbnailUrl\":\"https:\/\/www.cedol.org.ar\/logistica\/wp-content\/uploads\/2019\/10\/FOTO-2-1.jpg\",\"datePublished\":\"2019-10-31T13:22:50+00:00\",\"dateModified\":\"2019-10-31T13:50:40+00:00\",\"author\":{\"@id\":\"https:\/\/www.cedol.org.ar\/logistica\/#\/schema\/person\/40275bdb20446824fc74d51aabe22e83\"},\"description\":\"Alejandro Leiras, Co- Director T\u00e9cnico de CEDOL, quien participa mensualmente en las reuniones del Departamento de Transporte y Log\u00edstica de la UIA se\u00f1ala: \u201cFormar parte de la UIA nos permite a los operadores log\u00edsticos integrarnos a\u00fan m\u00e1s con nuestros clientes\u201d.\",\"breadcrumb\":{\"@id\":\"https:\/\/www.cedol.org.ar\/logistica\/cedol-se-suma-la-union-industrial-argentina\/#breadcrumb\"},\"inLanguage\":\"es\",\"potentialAction\":[{\"@type\":\"ReadAction\",\"target\":[\"https:\/\/www.cedol.org.ar\/logistica\/cedol-se-suma-la-union-industrial-argentina\/\"]}]},{\"@type\":\"ImageObject\",\"inLanguage\":\"es\",\"@id\":\"https:\/\/www.cedol.org.ar\/logistica\/cedol-se-suma-la-union-industrial-argentina\/#primaryimage\",\"url\":\"https:\/\/www.cedol.org.ar\/logistica\/wp-content\/uploads\/2019\/10\/FOTO-2-1.jpg\",\"contentUrl\":\"https:\/\/www.cedol.org.ar\/logistica\/wp-content\/uploads\/2019\/10\/FOTO-2-1.jpg\",\"width\":789,\"height\":523},{\"@type\":\"BreadcrumbList\",\"@id\":\"https:\/\/www.cedol.org.ar\/logistica\/cedol-se-suma-la-union-industrial-argentina\/#breadcrumb\",\"itemListElement\":[{\"@type\":\"ListItem\",\"position\":1,\"name\":\"Home\",\"item\":\"https:\/\/www.cedol.org.ar\/logistica\/\"},{\"@type\":\"ListItem\",\"position\":2,\"name\":\"CEDOL SE SUMA A LA UNI\u00d3N INDUSTRIAL ARGENTINA\"}]},{\"@type\":\"WebSite\",\"@id\":\"https:\/\/www.cedol.org.ar\/logistica\/#website\",\"url\":\"https:\/\/www.cedol.org.ar\/logistica\/\",\"name\":\"CEDOL\",\"description\":\"C\u00c1MARA EMPRESARIA DE OPERADORES LOG\u00cdSTICOS\",\"potentialAction\":[{\"@type\":\"SearchAction\",\"target\":{\"@type\":\"EntryPoint\",\"urlTemplate\":\"https:\/\/www.cedol.org.ar\/logistica\/?s={search_term_string}\"},\"query-input\":\"required name=search_term_string\"}],\"inLanguage\":\"es\"},{\"@type\":\"Person\",\"@id\":\"https:\/\/www.cedol.org.ar\/logistica\/#\/schema\/person\/40275bdb20446824fc74d51aabe22e83\",\"name\":\"admin\"}]}<\/script>\n<!-- \/ Yoast SEO plugin. -->","yoast_head_json":{"title":"CEDOL SE SUMA A LA UNI\u00d3N INDUSTRIAL ARGENTINA &#187; CEDOL","description":"Alejandro Leiras, Co- Director T\u00e9cnico de CEDOL, quien participa mensualmente en las reuniones del Departamento de Transporte y Log\u00edstica de la UIA se\u00f1ala: \u201cFormar parte de la UIA nos permite a los operadores log\u00edsticos integrarnos a\u00fan m\u00e1s con nuestros clientes\u201d.","robots":{"index":"index","follow":"follow","max-snippet":"max-snippet:-1","max-image-preview":"max-image-preview:large","max-video-preview":"max-video-preview:-1"},"canonical":"https:\/\/www.cedol.org.ar\/logistica\/cedol-se-suma-la-union-industrial-argentina\/","og_locale":"es_ES","og_type":"article","og_title":"CEDOL SE SUMA A LA UNI\u00d3N INDUSTRIAL ARGENTINA &#187; CEDOL","og_description":"Alejandro Leiras, Co- Director T\u00e9cnico de CEDOL, quien participa mensualmente en las reuniones del Departamento de Transporte y Log\u00edstica de la UIA se\u00f1ala: \u201cFormar parte de la UIA nos permite a los operadores log\u00edsticos integrarnos a\u00fan m\u00e1s con nuestros clientes\u201d.","og_url":"https:\/\/www.cedol.org.ar\/logistica\/cedol-se-suma-la-union-industrial-argentina\/","og_site_name":"CEDOL","article_published_time":"2019-10-31T13:22:50+00:00","article_modified_time":"2019-10-31T13:50:40+00:00","og_image":[{"width":789,"height":523,"url":"https:\/\/www.cedol.org.ar\/logistica\/wp-content\/uploads\/2019\/10\/FOTO-2-1.jpg","type":"image\/jpeg"}],"author":"admin","twitter_card":"summary_large_image","twitter_misc":{"Escrito por":"admin","Tiempo de lectura":"1 minuto"},"schema":{"@context":"https:\/\/schema.org","@graph":[{"@type":"WebPage","@id":"https:\/\/www.cedol.org.ar\/logistica\/cedol-se-suma-la-union-industrial-argentina\/","url":"https:\/\/www.cedol.org.ar\/logistica\/cedol-se-suma-la-union-industrial-argentina\/","name":"CEDOL SE SUMA A LA UNI\u00d3N INDUSTRIAL ARGENTINA &#187; CEDOL","isPartOf":{"@id":"https:\/\/www.cedol.org.ar\/logistica\/#website"},"primaryImageOfPage":{"@id":"https:\/\/www.cedol.org.ar\/logistica\/cedol-se-suma-la-union-industrial-argentina\/#primaryimage"},"image":{"@id":"https:\/\/www.cedol.org.ar\/logistica\/cedol-se-suma-la-union-industrial-argentina\/#primaryimage"},"thumbnailUrl":"https:\/\/www.cedol.org.ar\/logistica\/wp-content\/uploads\/2019\/10\/FOTO-2-1.jpg","datePublished":"2019-10-31T13:22:50+00:00","dateModified":"2019-10-31T13:50:40+00:00","author":{"@id":"https:\/\/www.cedol.org.ar\/logistica\/#\/schema\/person\/40275bdb20446824fc74d51aabe22e83"},"description":"Alejandro Leiras, Co- Director T\u00e9cnico de CEDOL, quien participa mensualmente en las reuniones del Departamento de Transporte y Log\u00edstica de la UIA se\u00f1ala: \u201cFormar parte de la UIA nos permite a los operadores log\u00edsticos integrarnos a\u00fan m\u00e1s con nuestros clientes\u201d.","breadcrumb":{"@id":"https:\/\/www.cedol.org.ar\/logistica\/cedol-se-suma-la-union-industrial-argentina\/#breadcrumb"},"inLanguage":"es","potentialAction":[{"@type":"ReadAction","target":["https:\/\/www.cedol.org.ar\/logistica\/cedol-se-suma-la-union-industrial-argentina\/"]}]},{"@type":"ImageObject","inLanguage":"es","@id":"https:\/\/www.cedol.org.ar\/logistica\/cedol-se-suma-la-union-industrial-argentina\/#primaryimage","url":"https:\/\/www.cedol.org.ar\/logistica\/wp-content\/uploads\/2019\/10\/FOTO-2-1.jpg","contentUrl":"https:\/\/www.cedol.org.ar\/logistica\/wp-content\/uploads\/2019\/10\/FOTO-2-1.jpg","width":789,"height":523},{"@type":"BreadcrumbList","@id":"https:\/\/www.cedol.org.ar\/logistica\/cedol-se-suma-la-union-industrial-argentina\/#breadcrumb","itemListElement":[{"@type":"ListItem","position":1,"name":"Home","item":"https:\/\/www.cedol.org.ar\/logistica\/"},{"@type":"ListItem","position":2,"name":"CEDOL SE SUMA A LA UNI\u00d3N INDUSTRIAL ARGENTINA"}]},{"@type":"WebSite","@id":"https:\/\/www.cedol.org.ar\/logistica\/#website","url":"https:\/\/www.cedol.org.ar\/logistica\/","name":"CEDOL","description":"C\u00c1MARA EMPRESARIA DE OPERADORES LOG\u00cdSTICOS","potentialAction":[{"@type":"SearchAction","target":{"@type":"EntryPoint","urlTemplate":"https:\/\/www.cedol.org.ar\/logistica\/?s={search_term_string}"},"query-input":"required name=search_term_string"}],"inLanguage":"es"},{"@type":"Person","@id":"https:\/\/www.cedol.org.ar\/logistica\/#\/schema\/person\/40275bdb20446824fc74d51aabe22e83","name":"admin"}]}},"_links":{"self":[{"href":"https:\/\/www.cedol.org.ar\/logistica\/wp-json\/wp\/v2\/posts\/2417","targetHints":{"allow":["GET"]}}],"collection":[{"href":"https:\/\/www.cedol.org.ar\/logistica\/wp-json\/wp\/v2\/posts"}],"about":[{"href":"https:\/\/www.cedol.org.ar\/logistica\/wp-json\/wp\/v2\/types\/post"}],"author":[{"embeddable":true,"href":"https:\/\/www.cedol.org.ar\/logistica\/wp-json\/wp\/v2\/users\/1"}],"replies":[{"embeddable":true,"href":"https:\/\/www.cedol.org.ar\/logistica\/wp-json\/wp\/v2\/comments?post=2417"}],"version-history":[{"count":1,"href":"https:\/\/www.cedol.org.ar\/logistica\/wp-json\/wp\/v2\/posts\/2417\/revisions"}],"predecessor-version":[{"id":2419,"href":"https:\/\/www.cedol.org.ar\/logistica\/wp-json\/wp\/v2\/posts\/2417\/revisions\/2419"}],"wp:featuredmedia":[{"embeddable":true,"href":"https:\/\/www.cedol.org.ar\/logistica\/wp-json\/wp\/v2\/media\/2423"}],"wp:attachment":[{"href":"https:\/\/www.cedol.org.ar\/logistica\/wp-json\/wp\/v2\/media?parent=2417"}],"wp:term":[{"taxonomy":"category","embeddable":true,"href":"https:\/\/www.cedol.org.ar\/logistica\/wp-json\/wp\/v2\/categories?post=2417"},{"taxonomy":"post_tag","embeddable":true,"href":"https:\/\/www.cedol.org.ar\/logistica\/wp-json\/wp\/v2\/tags?post=2417"}],"curies":[{"name":"wp","href":"https:\/\/api.w.org\/{rel}","templated":true}]}}