{"id":2388,"date":"2019-09-11T00:02:01","date_gmt":"2019-09-11T00:02:01","guid":{"rendered":"http:\/\/www.cedol.org.ar\/logistica\/?p=2388"},"modified":"2019-09-11T00:02:01","modified_gmt":"2019-09-11T00:02:01","slug":"indice-utn-cedol-agosto-2019","status":"publish","type":"post","link":"https:\/\/www.cedol.org.ar\/logistica\/indice-utn-cedol-agosto-2019\/","title":{"rendered":"\u00cdndice UTN \/ CEDOL &#8211; Agosto 2019"},"content":{"rendered":"<p><b>Costos Log\u00edsticos: Se disparan las cifras negativas y se suman pron\u00f3sticos alarmantes<\/b><\/p>\n<p><span style=\"font-weight: 400;\">Buenos Aires, 09 de septiembre del 2019.-\u00a0<\/span><span style=\"font-weight: 400;\">La<\/span><b>\u00a0Universidad Tecnol\u00f3gica Nacional<\/b><span style=\"font-weight: 400;\">\u00a0<\/span><b>(UTN)<\/b><span style=\"font-weight: 400;\">\u00a0a trav\u00e9s de su Centro Tecnol\u00f3gico de Transporte, Tr\u00e1nsito y Seguridad Vial (C3T), dio a conocer la evoluci\u00f3n del \u00cdndice de Costos Log\u00edsticos Nacionales elaborado para la<\/span><b>\u00a0C\u00e1mara Empresaria de Operadores Log\u00edsticos (CEDOL)<\/b><span style=\"font-weight: 400;\">, correspondiente al mes de<\/span><b>\u00a0Agosto<\/b><span style=\"font-weight: 400;\">.<\/span><\/p>\n<p><span style=\"font-weight: 400;\">La\u00a0<\/span><b>variaci\u00f3n del mes<\/b><span style=\"font-weight: 400;\">\u00a0para los indicadores ha sido la siguiente:<\/span><\/p>\n<p><b>CEDOL Con Costos de Transporte&#8230;&#8230;&#8230;&#8230;&#8230;&#8230;&#8230;&#8230;&#8230;&#8230;. \u00a0\u00a05,51%<br \/>\n<\/b><b>CEDOL Sin Costos de Transporte&#8230;&#8230;&#8230;&#8230;&#8230;&#8230;&#8230;&#8230;&#8230;&#8230;.. \u00a0 5,39%<br \/>\n<\/b><b>Distribuci\u00f3n Con Acompa\u00f1ante&#8230;&#8230;&#8230;&#8230;&#8230;&#8230;&#8230;&#8230;&#8230;&#8230;&#8230;&#8230;.\u00a0 1,81%<br \/>\n<\/b><b>Distribuci\u00f3n Sin Acompa\u00f1ante &#8230;&#8230;&#8230;&#8230;&#8230;&#8230;&#8230;&#8230;&#8230;&#8230;&#8230;&#8230;. \u00a0\u00a02,57%<br \/>\n<\/b><b>\u00cdndice de FADEEAC&#8230;&#8230;&#8230;&#8230;&#8230;&#8230;&#8230;&#8230;&#8230;&#8230;&#8230;&#8230;&#8230;&#8230;&#8230;&#8230;&#8230;&#8230;&#8230; \u00a05,55%<\/b><\/p>\n<p><span style=\"font-weight: 400;\">En un\u00a0<\/span><b>contexto de incertidumbre econ\u00f3mica y sin reglas de referencia<\/b><span style=\"font-weight: 400;\">,\u00a0<\/span><b>los costos log\u00edsticos se disparan<\/b><span style=\"font-weight: 400;\">. Por eso, las empresas del sector deben mantenerse firmes para no perder el rumbo y conservar m\u00ednimamente los niveles de negocios.<\/span><\/p>\n<p><span style=\"font-weight: 400;\">En consecuencia, los primeros\u00a0<\/span><b>8 meses de 2019<\/b><span style=\"font-weight: 400;\">\u00a0muestran los siguientes valores acumulados:<\/span><\/p>\n<p><b>CEDOL Con Costos de Transporte&#8230;&#8230;&#8230;&#8230;&#8230;&#8230;&#8230;&#8230;&#8230;&#8230; 29,61%<br \/>\n<\/b><b>CEDOL Sin Costos de Transporte&#8230;&#8230;&#8230;&#8230;&#8230;&#8230;&#8230;&#8230;&#8230;&#8230;.. 30,55%<br \/>\n<\/b><b>Distribuci\u00f3n Con Acompa\u00f1ante&#8230;&#8230;&#8230;&#8230;&#8230;&#8230;&#8230;&#8230;&#8230;&#8230;&#8230;&#8230; 28,22%<br \/>\n<\/b><b>Distribuci\u00f3n Sin Acompa\u00f1ante&#8230;&#8230;&#8230;&#8230;&#8230;&#8230;&#8230;&#8230;&#8230;&#8230;&#8230;&#8230;. 29,73%<br \/>\n<\/b><b>\u00cdndice de FADEEAC&#8230;&#8230;&#8230;&#8230;&#8230;&#8230;&#8230;&#8230;&#8230;&#8230;&#8230;&#8230;&#8230;&#8230;&#8230;&#8230;&#8230;&#8230;.. 29,48%<\/b><\/p>\n<p><b>El pron\u00f3stico para lo que resta del segundo semestre tambi\u00e9n es preocupante<\/b><span style=\"font-weight: 400;\">\u00a0debido al impacto que tendr\u00e1 en los costos la\u00a0<\/span><b>devaluaci\u00f3n del orden del 30% sufrida en agosto<\/b><span style=\"font-weight: 400;\">, junto a las subas significativas que se prev\u00e9n en los\u00a0<\/span><b>precios mayoristas del gasoil<\/b><span style=\"font-weight: 400;\">.<\/span><\/p>\n<p><span style=\"font-weight: 400;\">Una vez m\u00e1s, es preciso alertar sobre la compleja situaci\u00f3n que sigue atravesando el sector log\u00edstico por la\u00a0<\/span><b>permanente suba de los costos en las operaciones y la baja del consumo interno<\/b><span style=\"font-weight: 400;\">, agravada por la\u00a0<\/span><b>ca\u00edda del uso de recursos<\/b><span style=\"font-weight: 400;\">\u00a0y p\u00e9rdidas adicionales por la consecuente\u00a0<\/span><b>ociosidad<\/b><span style=\"font-weight: 400;\">.<\/span><\/p>\n<p><span style=\"font-weight: 400;\">Como si fuera poco, las\u00a0<\/span><b>alt\u00edsimas tasas de inter\u00e9s para financiamiento<\/b><span style=\"font-weight: 400;\">\u00a0-adem\u00e1s de los\u00a0<\/span><b>elevados costos impositivos<\/b><span style=\"font-weight: 400;\">\u00a0nacionales, provinciales y municipales-, no s\u00f3lo afectan el capital de trabajo sino tambi\u00e9n las\u00a0<\/span><b>inversiones necesarias<\/b><span style=\"font-weight: 400;\">. Todos son factores de variaci\u00f3n muy dif\u00edciles de trasladar a las funciones polin\u00f3micas de costos.<\/span><\/p>\n<p><span style=\"font-weight: 400;\">No obstante, los operadores log\u00edsticos contin\u00faan haciendo los esfuerzos necesarios para acompa\u00f1ar a sus clientes y que \u00e9stos comprendan la real situaci\u00f3n que estos m\u00faltiples efectos producen en la actividad.\u00a0<\/span><\/p>\n<p><span style=\"font-weight: 400;\">El objetivo de estos indicadores es reflejar mensualmente las variaciones de todos los costos log\u00edsticos, a excepci\u00f3n de las improductividades que suelen generarse por causas externas a los operadores log\u00edsticos. Su publicaci\u00f3n, con los componentes completos, se puede consultar en la web de la c\u00e1mara: <\/span><a href=\"http:\/\/www.cedol.org.ar\"><span style=\"font-weight: 400;\">www.cedol.org.ar<\/span><\/a><\/p>\n<p><b>Acerca de CEDOL<br \/>\n<\/b><span style=\"font-weight: 400;\">La C\u00e1mara Empresaria de Operadores Log\u00edsticos se fund\u00f3 en noviembre de 1998 para asumir la representaci\u00f3n de las empresas que tienen como principal actividad la prestaci\u00f3n de servicios log\u00edsticos: traslados, almacenamiento, ensamble y procesos industriales, fraccionamiento de mercader\u00edas para su transporte y distribuci\u00f3n, ejerciendo el control, la administraci\u00f3n de la informaci\u00f3n y la responsabilidad en las etapas de la cadena de abastecimiento. Al auspiciar las Buenas Pr\u00e1cticas, la entidad impulsa procesos y tecnolog\u00edas que permiten brindar a sus asociados un buen nivel de calidad de servicio a un costo adecuado. CEDOL es entidad miembro de la Federaci\u00f3n Argentina de Entidades Empresariales del Autotransporte de Cargas (FADEEAC).<\/span><\/p>\n<p><b>GRACIAS POR SU DIFUSI\u00d3N<br \/>\n<\/b><b>C\u00e1mara Empresaria de Operadores Log\u00edsticos<br \/>\n<\/b><span style=\"font-weight: 400;\">S\u00e1nchez de Bustamante 54. Buenos Aires. &#8211; (011) 4860-7775\/6<br \/>\n<\/span><a href=\"http:\/\/www.cedol.org.ar\"><span style=\"font-weight: 400;\">www.cedol.org.ar<\/span><\/a><br \/>\n<a href=\"mailto:comunicacion@cedol.org.ar\"><span style=\"font-weight: 400;\">comunicacion@cedol.org.ar<\/span><\/a><\/p>\n","protected":false},"excerpt":{"rendered":"<p>Costos Log\u00edsticos: Se disparan las cifras negativas y se suman pron\u00f3sticos alarmantes Buenos Aires, 09 de septiembre del 2019.-\u00a0La\u00a0Universidad Tecnol\u00f3gica Nacional\u00a0(UTN)\u00a0a trav\u00e9s de su Centro [&hellip;]<\/p>\n","protected":false},"author":1,"featured_media":2125,"comment_status":"open","ping_status":"open","sticky":false,"template":"","format":"standard","meta":{"_monsterinsights_skip_tracking":false,"_monsterinsights_sitenote_active":false,"_monsterinsights_sitenote_note":"","_monsterinsights_sitenote_category":0,"footnotes":""},"categories":[8],"tags":[],"class_list":["post-2388","post","type-post","status-publish","format-standard","has-post-thumbnail","hentry","category-estadisticas"],"yoast_head":"<!-- This site is optimized with the Yoast SEO plugin v22.3 - https:\/\/yoast.com\/wordpress\/plugins\/seo\/ -->\n<title>\u00cdndice UTN \/ CEDOL - Agosto 2019 &#187; CEDOL<\/title>\n<meta name=\"description\" content=\"Costos Log\u00edsticos: Se disparan las cifras negativas y se suman pron\u00f3sticos alarmantes\" \/>\n<meta name=\"robots\" content=\"index, follow, max-snippet:-1, max-image-preview:large, max-video-preview:-1\" \/>\n<link rel=\"canonical\" href=\"https:\/\/www.cedol.org.ar\/logistica\/indice-utn-cedol-agosto-2019\/\" \/>\n<meta property=\"og:locale\" content=\"es_ES\" \/>\n<meta property=\"og:type\" content=\"article\" \/>\n<meta property=\"og:title\" content=\"\u00cdndice UTN \/ CEDOL - Agosto 2019 &#187; CEDOL\" \/>\n<meta property=\"og:description\" content=\"Costos Log\u00edsticos: Se disparan las cifras negativas y se suman pron\u00f3sticos alarmantes\" \/>\n<meta property=\"og:url\" content=\"https:\/\/www.cedol.org.ar\/logistica\/indice-utn-cedol-agosto-2019\/\" \/>\n<meta property=\"og:site_name\" content=\"CEDOL\" \/>\n<meta property=\"article:published_time\" content=\"2019-09-11T00:02:01+00:00\" \/>\n<meta property=\"og:image\" content=\"https:\/\/www.cedol.org.ar\/logistica\/wp-content\/uploads\/2018\/10\/ima-indices-1070.jpg\" \/>\n\t<meta property=\"og:image:width\" content=\"1070\" \/>\n\t<meta property=\"og:image:height\" content=\"540\" \/>\n\t<meta property=\"og:image:type\" content=\"image\/jpeg\" \/>\n<meta name=\"author\" content=\"admin\" \/>\n<meta name=\"twitter:card\" content=\"summary_large_image\" \/>\n<meta name=\"twitter:label1\" content=\"Escrito por\" \/>\n\t<meta name=\"twitter:data1\" content=\"admin\" \/>\n\t<meta name=\"twitter:label2\" content=\"Tiempo de lectura\" \/>\n\t<meta name=\"twitter:data2\" content=\"3 minutos\" \/>\n<script type=\"application\/ld+json\" class=\"yoast-schema-graph\">{\"@context\":\"https:\/\/schema.org\",\"@graph\":[{\"@type\":\"WebPage\",\"@id\":\"https:\/\/www.cedol.org.ar\/logistica\/indice-utn-cedol-agosto-2019\/\",\"url\":\"https:\/\/www.cedol.org.ar\/logistica\/indice-utn-cedol-agosto-2019\/\",\"name\":\"\u00cdndice UTN \/ CEDOL - Agosto 2019 &#187; CEDOL\",\"isPartOf\":{\"@id\":\"https:\/\/www.cedol.org.ar\/logistica\/#website\"},\"primaryImageOfPage\":{\"@id\":\"https:\/\/www.cedol.org.ar\/logistica\/indice-utn-cedol-agosto-2019\/#primaryimage\"},\"image\":{\"@id\":\"https:\/\/www.cedol.org.ar\/logistica\/indice-utn-cedol-agosto-2019\/#primaryimage\"},\"thumbnailUrl\":\"https:\/\/www.cedol.org.ar\/logistica\/wp-content\/uploads\/2018\/10\/ima-indices-1070.jpg\",\"datePublished\":\"2019-09-11T00:02:01+00:00\",\"dateModified\":\"2019-09-11T00:02:01+00:00\",\"author\":{\"@id\":\"https:\/\/www.cedol.org.ar\/logistica\/#\/schema\/person\/40275bdb20446824fc74d51aabe22e83\"},\"description\":\"Costos Log\u00edsticos: Se disparan las cifras negativas y se suman pron\u00f3sticos alarmantes\",\"breadcrumb\":{\"@id\":\"https:\/\/www.cedol.org.ar\/logistica\/indice-utn-cedol-agosto-2019\/#breadcrumb\"},\"inLanguage\":\"es\",\"potentialAction\":[{\"@type\":\"ReadAction\",\"target\":[\"https:\/\/www.cedol.org.ar\/logistica\/indice-utn-cedol-agosto-2019\/\"]}]},{\"@type\":\"ImageObject\",\"inLanguage\":\"es\",\"@id\":\"https:\/\/www.cedol.org.ar\/logistica\/indice-utn-cedol-agosto-2019\/#primaryimage\",\"url\":\"https:\/\/www.cedol.org.ar\/logistica\/wp-content\/uploads\/2018\/10\/ima-indices-1070.jpg\",\"contentUrl\":\"https:\/\/www.cedol.org.ar\/logistica\/wp-content\/uploads\/2018\/10\/ima-indices-1070.jpg\",\"width\":1070,\"height\":540,\"caption\":\"\u00cdndices UTN \/ CEDOL\"},{\"@type\":\"BreadcrumbList\",\"@id\":\"https:\/\/www.cedol.org.ar\/logistica\/indice-utn-cedol-agosto-2019\/#breadcrumb\",\"itemListElement\":[{\"@type\":\"ListItem\",\"position\":1,\"name\":\"Home\",\"item\":\"https:\/\/www.cedol.org.ar\/logistica\/\"},{\"@type\":\"ListItem\",\"position\":2,\"name\":\"\u00cdndice UTN \/ CEDOL &#8211; Agosto 2019\"}]},{\"@type\":\"WebSite\",\"@id\":\"https:\/\/www.cedol.org.ar\/logistica\/#website\",\"url\":\"https:\/\/www.cedol.org.ar\/logistica\/\",\"name\":\"CEDOL\",\"description\":\"C\u00c1MARA EMPRESARIA DE OPERADORES LOG\u00cdSTICOS\",\"potentialAction\":[{\"@type\":\"SearchAction\",\"target\":{\"@type\":\"EntryPoint\",\"urlTemplate\":\"https:\/\/www.cedol.org.ar\/logistica\/?s={search_term_string}\"},\"query-input\":\"required name=search_term_string\"}],\"inLanguage\":\"es\"},{\"@type\":\"Person\",\"@id\":\"https:\/\/www.cedol.org.ar\/logistica\/#\/schema\/person\/40275bdb20446824fc74d51aabe22e83\",\"name\":\"admin\"}]}<\/script>\n<!-- \/ Yoast SEO plugin. -->","yoast_head_json":{"title":"\u00cdndice UTN \/ CEDOL - Agosto 2019 &#187; CEDOL","description":"Costos Log\u00edsticos: Se disparan las cifras negativas y se suman pron\u00f3sticos alarmantes","robots":{"index":"index","follow":"follow","max-snippet":"max-snippet:-1","max-image-preview":"max-image-preview:large","max-video-preview":"max-video-preview:-1"},"canonical":"https:\/\/www.cedol.org.ar\/logistica\/indice-utn-cedol-agosto-2019\/","og_locale":"es_ES","og_type":"article","og_title":"\u00cdndice UTN \/ CEDOL - Agosto 2019 &#187; CEDOL","og_description":"Costos Log\u00edsticos: Se disparan las cifras negativas y se suman pron\u00f3sticos alarmantes","og_url":"https:\/\/www.cedol.org.ar\/logistica\/indice-utn-cedol-agosto-2019\/","og_site_name":"CEDOL","article_published_time":"2019-09-11T00:02:01+00:00","og_image":[{"width":1070,"height":540,"url":"https:\/\/www.cedol.org.ar\/logistica\/wp-content\/uploads\/2018\/10\/ima-indices-1070.jpg","type":"image\/jpeg"}],"author":"admin","twitter_card":"summary_large_image","twitter_misc":{"Escrito por":"admin","Tiempo de lectura":"3 minutos"},"schema":{"@context":"https:\/\/schema.org","@graph":[{"@type":"WebPage","@id":"https:\/\/www.cedol.org.ar\/logistica\/indice-utn-cedol-agosto-2019\/","url":"https:\/\/www.cedol.org.ar\/logistica\/indice-utn-cedol-agosto-2019\/","name":"\u00cdndice UTN \/ CEDOL - Agosto 2019 &#187; CEDOL","isPartOf":{"@id":"https:\/\/www.cedol.org.ar\/logistica\/#website"},"primaryImageOfPage":{"@id":"https:\/\/www.cedol.org.ar\/logistica\/indice-utn-cedol-agosto-2019\/#primaryimage"},"image":{"@id":"https:\/\/www.cedol.org.ar\/logistica\/indice-utn-cedol-agosto-2019\/#primaryimage"},"thumbnailUrl":"https:\/\/www.cedol.org.ar\/logistica\/wp-content\/uploads\/2018\/10\/ima-indices-1070.jpg","datePublished":"2019-09-11T00:02:01+00:00","dateModified":"2019-09-11T00:02:01+00:00","author":{"@id":"https:\/\/www.cedol.org.ar\/logistica\/#\/schema\/person\/40275bdb20446824fc74d51aabe22e83"},"description":"Costos Log\u00edsticos: Se disparan las cifras negativas y se suman pron\u00f3sticos alarmantes","breadcrumb":{"@id":"https:\/\/www.cedol.org.ar\/logistica\/indice-utn-cedol-agosto-2019\/#breadcrumb"},"inLanguage":"es","potentialAction":[{"@type":"ReadAction","target":["https:\/\/www.cedol.org.ar\/logistica\/indice-utn-cedol-agosto-2019\/"]}]},{"@type":"ImageObject","inLanguage":"es","@id":"https:\/\/www.cedol.org.ar\/logistica\/indice-utn-cedol-agosto-2019\/#primaryimage","url":"https:\/\/www.cedol.org.ar\/logistica\/wp-content\/uploads\/2018\/10\/ima-indices-1070.jpg","contentUrl":"https:\/\/www.cedol.org.ar\/logistica\/wp-content\/uploads\/2018\/10\/ima-indices-1070.jpg","width":1070,"height":540,"caption":"\u00cdndices UTN \/ CEDOL"},{"@type":"BreadcrumbList","@id":"https:\/\/www.cedol.org.ar\/logistica\/indice-utn-cedol-agosto-2019\/#breadcrumb","itemListElement":[{"@type":"ListItem","position":1,"name":"Home","item":"https:\/\/www.cedol.org.ar\/logistica\/"},{"@type":"ListItem","position":2,"name":"\u00cdndice UTN \/ CEDOL &#8211; Agosto 2019"}]},{"@type":"WebSite","@id":"https:\/\/www.cedol.org.ar\/logistica\/#website","url":"https:\/\/www.cedol.org.ar\/logistica\/","name":"CEDOL","description":"C\u00c1MARA EMPRESARIA DE OPERADORES LOG\u00cdSTICOS","potentialAction":[{"@type":"SearchAction","target":{"@type":"EntryPoint","urlTemplate":"https:\/\/www.cedol.org.ar\/logistica\/?s={search_term_string}"},"query-input":"required name=search_term_string"}],"inLanguage":"es"},{"@type":"Person","@id":"https:\/\/www.cedol.org.ar\/logistica\/#\/schema\/person\/40275bdb20446824fc74d51aabe22e83","name":"admin"}]}},"_links":{"self":[{"href":"https:\/\/www.cedol.org.ar\/logistica\/wp-json\/wp\/v2\/posts\/2388","targetHints":{"allow":["GET"]}}],"collection":[{"href":"https:\/\/www.cedol.org.ar\/logistica\/wp-json\/wp\/v2\/posts"}],"about":[{"href":"https:\/\/www.cedol.org.ar\/logistica\/wp-json\/wp\/v2\/types\/post"}],"author":[{"embeddable":true,"href":"https:\/\/www.cedol.org.ar\/logistica\/wp-json\/wp\/v2\/users\/1"}],"replies":[{"embeddable":true,"href":"https:\/\/www.cedol.org.ar\/logistica\/wp-json\/wp\/v2\/comments?post=2388"}],"version-history":[{"count":1,"href":"https:\/\/www.cedol.org.ar\/logistica\/wp-json\/wp\/v2\/posts\/2388\/revisions"}],"predecessor-version":[{"id":2389,"href":"https:\/\/www.cedol.org.ar\/logistica\/wp-json\/wp\/v2\/posts\/2388\/revisions\/2389"}],"wp:featuredmedia":[{"embeddable":true,"href":"https:\/\/www.cedol.org.ar\/logistica\/wp-json\/wp\/v2\/media\/2125"}],"wp:attachment":[{"href":"https:\/\/www.cedol.org.ar\/logistica\/wp-json\/wp\/v2\/media?parent=2388"}],"wp:term":[{"taxonomy":"category","embeddable":true,"href":"https:\/\/www.cedol.org.ar\/logistica\/wp-json\/wp\/v2\/categories?post=2388"},{"taxonomy":"post_tag","embeddable":true,"href":"https:\/\/www.cedol.org.ar\/logistica\/wp-json\/wp\/v2\/tags?post=2388"}],"curies":[{"name":"wp","href":"https:\/\/api.w.org\/{rel}","templated":true}]}}