{"id":2364,"date":"2019-08-09T02:41:22","date_gmt":"2019-08-09T02:41:22","guid":{"rendered":"http:\/\/www.cedol.org.ar\/logistica\/?p=2364"},"modified":"2019-08-09T02:41:22","modified_gmt":"2019-08-09T02:41:22","slug":"indice-utn-cedol-julio-2019","status":"publish","type":"post","link":"https:\/\/www.cedol.org.ar\/logistica\/indice-utn-cedol-julio-2019\/","title":{"rendered":"\u00cdndice UTN \/ CEDOL &#8211; Julio 2019"},"content":{"rendered":"<p><strong>Costos Log\u00edsticos: Fuertes subas que agravan una realidad sin precedentes<\/strong><\/p>\n<p><span style=\"font-weight: 400;\">Buenos Aires, 08 de agosto del 2019.-\u00a0<\/span><span style=\"font-weight: 400;\">La<\/span><b>\u00a0Universidad Tecnol\u00f3gica Nacional<\/b><span style=\"font-weight: 400;\">\u00a0<\/span><b>(UTN)<\/b><span style=\"font-weight: 400;\">\u00a0a trav\u00e9s de su Centro Tecnol\u00f3gico de Transporte, Tr\u00e1nsito y Seguridad Vial (C3T), dio a conocer la evoluci\u00f3n del \u00cdndice de Costos Log\u00edsticos Nacionales elaborado para la<\/span><b>\u00a0C\u00e1mara Empresaria de Operadores Log\u00edsticos (CEDOL)<\/b><span style=\"font-weight: 400;\">, correspondiente al mes de<\/span><b>\u00a0julio<\/b><span style=\"font-weight: 400;\">.<\/span><b>\u00a0<\/b><\/p>\n<p><span style=\"font-weight: 400;\">La <\/span><b>variaci\u00f3n del mes<\/b><span style=\"font-weight: 400;\"> para los indicadores ha sido la siguiente:<\/span><\/p>\n<p><b>CEDOL Con Costos de Transporte<\/b> <b>\u00a0 4,60%<br \/>\n<\/b><b>CEDOL Sin Costos de Transporte<\/b> <b>\u00a0 9,35%<br \/>\n<\/b><b>Distribuci\u00f3n Con Acompa\u00f1ante<\/b> <b>\u00a0 7,42%<br \/>\n<\/b><b>Distribuci\u00f3n Sin Acompa\u00f1ante <\/b> <b>\u00a0 5,82%<br \/>\n<\/b><b>\u00cdndice de FADEEAC<\/b> <b>\u00a0 3,68%<\/b><\/p>\n<p><span style=\"font-weight: 400;\">Algunos indicadores de julio arrojan subas significativas, como <\/span><b>\u201cMano de Obra\u201d<\/b><span style=\"font-weight: 400;\"> vinculado con el aumento salarial acordado con el sindicato que agrupa a <\/span><b>camioneros y log\u00edstica<\/b><span style=\"font-weight: 400;\">. La misma tendencia se observa con el <\/span><b>personal de Seguridad<\/b><span style=\"font-weight: 400;\">. Tambi\u00e9n, una vez m\u00e1s, <\/span><b>volvieron a subir los combustibles<\/b><span style=\"font-weight: 400;\">.\u00a0<\/span><\/p>\n<p><span style=\"font-weight: 400;\">De esta manera, los primeros <\/span><b>7 meses de 2019<\/b><span style=\"font-weight: 400;\"> muestran los siguientes valores acumulados:<\/span><\/p>\n<p><b>CEDOL Con Costos de Transporte<\/b> <b>22,84%<br \/>\n<\/b><b>CEDOL Sin Costos de Transporte<\/b> <b>23,88%<br \/>\n<\/b><b>Distribuci\u00f3n Con Acompa\u00f1ante<\/b> <b>25,94%<br \/>\n<\/b><b>Distribuci\u00f3n Sin Acompa\u00f1ante<\/b> <b>26,48%<br \/>\n<\/b><b>\u00cdndice de FADEEAC<\/b> <b>22,68%<\/b><\/p>\n<p><b>\u00a0<\/b><span style=\"font-weight: 400;\">Adem\u00e1s, destacamos que a la <\/span><b>permanente suba de costos en las operaciones<\/b><span style=\"font-weight: 400;\">, se deben a\u00f1adir la <\/span><b>baja en el consumo interno<\/b><span style=\"font-weight: 400;\"> que produce una <\/span><b>fuerte ca\u00edda del uso de recursos<\/b><span style=\"font-weight: 400;\"> y, en consecuencia, <\/span><b>eleva el costo por ociosidad<\/b><span style=\"font-weight: 400;\">. Tambi\u00e9n es necesario mencionar el impacto del <\/span><b>costo de las tasas de inter\u00e9s<\/b><span style=\"font-weight: 400;\"> para financiar no solo capital de trabajo sino especialmente las inversiones necesarias. Sin olvidar, por supuesto, <\/span><b>los altos costos impositivos nacionales, provinciales y municipales<\/b><span style=\"font-weight: 400;\">; y que en las mediciones no se incluyen las <\/span><b>improductividades<\/b><span style=\"font-weight: 400;\"> surgidas en circunstancias adversas como las actuales. A este panorama 2019 debe agregarse el <\/span><b>fort\u00edsimo incremento que sufri\u00f3 el sector en 2018<\/b><span style=\"font-weight: 400;\"> -el m\u00e1s alto de los \u00faltimos 30 a\u00f1os- que, <\/span><b>con este proceso inflacionario, golpea doblemente a los operadores log\u00edsticos<\/b><b>.<\/b><\/p>\n<p><span style=\"font-weight: 400;\">La sumatoria de todos estos factores coloca al sector en un escenario de alta complejidad, pese a lo cual <\/span><b>contin\u00faa trabajando para acompa\u00f1ar a sus clientes<\/b><span style=\"font-weight: 400;\"> y que \u00e9stos comprendan <\/span><b>la gravedad real de la situaci\u00f3n que atraviesa la log\u00edstica<\/b><span style=\"font-weight: 400;\">.\u00a0\u00a0<\/span><\/p>\n<p><span style=\"font-weight: 400;\">El objetivo de estos indicadores es reflejar mensualmente las variaciones de todos los costos log\u00edsticos, a excepci\u00f3n de las improductividades que suelen generarse por causas externas a los operadores log\u00edsticos. Su publicaci\u00f3n, con los componentes completos, se puede consultar en la web de la c\u00e1mara: <\/span><a href=\"http:\/\/www.cedol.org.ar\"><span style=\"font-weight: 400;\">www.cedol.org.ar<\/span><\/a><\/p>\n<p><b>Acerca de CEDOL<br \/>\n<\/b><span style=\"font-weight: 400;\">La C\u00e1mara Empresaria de Operadores Log\u00edsticos se fund\u00f3 en noviembre de 1998 para asumir la representaci\u00f3n de las empresas que tienen como principal actividad la prestaci\u00f3n de servicios log\u00edsticos: traslados, almacenamiento, ensamble y procesos industriales, fraccionamiento de mercader\u00edas para su transporte y distribuci\u00f3n, ejerciendo el control, la administraci\u00f3n de la informaci\u00f3n y la responsabilidad en las etapas de la cadena de abastecimiento. Al auspiciar las Buenas Pr\u00e1cticas, la entidad impulsa procesos y tecnolog\u00edas que permiten brindar a sus asociados un buen nivel de calidad de servicio a un costo adecuado. CEDOL es una entidad miembro de la Federaci\u00f3n Argentina de Entidades Empresariales del Autotransporte de Cargas (FADEEAC).<\/span><\/p>\n<p><b>GRACIAS POR SU DIFUSI\u00d3N<br \/>\n<\/b><b>C\u00e1mara Empresaria de Operadores Log\u00edsticos<br \/>\n<\/b><span style=\"font-weight: 400;\">S\u00e1nchez de Bustamante 54. Buenos Aires. &#8211; (011) 4860-7775\/6<br \/>\n<\/span><a href=\"http:\/\/www.cedol.org.ar\"><span style=\"font-weight: 400;\">www.cedol.org.ar<\/span><\/a><br \/>\n<a href=\"mailto:comunicacion@cedol.org.ar\"><span style=\"font-weight: 400;\">comunicacion@cedol.org.ar<\/span><\/a><span style=\"font-weight: 400;\">\u00a0<\/span><\/p>\n","protected":false},"excerpt":{"rendered":"<p>Costos Log\u00edsticos: Fuertes subas que agravan una realidad sin precedentes Buenos Aires, 08 de agosto del 2019.-\u00a0La\u00a0Universidad Tecnol\u00f3gica Nacional\u00a0(UTN)\u00a0a trav\u00e9s de su Centro Tecnol\u00f3gico de [&hellip;]<\/p>\n","protected":false},"author":1,"featured_media":2125,"comment_status":"open","ping_status":"open","sticky":false,"template":"","format":"standard","meta":{"_monsterinsights_skip_tracking":false,"_monsterinsights_sitenote_active":false,"_monsterinsights_sitenote_note":"","_monsterinsights_sitenote_category":0,"footnotes":""},"categories":[8],"tags":[],"class_list":["post-2364","post","type-post","status-publish","format-standard","has-post-thumbnail","hentry","category-estadisticas"],"yoast_head":"<!-- This site is optimized with the Yoast SEO plugin v22.3 - https:\/\/yoast.com\/wordpress\/plugins\/seo\/ -->\n<title>\u00cdndice UTN \/ CEDOL - Julio 2019 &#187; CEDOL<\/title>\n<meta name=\"description\" content=\"Costos Log\u00edsticos: Fuertes subas que agravan una realidad sin precedentes\" \/>\n<meta name=\"robots\" content=\"index, follow, max-snippet:-1, max-image-preview:large, max-video-preview:-1\" \/>\n<link rel=\"canonical\" href=\"https:\/\/www.cedol.org.ar\/logistica\/indice-utn-cedol-julio-2019\/\" \/>\n<meta property=\"og:locale\" content=\"es_ES\" \/>\n<meta property=\"og:type\" content=\"article\" \/>\n<meta property=\"og:title\" content=\"\u00cdndice UTN \/ CEDOL - Julio 2019 &#187; CEDOL\" \/>\n<meta property=\"og:description\" content=\"Costos Log\u00edsticos: Fuertes subas que agravan una realidad sin precedentes\" \/>\n<meta property=\"og:url\" content=\"https:\/\/www.cedol.org.ar\/logistica\/indice-utn-cedol-julio-2019\/\" \/>\n<meta property=\"og:site_name\" content=\"CEDOL\" \/>\n<meta property=\"article:published_time\" content=\"2019-08-09T02:41:22+00:00\" \/>\n<meta property=\"og:image\" content=\"https:\/\/www.cedol.org.ar\/logistica\/wp-content\/uploads\/2018\/10\/ima-indices-1070.jpg\" \/>\n\t<meta property=\"og:image:width\" content=\"1070\" \/>\n\t<meta property=\"og:image:height\" content=\"540\" \/>\n\t<meta property=\"og:image:type\" content=\"image\/jpeg\" \/>\n<meta name=\"author\" content=\"admin\" \/>\n<meta name=\"twitter:card\" content=\"summary_large_image\" \/>\n<meta name=\"twitter:label1\" content=\"Escrito por\" \/>\n\t<meta name=\"twitter:data1\" content=\"admin\" \/>\n\t<meta name=\"twitter:label2\" content=\"Tiempo de lectura\" \/>\n\t<meta name=\"twitter:data2\" content=\"3 minutos\" \/>\n<script type=\"application\/ld+json\" class=\"yoast-schema-graph\">{\"@context\":\"https:\/\/schema.org\",\"@graph\":[{\"@type\":\"WebPage\",\"@id\":\"https:\/\/www.cedol.org.ar\/logistica\/indice-utn-cedol-julio-2019\/\",\"url\":\"https:\/\/www.cedol.org.ar\/logistica\/indice-utn-cedol-julio-2019\/\",\"name\":\"\u00cdndice UTN \/ CEDOL - Julio 2019 &#187; CEDOL\",\"isPartOf\":{\"@id\":\"https:\/\/www.cedol.org.ar\/logistica\/#website\"},\"primaryImageOfPage\":{\"@id\":\"https:\/\/www.cedol.org.ar\/logistica\/indice-utn-cedol-julio-2019\/#primaryimage\"},\"image\":{\"@id\":\"https:\/\/www.cedol.org.ar\/logistica\/indice-utn-cedol-julio-2019\/#primaryimage\"},\"thumbnailUrl\":\"https:\/\/www.cedol.org.ar\/logistica\/wp-content\/uploads\/2018\/10\/ima-indices-1070.jpg\",\"datePublished\":\"2019-08-09T02:41:22+00:00\",\"dateModified\":\"2019-08-09T02:41:22+00:00\",\"author\":{\"@id\":\"https:\/\/www.cedol.org.ar\/logistica\/#\/schema\/person\/40275bdb20446824fc74d51aabe22e83\"},\"description\":\"Costos Log\u00edsticos: Fuertes subas que agravan una realidad sin precedentes\",\"breadcrumb\":{\"@id\":\"https:\/\/www.cedol.org.ar\/logistica\/indice-utn-cedol-julio-2019\/#breadcrumb\"},\"inLanguage\":\"es\",\"potentialAction\":[{\"@type\":\"ReadAction\",\"target\":[\"https:\/\/www.cedol.org.ar\/logistica\/indice-utn-cedol-julio-2019\/\"]}]},{\"@type\":\"ImageObject\",\"inLanguage\":\"es\",\"@id\":\"https:\/\/www.cedol.org.ar\/logistica\/indice-utn-cedol-julio-2019\/#primaryimage\",\"url\":\"https:\/\/www.cedol.org.ar\/logistica\/wp-content\/uploads\/2018\/10\/ima-indices-1070.jpg\",\"contentUrl\":\"https:\/\/www.cedol.org.ar\/logistica\/wp-content\/uploads\/2018\/10\/ima-indices-1070.jpg\",\"width\":1070,\"height\":540,\"caption\":\"\u00cdndices UTN \/ CEDOL\"},{\"@type\":\"BreadcrumbList\",\"@id\":\"https:\/\/www.cedol.org.ar\/logistica\/indice-utn-cedol-julio-2019\/#breadcrumb\",\"itemListElement\":[{\"@type\":\"ListItem\",\"position\":1,\"name\":\"Home\",\"item\":\"https:\/\/www.cedol.org.ar\/logistica\/\"},{\"@type\":\"ListItem\",\"position\":2,\"name\":\"\u00cdndice UTN \/ CEDOL &#8211; Julio 2019\"}]},{\"@type\":\"WebSite\",\"@id\":\"https:\/\/www.cedol.org.ar\/logistica\/#website\",\"url\":\"https:\/\/www.cedol.org.ar\/logistica\/\",\"name\":\"CEDOL\",\"description\":\"C\u00c1MARA EMPRESARIA DE OPERADORES LOG\u00cdSTICOS\",\"potentialAction\":[{\"@type\":\"SearchAction\",\"target\":{\"@type\":\"EntryPoint\",\"urlTemplate\":\"https:\/\/www.cedol.org.ar\/logistica\/?s={search_term_string}\"},\"query-input\":\"required name=search_term_string\"}],\"inLanguage\":\"es\"},{\"@type\":\"Person\",\"@id\":\"https:\/\/www.cedol.org.ar\/logistica\/#\/schema\/person\/40275bdb20446824fc74d51aabe22e83\",\"name\":\"admin\"}]}<\/script>\n<!-- \/ Yoast SEO plugin. -->","yoast_head_json":{"title":"\u00cdndice UTN \/ CEDOL - Julio 2019 &#187; CEDOL","description":"Costos Log\u00edsticos: Fuertes subas que agravan una realidad sin precedentes","robots":{"index":"index","follow":"follow","max-snippet":"max-snippet:-1","max-image-preview":"max-image-preview:large","max-video-preview":"max-video-preview:-1"},"canonical":"https:\/\/www.cedol.org.ar\/logistica\/indice-utn-cedol-julio-2019\/","og_locale":"es_ES","og_type":"article","og_title":"\u00cdndice UTN \/ CEDOL - Julio 2019 &#187; CEDOL","og_description":"Costos Log\u00edsticos: Fuertes subas que agravan una realidad sin precedentes","og_url":"https:\/\/www.cedol.org.ar\/logistica\/indice-utn-cedol-julio-2019\/","og_site_name":"CEDOL","article_published_time":"2019-08-09T02:41:22+00:00","og_image":[{"width":1070,"height":540,"url":"https:\/\/www.cedol.org.ar\/logistica\/wp-content\/uploads\/2018\/10\/ima-indices-1070.jpg","type":"image\/jpeg"}],"author":"admin","twitter_card":"summary_large_image","twitter_misc":{"Escrito por":"admin","Tiempo de lectura":"3 minutos"},"schema":{"@context":"https:\/\/schema.org","@graph":[{"@type":"WebPage","@id":"https:\/\/www.cedol.org.ar\/logistica\/indice-utn-cedol-julio-2019\/","url":"https:\/\/www.cedol.org.ar\/logistica\/indice-utn-cedol-julio-2019\/","name":"\u00cdndice UTN \/ CEDOL - Julio 2019 &#187; CEDOL","isPartOf":{"@id":"https:\/\/www.cedol.org.ar\/logistica\/#website"},"primaryImageOfPage":{"@id":"https:\/\/www.cedol.org.ar\/logistica\/indice-utn-cedol-julio-2019\/#primaryimage"},"image":{"@id":"https:\/\/www.cedol.org.ar\/logistica\/indice-utn-cedol-julio-2019\/#primaryimage"},"thumbnailUrl":"https:\/\/www.cedol.org.ar\/logistica\/wp-content\/uploads\/2018\/10\/ima-indices-1070.jpg","datePublished":"2019-08-09T02:41:22+00:00","dateModified":"2019-08-09T02:41:22+00:00","author":{"@id":"https:\/\/www.cedol.org.ar\/logistica\/#\/schema\/person\/40275bdb20446824fc74d51aabe22e83"},"description":"Costos Log\u00edsticos: Fuertes subas que agravan una realidad sin precedentes","breadcrumb":{"@id":"https:\/\/www.cedol.org.ar\/logistica\/indice-utn-cedol-julio-2019\/#breadcrumb"},"inLanguage":"es","potentialAction":[{"@type":"ReadAction","target":["https:\/\/www.cedol.org.ar\/logistica\/indice-utn-cedol-julio-2019\/"]}]},{"@type":"ImageObject","inLanguage":"es","@id":"https:\/\/www.cedol.org.ar\/logistica\/indice-utn-cedol-julio-2019\/#primaryimage","url":"https:\/\/www.cedol.org.ar\/logistica\/wp-content\/uploads\/2018\/10\/ima-indices-1070.jpg","contentUrl":"https:\/\/www.cedol.org.ar\/logistica\/wp-content\/uploads\/2018\/10\/ima-indices-1070.jpg","width":1070,"height":540,"caption":"\u00cdndices UTN \/ CEDOL"},{"@type":"BreadcrumbList","@id":"https:\/\/www.cedol.org.ar\/logistica\/indice-utn-cedol-julio-2019\/#breadcrumb","itemListElement":[{"@type":"ListItem","position":1,"name":"Home","item":"https:\/\/www.cedol.org.ar\/logistica\/"},{"@type":"ListItem","position":2,"name":"\u00cdndice UTN \/ CEDOL &#8211; Julio 2019"}]},{"@type":"WebSite","@id":"https:\/\/www.cedol.org.ar\/logistica\/#website","url":"https:\/\/www.cedol.org.ar\/logistica\/","name":"CEDOL","description":"C\u00c1MARA EMPRESARIA DE OPERADORES LOG\u00cdSTICOS","potentialAction":[{"@type":"SearchAction","target":{"@type":"EntryPoint","urlTemplate":"https:\/\/www.cedol.org.ar\/logistica\/?s={search_term_string}"},"query-input":"required name=search_term_string"}],"inLanguage":"es"},{"@type":"Person","@id":"https:\/\/www.cedol.org.ar\/logistica\/#\/schema\/person\/40275bdb20446824fc74d51aabe22e83","name":"admin"}]}},"_links":{"self":[{"href":"https:\/\/www.cedol.org.ar\/logistica\/wp-json\/wp\/v2\/posts\/2364","targetHints":{"allow":["GET"]}}],"collection":[{"href":"https:\/\/www.cedol.org.ar\/logistica\/wp-json\/wp\/v2\/posts"}],"about":[{"href":"https:\/\/www.cedol.org.ar\/logistica\/wp-json\/wp\/v2\/types\/post"}],"author":[{"embeddable":true,"href":"https:\/\/www.cedol.org.ar\/logistica\/wp-json\/wp\/v2\/users\/1"}],"replies":[{"embeddable":true,"href":"https:\/\/www.cedol.org.ar\/logistica\/wp-json\/wp\/v2\/comments?post=2364"}],"version-history":[{"count":1,"href":"https:\/\/www.cedol.org.ar\/logistica\/wp-json\/wp\/v2\/posts\/2364\/revisions"}],"predecessor-version":[{"id":2365,"href":"https:\/\/www.cedol.org.ar\/logistica\/wp-json\/wp\/v2\/posts\/2364\/revisions\/2365"}],"wp:featuredmedia":[{"embeddable":true,"href":"https:\/\/www.cedol.org.ar\/logistica\/wp-json\/wp\/v2\/media\/2125"}],"wp:attachment":[{"href":"https:\/\/www.cedol.org.ar\/logistica\/wp-json\/wp\/v2\/media?parent=2364"}],"wp:term":[{"taxonomy":"category","embeddable":true,"href":"https:\/\/www.cedol.org.ar\/logistica\/wp-json\/wp\/v2\/categories?post=2364"},{"taxonomy":"post_tag","embeddable":true,"href":"https:\/\/www.cedol.org.ar\/logistica\/wp-json\/wp\/v2\/tags?post=2364"}],"curies":[{"name":"wp","href":"https:\/\/api.w.org\/{rel}","templated":true}]}}