{"id":2356,"date":"2019-07-30T16:27:09","date_gmt":"2019-07-30T16:27:09","guid":{"rendered":"http:\/\/www.cedol.org.ar\/logistica\/?p=2356"},"modified":"2019-07-30T16:27:09","modified_gmt":"2019-07-30T16:27:09","slug":"noticias-del-sector-9","status":"publish","type":"post","link":"https:\/\/www.cedol.org.ar\/logistica\/noticias-del-sector-9\/","title":{"rendered":"NOTICIAS DEL SECTOR"},"content":{"rendered":"<p><strong>Novedades de julio: Se homolog\u00f3 el acuerdo paritario; Gran operativo de Cruz del Sur para trasladar 100 tn de residuo de mercurio; Mercado inmobiliario de centros log\u00edsticos Premium; XXII Encuentro de Protagonistas; Proyecciones econ\u00f3micas para log\u00edstica.<\/strong><\/p>\n<p><strong>Se homolog\u00f3 el acuerdo paritario<br \/>\n<\/strong>Se oficializ\u00f3 el acuerdo paritario llevado a cabo por la <strong>Federaci\u00f3n Argentina de Entidades Empresarias del Autotransporte de Cargas (FADEEAC)<\/strong> y la <strong>Federaci\u00f3n Nacional de Trabajadores Camioneros y Obreros del Transporte<\/strong>, a partir de su homologaci\u00f3n por parte del <strong>Ministerio de Producci\u00f3n y Trabajo<\/strong>. Cabe recordar que consiste en un aumento salarial del 23% anual a otorgar en dos etapas.<\/p>\n<p>El primer tramo del aumento ser\u00e1 del 11.5% a pagarse con el sueldo de julio y el segundo, tambi\u00e9n de 11.5%, con el de octubre; en base al salario de junio de 2019. El acuerdo rige desde el 1 de julio de 2019 hasta el 30 de junio del a\u00f1o pr\u00f3ximo.<\/p>\n<p><strong>Gran operativo de Cruz del Sur para trasladar 100 tn de residuo de mercurio<br \/>\n<\/strong>La empresa de carga y log\u00edstica integrada realiz\u00f3 el traslado terrestre de 100 toneladas de residuo de mercurio distribuidas en 5 contenedores tipo mar\u00edtimos, desde el Yacimiento Veladero, ubicado en San Juan, hasta el puerto chileno de San Antonio, donde parti\u00f3 rumbo a Europa, con la participaci\u00f3n de un equipo interdisciplinario de varios pa\u00edses.<\/p>\n<p>Para el traslado, se utilizaron 5 unidades semi remolque con contenedores, una unidad tractora de back up y dos camionetas 4&#215;4 con equipos de emergencia. Se llevaron a cabo continuas capacitaciones a choferes y l\u00edderes, en primeros auxilios RCP y uso del DEA. En total, hubo m\u00e1s de 20 personas de la compa\u00f1\u00eda involucradas en el operativo.<\/p>\n<p><strong>Mercado inmobiliario de centros log\u00edsticos Premium<br \/>\n<\/strong>Pese al complejo contexto econ\u00f3mico, la producci\u00f3n de nuevos centros log\u00edsticos Premium continu\u00f3 activa durante el primer semestre de 2019 y se finalizaron proyectos por 79.300 m2, lo cual supone un crecimiento del 4,4% sobre el inventario del semestre previo. As\u00ed lo indica el \u00faltimo informe elaborado por el Departamento de Investigaci\u00f3n de Mercado de <strong>Cushman &amp; Wakefield<\/strong>, empresa global de servicios inmobiliarios corporativos.<\/p>\n<p>La demanda, en cambio, no acompa\u00f1\u00f3 con la ocupaci\u00f3n de la nueva superficie y permanece a la expectativa de la recuperaci\u00f3n de la actividad industrial y los resultados de las elecciones presidenciales. El menor n\u00famero de transacciones y la reducci\u00f3n de los espacios ocupados, en un contexto de retroceso del consumo privado, motiv\u00f3 un descenso de la absorci\u00f3n neta, que se redujo un 56,7% respecto del semestre anterior.<\/p>\n<p>Como resultado, la vacancia se elev\u00f3 hasta el 13,2%, cifra que supone 2,5 puntos porcentuales m\u00e1s que en el \u00faltimo semestre de 2018, y un crecimiento de la superficie disponible del 28,5%.<\/p>\n<p>El precio de alquiler medido en d\u00f3lares experiment\u00f3 un retroceso debido a la depreciaci\u00f3n de la moneda local sumada a la ca\u00edda de la actividad econ\u00f3mica. Al cierre del primer semestre de 2019 muestra un nuevo descenso del 10,3%, situ\u00e1ndose en un promedio de 6,5 US$\/m2\/mes.<\/p>\n<p><strong>XXII Encuentro de Protagonistas<br \/>\n<\/strong>El pr\u00f3ximo jueves 8 de agosto de 2019 se llevar\u00e1 a cabo el <strong>XXII Encuentro de Protagonistas<\/strong> <strong>\u201cPuertos y Aduanas\u201d<\/strong>, en el sal\u00f3n Golden Center de Parque Norte, Ciudad de Buenos Aires.<\/p>\n<p>La agenda incluye m\u00e1s de 10 conferencistas regionales, como el Ex subsecretario de gesti\u00f3n productiva y actual Subsecretario de Compre Argentino y Desarrollo de Proveedores, <strong>Sergio Drucaroff<\/strong><em>; Subsecretario de Puertos y V\u00edas Navegables<\/em>, <strong>Mariano Sa\u00fal<\/strong>; Presidente del Centro de Despachantes de Aduana, <strong>Enrique Loizzo<\/strong>; Interventor del Puerto de Buenos Aires; <strong>Gonzalo M\u00f3rtola<\/strong>; Gerente Port Barcelona, <strong>Carles Mayorl<\/strong>; Vicepresidente Zona Franca la Plata, <strong>Juan Pablo Justo<\/strong>; Presidente del Puerto Bah\u00eda Blanca, <strong>Miguel Donad\u00edo<\/strong>; Director Vaca Muerta Patagonia Activa, <strong>Dar\u00edo Irigaray<\/strong>; Presidente de Puerto de Rosario, <strong>Angel El\u00edas<\/strong>; Presidente del Parque Industrial San Lorenzo, <strong>Sebasti\u00e1n Alesio<\/strong>; Presidente de PTP Zona Franca Villa Constituci\u00f3n, <strong>Guillermo Misiano<\/strong> y representantes del Puerto La Plata, Tec Plata y Puerto Santa Fe.<\/p>\n<p>M\u00e1s informaci\u00f3n: <a href=\"http:\/\/www.encuentrodeprotagonsitas.com\">www.encuentrodeprotagonsitas.com<\/a><\/p>\n<p><strong>Proyecciones econ\u00f3micas para log\u00edstica<br \/>\n<\/strong>El pr\u00f3ximo 28 de agosto, la <strong>Fundaci\u00f3n de Investigaciones Econ\u00f3micas Latinoamericanas (FIEL)<\/strong>, realizar\u00e1 su encuentro anual sobre <em>\u201cProyecciones Econ\u00f3micas para Operaciones Log\u00edsticas en 2020\u201d<\/em>. Durante la jornada analizar\u00e1 el marco post eleccionario nacional para adaptarse a las realidades pol\u00edticas, econ\u00f3micas, financieras y sindicales del pr\u00f3ximo a\u00f1o.<\/p>\n<p>Las presentaciones incluyen el panorama pol\u00edtico de <strong>Alejandro Catterberg<\/strong>, de Poliarqu\u00eda; <strong>Daniel Artana<\/strong>, Economista en Jefe de FIEL; <strong>Lucio Zemborain<\/strong>, Estudio Zemborain; y <strong>Jorge Jares<\/strong>, de DyC Consultores. Por \u00faltimo, se realizar\u00e1 un <strong>panel con empresarios del sector log\u00edstico<\/strong>, moderado por <strong>Carlos Musante<\/strong>, de DyC.<\/p>\n<p>La cita ser\u00e1 en la Bolsa de Comercio de Buenos Aires. M\u00e1s informaci\u00f3n: <a href=\"mailto:eventologistica@fiel.org.ar\">eventologistica@fiel.org.ar<\/a><\/p>\n","protected":false},"excerpt":{"rendered":"<p>Novedades de julio: Se homolog\u00f3 el acuerdo paritario; Gran operativo de Cruz del Sur para trasladar 100 tn de residuo de mercurio; Mercado inmobiliario de [&hellip;]<\/p>\n","protected":false},"author":1,"featured_media":2357,"comment_status":"open","ping_status":"open","sticky":false,"template":"","format":"standard","meta":{"_monsterinsights_skip_tracking":false,"_monsterinsights_sitenote_active":false,"_monsterinsights_sitenote_note":"","_monsterinsights_sitenote_category":0,"footnotes":""},"categories":[4],"tags":[],"class_list":["post-2356","post","type-post","status-publish","format-standard","has-post-thumbnail","hentry","category-noticias"],"yoast_head":"<!-- This site is optimized with the Yoast SEO plugin v22.3 - https:\/\/yoast.com\/wordpress\/plugins\/seo\/ -->\n<title>NOTICIAS DEL SECTOR &#187; CEDOL<\/title>\n<meta name=\"description\" content=\"Novedades de julio: Se homolog\u00f3 el acuerdo paritario; Gran operativo de Cruz del Sur para trasladar 100 tn de residuo de mercurio; Mercado inmobiliario de centros log\u00edsticos Premium; XXII Encuentro de Protagonistas; Proyecciones econ\u00f3micas para log\u00edstica.\" \/>\n<meta name=\"robots\" content=\"index, follow, max-snippet:-1, max-image-preview:large, max-video-preview:-1\" \/>\n<link rel=\"canonical\" href=\"https:\/\/www.cedol.org.ar\/logistica\/noticias-del-sector-9\/\" \/>\n<meta property=\"og:locale\" content=\"es_ES\" \/>\n<meta property=\"og:type\" content=\"article\" \/>\n<meta property=\"og:title\" content=\"NOTICIAS DEL SECTOR &#187; CEDOL\" \/>\n<meta property=\"og:description\" content=\"Novedades de julio: Se homolog\u00f3 el acuerdo paritario; Gran operativo de Cruz del Sur para trasladar 100 tn de residuo de mercurio; Mercado inmobiliario de centros log\u00edsticos Premium; XXII Encuentro de Protagonistas; Proyecciones econ\u00f3micas para log\u00edstica.\" \/>\n<meta property=\"og:url\" content=\"https:\/\/www.cedol.org.ar\/logistica\/noticias-del-sector-9\/\" \/>\n<meta property=\"og:site_name\" content=\"CEDOL\" \/>\n<meta property=\"article:published_time\" content=\"2019-07-30T16:27:09+00:00\" \/>\n<meta property=\"og:image\" content=\"https:\/\/www.cedol.org.ar\/logistica\/wp-content\/uploads\/2019\/07\/FOTO-B.jpg\" \/>\n\t<meta property=\"og:image:width\" content=\"1280\" \/>\n\t<meta property=\"og:image:height\" content=\"853\" \/>\n\t<meta property=\"og:image:type\" content=\"image\/jpeg\" \/>\n<meta name=\"author\" content=\"admin\" \/>\n<meta name=\"twitter:card\" content=\"summary_large_image\" \/>\n<meta name=\"twitter:label1\" content=\"Escrito por\" \/>\n\t<meta name=\"twitter:data1\" content=\"admin\" \/>\n\t<meta name=\"twitter:label2\" content=\"Tiempo de lectura\" \/>\n\t<meta name=\"twitter:data2\" content=\"4 minutos\" \/>\n<script type=\"application\/ld+json\" class=\"yoast-schema-graph\">{\"@context\":\"https:\/\/schema.org\",\"@graph\":[{\"@type\":\"WebPage\",\"@id\":\"https:\/\/www.cedol.org.ar\/logistica\/noticias-del-sector-9\/\",\"url\":\"https:\/\/www.cedol.org.ar\/logistica\/noticias-del-sector-9\/\",\"name\":\"NOTICIAS DEL SECTOR &#187; CEDOL\",\"isPartOf\":{\"@id\":\"https:\/\/www.cedol.org.ar\/logistica\/#website\"},\"primaryImageOfPage\":{\"@id\":\"https:\/\/www.cedol.org.ar\/logistica\/noticias-del-sector-9\/#primaryimage\"},\"image\":{\"@id\":\"https:\/\/www.cedol.org.ar\/logistica\/noticias-del-sector-9\/#primaryimage\"},\"thumbnailUrl\":\"https:\/\/www.cedol.org.ar\/logistica\/wp-content\/uploads\/2019\/07\/FOTO-B.jpg\",\"datePublished\":\"2019-07-30T16:27:09+00:00\",\"dateModified\":\"2019-07-30T16:27:09+00:00\",\"author\":{\"@id\":\"https:\/\/www.cedol.org.ar\/logistica\/#\/schema\/person\/40275bdb20446824fc74d51aabe22e83\"},\"description\":\"Novedades de julio: Se homolog\u00f3 el acuerdo paritario; Gran operativo de Cruz del Sur para trasladar 100 tn de residuo de mercurio; Mercado inmobiliario de centros log\u00edsticos Premium; XXII Encuentro de Protagonistas; Proyecciones econ\u00f3micas para log\u00edstica.\",\"breadcrumb\":{\"@id\":\"https:\/\/www.cedol.org.ar\/logistica\/noticias-del-sector-9\/#breadcrumb\"},\"inLanguage\":\"es\",\"potentialAction\":[{\"@type\":\"ReadAction\",\"target\":[\"https:\/\/www.cedol.org.ar\/logistica\/noticias-del-sector-9\/\"]}]},{\"@type\":\"ImageObject\",\"inLanguage\":\"es\",\"@id\":\"https:\/\/www.cedol.org.ar\/logistica\/noticias-del-sector-9\/#primaryimage\",\"url\":\"https:\/\/www.cedol.org.ar\/logistica\/wp-content\/uploads\/2019\/07\/FOTO-B.jpg\",\"contentUrl\":\"https:\/\/www.cedol.org.ar\/logistica\/wp-content\/uploads\/2019\/07\/FOTO-B.jpg\",\"width\":1280,\"height\":853},{\"@type\":\"BreadcrumbList\",\"@id\":\"https:\/\/www.cedol.org.ar\/logistica\/noticias-del-sector-9\/#breadcrumb\",\"itemListElement\":[{\"@type\":\"ListItem\",\"position\":1,\"name\":\"Home\",\"item\":\"https:\/\/www.cedol.org.ar\/logistica\/\"},{\"@type\":\"ListItem\",\"position\":2,\"name\":\"NOTICIAS DEL SECTOR\"}]},{\"@type\":\"WebSite\",\"@id\":\"https:\/\/www.cedol.org.ar\/logistica\/#website\",\"url\":\"https:\/\/www.cedol.org.ar\/logistica\/\",\"name\":\"CEDOL\",\"description\":\"C\u00c1MARA EMPRESARIA DE OPERADORES LOG\u00cdSTICOS\",\"potentialAction\":[{\"@type\":\"SearchAction\",\"target\":{\"@type\":\"EntryPoint\",\"urlTemplate\":\"https:\/\/www.cedol.org.ar\/logistica\/?s={search_term_string}\"},\"query-input\":\"required name=search_term_string\"}],\"inLanguage\":\"es\"},{\"@type\":\"Person\",\"@id\":\"https:\/\/www.cedol.org.ar\/logistica\/#\/schema\/person\/40275bdb20446824fc74d51aabe22e83\",\"name\":\"admin\"}]}<\/script>\n<!-- \/ Yoast SEO plugin. -->","yoast_head_json":{"title":"NOTICIAS DEL SECTOR &#187; CEDOL","description":"Novedades de julio: Se homolog\u00f3 el acuerdo paritario; Gran operativo de Cruz del Sur para trasladar 100 tn de residuo de mercurio; Mercado inmobiliario de centros log\u00edsticos Premium; XXII Encuentro de Protagonistas; Proyecciones econ\u00f3micas para log\u00edstica.","robots":{"index":"index","follow":"follow","max-snippet":"max-snippet:-1","max-image-preview":"max-image-preview:large","max-video-preview":"max-video-preview:-1"},"canonical":"https:\/\/www.cedol.org.ar\/logistica\/noticias-del-sector-9\/","og_locale":"es_ES","og_type":"article","og_title":"NOTICIAS DEL SECTOR &#187; CEDOL","og_description":"Novedades de julio: Se homolog\u00f3 el acuerdo paritario; Gran operativo de Cruz del Sur para trasladar 100 tn de residuo de mercurio; Mercado inmobiliario de centros log\u00edsticos Premium; XXII Encuentro de Protagonistas; Proyecciones econ\u00f3micas para log\u00edstica.","og_url":"https:\/\/www.cedol.org.ar\/logistica\/noticias-del-sector-9\/","og_site_name":"CEDOL","article_published_time":"2019-07-30T16:27:09+00:00","og_image":[{"width":1280,"height":853,"url":"https:\/\/www.cedol.org.ar\/logistica\/wp-content\/uploads\/2019\/07\/FOTO-B.jpg","type":"image\/jpeg"}],"author":"admin","twitter_card":"summary_large_image","twitter_misc":{"Escrito por":"admin","Tiempo de lectura":"4 minutos"},"schema":{"@context":"https:\/\/schema.org","@graph":[{"@type":"WebPage","@id":"https:\/\/www.cedol.org.ar\/logistica\/noticias-del-sector-9\/","url":"https:\/\/www.cedol.org.ar\/logistica\/noticias-del-sector-9\/","name":"NOTICIAS DEL SECTOR &#187; CEDOL","isPartOf":{"@id":"https:\/\/www.cedol.org.ar\/logistica\/#website"},"primaryImageOfPage":{"@id":"https:\/\/www.cedol.org.ar\/logistica\/noticias-del-sector-9\/#primaryimage"},"image":{"@id":"https:\/\/www.cedol.org.ar\/logistica\/noticias-del-sector-9\/#primaryimage"},"thumbnailUrl":"https:\/\/www.cedol.org.ar\/logistica\/wp-content\/uploads\/2019\/07\/FOTO-B.jpg","datePublished":"2019-07-30T16:27:09+00:00","dateModified":"2019-07-30T16:27:09+00:00","author":{"@id":"https:\/\/www.cedol.org.ar\/logistica\/#\/schema\/person\/40275bdb20446824fc74d51aabe22e83"},"description":"Novedades de julio: Se homolog\u00f3 el acuerdo paritario; Gran operativo de Cruz del Sur para trasladar 100 tn de residuo de mercurio; Mercado inmobiliario de centros log\u00edsticos Premium; XXII Encuentro de Protagonistas; Proyecciones econ\u00f3micas para log\u00edstica.","breadcrumb":{"@id":"https:\/\/www.cedol.org.ar\/logistica\/noticias-del-sector-9\/#breadcrumb"},"inLanguage":"es","potentialAction":[{"@type":"ReadAction","target":["https:\/\/www.cedol.org.ar\/logistica\/noticias-del-sector-9\/"]}]},{"@type":"ImageObject","inLanguage":"es","@id":"https:\/\/www.cedol.org.ar\/logistica\/noticias-del-sector-9\/#primaryimage","url":"https:\/\/www.cedol.org.ar\/logistica\/wp-content\/uploads\/2019\/07\/FOTO-B.jpg","contentUrl":"https:\/\/www.cedol.org.ar\/logistica\/wp-content\/uploads\/2019\/07\/FOTO-B.jpg","width":1280,"height":853},{"@type":"BreadcrumbList","@id":"https:\/\/www.cedol.org.ar\/logistica\/noticias-del-sector-9\/#breadcrumb","itemListElement":[{"@type":"ListItem","position":1,"name":"Home","item":"https:\/\/www.cedol.org.ar\/logistica\/"},{"@type":"ListItem","position":2,"name":"NOTICIAS DEL SECTOR"}]},{"@type":"WebSite","@id":"https:\/\/www.cedol.org.ar\/logistica\/#website","url":"https:\/\/www.cedol.org.ar\/logistica\/","name":"CEDOL","description":"C\u00c1MARA EMPRESARIA DE OPERADORES LOG\u00cdSTICOS","potentialAction":[{"@type":"SearchAction","target":{"@type":"EntryPoint","urlTemplate":"https:\/\/www.cedol.org.ar\/logistica\/?s={search_term_string}"},"query-input":"required name=search_term_string"}],"inLanguage":"es"},{"@type":"Person","@id":"https:\/\/www.cedol.org.ar\/logistica\/#\/schema\/person\/40275bdb20446824fc74d51aabe22e83","name":"admin"}]}},"_links":{"self":[{"href":"https:\/\/www.cedol.org.ar\/logistica\/wp-json\/wp\/v2\/posts\/2356","targetHints":{"allow":["GET"]}}],"collection":[{"href":"https:\/\/www.cedol.org.ar\/logistica\/wp-json\/wp\/v2\/posts"}],"about":[{"href":"https:\/\/www.cedol.org.ar\/logistica\/wp-json\/wp\/v2\/types\/post"}],"author":[{"embeddable":true,"href":"https:\/\/www.cedol.org.ar\/logistica\/wp-json\/wp\/v2\/users\/1"}],"replies":[{"embeddable":true,"href":"https:\/\/www.cedol.org.ar\/logistica\/wp-json\/wp\/v2\/comments?post=2356"}],"version-history":[{"count":1,"href":"https:\/\/www.cedol.org.ar\/logistica\/wp-json\/wp\/v2\/posts\/2356\/revisions"}],"predecessor-version":[{"id":2358,"href":"https:\/\/www.cedol.org.ar\/logistica\/wp-json\/wp\/v2\/posts\/2356\/revisions\/2358"}],"wp:featuredmedia":[{"embeddable":true,"href":"https:\/\/www.cedol.org.ar\/logistica\/wp-json\/wp\/v2\/media\/2357"}],"wp:attachment":[{"href":"https:\/\/www.cedol.org.ar\/logistica\/wp-json\/wp\/v2\/media?parent=2356"}],"wp:term":[{"taxonomy":"category","embeddable":true,"href":"https:\/\/www.cedol.org.ar\/logistica\/wp-json\/wp\/v2\/categories?post=2356"},{"taxonomy":"post_tag","embeddable":true,"href":"https:\/\/www.cedol.org.ar\/logistica\/wp-json\/wp\/v2\/tags?post=2356"}],"curies":[{"name":"wp","href":"https:\/\/api.w.org\/{rel}","templated":true}]}}