{"id":2305,"date":"2019-05-13T19:06:46","date_gmt":"2019-05-13T19:06:46","guid":{"rendered":"http:\/\/www.cedol.org.ar\/logistica\/?p=2305"},"modified":"2019-05-30T19:31:04","modified_gmt":"2019-05-30T19:31:04","slug":"fallecio-jorge-rey-iraola-emprendedor-referente-la-actividad-logistica","status":"publish","type":"post","link":"https:\/\/www.cedol.org.ar\/logistica\/fallecio-jorge-rey-iraola-emprendedor-referente-la-actividad-logistica\/","title":{"rendered":"FALLECI\u00d3 JORGE REY IRAOLA, EMPRENDEDOR Y REFERENTE DE LA ACTIVIDAD LOG\u00cdSTICA"},"content":{"rendered":"<p>El pasado 10 de mayo, a los 78 a\u00f1os, falleci\u00f3 Jorge Rey Iraola, quien fuera uno de los socios fundadores de la CEDOL. Padre de Ignacio Rey Iraola, actual Pro Secretario del Comit\u00e9 Ejecutivo.<\/p>\n<p>Como empresario y como dirigente, el Dr Jorge Rey Iraola consagr\u00f3 50 a\u00f1os de su vida a la actividad log\u00edstica.<\/p>\n<p>Integraba la Junta de Directores de la empresa SAF SA, y a lo largo de su extensa \u00a0trayectoria en el sector, estableci\u00f3 varias compa\u00f1\u00edas, incluyendo <em>partnerships <\/em>con empresas locales e internacionales para proveer servicios de distribuci\u00f3n, transporte multimodal internacional y operaciones de dep\u00f3sito fiscal de todos los sectores, desde productos de consumo y equipamiento durable hasta plantas nucleares.<\/p>\n<p>A la vez, Jorge ha desarrollado una actividad importante en el campo de la representaci\u00f3n institucional del transporte y la log\u00edstica. Adem\u00e1s de formar parte del grupo de socios fundadores de la CEDOL, fue Presidente de la Comisi\u00f3n de Transporte de la Uni\u00f3n Industrial Argentina (UIA), miembro y Jurado de ARLOG en Premiaciones y, en los \u00faltimos a\u00f1os, se desempe\u00f1\u00f3 como Secretario por la Uni\u00f3n Industrial Argentina (UIA) en el Consejo \u00a0de Cargadores formado entre la UIA y la CAC (C\u00e1mara Argentina de Comercio).<\/p>\n<p>El Dr. Rey Iraola era abogado egresado de la UBA, donde hasta hace pocos a\u00f1os fue profesor en los cursos de Negocios Internacionales y Ley de Comercio. Realiz\u00f3 diferentes presentaciones y jornadas nacionales sobre log\u00edstica, entre ellas las \u201cPrimeras Jornadas sobre el Rol de la Carga y la Cadena Log\u00edstica\u201d organizadas conjuntamente entre \u00a0en la UIA y la C\u00e1mara Argentina de Comercio en 2009.<\/p>\n<p>El nombre Jorge Rey Iraola estar\u00e1 siempre presente en la historia de la CEDOL.<\/p>\n","protected":false},"excerpt":{"rendered":"<p>El pasado 10 de mayo, a los 78 a\u00f1os, falleci\u00f3 Jorge Rey Iraola, quien fuera uno de los socios fundadores de la CEDOL. Padre de [&hellip;]<\/p>\n","protected":false},"author":1,"featured_media":2306,"comment_status":"open","ping_status":"open","sticky":false,"template":"","format":"standard","meta":{"_monsterinsights_skip_tracking":false,"_monsterinsights_sitenote_active":false,"_monsterinsights_sitenote_note":"","_monsterinsights_sitenote_category":0,"footnotes":""},"categories":[4],"tags":[],"class_list":["post-2305","post","type-post","status-publish","format-standard","has-post-thumbnail","hentry","category-noticias"],"yoast_head":"<!-- This site is optimized with the Yoast SEO plugin v22.3 - https:\/\/yoast.com\/wordpress\/plugins\/seo\/ -->\n<title>FALLECI\u00d3 JORGE REY IRAOLA, EMPRENDEDOR Y REFERENTE DE LA ACTIVIDAD LOG\u00cdSTICA &#187; CEDOL<\/title>\n<meta name=\"description\" content=\"El pasado 10 de mayo, a los 78 a\u00f1os, falleci\u00f3 Jorge Rey Iraola, quien fuera uno de los socios fundadores de la CEDOL. Padre de Ignacio Rey Iraola, actual Pro Secretario del Comit\u00e9 Ejecutivo.\" \/>\n<meta name=\"robots\" content=\"index, follow, max-snippet:-1, max-image-preview:large, max-video-preview:-1\" \/>\n<link rel=\"canonical\" href=\"https:\/\/www.cedol.org.ar\/logistica\/fallecio-jorge-rey-iraola-emprendedor-referente-la-actividad-logistica\/\" \/>\n<meta property=\"og:locale\" content=\"es_ES\" \/>\n<meta property=\"og:type\" content=\"article\" \/>\n<meta property=\"og:title\" content=\"FALLECI\u00d3 JORGE REY IRAOLA, EMPRENDEDOR Y REFERENTE DE LA ACTIVIDAD LOG\u00cdSTICA &#187; CEDOL\" \/>\n<meta property=\"og:description\" content=\"El pasado 10 de mayo, a los 78 a\u00f1os, falleci\u00f3 Jorge Rey Iraola, quien fuera uno de los socios fundadores de la CEDOL. Padre de Ignacio Rey Iraola, actual Pro Secretario del Comit\u00e9 Ejecutivo.\" \/>\n<meta property=\"og:url\" content=\"https:\/\/www.cedol.org.ar\/logistica\/fallecio-jorge-rey-iraola-emprendedor-referente-la-actividad-logistica\/\" \/>\n<meta property=\"og:site_name\" content=\"CEDOL\" \/>\n<meta property=\"article:published_time\" content=\"2019-05-13T19:06:46+00:00\" \/>\n<meta property=\"article:modified_time\" content=\"2019-05-30T19:31:04+00:00\" \/>\n<meta property=\"og:image\" content=\"https:\/\/www.cedol.org.ar\/logistica\/wp-content\/uploads\/2019\/05\/Jorge-Rey-Iraola.jpg\" \/>\n\t<meta property=\"og:image:width\" content=\"1070\" \/>\n\t<meta property=\"og:image:height\" content=\"590\" \/>\n\t<meta property=\"og:image:type\" content=\"image\/jpeg\" \/>\n<meta name=\"author\" content=\"admin\" \/>\n<meta name=\"twitter:card\" content=\"summary_large_image\" \/>\n<meta name=\"twitter:label1\" content=\"Escrito por\" \/>\n\t<meta name=\"twitter:data1\" content=\"admin\" \/>\n\t<meta name=\"twitter:label2\" content=\"Tiempo de lectura\" \/>\n\t<meta name=\"twitter:data2\" content=\"1 minuto\" \/>\n<script type=\"application\/ld+json\" class=\"yoast-schema-graph\">{\"@context\":\"https:\/\/schema.org\",\"@graph\":[{\"@type\":\"WebPage\",\"@id\":\"https:\/\/www.cedol.org.ar\/logistica\/fallecio-jorge-rey-iraola-emprendedor-referente-la-actividad-logistica\/\",\"url\":\"https:\/\/www.cedol.org.ar\/logistica\/fallecio-jorge-rey-iraola-emprendedor-referente-la-actividad-logistica\/\",\"name\":\"FALLECI\u00d3 JORGE REY IRAOLA, EMPRENDEDOR Y REFERENTE DE LA ACTIVIDAD LOG\u00cdSTICA &#187; CEDOL\",\"isPartOf\":{\"@id\":\"https:\/\/www.cedol.org.ar\/logistica\/#website\"},\"primaryImageOfPage\":{\"@id\":\"https:\/\/www.cedol.org.ar\/logistica\/fallecio-jorge-rey-iraola-emprendedor-referente-la-actividad-logistica\/#primaryimage\"},\"image\":{\"@id\":\"https:\/\/www.cedol.org.ar\/logistica\/fallecio-jorge-rey-iraola-emprendedor-referente-la-actividad-logistica\/#primaryimage\"},\"thumbnailUrl\":\"https:\/\/www.cedol.org.ar\/logistica\/wp-content\/uploads\/2019\/05\/Jorge-Rey-Iraola.jpg\",\"datePublished\":\"2019-05-13T19:06:46+00:00\",\"dateModified\":\"2019-05-30T19:31:04+00:00\",\"author\":{\"@id\":\"https:\/\/www.cedol.org.ar\/logistica\/#\/schema\/person\/40275bdb20446824fc74d51aabe22e83\"},\"description\":\"El pasado 10 de mayo, a los 78 a\u00f1os, falleci\u00f3 Jorge Rey Iraola, quien fuera uno de los socios fundadores de la CEDOL. Padre de Ignacio Rey Iraola, actual Pro Secretario del Comit\u00e9 Ejecutivo.\",\"breadcrumb\":{\"@id\":\"https:\/\/www.cedol.org.ar\/logistica\/fallecio-jorge-rey-iraola-emprendedor-referente-la-actividad-logistica\/#breadcrumb\"},\"inLanguage\":\"es\",\"potentialAction\":[{\"@type\":\"ReadAction\",\"target\":[\"https:\/\/www.cedol.org.ar\/logistica\/fallecio-jorge-rey-iraola-emprendedor-referente-la-actividad-logistica\/\"]}]},{\"@type\":\"ImageObject\",\"inLanguage\":\"es\",\"@id\":\"https:\/\/www.cedol.org.ar\/logistica\/fallecio-jorge-rey-iraola-emprendedor-referente-la-actividad-logistica\/#primaryimage\",\"url\":\"https:\/\/www.cedol.org.ar\/logistica\/wp-content\/uploads\/2019\/05\/Jorge-Rey-Iraola.jpg\",\"contentUrl\":\"https:\/\/www.cedol.org.ar\/logistica\/wp-content\/uploads\/2019\/05\/Jorge-Rey-Iraola.jpg\",\"width\":1070,\"height\":590},{\"@type\":\"BreadcrumbList\",\"@id\":\"https:\/\/www.cedol.org.ar\/logistica\/fallecio-jorge-rey-iraola-emprendedor-referente-la-actividad-logistica\/#breadcrumb\",\"itemListElement\":[{\"@type\":\"ListItem\",\"position\":1,\"name\":\"Home\",\"item\":\"https:\/\/www.cedol.org.ar\/logistica\/\"},{\"@type\":\"ListItem\",\"position\":2,\"name\":\"FALLECI\u00d3 JORGE REY IRAOLA, EMPRENDEDOR Y REFERENTE DE LA ACTIVIDAD LOG\u00cdSTICA\"}]},{\"@type\":\"WebSite\",\"@id\":\"https:\/\/www.cedol.org.ar\/logistica\/#website\",\"url\":\"https:\/\/www.cedol.org.ar\/logistica\/\",\"name\":\"CEDOL\",\"description\":\"C\u00c1MARA EMPRESARIA DE OPERADORES LOG\u00cdSTICOS\",\"potentialAction\":[{\"@type\":\"SearchAction\",\"target\":{\"@type\":\"EntryPoint\",\"urlTemplate\":\"https:\/\/www.cedol.org.ar\/logistica\/?s={search_term_string}\"},\"query-input\":\"required name=search_term_string\"}],\"inLanguage\":\"es\"},{\"@type\":\"Person\",\"@id\":\"https:\/\/www.cedol.org.ar\/logistica\/#\/schema\/person\/40275bdb20446824fc74d51aabe22e83\",\"name\":\"admin\"}]}<\/script>\n<!-- \/ Yoast SEO plugin. -->","yoast_head_json":{"title":"FALLECI\u00d3 JORGE REY IRAOLA, EMPRENDEDOR Y REFERENTE DE LA ACTIVIDAD LOG\u00cdSTICA &#187; CEDOL","description":"El pasado 10 de mayo, a los 78 a\u00f1os, falleci\u00f3 Jorge Rey Iraola, quien fuera uno de los socios fundadores de la CEDOL. Padre de Ignacio Rey Iraola, actual Pro Secretario del Comit\u00e9 Ejecutivo.","robots":{"index":"index","follow":"follow","max-snippet":"max-snippet:-1","max-image-preview":"max-image-preview:large","max-video-preview":"max-video-preview:-1"},"canonical":"https:\/\/www.cedol.org.ar\/logistica\/fallecio-jorge-rey-iraola-emprendedor-referente-la-actividad-logistica\/","og_locale":"es_ES","og_type":"article","og_title":"FALLECI\u00d3 JORGE REY IRAOLA, EMPRENDEDOR Y REFERENTE DE LA ACTIVIDAD LOG\u00cdSTICA &#187; CEDOL","og_description":"El pasado 10 de mayo, a los 78 a\u00f1os, falleci\u00f3 Jorge Rey Iraola, quien fuera uno de los socios fundadores de la CEDOL. Padre de Ignacio Rey Iraola, actual Pro Secretario del Comit\u00e9 Ejecutivo.","og_url":"https:\/\/www.cedol.org.ar\/logistica\/fallecio-jorge-rey-iraola-emprendedor-referente-la-actividad-logistica\/","og_site_name":"CEDOL","article_published_time":"2019-05-13T19:06:46+00:00","article_modified_time":"2019-05-30T19:31:04+00:00","og_image":[{"width":1070,"height":590,"url":"https:\/\/www.cedol.org.ar\/logistica\/wp-content\/uploads\/2019\/05\/Jorge-Rey-Iraola.jpg","type":"image\/jpeg"}],"author":"admin","twitter_card":"summary_large_image","twitter_misc":{"Escrito por":"admin","Tiempo de lectura":"1 minuto"},"schema":{"@context":"https:\/\/schema.org","@graph":[{"@type":"WebPage","@id":"https:\/\/www.cedol.org.ar\/logistica\/fallecio-jorge-rey-iraola-emprendedor-referente-la-actividad-logistica\/","url":"https:\/\/www.cedol.org.ar\/logistica\/fallecio-jorge-rey-iraola-emprendedor-referente-la-actividad-logistica\/","name":"FALLECI\u00d3 JORGE REY IRAOLA, EMPRENDEDOR Y REFERENTE DE LA ACTIVIDAD LOG\u00cdSTICA &#187; CEDOL","isPartOf":{"@id":"https:\/\/www.cedol.org.ar\/logistica\/#website"},"primaryImageOfPage":{"@id":"https:\/\/www.cedol.org.ar\/logistica\/fallecio-jorge-rey-iraola-emprendedor-referente-la-actividad-logistica\/#primaryimage"},"image":{"@id":"https:\/\/www.cedol.org.ar\/logistica\/fallecio-jorge-rey-iraola-emprendedor-referente-la-actividad-logistica\/#primaryimage"},"thumbnailUrl":"https:\/\/www.cedol.org.ar\/logistica\/wp-content\/uploads\/2019\/05\/Jorge-Rey-Iraola.jpg","datePublished":"2019-05-13T19:06:46+00:00","dateModified":"2019-05-30T19:31:04+00:00","author":{"@id":"https:\/\/www.cedol.org.ar\/logistica\/#\/schema\/person\/40275bdb20446824fc74d51aabe22e83"},"description":"El pasado 10 de mayo, a los 78 a\u00f1os, falleci\u00f3 Jorge Rey Iraola, quien fuera uno de los socios fundadores de la CEDOL. Padre de Ignacio Rey Iraola, actual Pro Secretario del Comit\u00e9 Ejecutivo.","breadcrumb":{"@id":"https:\/\/www.cedol.org.ar\/logistica\/fallecio-jorge-rey-iraola-emprendedor-referente-la-actividad-logistica\/#breadcrumb"},"inLanguage":"es","potentialAction":[{"@type":"ReadAction","target":["https:\/\/www.cedol.org.ar\/logistica\/fallecio-jorge-rey-iraola-emprendedor-referente-la-actividad-logistica\/"]}]},{"@type":"ImageObject","inLanguage":"es","@id":"https:\/\/www.cedol.org.ar\/logistica\/fallecio-jorge-rey-iraola-emprendedor-referente-la-actividad-logistica\/#primaryimage","url":"https:\/\/www.cedol.org.ar\/logistica\/wp-content\/uploads\/2019\/05\/Jorge-Rey-Iraola.jpg","contentUrl":"https:\/\/www.cedol.org.ar\/logistica\/wp-content\/uploads\/2019\/05\/Jorge-Rey-Iraola.jpg","width":1070,"height":590},{"@type":"BreadcrumbList","@id":"https:\/\/www.cedol.org.ar\/logistica\/fallecio-jorge-rey-iraola-emprendedor-referente-la-actividad-logistica\/#breadcrumb","itemListElement":[{"@type":"ListItem","position":1,"name":"Home","item":"https:\/\/www.cedol.org.ar\/logistica\/"},{"@type":"ListItem","position":2,"name":"FALLECI\u00d3 JORGE REY IRAOLA, EMPRENDEDOR Y REFERENTE DE LA ACTIVIDAD LOG\u00cdSTICA"}]},{"@type":"WebSite","@id":"https:\/\/www.cedol.org.ar\/logistica\/#website","url":"https:\/\/www.cedol.org.ar\/logistica\/","name":"CEDOL","description":"C\u00c1MARA EMPRESARIA DE OPERADORES LOG\u00cdSTICOS","potentialAction":[{"@type":"SearchAction","target":{"@type":"EntryPoint","urlTemplate":"https:\/\/www.cedol.org.ar\/logistica\/?s={search_term_string}"},"query-input":"required name=search_term_string"}],"inLanguage":"es"},{"@type":"Person","@id":"https:\/\/www.cedol.org.ar\/logistica\/#\/schema\/person\/40275bdb20446824fc74d51aabe22e83","name":"admin"}]}},"_links":{"self":[{"href":"https:\/\/www.cedol.org.ar\/logistica\/wp-json\/wp\/v2\/posts\/2305","targetHints":{"allow":["GET"]}}],"collection":[{"href":"https:\/\/www.cedol.org.ar\/logistica\/wp-json\/wp\/v2\/posts"}],"about":[{"href":"https:\/\/www.cedol.org.ar\/logistica\/wp-json\/wp\/v2\/types\/post"}],"author":[{"embeddable":true,"href":"https:\/\/www.cedol.org.ar\/logistica\/wp-json\/wp\/v2\/users\/1"}],"replies":[{"embeddable":true,"href":"https:\/\/www.cedol.org.ar\/logistica\/wp-json\/wp\/v2\/comments?post=2305"}],"version-history":[{"count":1,"href":"https:\/\/www.cedol.org.ar\/logistica\/wp-json\/wp\/v2\/posts\/2305\/revisions"}],"predecessor-version":[{"id":2307,"href":"https:\/\/www.cedol.org.ar\/logistica\/wp-json\/wp\/v2\/posts\/2305\/revisions\/2307"}],"wp:featuredmedia":[{"embeddable":true,"href":"https:\/\/www.cedol.org.ar\/logistica\/wp-json\/wp\/v2\/media\/2306"}],"wp:attachment":[{"href":"https:\/\/www.cedol.org.ar\/logistica\/wp-json\/wp\/v2\/media?parent=2305"}],"wp:term":[{"taxonomy":"category","embeddable":true,"href":"https:\/\/www.cedol.org.ar\/logistica\/wp-json\/wp\/v2\/categories?post=2305"},{"taxonomy":"post_tag","embeddable":true,"href":"https:\/\/www.cedol.org.ar\/logistica\/wp-json\/wp\/v2\/tags?post=2305"}],"curies":[{"name":"wp","href":"https:\/\/api.w.org\/{rel}","templated":true}]}}