{"id":2286,"date":"2019-04-25T23:05:07","date_gmt":"2019-04-25T23:05:07","guid":{"rendered":"http:\/\/www.cedol.org.ar\/logistica\/?p=2286"},"modified":"2019-04-26T17:24:46","modified_gmt":"2019-04-26T17:24:46","slug":"nueva-comision-directiva-la-cedol","status":"publish","type":"post","link":"https:\/\/www.cedol.org.ar\/logistica\/nueva-comision-directiva-la-cedol\/","title":{"rendered":"NUEVA COMISI\u00d3N DIRECTIVA DE LA CEDOL"},"content":{"rendered":"<p>En la Asamblea Anual del 16 de abril, y con la participaci\u00f3n de la mayor\u00eda de empresas asociadas, la\u00a0CEDOL\u00a0renov\u00f3 sus autoridades para conformar la nueva Comisi\u00f3n Directiva que, hasta 2021, presidir\u00e1\u00a0<strong>Hern\u00e1n S\u00e1nchez<\/strong>, Accionista y\u00a0Director de Celsur Log\u00edstica.<em>\u00a0<\/em><\/p>\n<p><em>\u00a0\u201cEste cambio en las autoridades de la C\u00e1mara\u00a0es una formalidad,\u00a0no es m\u00e1s\u00a0que una\u00a0redistribuci\u00f3n de\u00a0roles\u00a0entre los diferentes miembros de CEDOL\u201d<\/em>, indic\u00f3 S\u00e1nchez. Tambi\u00e9n remarc\u00f3 que la idea es\u00a0<em>\u201c<strong>continuar la exitosa l\u00ednea de gesti\u00f3n que viene llevando adelante la C\u00e1mara, con foco en el\u00a0desarrollo y profesionalizaci\u00f3n de nuestro sector<\/strong>; de hecho,\u00a0<strong>Jorge L\u00f3pez<\/strong>\u00a0(presidente saliente\u00a0y actual Director) sigue formando parte del Consejo Directivo,\u00a0lo cual habla muy bien de nuestra instituci\u00f3n y de su l\u00ednea de trabajo\u201d.<\/em><\/p>\n<p>Asimismo, expres\u00f3 que\u00a0<em>\u201c<strong>vamos a\u00a0continuar \u00a0trabajando\u00a0en la interacci\u00f3n con entes gubernamentales y diferentes\u00a0actores vinculados a nuestra actividad, con una fuerte orientaci\u00f3n en la productividad, en agregar valor\u00a0genuino<\/strong>\u00a0a\u00a0lo que hacemos y, a trav\u00e9s de esto,\u00a0a la econom\u00eda en general, sin perder foco en nuestros clientes y sus intereses, que son el principal activo de todas las empresas que integran la CEDOL\u201d<\/em>.<\/p>\n<p>Hern\u00e1n S\u00e1nchez\u00a0forma parte de\u00a0la nueva generaci\u00f3n de empresarios de la log\u00edstica. Viene desarroll\u00e1ndose en el sector desde hace m\u00e1s de 20 a\u00f1os\u00a0y tuvo el honor de estar al frente de\u00a0la Asociaci\u00f3n Argentina de Log\u00edstica Empresaria (ARLOG),\u00a0como Presidente\u00a0durante dos per\u00edodos\u00a0(2015 al 2018)\u00a0y, desde septiembre de 2017\u00a0forma parte de la Comisi\u00f3n Directiva\u00a0de la Asociaci\u00f3n Latinoamericana de Log\u00edstica (ALALOG), en el cargo de Presidente\u00a0Alterno.<\/p>\n<p>A continuaci\u00f3n, el cuadro completo de las nuevas autoridades de la instituci\u00f3n que re\u00fane a las\u00a0principales\u00a0empresas del sector log\u00edstico:<\/p>\n<p><strong>Presidente<\/strong>: Hern\u00e1n S\u00e1nchez (Celsur Log\u00edstica)<br \/>\n<strong>Vicepresidente 1\u00b0<\/strong>: Rub\u00e9n Tornad\u00fa (TRF)<br \/>\n<strong>Vicepresidente 2\u00b0<\/strong>: Norberto Pennella (Cruz del Sur)<br \/>\n<strong>Vicepresidente 3\u00b0<\/strong>: Enrique Rivas (Loginter)<br \/>\n<strong>Secretario<\/strong>: Hugo Membrive (Distribuidora Metropolitana)<br \/>\n<strong>Prosecretario<\/strong>: Ignacio Rey Iraola (SAF)<br \/>\n<strong>Tesorero<\/strong>: Andr\u00e9s Cacchione (Provinter)<br \/>\n<strong>Protesorero<\/strong>: Mat\u00edas \u00c1lvarez Piris (Zarcam)<\/p>\n<p><strong>Director<\/strong>: Jorge L\u00f3pez (Andreani)<br \/>\n<strong>Director<\/strong>: Eduardo Ford (Gefco)<br \/>\n<strong>Director<\/strong>: Lucio Pe\u00f1a (Tradelog)<br \/>\n<strong>Director<\/strong>: Hern\u00e1n Cervelo (Exologistica)<br \/>\n<strong>Director<\/strong>: Miguel Maturo (Calico)<br \/>\n<strong>Director<\/strong>: Reynaldo Maques (Interbook)<br \/>\n<strong>Director<\/strong>: Ricardo Chaufan (Entregar).<\/p>\n<p><strong>Director Suplente 1<\/strong>: Lucas Gim\u00e9nez Haupt (Cargo)<br \/>\n<strong>Director Suplente 2<\/strong>: Mart\u00edn Del Negro (ID Logistics)<br \/>\n<strong>Director Suplente 3<\/strong>: Heber Aceval Pollaci (Double Star)<br \/>\n<strong>Director Suplente 4<\/strong>: Fernando Romagnoli (OCASA)<br \/>\n<strong>Director Suplente 5<\/strong>: Gast\u00f3n Hourcade (Dialog)<br \/>\n<strong>Director Suplente 6<\/strong>: Facundo Casillas (Tasa Log\u00edstica)<\/p>\n<p><strong>\u00d3rgano de fiscalizaci\u00f3n<br \/>\n<\/strong><strong>Titular:<\/strong>\u00a0Gustavo Valdez (Sistemas Log\u00edsticos Gestionados)<br \/>\n<strong>Titular:<\/strong>\u00a0Francisco Gon\u00e7alvez (Terminal Panamericana)<br \/>\n<strong>Suplente:<\/strong>\u00a0Ariel Seltzer (Cat Argentina)<\/p>\n<p>Adem\u00e1s, la C\u00e1mara cuenta con una\u00a0<strong>Direcci\u00f3n Ejecutiva<\/strong>, a cargo de Daniel Carranza, y una\u00a0<strong>Direcci\u00f3n T\u00e9cnica<\/strong>, integrada por Carlos Musante y Alejandro Leiras; encargadas de administrar y llevar adelante las distintas gestiones e iniciativas.<\/p>\n","protected":false},"excerpt":{"rendered":"<p>En la Asamblea Anual del 16 de abril, y con la participaci\u00f3n de la mayor\u00eda de empresas asociadas, la\u00a0CEDOL\u00a0renov\u00f3 sus autoridades para conformar la nueva [&hellip;]<\/p>\n","protected":false},"author":1,"featured_media":2285,"comment_status":"open","ping_status":"open","sticky":true,"template":"","format":"standard","meta":{"_monsterinsights_skip_tracking":false,"_monsterinsights_sitenote_active":false,"_monsterinsights_sitenote_note":"","_monsterinsights_sitenote_category":0,"footnotes":""},"categories":[4],"tags":[],"class_list":["post-2286","post","type-post","status-publish","format-standard","has-post-thumbnail","hentry","category-noticias"],"yoast_head":"<!-- This site is optimized with the Yoast SEO plugin v22.3 - https:\/\/yoast.com\/wordpress\/plugins\/seo\/ -->\n<title>NUEVA COMISI\u00d3N DIRECTIVA DE LA CEDOL &#187; CEDOL<\/title>\n<meta name=\"description\" content=\"En la Asamblea Anual del 16 de abril, y con la participaci\u00f3n de la mayor\u00eda de empresas asociadas, la\u00a0CEDOL\u00a0renov\u00f3 sus autoridades para conformar la nueva Comisi\u00f3n Directiva que, hasta 2021, presidir\u00e1\u00a0Hern\u00e1n S\u00e1nchez, Accionista y\u00a0Director de Celsur Log\u00edstica.\u00a0\" \/>\n<meta name=\"robots\" content=\"index, follow, max-snippet:-1, max-image-preview:large, max-video-preview:-1\" \/>\n<link rel=\"canonical\" href=\"https:\/\/www.cedol.org.ar\/logistica\/nueva-comision-directiva-la-cedol\/\" \/>\n<meta property=\"og:locale\" content=\"es_ES\" \/>\n<meta property=\"og:type\" content=\"article\" \/>\n<meta property=\"og:title\" content=\"NUEVA COMISI\u00d3N DIRECTIVA DE LA CEDOL &#187; CEDOL\" \/>\n<meta property=\"og:description\" content=\"En la Asamblea Anual del 16 de abril, y con la participaci\u00f3n de la mayor\u00eda de empresas asociadas, la\u00a0CEDOL\u00a0renov\u00f3 sus autoridades para conformar la nueva Comisi\u00f3n Directiva que, hasta 2021, presidir\u00e1\u00a0Hern\u00e1n S\u00e1nchez, Accionista y\u00a0Director de Celsur Log\u00edstica.\u00a0\" \/>\n<meta property=\"og:url\" content=\"https:\/\/www.cedol.org.ar\/logistica\/nueva-comision-directiva-la-cedol\/\" \/>\n<meta property=\"og:site_name\" content=\"CEDOL\" \/>\n<meta property=\"article:published_time\" content=\"2019-04-25T23:05:07+00:00\" \/>\n<meta property=\"article:modified_time\" content=\"2019-04-26T17:24:46+00:00\" \/>\n<meta property=\"og:image\" content=\"https:\/\/www.cedol.org.ar\/logistica\/wp-content\/uploads\/2019\/04\/Hern\u00e1n-S\u00e1nchez-Presidente-CEDOL-baja-1.jpg\" \/>\n\t<meta property=\"og:image:width\" content=\"1070\" \/>\n\t<meta property=\"og:image:height\" content=\"540\" \/>\n\t<meta property=\"og:image:type\" content=\"image\/jpeg\" \/>\n<meta name=\"author\" content=\"admin\" \/>\n<meta name=\"twitter:card\" content=\"summary_large_image\" \/>\n<meta name=\"twitter:label1\" content=\"Escrito por\" \/>\n\t<meta name=\"twitter:data1\" content=\"admin\" \/>\n\t<meta name=\"twitter:label2\" content=\"Tiempo de lectura\" \/>\n\t<meta name=\"twitter:data2\" content=\"2 minutos\" \/>\n<script type=\"application\/ld+json\" class=\"yoast-schema-graph\">{\"@context\":\"https:\/\/schema.org\",\"@graph\":[{\"@type\":\"WebPage\",\"@id\":\"https:\/\/www.cedol.org.ar\/logistica\/nueva-comision-directiva-la-cedol\/\",\"url\":\"https:\/\/www.cedol.org.ar\/logistica\/nueva-comision-directiva-la-cedol\/\",\"name\":\"NUEVA COMISI\u00d3N DIRECTIVA DE LA CEDOL &#187; CEDOL\",\"isPartOf\":{\"@id\":\"https:\/\/www.cedol.org.ar\/logistica\/#website\"},\"primaryImageOfPage\":{\"@id\":\"https:\/\/www.cedol.org.ar\/logistica\/nueva-comision-directiva-la-cedol\/#primaryimage\"},\"image\":{\"@id\":\"https:\/\/www.cedol.org.ar\/logistica\/nueva-comision-directiva-la-cedol\/#primaryimage\"},\"thumbnailUrl\":\"https:\/\/www.cedol.org.ar\/logistica\/wp-content\/uploads\/2019\/04\/Hern\u00e1n-S\u00e1nchez-Presidente-CEDOL-baja-1.jpg\",\"datePublished\":\"2019-04-25T23:05:07+00:00\",\"dateModified\":\"2019-04-26T17:24:46+00:00\",\"author\":{\"@id\":\"https:\/\/www.cedol.org.ar\/logistica\/#\/schema\/person\/40275bdb20446824fc74d51aabe22e83\"},\"description\":\"En la Asamblea Anual del 16 de abril, y con la participaci\u00f3n de la mayor\u00eda de empresas asociadas, la\u00a0CEDOL\u00a0renov\u00f3 sus autoridades para conformar la nueva Comisi\u00f3n Directiva que, hasta 2021, presidir\u00e1\u00a0Hern\u00e1n S\u00e1nchez, Accionista y\u00a0Director de Celsur Log\u00edstica.\u00a0\",\"breadcrumb\":{\"@id\":\"https:\/\/www.cedol.org.ar\/logistica\/nueva-comision-directiva-la-cedol\/#breadcrumb\"},\"inLanguage\":\"es\",\"potentialAction\":[{\"@type\":\"ReadAction\",\"target\":[\"https:\/\/www.cedol.org.ar\/logistica\/nueva-comision-directiva-la-cedol\/\"]}]},{\"@type\":\"ImageObject\",\"inLanguage\":\"es\",\"@id\":\"https:\/\/www.cedol.org.ar\/logistica\/nueva-comision-directiva-la-cedol\/#primaryimage\",\"url\":\"https:\/\/www.cedol.org.ar\/logistica\/wp-content\/uploads\/2019\/04\/Hern\u00e1n-S\u00e1nchez-Presidente-CEDOL-baja-1.jpg\",\"contentUrl\":\"https:\/\/www.cedol.org.ar\/logistica\/wp-content\/uploads\/2019\/04\/Hern\u00e1n-S\u00e1nchez-Presidente-CEDOL-baja-1.jpg\",\"width\":1070,\"height\":540},{\"@type\":\"BreadcrumbList\",\"@id\":\"https:\/\/www.cedol.org.ar\/logistica\/nueva-comision-directiva-la-cedol\/#breadcrumb\",\"itemListElement\":[{\"@type\":\"ListItem\",\"position\":1,\"name\":\"Home\",\"item\":\"https:\/\/www.cedol.org.ar\/logistica\/\"},{\"@type\":\"ListItem\",\"position\":2,\"name\":\"NUEVA COMISI\u00d3N DIRECTIVA DE LA CEDOL\"}]},{\"@type\":\"WebSite\",\"@id\":\"https:\/\/www.cedol.org.ar\/logistica\/#website\",\"url\":\"https:\/\/www.cedol.org.ar\/logistica\/\",\"name\":\"CEDOL\",\"description\":\"C\u00c1MARA EMPRESARIA DE OPERADORES LOG\u00cdSTICOS\",\"potentialAction\":[{\"@type\":\"SearchAction\",\"target\":{\"@type\":\"EntryPoint\",\"urlTemplate\":\"https:\/\/www.cedol.org.ar\/logistica\/?s={search_term_string}\"},\"query-input\":\"required name=search_term_string\"}],\"inLanguage\":\"es\"},{\"@type\":\"Person\",\"@id\":\"https:\/\/www.cedol.org.ar\/logistica\/#\/schema\/person\/40275bdb20446824fc74d51aabe22e83\",\"name\":\"admin\"}]}<\/script>\n<!-- \/ Yoast SEO plugin. -->","yoast_head_json":{"title":"NUEVA COMISI\u00d3N DIRECTIVA DE LA CEDOL &#187; CEDOL","description":"En la Asamblea Anual del 16 de abril, y con la participaci\u00f3n de la mayor\u00eda de empresas asociadas, la\u00a0CEDOL\u00a0renov\u00f3 sus autoridades para conformar la nueva Comisi\u00f3n Directiva que, hasta 2021, presidir\u00e1\u00a0Hern\u00e1n S\u00e1nchez, Accionista y\u00a0Director de Celsur Log\u00edstica.\u00a0","robots":{"index":"index","follow":"follow","max-snippet":"max-snippet:-1","max-image-preview":"max-image-preview:large","max-video-preview":"max-video-preview:-1"},"canonical":"https:\/\/www.cedol.org.ar\/logistica\/nueva-comision-directiva-la-cedol\/","og_locale":"es_ES","og_type":"article","og_title":"NUEVA COMISI\u00d3N DIRECTIVA DE LA CEDOL &#187; CEDOL","og_description":"En la Asamblea Anual del 16 de abril, y con la participaci\u00f3n de la mayor\u00eda de empresas asociadas, la\u00a0CEDOL\u00a0renov\u00f3 sus autoridades para conformar la nueva Comisi\u00f3n Directiva que, hasta 2021, presidir\u00e1\u00a0Hern\u00e1n S\u00e1nchez, Accionista y\u00a0Director de Celsur Log\u00edstica.\u00a0","og_url":"https:\/\/www.cedol.org.ar\/logistica\/nueva-comision-directiva-la-cedol\/","og_site_name":"CEDOL","article_published_time":"2019-04-25T23:05:07+00:00","article_modified_time":"2019-04-26T17:24:46+00:00","og_image":[{"width":1070,"height":540,"url":"https:\/\/www.cedol.org.ar\/logistica\/wp-content\/uploads\/2019\/04\/Hern\u00e1n-S\u00e1nchez-Presidente-CEDOL-baja-1.jpg","type":"image\/jpeg"}],"author":"admin","twitter_card":"summary_large_image","twitter_misc":{"Escrito por":"admin","Tiempo de lectura":"2 minutos"},"schema":{"@context":"https:\/\/schema.org","@graph":[{"@type":"WebPage","@id":"https:\/\/www.cedol.org.ar\/logistica\/nueva-comision-directiva-la-cedol\/","url":"https:\/\/www.cedol.org.ar\/logistica\/nueva-comision-directiva-la-cedol\/","name":"NUEVA COMISI\u00d3N DIRECTIVA DE LA CEDOL &#187; CEDOL","isPartOf":{"@id":"https:\/\/www.cedol.org.ar\/logistica\/#website"},"primaryImageOfPage":{"@id":"https:\/\/www.cedol.org.ar\/logistica\/nueva-comision-directiva-la-cedol\/#primaryimage"},"image":{"@id":"https:\/\/www.cedol.org.ar\/logistica\/nueva-comision-directiva-la-cedol\/#primaryimage"},"thumbnailUrl":"https:\/\/www.cedol.org.ar\/logistica\/wp-content\/uploads\/2019\/04\/Hern\u00e1n-S\u00e1nchez-Presidente-CEDOL-baja-1.jpg","datePublished":"2019-04-25T23:05:07+00:00","dateModified":"2019-04-26T17:24:46+00:00","author":{"@id":"https:\/\/www.cedol.org.ar\/logistica\/#\/schema\/person\/40275bdb20446824fc74d51aabe22e83"},"description":"En la Asamblea Anual del 16 de abril, y con la participaci\u00f3n de la mayor\u00eda de empresas asociadas, la\u00a0CEDOL\u00a0renov\u00f3 sus autoridades para conformar la nueva Comisi\u00f3n Directiva que, hasta 2021, presidir\u00e1\u00a0Hern\u00e1n S\u00e1nchez, Accionista y\u00a0Director de Celsur Log\u00edstica.\u00a0","breadcrumb":{"@id":"https:\/\/www.cedol.org.ar\/logistica\/nueva-comision-directiva-la-cedol\/#breadcrumb"},"inLanguage":"es","potentialAction":[{"@type":"ReadAction","target":["https:\/\/www.cedol.org.ar\/logistica\/nueva-comision-directiva-la-cedol\/"]}]},{"@type":"ImageObject","inLanguage":"es","@id":"https:\/\/www.cedol.org.ar\/logistica\/nueva-comision-directiva-la-cedol\/#primaryimage","url":"https:\/\/www.cedol.org.ar\/logistica\/wp-content\/uploads\/2019\/04\/Hern\u00e1n-S\u00e1nchez-Presidente-CEDOL-baja-1.jpg","contentUrl":"https:\/\/www.cedol.org.ar\/logistica\/wp-content\/uploads\/2019\/04\/Hern\u00e1n-S\u00e1nchez-Presidente-CEDOL-baja-1.jpg","width":1070,"height":540},{"@type":"BreadcrumbList","@id":"https:\/\/www.cedol.org.ar\/logistica\/nueva-comision-directiva-la-cedol\/#breadcrumb","itemListElement":[{"@type":"ListItem","position":1,"name":"Home","item":"https:\/\/www.cedol.org.ar\/logistica\/"},{"@type":"ListItem","position":2,"name":"NUEVA COMISI\u00d3N DIRECTIVA DE LA CEDOL"}]},{"@type":"WebSite","@id":"https:\/\/www.cedol.org.ar\/logistica\/#website","url":"https:\/\/www.cedol.org.ar\/logistica\/","name":"CEDOL","description":"C\u00c1MARA EMPRESARIA DE OPERADORES LOG\u00cdSTICOS","potentialAction":[{"@type":"SearchAction","target":{"@type":"EntryPoint","urlTemplate":"https:\/\/www.cedol.org.ar\/logistica\/?s={search_term_string}"},"query-input":"required name=search_term_string"}],"inLanguage":"es"},{"@type":"Person","@id":"https:\/\/www.cedol.org.ar\/logistica\/#\/schema\/person\/40275bdb20446824fc74d51aabe22e83","name":"admin"}]}},"_links":{"self":[{"href":"https:\/\/www.cedol.org.ar\/logistica\/wp-json\/wp\/v2\/posts\/2286","targetHints":{"allow":["GET"]}}],"collection":[{"href":"https:\/\/www.cedol.org.ar\/logistica\/wp-json\/wp\/v2\/posts"}],"about":[{"href":"https:\/\/www.cedol.org.ar\/logistica\/wp-json\/wp\/v2\/types\/post"}],"author":[{"embeddable":true,"href":"https:\/\/www.cedol.org.ar\/logistica\/wp-json\/wp\/v2\/users\/1"}],"replies":[{"embeddable":true,"href":"https:\/\/www.cedol.org.ar\/logistica\/wp-json\/wp\/v2\/comments?post=2286"}],"version-history":[{"count":2,"href":"https:\/\/www.cedol.org.ar\/logistica\/wp-json\/wp\/v2\/posts\/2286\/revisions"}],"predecessor-version":[{"id":2288,"href":"https:\/\/www.cedol.org.ar\/logistica\/wp-json\/wp\/v2\/posts\/2286\/revisions\/2288"}],"wp:featuredmedia":[{"embeddable":true,"href":"https:\/\/www.cedol.org.ar\/logistica\/wp-json\/wp\/v2\/media\/2285"}],"wp:attachment":[{"href":"https:\/\/www.cedol.org.ar\/logistica\/wp-json\/wp\/v2\/media?parent=2286"}],"wp:term":[{"taxonomy":"category","embeddable":true,"href":"https:\/\/www.cedol.org.ar\/logistica\/wp-json\/wp\/v2\/categories?post=2286"},{"taxonomy":"post_tag","embeddable":true,"href":"https:\/\/www.cedol.org.ar\/logistica\/wp-json\/wp\/v2\/tags?post=2286"}],"curies":[{"name":"wp","href":"https:\/\/api.w.org\/{rel}","templated":true}]}}