{"id":2274,"date":"2019-04-15T23:20:40","date_gmt":"2019-04-15T23:20:40","guid":{"rendered":"http:\/\/www.cedol.org.ar\/logistica\/?p=2274"},"modified":"2019-04-15T23:20:40","modified_gmt":"2019-04-15T23:20:40","slug":"encuentro-profesional-logistica-cedol-2019","status":"publish","type":"post","link":"https:\/\/www.cedol.org.ar\/logistica\/encuentro-profesional-logistica-cedol-2019\/","title":{"rendered":"Encuentro Profesional de Log\u00edstica \u2013 CEDOL 2019"},"content":{"rendered":"<p><strong>El desaf\u00edo de innovar en la gesti\u00f3n de talentos log\u00edsticos para desarrollar el sector<\/strong><\/p>\n<p>Buenos Aires, 11 de abril de 2019.-\u00a0Como cada a\u00f1o, la\u00a0<strong>C\u00e1mara Empresaria de Operadores Log\u00edsticos (Cedol)<\/strong>\u00a0organiz\u00f3 su tradicional Encuentro Profesional de Log\u00edstica que,\u00a0en esta oportunidad,\u00a0se centr\u00f3 en la tem\u00e1tica en la\u00a0<em>\u201cInnovaci\u00f3n en \u00a0la gesti\u00f3n de talentos log\u00edsticos\u201d<\/em>. Con casi 1200 inscriptos, el primer gran evento log\u00edstico de la temporada se realiz\u00f3 el pasado 10 de abril,\u00a0en el sal\u00f3n Golden Center de Parque Norte de la ciudad de Buenos Aires.<\/p>\n<p>Durante la apertura,\u00a0<strong>Jorge L\u00f3pez<\/strong>, presidente de Cedol, remarc\u00f3 el trabajo de los departamentos t\u00e9cnicos que funcionan en la C\u00e1mara,\u00a0<em>\u201cdonde se re\u00fanen profesionales de distintas empresas para debatir problemas, intercambiar ideas y consensuar alternativas en com\u00fan para mejorar la actividad log\u00edstica\u201d<\/em>. Sobre la nueva publicaci\u00f3n t\u00e9cnica, la n\u00famero 11, que public\u00f3 la instituci\u00f3n, destac\u00f3 que \u201c<em>fue una gran demostraci\u00f3n de trabajo en equipo, ya que 16 profesionales de 10 compa\u00f1\u00edas diferentes se juntaron para plasmar en el libro un conocimiento compartido que se proyectar\u00e1 hacia el resto del sector log\u00edstico\u201d<\/em>.<\/p>\n<p>Asimismo, expres\u00f3 que\u00a0<em>\u201cel activo m\u00e1s importante que tenemos las empresas de log\u00edstica es la gente, por eso la gesti\u00f3n del talento debe ser una prioridad de todas las \u00e1reas de la compa\u00f1\u00eda, especialmente de la direcci\u00f3n\u201d<\/em>. Y agreg\u00f3:\u00a0<em>\u201cuna organizaci\u00f3n que busca trascender necesita pensar en su gente y en la innovaci\u00f3n, sobre todo de cara a las nuevas generaciones\u201d<\/em>. Para terminar, L\u00f3pez eligi\u00f3 parafrasear al premio Nobel argentino, Bernardo Houssay, y record\u00f3 que\u00a0<em>\u201clos pa\u00edses ricos y desarrollados invierten en talento; los pobres no lo hacen\u201d<\/em>.<\/p>\n<p>A continuaci\u00f3n,\u00a0<strong>Alejandro Leiras<\/strong>, co-responsable T\u00e9cnico de CEDOL, explic\u00f3 que \u201c<em>uno de los puntos fuertes que trabaj\u00f3 la nueva publicaci\u00f3n de la C\u00e1mara fue la inteligencia log\u00edstica, porque el objetivo de las empresas siempre debe ser el cliente. \u00c9ste, ahora piensa distinto, en tiempo real, y desde la log\u00edstica debemos darle valor e innovaci\u00f3n permanente, con inteligencia\u201d<\/em>.<\/p>\n<p><strong>Liderar para el futuro<br \/>\n<\/strong>A su turno,\u00a0<strong>Fernando Troilo<\/strong>, especialista e\u00a0<em>influencer<\/em>\u00a0regional en recursos humanos, se\u00f1al\u00f3 que\u00a0<em>\u201cla convivencia intergeneracional es un aspecto clave. Los millennials valoran especialmente aquellas organizaciones que respetan a su gente y cuentan con jefes de perfiles m\u00e1s cercanos a un coach. Por eso la pregunta fundamental es qu\u00e9 tipo de empresas y jefes debemos construir seg\u00fan esta visi\u00f3n, qu\u00e9 tipo de l\u00edderes necesitaremos para lograr el compromiso de las pr\u00f3ximas generaciones que se incorporen al mercado laboral\u201d<\/em>.<\/p>\n<p>Por su parte,\u00a0<strong>Miguel Di Leo<\/strong>, referente de management y recursos humanos, cont\u00f3 que\u00a0<em>\u201cen Argentina faltan l\u00edderes y se ve una situaci\u00f3n particular. Encontramos m\u00e1s empleados en actividad buscando un nuevo puesto, que desempleados buscando trabajo. Y la explicaci\u00f3n es que no aguantan a su jefe. En esa situaci\u00f3n se manifiesta la falta de l\u00edderes positivos que tienen las empresas\u201d<\/em>.<\/p>\n<p><strong>Costos log\u00edsticos regionales<br \/>\n<\/strong>Durante el segundo m\u00f3dulo,<strong>\u00a0Carlos Musante<\/strong>, responsable T\u00e9cnico de CEDOL, present\u00f3 los resultados del 2\u00b0 Benchmarking de costos log\u00edsticos realizado por \u00a0la Asociaci\u00f3n Latinoamericana de Log\u00edstica (ALALOG) y que ubica a la Argentina bastante por encima de la media regional, apenas superada por Uruguay. \u201c<em>Es llamativo que en 2017 la ubicaci\u00f3n fue al rev\u00e9s entre estos 2 pa\u00edses, lo que demuestra que ambos vienen por encima del resto hace tiempo y esa diferencia radica b\u00e1sicamente en el valor de los combustibles y la mano de obra\u201d<\/em>, reflexion\u00f3.<strong>\u00a0<\/strong>Asimismo, al repasar las cifras del estudio en el que participaron 11 pa\u00edses de la regi\u00f3n, Musante reconoci\u00f3 que el tipo de cambio es importante pero no es todo:\u00a0<em>\u201crealmente lo que nos hace ganar productividad, que es lo que todos necesitamos a nivel regional, es la existencia de planes estrat\u00e9gicos y la infraestructura log\u00edstica, aspectos donde toda la regi\u00f3n presenta grandes atrasos\u201d<\/em>.<\/p>\n<p><strong>Reconocimiento e incentivo<br \/>\n<\/strong>Este a\u00f1o, el reconocimiento a entidades que realizan acciones destacadas para la sociedad, fue para la\u00a0 <strong>Fundaci\u00f3n Ruta 40<\/strong>, cuya directora,\u00a0<strong>Paula Torres Carbonell<\/strong>, recibi\u00f3 de CEDOL un incentivo econ\u00f3mico como aporte a su labor para apuntalar la educaci\u00f3n en todo el pa\u00eds. Mientras que el premio a la\u00a0<em>\u201cpersonalidad log\u00edstica del a\u00f1o\u201d<\/em>\u00a0fue para la\u00a0<strong>Asociaci\u00f3n Argentina de Log\u00edstica Empresaria (ARLOG)<\/strong>, entidad referente en la formaci\u00f3n de talento profesional para el sector log\u00edstico.\u00a0<em>\u201cEs un reconocimiento para todos los que vienen trabajando desde 1990 en la asociaci\u00f3n para buscar la colaboraci\u00f3n y desarrollo entre los profesionales del sector\u201d<\/em>, agradeci\u00f3\u00a0<strong>Ra\u00fal Garreta<\/strong>, presidente de la entidad.<\/p>\n<p><strong>Ciencia y empresa<br \/>\n<\/strong>En el \u00faltimo tramo del Encuentro se present\u00f3 el cient\u00edfico\u00a0<strong>Diego Golombek<\/strong>, quien mantuvo enganchados a los asistentes con su presentaci\u00f3n\u00a0<em>\u201cLa log\u00edstica del cerebro\u201d<\/em>\u00a0y varios ejercicios que despertaron el asombro de los asistentes. Ya en el final, sobre su percepci\u00f3n de la realidad empresaria nacional, Golombek puntualiz\u00f3:\u00a0<em>\u201clas compa\u00f1\u00edas que integraron el conocimiento a su gesti\u00f3n diaria han alcanzado mucho \u00e9xito pero, lamentablemente, el empresario argentino tiene otras urgencias en las cuales invertir\u201d<\/em>.<\/p>\n<p><strong>\u00a0<\/strong><\/p>\n<p><strong>\u00a0<\/strong><strong><u>Sobre CEDOL<br \/>\n<\/u><\/strong>La C\u00e1mara Empresaria de Operadores Log\u00edsticos se fund\u00f3 en noviembre de 1998 para asumir la representaci\u00f3n de las empresas que tienen como principal actividad la prestaci\u00f3n de servicios log\u00edsticos: traslados, almacenamiento, ensamble y procesos industriales, fraccionamiento de mercader\u00edas para su transporte y distribuci\u00f3n, ejerciendo el control, la administraci\u00f3n de la informaci\u00f3n y la responsabilidad en las etapas de la cadena de abastecimiento. Al auspiciar las Buenas Pr\u00e1cticas, la entidad impulsa procesos y tecnolog\u00edas que permiten brindar a sus asociados un buen nivel de calidad de servicio a un costo adecuado. Es una entidad miembro de la Federaci\u00f3n Argentina de Entidades Empresariales del Autotransporte de Cargas (FADEEAC).<\/p>\n<p><strong>Gracias por su Difusi\u00f3n<br \/>\n<\/strong>C\u00e1mara Empresaria de Operadores Log\u00edsticos<br \/>\nS\u00e1nchez de Bustamante 54. Buenos Aires.<br \/>\n(011) 4860-7775\/6\u00a0<a href=\"http:\/\/www.cedol.org.ar\/\">www.cedol.org.ar<\/a><br \/>\nComunicaci\u00f3n &amp; Prensa:\u00a0<a href=\"mailto:comunicacion@cedol.org.ar\">comunicacion@cedol.org.ar<\/a><\/p>\n","protected":false},"excerpt":{"rendered":"<p>El desaf\u00edo de innovar en la gesti\u00f3n de talentos log\u00edsticos para desarrollar el sector Buenos Aires, 11 de abril de 2019.-\u00a0Como cada a\u00f1o, la\u00a0C\u00e1mara Empresaria [&hellip;]<\/p>\n","protected":false},"author":1,"featured_media":2275,"comment_status":"open","ping_status":"open","sticky":false,"template":"","format":"standard","meta":{"_monsterinsights_skip_tracking":false,"_monsterinsights_sitenote_active":false,"_monsterinsights_sitenote_note":"","_monsterinsights_sitenote_category":0,"footnotes":""},"categories":[8],"tags":[],"class_list":["post-2274","post","type-post","status-publish","format-standard","has-post-thumbnail","hentry","category-estadisticas"],"yoast_head":"<!-- This site is optimized with the Yoast SEO plugin v22.3 - https:\/\/yoast.com\/wordpress\/plugins\/seo\/ -->\n<title>Encuentro Profesional de Log\u00edstica \u2013 CEDOL 2019 &#187; CEDOL<\/title>\n<meta name=\"description\" content=\"El desaf\u00edo de innovar en la gesti\u00f3n de talentos log\u00edsticos para desarrollar el sector\" \/>\n<meta name=\"robots\" content=\"index, follow, max-snippet:-1, max-image-preview:large, max-video-preview:-1\" \/>\n<link rel=\"canonical\" href=\"https:\/\/www.cedol.org.ar\/logistica\/encuentro-profesional-logistica-cedol-2019\/\" \/>\n<meta property=\"og:locale\" content=\"es_ES\" \/>\n<meta property=\"og:type\" content=\"article\" \/>\n<meta property=\"og:title\" content=\"Encuentro Profesional de Log\u00edstica \u2013 CEDOL 2019 &#187; CEDOL\" \/>\n<meta property=\"og:description\" content=\"El desaf\u00edo de innovar en la gesti\u00f3n de talentos log\u00edsticos para desarrollar el sector\" \/>\n<meta property=\"og:url\" content=\"https:\/\/www.cedol.org.ar\/logistica\/encuentro-profesional-logistica-cedol-2019\/\" \/>\n<meta property=\"og:site_name\" content=\"CEDOL\" \/>\n<meta property=\"article:published_time\" content=\"2019-04-15T23:20:40+00:00\" \/>\n<meta property=\"og:image\" content=\"https:\/\/www.cedol.org.ar\/logistica\/wp-content\/uploads\/2019\/04\/Leiras-Troilo-Di-Leo-y-autores-del-Libro-Cedol.jpg\" \/>\n\t<meta property=\"og:image:width\" content=\"1000\" \/>\n\t<meta property=\"og:image:height\" content=\"668\" \/>\n\t<meta property=\"og:image:type\" content=\"image\/jpeg\" \/>\n<meta name=\"author\" content=\"admin\" \/>\n<meta name=\"twitter:card\" content=\"summary_large_image\" \/>\n<meta name=\"twitter:label1\" content=\"Escrito por\" \/>\n\t<meta name=\"twitter:data1\" content=\"admin\" \/>\n\t<meta name=\"twitter:label2\" content=\"Tiempo de lectura\" \/>\n\t<meta name=\"twitter:data2\" content=\"5 minutos\" \/>\n<script type=\"application\/ld+json\" class=\"yoast-schema-graph\">{\"@context\":\"https:\/\/schema.org\",\"@graph\":[{\"@type\":\"WebPage\",\"@id\":\"https:\/\/www.cedol.org.ar\/logistica\/encuentro-profesional-logistica-cedol-2019\/\",\"url\":\"https:\/\/www.cedol.org.ar\/logistica\/encuentro-profesional-logistica-cedol-2019\/\",\"name\":\"Encuentro Profesional de Log\u00edstica \u2013 CEDOL 2019 &#187; CEDOL\",\"isPartOf\":{\"@id\":\"https:\/\/www.cedol.org.ar\/logistica\/#website\"},\"primaryImageOfPage\":{\"@id\":\"https:\/\/www.cedol.org.ar\/logistica\/encuentro-profesional-logistica-cedol-2019\/#primaryimage\"},\"image\":{\"@id\":\"https:\/\/www.cedol.org.ar\/logistica\/encuentro-profesional-logistica-cedol-2019\/#primaryimage\"},\"thumbnailUrl\":\"https:\/\/www.cedol.org.ar\/logistica\/wp-content\/uploads\/2019\/04\/Leiras-Troilo-Di-Leo-y-autores-del-Libro-Cedol.jpg\",\"datePublished\":\"2019-04-15T23:20:40+00:00\",\"dateModified\":\"2019-04-15T23:20:40+00:00\",\"author\":{\"@id\":\"https:\/\/www.cedol.org.ar\/logistica\/#\/schema\/person\/40275bdb20446824fc74d51aabe22e83\"},\"description\":\"El desaf\u00edo de innovar en la gesti\u00f3n de talentos log\u00edsticos para desarrollar el sector\",\"breadcrumb\":{\"@id\":\"https:\/\/www.cedol.org.ar\/logistica\/encuentro-profesional-logistica-cedol-2019\/#breadcrumb\"},\"inLanguage\":\"es\",\"potentialAction\":[{\"@type\":\"ReadAction\",\"target\":[\"https:\/\/www.cedol.org.ar\/logistica\/encuentro-profesional-logistica-cedol-2019\/\"]}]},{\"@type\":\"ImageObject\",\"inLanguage\":\"es\",\"@id\":\"https:\/\/www.cedol.org.ar\/logistica\/encuentro-profesional-logistica-cedol-2019\/#primaryimage\",\"url\":\"https:\/\/www.cedol.org.ar\/logistica\/wp-content\/uploads\/2019\/04\/Leiras-Troilo-Di-Leo-y-autores-del-Libro-Cedol.jpg\",\"contentUrl\":\"https:\/\/www.cedol.org.ar\/logistica\/wp-content\/uploads\/2019\/04\/Leiras-Troilo-Di-Leo-y-autores-del-Libro-Cedol.jpg\",\"width\":1000,\"height\":668},{\"@type\":\"BreadcrumbList\",\"@id\":\"https:\/\/www.cedol.org.ar\/logistica\/encuentro-profesional-logistica-cedol-2019\/#breadcrumb\",\"itemListElement\":[{\"@type\":\"ListItem\",\"position\":1,\"name\":\"Home\",\"item\":\"https:\/\/www.cedol.org.ar\/logistica\/\"},{\"@type\":\"ListItem\",\"position\":2,\"name\":\"Encuentro Profesional de Log\u00edstica \u2013 CEDOL 2019\"}]},{\"@type\":\"WebSite\",\"@id\":\"https:\/\/www.cedol.org.ar\/logistica\/#website\",\"url\":\"https:\/\/www.cedol.org.ar\/logistica\/\",\"name\":\"CEDOL\",\"description\":\"C\u00c1MARA EMPRESARIA DE OPERADORES LOG\u00cdSTICOS\",\"potentialAction\":[{\"@type\":\"SearchAction\",\"target\":{\"@type\":\"EntryPoint\",\"urlTemplate\":\"https:\/\/www.cedol.org.ar\/logistica\/?s={search_term_string}\"},\"query-input\":\"required name=search_term_string\"}],\"inLanguage\":\"es\"},{\"@type\":\"Person\",\"@id\":\"https:\/\/www.cedol.org.ar\/logistica\/#\/schema\/person\/40275bdb20446824fc74d51aabe22e83\",\"name\":\"admin\"}]}<\/script>\n<!-- \/ Yoast SEO plugin. -->","yoast_head_json":{"title":"Encuentro Profesional de Log\u00edstica \u2013 CEDOL 2019 &#187; CEDOL","description":"El desaf\u00edo de innovar en la gesti\u00f3n de talentos log\u00edsticos para desarrollar el sector","robots":{"index":"index","follow":"follow","max-snippet":"max-snippet:-1","max-image-preview":"max-image-preview:large","max-video-preview":"max-video-preview:-1"},"canonical":"https:\/\/www.cedol.org.ar\/logistica\/encuentro-profesional-logistica-cedol-2019\/","og_locale":"es_ES","og_type":"article","og_title":"Encuentro Profesional de Log\u00edstica \u2013 CEDOL 2019 &#187; CEDOL","og_description":"El desaf\u00edo de innovar en la gesti\u00f3n de talentos log\u00edsticos para desarrollar el sector","og_url":"https:\/\/www.cedol.org.ar\/logistica\/encuentro-profesional-logistica-cedol-2019\/","og_site_name":"CEDOL","article_published_time":"2019-04-15T23:20:40+00:00","og_image":[{"width":1000,"height":668,"url":"https:\/\/www.cedol.org.ar\/logistica\/wp-content\/uploads\/2019\/04\/Leiras-Troilo-Di-Leo-y-autores-del-Libro-Cedol.jpg","type":"image\/jpeg"}],"author":"admin","twitter_card":"summary_large_image","twitter_misc":{"Escrito por":"admin","Tiempo de lectura":"5 minutos"},"schema":{"@context":"https:\/\/schema.org","@graph":[{"@type":"WebPage","@id":"https:\/\/www.cedol.org.ar\/logistica\/encuentro-profesional-logistica-cedol-2019\/","url":"https:\/\/www.cedol.org.ar\/logistica\/encuentro-profesional-logistica-cedol-2019\/","name":"Encuentro Profesional de Log\u00edstica \u2013 CEDOL 2019 &#187; CEDOL","isPartOf":{"@id":"https:\/\/www.cedol.org.ar\/logistica\/#website"},"primaryImageOfPage":{"@id":"https:\/\/www.cedol.org.ar\/logistica\/encuentro-profesional-logistica-cedol-2019\/#primaryimage"},"image":{"@id":"https:\/\/www.cedol.org.ar\/logistica\/encuentro-profesional-logistica-cedol-2019\/#primaryimage"},"thumbnailUrl":"https:\/\/www.cedol.org.ar\/logistica\/wp-content\/uploads\/2019\/04\/Leiras-Troilo-Di-Leo-y-autores-del-Libro-Cedol.jpg","datePublished":"2019-04-15T23:20:40+00:00","dateModified":"2019-04-15T23:20:40+00:00","author":{"@id":"https:\/\/www.cedol.org.ar\/logistica\/#\/schema\/person\/40275bdb20446824fc74d51aabe22e83"},"description":"El desaf\u00edo de innovar en la gesti\u00f3n de talentos log\u00edsticos para desarrollar el sector","breadcrumb":{"@id":"https:\/\/www.cedol.org.ar\/logistica\/encuentro-profesional-logistica-cedol-2019\/#breadcrumb"},"inLanguage":"es","potentialAction":[{"@type":"ReadAction","target":["https:\/\/www.cedol.org.ar\/logistica\/encuentro-profesional-logistica-cedol-2019\/"]}]},{"@type":"ImageObject","inLanguage":"es","@id":"https:\/\/www.cedol.org.ar\/logistica\/encuentro-profesional-logistica-cedol-2019\/#primaryimage","url":"https:\/\/www.cedol.org.ar\/logistica\/wp-content\/uploads\/2019\/04\/Leiras-Troilo-Di-Leo-y-autores-del-Libro-Cedol.jpg","contentUrl":"https:\/\/www.cedol.org.ar\/logistica\/wp-content\/uploads\/2019\/04\/Leiras-Troilo-Di-Leo-y-autores-del-Libro-Cedol.jpg","width":1000,"height":668},{"@type":"BreadcrumbList","@id":"https:\/\/www.cedol.org.ar\/logistica\/encuentro-profesional-logistica-cedol-2019\/#breadcrumb","itemListElement":[{"@type":"ListItem","position":1,"name":"Home","item":"https:\/\/www.cedol.org.ar\/logistica\/"},{"@type":"ListItem","position":2,"name":"Encuentro Profesional de Log\u00edstica \u2013 CEDOL 2019"}]},{"@type":"WebSite","@id":"https:\/\/www.cedol.org.ar\/logistica\/#website","url":"https:\/\/www.cedol.org.ar\/logistica\/","name":"CEDOL","description":"C\u00c1MARA EMPRESARIA DE OPERADORES LOG\u00cdSTICOS","potentialAction":[{"@type":"SearchAction","target":{"@type":"EntryPoint","urlTemplate":"https:\/\/www.cedol.org.ar\/logistica\/?s={search_term_string}"},"query-input":"required name=search_term_string"}],"inLanguage":"es"},{"@type":"Person","@id":"https:\/\/www.cedol.org.ar\/logistica\/#\/schema\/person\/40275bdb20446824fc74d51aabe22e83","name":"admin"}]}},"_links":{"self":[{"href":"https:\/\/www.cedol.org.ar\/logistica\/wp-json\/wp\/v2\/posts\/2274","targetHints":{"allow":["GET"]}}],"collection":[{"href":"https:\/\/www.cedol.org.ar\/logistica\/wp-json\/wp\/v2\/posts"}],"about":[{"href":"https:\/\/www.cedol.org.ar\/logistica\/wp-json\/wp\/v2\/types\/post"}],"author":[{"embeddable":true,"href":"https:\/\/www.cedol.org.ar\/logistica\/wp-json\/wp\/v2\/users\/1"}],"replies":[{"embeddable":true,"href":"https:\/\/www.cedol.org.ar\/logistica\/wp-json\/wp\/v2\/comments?post=2274"}],"version-history":[{"count":1,"href":"https:\/\/www.cedol.org.ar\/logistica\/wp-json\/wp\/v2\/posts\/2274\/revisions"}],"predecessor-version":[{"id":2276,"href":"https:\/\/www.cedol.org.ar\/logistica\/wp-json\/wp\/v2\/posts\/2274\/revisions\/2276"}],"wp:featuredmedia":[{"embeddable":true,"href":"https:\/\/www.cedol.org.ar\/logistica\/wp-json\/wp\/v2\/media\/2275"}],"wp:attachment":[{"href":"https:\/\/www.cedol.org.ar\/logistica\/wp-json\/wp\/v2\/media?parent=2274"}],"wp:term":[{"taxonomy":"category","embeddable":true,"href":"https:\/\/www.cedol.org.ar\/logistica\/wp-json\/wp\/v2\/categories?post=2274"},{"taxonomy":"post_tag","embeddable":true,"href":"https:\/\/www.cedol.org.ar\/logistica\/wp-json\/wp\/v2\/tags?post=2274"}],"curies":[{"name":"wp","href":"https:\/\/api.w.org\/{rel}","templated":true}]}}