{"id":2256,"date":"2019-03-29T01:54:39","date_gmt":"2019-03-29T01:54:39","guid":{"rendered":"http:\/\/www.cedol.org.ar\/logistica\/?p=2256"},"modified":"2019-03-29T21:41:19","modified_gmt":"2019-03-29T21:41:19","slug":"noticias-del-sector-5","status":"publish","type":"post","link":"https:\/\/www.cedol.org.ar\/logistica\/noticias-del-sector-5\/","title":{"rendered":"NOTICIAS DEL SECTOR"},"content":{"rendered":"<p><strong>Novedades de marzo: La Innovaci\u00f3n en la Gesti\u00f3n de los Talentos Log\u00edsticos ser\u00e1 el eje del 11\u00b0 Encuentro CEDOL el 10 de abril; Certificaci\u00f3n LEED Gold en Paraguay; \u00cdndice de productividad 2018; Auditor\u00eda de Comercio \u00c9tico.<\/strong><\/p>\n<p><strong>La Innovaci\u00f3n en la Gesti\u00f3n de Talentos Log\u00edsticos ser\u00e1 el eje del 11\u00b0 Encuentro CEDOL el 10 de abril.<\/strong><\/p>\n<p>Como cada a\u00f1o, la <strong>C\u00e1mara Empresaria de Operadores Log\u00edsticos (CEDOL)<\/strong> organizar\u00e1 su encuentro anual sobre temas destacados y actuales referidos a la log\u00edstica empresaria y sus componentes. En esta oportunidad, la jornada estar\u00e1 centrada en la gente y\u00a0 la creaci\u00f3n de talento dentro del mundo de las operaciones log\u00edsticas, ya que su administraci\u00f3n, gesti\u00f3n y desarrollo resultan clave para el liderazgo innovador y creativo.<\/p>\n<p>Para ello, como en ediciones anteriores, la 11\u00b0 publicaci\u00f3n t\u00e9cnica tambi\u00e9n estar\u00e1 enfocada en esta tem\u00e1tica, con participaci\u00f3n de un grupo de ejecutivos del sector, que aportar\u00e1n ideas y miradas de distintas organizaciones. Asimismo, la C\u00e1mara ha invitado a participar del Encuentro a un experto que colabore en esta nueva mirada sobre la gesti\u00f3n de Recursos Humanos, dentro de las organizaciones del ma\u00f1ana.<\/p>\n<p>Sin dudas, para hacer una diferencia en los negocios es preciso trabajar con las personas. La demanda del mercado actual necesita de la gesti\u00f3n de talentos dentro de las operaciones log\u00edsticas para colaborar en el desarrollo competitivo y sustentable que permita el crecimiento del sector.<\/p>\n<p>La cita ser\u00e1 el 10 de abril del 2019, entre las 8 y 13 horas, en el Sal\u00f3n Golden Center de Parque Norte, en la Ciudad de Buenos Aires. M\u00e1s informaci\u00f3n: <a href=\"http:\/\/www.cedol.org.ar\">www.cedol.org.ar<\/a><\/p>\n<p><strong>Certificaci\u00f3n LEED Gold en Paraguay<br \/>\n<\/strong>El dep\u00f3sito de 18.000 m\u00b2 de <strong>TASA Log\u00edstica<\/strong> en Guaz\u00fa fue reconocido con la Certificaci\u00f3n LEED Gold, siendo el primero en alcanzarla en Paraguay. El complejo, situado en el Distrito de Villeta, incluye oficinas, c\u00e1mara de temperatura controlada y jaula de almacenamiento de productos peligrosos; y fue construido para Unilever Paraguay.<\/p>\n<p>En este sentido, Facundo Casillas, director comercial de Grupo TASA, indic\u00f3 que <em>\u00ablas empresas de log\u00edstica debemos amoldarnos a las necesidades ecol\u00f3gicas y medioambientales del mundo actual. Al respecto, este reconocimiento es la confirmaci\u00f3n de que vamos por un camino sustentable. Es un orgullo para nuestra compa\u00f1\u00eda y debe servir de ejemplo para los proyectos que vienen\u00bb<\/em>.<\/p>\n<p>Por su parte, <strong>Mat\u00edas Orbaiz, del estudio 0+Proyectos<\/strong>, responsable del proceso de certificaci\u00f3n, explic\u00f3 que \u201clas distinciones est\u00e1n compuestas por un conjunto de normas para fomentar la utilizaci\u00f3n de estrategias sustentables en edificios, reconociendo la construcci\u00f3n de espacios responsables con el entorno en cuanto a dise\u00f1o, m\u00e9todos constructivos y operativos\u201d.<\/p>\n<p><strong>\u00cdndice de productividad 2018<br \/>\n<\/strong>Presentaron un nuevo \u00cdndice de Costo Argentino de la Producci\u00f3n (ICAP), elaborado por el <strong>Instituto de Econom\u00eda de UADE<\/strong> para monitorear la tendencia del costo a partir del seguimiento de variables relacionadas con los insumos productivos y el clima de negocios.<\/p>\n<p>El informe indic\u00f3 que el 2018 cerr\u00f3 con una ganancia de competitividad para las empresas, derivada de la disminuci\u00f3n del ICAP, particularmente en los sectores vinculados al comercio exterior, con motivo de la devaluaci\u00f3n.<\/p>\n<p>Adem\u00e1s, se observaron, respecto de diciembre 2017, alzas reales significativas en el costo de la energ\u00eda el\u00e9ctrica, el costo del dinero y el riesgo pa\u00eds, que fueron sobre compensados con bajas en el costo laboral, el costo log\u00edstico y el de las materias primas. La baja real del costo de producci\u00f3n en 2018, junto con otros datos favorables al inicio de 2019, dej\u00f3 a la econom\u00eda mejor posicionada para recuperar la senda de crecimiento econ\u00f3mico durante este a\u00f1o.<\/p>\n<p>Comparando con noviembre de 2018, el Costo Argentino de la Producci\u00f3n mostr\u00f3 en diciembre una suba real de 0,4%, la segunda consecutiva luego de una seguidilla de siete bajas.<\/p>\n<p><strong>Auditor\u00eda de Comercio \u00c9tico<br \/>\n<\/strong><strong>Andreani<\/strong> super\u00f3 exitosamente la Auditor\u00eda de Comercio \u00c9tico de Miembros de Sedex (SMETA, por sus siglas en ingl\u00e9s), un est\u00e1ndar internacional que busca verificar que las cadenas de suministro cumplan con requisitos basados en el C\u00f3digo Base ETI, la alianza global de organizaciones que promueve el respeto de los derechos de los trabajadores, y tambi\u00e9n ligados a seguridad e higiene y medioambiente.<\/p>\n<p>La auditor\u00eda fue llevada adelante por Bureau Veritas Argentina, en la Central Inteligente de Transferencia de la compa\u00f1\u00eda log\u00edstica. \u201cLlevar adelante procesos de revisi\u00f3n interna como SMETA nos aportan informaci\u00f3n valiosa para fortalecer nuestra estrategia de Sustentabilidad, para la cual definimos como uno de los pilares fundamentales el \u2018Valor Humano\u2019. Consideramos que lo mejor de cada uno surge cuando nos conectamos en un ambiente que valora la diversidad, la inclusi\u00f3n, y prioriza la seguridad, la salud y el bienestar\u201d, asegur\u00f3 Ver\u00f3nica Zampa, gerenta de Comunicaciones y Sustentabilidad del operador log\u00edstico.<\/p>\n<p>Sedex es una organizaci\u00f3n global de afiliados que comparte datos responsablemente sobre cadenas de suministro, utilizada por m\u00e1s de 50.000 organizaciones en m\u00e1s de 150 pa\u00edses.<\/p>\n","protected":false},"excerpt":{"rendered":"<p>Novedades de marzo: La Innovaci\u00f3n en la Gesti\u00f3n de los Talentos Log\u00edsticos ser\u00e1 el eje del 11\u00b0 Encuentro CEDOL el 10 de abril; Certificaci\u00f3n LEED [&hellip;]<\/p>\n","protected":false},"author":1,"featured_media":2261,"comment_status":"open","ping_status":"open","sticky":false,"template":"","format":"standard","meta":{"_monsterinsights_skip_tracking":false,"_monsterinsights_sitenote_active":false,"_monsterinsights_sitenote_note":"","_monsterinsights_sitenote_category":0,"footnotes":""},"categories":[4],"tags":[],"class_list":["post-2256","post","type-post","status-publish","format-standard","has-post-thumbnail","hentry","category-noticias"],"yoast_head":"<!-- This site is optimized with the Yoast SEO plugin v22.3 - https:\/\/yoast.com\/wordpress\/plugins\/seo\/ -->\n<title>NOTICIAS DEL SECTOR &#187; CEDOL<\/title>\n<meta name=\"description\" content=\"Novedades de marzo: La Innovaci\u00f3n en la Gesti\u00f3n de los Talentos Log\u00edsticos ser\u00e1 el eje del 11\u00b0 Encuentro CEDOL el 10 de abril; Certificaci\u00f3n LEED Gold en Paraguay; \u00cdndice de productividad 2018; Auditor\u00eda de Comercio \u00c9tico.\" \/>\n<meta name=\"robots\" content=\"index, follow, max-snippet:-1, max-image-preview:large, max-video-preview:-1\" \/>\n<link rel=\"canonical\" href=\"https:\/\/www.cedol.org.ar\/logistica\/noticias-del-sector-5\/\" \/>\n<meta property=\"og:locale\" content=\"es_ES\" \/>\n<meta property=\"og:type\" content=\"article\" \/>\n<meta property=\"og:title\" content=\"NOTICIAS DEL SECTOR &#187; CEDOL\" \/>\n<meta property=\"og:description\" content=\"Novedades de marzo: La Innovaci\u00f3n en la Gesti\u00f3n de los Talentos Log\u00edsticos ser\u00e1 el eje del 11\u00b0 Encuentro CEDOL el 10 de abril; Certificaci\u00f3n LEED Gold en Paraguay; \u00cdndice de productividad 2018; Auditor\u00eda de Comercio \u00c9tico.\" \/>\n<meta property=\"og:url\" content=\"https:\/\/www.cedol.org.ar\/logistica\/noticias-del-sector-5\/\" \/>\n<meta property=\"og:site_name\" content=\"CEDOL\" \/>\n<meta property=\"article:published_time\" content=\"2019-03-29T01:54:39+00:00\" \/>\n<meta property=\"article:modified_time\" content=\"2019-03-29T21:41:19+00:00\" \/>\n<meta property=\"og:image\" content=\"https:\/\/www.cedol.org.ar\/logistica\/wp-content\/uploads\/2019\/03\/portada-816x412-1.jpg\" \/>\n\t<meta property=\"og:image:width\" content=\"816\" \/>\n\t<meta property=\"og:image:height\" content=\"412\" \/>\n\t<meta property=\"og:image:type\" content=\"image\/jpeg\" \/>\n<meta name=\"author\" content=\"admin\" \/>\n<meta name=\"twitter:card\" content=\"summary_large_image\" \/>\n<meta name=\"twitter:label1\" content=\"Escrito por\" \/>\n\t<meta name=\"twitter:data1\" content=\"admin\" \/>\n\t<meta name=\"twitter:label2\" content=\"Tiempo de lectura\" \/>\n\t<meta name=\"twitter:data2\" content=\"4 minutos\" \/>\n<script type=\"application\/ld+json\" class=\"yoast-schema-graph\">{\"@context\":\"https:\/\/schema.org\",\"@graph\":[{\"@type\":\"WebPage\",\"@id\":\"https:\/\/www.cedol.org.ar\/logistica\/noticias-del-sector-5\/\",\"url\":\"https:\/\/www.cedol.org.ar\/logistica\/noticias-del-sector-5\/\",\"name\":\"NOTICIAS DEL SECTOR &#187; CEDOL\",\"isPartOf\":{\"@id\":\"https:\/\/www.cedol.org.ar\/logistica\/#website\"},\"primaryImageOfPage\":{\"@id\":\"https:\/\/www.cedol.org.ar\/logistica\/noticias-del-sector-5\/#primaryimage\"},\"image\":{\"@id\":\"https:\/\/www.cedol.org.ar\/logistica\/noticias-del-sector-5\/#primaryimage\"},\"thumbnailUrl\":\"https:\/\/www.cedol.org.ar\/logistica\/wp-content\/uploads\/2019\/03\/portada-816x412-1.jpg\",\"datePublished\":\"2019-03-29T01:54:39+00:00\",\"dateModified\":\"2019-03-29T21:41:19+00:00\",\"author\":{\"@id\":\"https:\/\/www.cedol.org.ar\/logistica\/#\/schema\/person\/40275bdb20446824fc74d51aabe22e83\"},\"description\":\"Novedades de marzo: La Innovaci\u00f3n en la Gesti\u00f3n de los Talentos Log\u00edsticos ser\u00e1 el eje del 11\u00b0 Encuentro CEDOL el 10 de abril; Certificaci\u00f3n LEED Gold en Paraguay; \u00cdndice de productividad 2018; Auditor\u00eda de Comercio \u00c9tico.\",\"breadcrumb\":{\"@id\":\"https:\/\/www.cedol.org.ar\/logistica\/noticias-del-sector-5\/#breadcrumb\"},\"inLanguage\":\"es\",\"potentialAction\":[{\"@type\":\"ReadAction\",\"target\":[\"https:\/\/www.cedol.org.ar\/logistica\/noticias-del-sector-5\/\"]}]},{\"@type\":\"ImageObject\",\"inLanguage\":\"es\",\"@id\":\"https:\/\/www.cedol.org.ar\/logistica\/noticias-del-sector-5\/#primaryimage\",\"url\":\"https:\/\/www.cedol.org.ar\/logistica\/wp-content\/uploads\/2019\/03\/portada-816x412-1.jpg\",\"contentUrl\":\"https:\/\/www.cedol.org.ar\/logistica\/wp-content\/uploads\/2019\/03\/portada-816x412-1.jpg\",\"width\":816,\"height\":412},{\"@type\":\"BreadcrumbList\",\"@id\":\"https:\/\/www.cedol.org.ar\/logistica\/noticias-del-sector-5\/#breadcrumb\",\"itemListElement\":[{\"@type\":\"ListItem\",\"position\":1,\"name\":\"Home\",\"item\":\"https:\/\/www.cedol.org.ar\/logistica\/\"},{\"@type\":\"ListItem\",\"position\":2,\"name\":\"NOTICIAS DEL SECTOR\"}]},{\"@type\":\"WebSite\",\"@id\":\"https:\/\/www.cedol.org.ar\/logistica\/#website\",\"url\":\"https:\/\/www.cedol.org.ar\/logistica\/\",\"name\":\"CEDOL\",\"description\":\"C\u00c1MARA EMPRESARIA DE OPERADORES LOG\u00cdSTICOS\",\"potentialAction\":[{\"@type\":\"SearchAction\",\"target\":{\"@type\":\"EntryPoint\",\"urlTemplate\":\"https:\/\/www.cedol.org.ar\/logistica\/?s={search_term_string}\"},\"query-input\":\"required name=search_term_string\"}],\"inLanguage\":\"es\"},{\"@type\":\"Person\",\"@id\":\"https:\/\/www.cedol.org.ar\/logistica\/#\/schema\/person\/40275bdb20446824fc74d51aabe22e83\",\"name\":\"admin\"}]}<\/script>\n<!-- \/ Yoast SEO plugin. -->","yoast_head_json":{"title":"NOTICIAS DEL SECTOR &#187; CEDOL","description":"Novedades de marzo: La Innovaci\u00f3n en la Gesti\u00f3n de los Talentos Log\u00edsticos ser\u00e1 el eje del 11\u00b0 Encuentro CEDOL el 10 de abril; Certificaci\u00f3n LEED Gold en Paraguay; \u00cdndice de productividad 2018; Auditor\u00eda de Comercio \u00c9tico.","robots":{"index":"index","follow":"follow","max-snippet":"max-snippet:-1","max-image-preview":"max-image-preview:large","max-video-preview":"max-video-preview:-1"},"canonical":"https:\/\/www.cedol.org.ar\/logistica\/noticias-del-sector-5\/","og_locale":"es_ES","og_type":"article","og_title":"NOTICIAS DEL SECTOR &#187; CEDOL","og_description":"Novedades de marzo: La Innovaci\u00f3n en la Gesti\u00f3n de los Talentos Log\u00edsticos ser\u00e1 el eje del 11\u00b0 Encuentro CEDOL el 10 de abril; Certificaci\u00f3n LEED Gold en Paraguay; \u00cdndice de productividad 2018; Auditor\u00eda de Comercio \u00c9tico.","og_url":"https:\/\/www.cedol.org.ar\/logistica\/noticias-del-sector-5\/","og_site_name":"CEDOL","article_published_time":"2019-03-29T01:54:39+00:00","article_modified_time":"2019-03-29T21:41:19+00:00","og_image":[{"width":816,"height":412,"url":"https:\/\/www.cedol.org.ar\/logistica\/wp-content\/uploads\/2019\/03\/portada-816x412-1.jpg","type":"image\/jpeg"}],"author":"admin","twitter_card":"summary_large_image","twitter_misc":{"Escrito por":"admin","Tiempo de lectura":"4 minutos"},"schema":{"@context":"https:\/\/schema.org","@graph":[{"@type":"WebPage","@id":"https:\/\/www.cedol.org.ar\/logistica\/noticias-del-sector-5\/","url":"https:\/\/www.cedol.org.ar\/logistica\/noticias-del-sector-5\/","name":"NOTICIAS DEL SECTOR &#187; CEDOL","isPartOf":{"@id":"https:\/\/www.cedol.org.ar\/logistica\/#website"},"primaryImageOfPage":{"@id":"https:\/\/www.cedol.org.ar\/logistica\/noticias-del-sector-5\/#primaryimage"},"image":{"@id":"https:\/\/www.cedol.org.ar\/logistica\/noticias-del-sector-5\/#primaryimage"},"thumbnailUrl":"https:\/\/www.cedol.org.ar\/logistica\/wp-content\/uploads\/2019\/03\/portada-816x412-1.jpg","datePublished":"2019-03-29T01:54:39+00:00","dateModified":"2019-03-29T21:41:19+00:00","author":{"@id":"https:\/\/www.cedol.org.ar\/logistica\/#\/schema\/person\/40275bdb20446824fc74d51aabe22e83"},"description":"Novedades de marzo: La Innovaci\u00f3n en la Gesti\u00f3n de los Talentos Log\u00edsticos ser\u00e1 el eje del 11\u00b0 Encuentro CEDOL el 10 de abril; Certificaci\u00f3n LEED Gold en Paraguay; \u00cdndice de productividad 2018; Auditor\u00eda de Comercio \u00c9tico.","breadcrumb":{"@id":"https:\/\/www.cedol.org.ar\/logistica\/noticias-del-sector-5\/#breadcrumb"},"inLanguage":"es","potentialAction":[{"@type":"ReadAction","target":["https:\/\/www.cedol.org.ar\/logistica\/noticias-del-sector-5\/"]}]},{"@type":"ImageObject","inLanguage":"es","@id":"https:\/\/www.cedol.org.ar\/logistica\/noticias-del-sector-5\/#primaryimage","url":"https:\/\/www.cedol.org.ar\/logistica\/wp-content\/uploads\/2019\/03\/portada-816x412-1.jpg","contentUrl":"https:\/\/www.cedol.org.ar\/logistica\/wp-content\/uploads\/2019\/03\/portada-816x412-1.jpg","width":816,"height":412},{"@type":"BreadcrumbList","@id":"https:\/\/www.cedol.org.ar\/logistica\/noticias-del-sector-5\/#breadcrumb","itemListElement":[{"@type":"ListItem","position":1,"name":"Home","item":"https:\/\/www.cedol.org.ar\/logistica\/"},{"@type":"ListItem","position":2,"name":"NOTICIAS DEL SECTOR"}]},{"@type":"WebSite","@id":"https:\/\/www.cedol.org.ar\/logistica\/#website","url":"https:\/\/www.cedol.org.ar\/logistica\/","name":"CEDOL","description":"C\u00c1MARA EMPRESARIA DE OPERADORES LOG\u00cdSTICOS","potentialAction":[{"@type":"SearchAction","target":{"@type":"EntryPoint","urlTemplate":"https:\/\/www.cedol.org.ar\/logistica\/?s={search_term_string}"},"query-input":"required name=search_term_string"}],"inLanguage":"es"},{"@type":"Person","@id":"https:\/\/www.cedol.org.ar\/logistica\/#\/schema\/person\/40275bdb20446824fc74d51aabe22e83","name":"admin"}]}},"_links":{"self":[{"href":"https:\/\/www.cedol.org.ar\/logistica\/wp-json\/wp\/v2\/posts\/2256","targetHints":{"allow":["GET"]}}],"collection":[{"href":"https:\/\/www.cedol.org.ar\/logistica\/wp-json\/wp\/v2\/posts"}],"about":[{"href":"https:\/\/www.cedol.org.ar\/logistica\/wp-json\/wp\/v2\/types\/post"}],"author":[{"embeddable":true,"href":"https:\/\/www.cedol.org.ar\/logistica\/wp-json\/wp\/v2\/users\/1"}],"replies":[{"embeddable":true,"href":"https:\/\/www.cedol.org.ar\/logistica\/wp-json\/wp\/v2\/comments?post=2256"}],"version-history":[{"count":2,"href":"https:\/\/www.cedol.org.ar\/logistica\/wp-json\/wp\/v2\/posts\/2256\/revisions"}],"predecessor-version":[{"id":2266,"href":"https:\/\/www.cedol.org.ar\/logistica\/wp-json\/wp\/v2\/posts\/2256\/revisions\/2266"}],"wp:featuredmedia":[{"embeddable":true,"href":"https:\/\/www.cedol.org.ar\/logistica\/wp-json\/wp\/v2\/media\/2261"}],"wp:attachment":[{"href":"https:\/\/www.cedol.org.ar\/logistica\/wp-json\/wp\/v2\/media?parent=2256"}],"wp:term":[{"taxonomy":"category","embeddable":true,"href":"https:\/\/www.cedol.org.ar\/logistica\/wp-json\/wp\/v2\/categories?post=2256"},{"taxonomy":"post_tag","embeddable":true,"href":"https:\/\/www.cedol.org.ar\/logistica\/wp-json\/wp\/v2\/tags?post=2256"}],"curies":[{"name":"wp","href":"https:\/\/api.w.org\/{rel}","templated":true}]}}