{"id":2247,"date":"2019-03-29T01:47:56","date_gmt":"2019-03-29T01:47:56","guid":{"rendered":"http:\/\/www.cedol.org.ar\/logistica\/?p=2247"},"modified":"2019-04-15T23:43:46","modified_gmt":"2019-04-15T23:43:46","slug":"la-logistica-latinoamericana-se-reunio-mexico","status":"publish","type":"post","link":"https:\/\/www.cedol.org.ar\/logistica\/la-logistica-latinoamericana-se-reunio-mexico\/","title":{"rendered":"LA LOG\u00cdSTICA LATINOAMERICANA SE REUNI\u00d3 EN M\u00c9XICO"},"content":{"rendered":"<p><strong>En la 12\u00aa edici\u00f3n del Logistic Summit &amp; Expo de M\u00e9xico, el 14 de marzo se realiz\u00f3 el 1<sup>er<\/sup> Encuentro ALALOG con un \u00e9xito absoluto de asistentes que pudieron conocer de primera mano nuevas ideas, estrategias y percepciones sobre la SCM.<\/strong><\/p>\n<p>La Asociaci\u00f3n Latinoamericana de Log\u00edstica (ALALOG) eligi\u00f3 el Logistic Summit &amp; Expo como sede de su Primer Encuentro regional para difundir y compartir diferentes puntos de vista, necesidades, opiniones y formas de pensar la log\u00edstica en cada uno de los pa\u00edses miembros de la Asociaci\u00f3n.<\/p>\n<p>El foro se llev\u00f3 a cabo el jueves 14 de marzo, durante 4 horas, en el Auditorio Logistic Talks 3 del Centro CITIBANAMEX, en ciudad de M\u00e9xico, con un \u00e9xito absoluto de asistentes que pudieron conocer de primera mano nuevas ideas, estrategias y percepciones sobre la cadena de suministro para su operaci\u00f3n diaria.<\/p>\n<p>Al respecto, Jorge L\u00f3pez, presidente de ALALOG y de la C\u00e1mara Empresaria de Operadores Log\u00edsticos de Argentina (CEDOL), indic\u00f3 que \u201cpor diversos factores, en los \u00faltimos 15 a\u00f1os, la log\u00edstica se convirti\u00f3 en uno de los principales motores econ\u00f3micos y fuente de competitividad para los pa\u00edses. Por eso, desde ALALOG entendemos a la gesti\u00f3n de la supply chain como el valor m\u00e1s relevante de las compa\u00f1\u00edas y del mundo de los negocios en la actualidad\u201d.<\/p>\n<p>Durante la jornada, se destac\u00f3 la presentaci\u00f3n del 2\u00b0 Informe de Benchmarking latinoamericano de costos log\u00edsticos realizado por ALALOG, a cargo de Carlos Musante, en cual se revel\u00f3 que \u201cUruguay y Argentina vuelven a presentar los costos de operaciones m\u00e1s elevados de la regi\u00f3n\u201d, seg\u00fan surgi\u00f3 del an\u00e1lisis de los indicadores reflejados en el trabajo. Asimismo, se debati\u00f3 sobre la transformaci\u00f3n de los 3PLs hacia alianzas estrat\u00e9gicas, a partir de la exposici\u00f3n de casos pr\u00e1cticos regionales. Tambi\u00e9n se repasaron estrategias de log\u00edstica alineadas a los negocios o tendencias en SCM para operaciones dom\u00e9sticas y de comercio exterior, con la presencia de oradores y profesionales de Argentina, Bolivia, Brasil, Ecuador, M\u00e9xico, Paraguay, Per\u00fa, Uruguay y Venezuela.<\/p>\n<p><strong>Una reuni\u00f3n regional e integradora<br \/>\n<\/strong>Entre las ponencias empresarias, se destacaron las experiencias de Federico Kunz, director de supply chain North of Latin America para Samsonite, y Fabio Murillo, director de log\u00edstica North Latam para Unilever.<\/p>\n<p>En este sentido, se trataron temas destacados para la actividad como \u201cla necesidad de sacar a la superficie, visibilizar y medir los costos ocultos de las operaciones; la distinci\u00f3n entre redes y cadenas, conceptos que se confunden en ocasiones, para destacar la actividad log\u00edstica en red de la actualidad; el rol estrat\u00e9gico del m\u00e1ximo funcionario del SCM, su \u00e1rea y equipo, que es cada vez m\u00e1s relevante y estrat\u00e9gico en la organizaci\u00f3n, cercano a la posici\u00f3n del CEO y comprometido en agregar valor\u201d.<\/p>\n<p>Al respecto, se destac\u00f3 la responsabilidad de sumar valor conectando e integrando la estrategia y el planeamiento estrat\u00e9gico de la compa\u00f1\u00eda con la operaci\u00f3n, los procesos y una realidad cotidiana y cambiante. \u201cEs responsabilidad de los que actuamos en SC convertirnos en integradores, por eso en algunos pasajes de este encuentro se plante\u00f3 que era abrumadora esta funci\u00f3n. Tener la capacidad para pensar estrat\u00e9gicamente planificar y llevar esto a la realidad requiere desarrollar talentos\u201d, remarc\u00f3 L\u00f3pez en durante el cierre del encuentro.<\/p>\n<p>Para el presidente de ALALOG y de CEDOL, es clave \u201cmantener una relaci\u00f3n sustentable\u201d y, asimismo, destac\u00f3 que \u201csi bien en cada pa\u00eds de Am\u00e9rica Latina tenemos realidades diferentes, hay varias cuestiones en com\u00fan que se trataron a lo largo de todas las exposiciones\u201d.<\/p>\n<p>Finalmente, el directivo invit\u00f3 a todas las entidades de Am\u00e9rica Latina vinculadas a la gesti\u00f3n de la supply chain \u201cpara seguir construyendo este puente de integraci\u00f3n que proponemos desde ALALOG\u201d.<\/p>\n","protected":false},"excerpt":{"rendered":"<p>En la 12\u00aa edici\u00f3n del Logistic Summit &amp; Expo de M\u00e9xico, el 14 de marzo se realiz\u00f3 el 1er Encuentro ALALOG con un \u00e9xito absoluto [&hellip;]<\/p>\n","protected":false},"author":1,"featured_media":2248,"comment_status":"open","ping_status":"open","sticky":false,"template":"","format":"standard","meta":{"_monsterinsights_skip_tracking":false,"_monsterinsights_sitenote_active":false,"_monsterinsights_sitenote_note":"","_monsterinsights_sitenote_category":0,"footnotes":""},"categories":[4],"tags":[],"class_list":["post-2247","post","type-post","status-publish","format-standard","has-post-thumbnail","hentry","category-noticias"],"yoast_head":"<!-- This site is optimized with the Yoast SEO plugin v22.3 - https:\/\/yoast.com\/wordpress\/plugins\/seo\/ -->\n<title>LA LOG\u00cdSTICA LATINOAMERICANA SE REUNI\u00d3 EN M\u00c9XICO &#187; CEDOL<\/title>\n<meta name=\"description\" content=\"En la 12\u00aa edici\u00f3n del Logistic Summit &amp; Expo de M\u00e9xico, el 14 de marzo se realiz\u00f3 el 1er Encuentro ALALOG con un \u00e9xito absoluto de asistentes que pudieron conocer de primera mano nuevas ideas, estrategias y percepciones sobre la SCM.\" \/>\n<meta name=\"robots\" content=\"index, follow, max-snippet:-1, max-image-preview:large, max-video-preview:-1\" \/>\n<link rel=\"canonical\" href=\"https:\/\/www.cedol.org.ar\/logistica\/la-logistica-latinoamericana-se-reunio-mexico\/\" \/>\n<meta property=\"og:locale\" content=\"es_ES\" \/>\n<meta property=\"og:type\" content=\"article\" \/>\n<meta property=\"og:title\" content=\"LA LOG\u00cdSTICA LATINOAMERICANA SE REUNI\u00d3 EN M\u00c9XICO &#187; CEDOL\" \/>\n<meta property=\"og:description\" content=\"En la 12\u00aa edici\u00f3n del Logistic Summit &amp; Expo de M\u00e9xico, el 14 de marzo se realiz\u00f3 el 1er Encuentro ALALOG con un \u00e9xito absoluto de asistentes que pudieron conocer de primera mano nuevas ideas, estrategias y percepciones sobre la SCM.\" \/>\n<meta property=\"og:url\" content=\"https:\/\/www.cedol.org.ar\/logistica\/la-logistica-latinoamericana-se-reunio-mexico\/\" \/>\n<meta property=\"og:site_name\" content=\"CEDOL\" \/>\n<meta property=\"article:published_time\" content=\"2019-03-29T01:47:56+00:00\" \/>\n<meta property=\"article:modified_time\" content=\"2019-04-15T23:43:46+00:00\" \/>\n<meta property=\"og:image\" content=\"https:\/\/www.cedol.org.ar\/logistica\/wp-content\/uploads\/2019\/03\/alalog-816x412.jpg\" \/>\n\t<meta property=\"og:image:width\" content=\"816\" \/>\n\t<meta property=\"og:image:height\" content=\"412\" \/>\n\t<meta property=\"og:image:type\" content=\"image\/jpeg\" \/>\n<meta name=\"author\" content=\"admin\" \/>\n<meta name=\"twitter:card\" content=\"summary_large_image\" \/>\n<meta name=\"twitter:label1\" content=\"Escrito por\" \/>\n\t<meta name=\"twitter:data1\" content=\"admin\" \/>\n\t<meta name=\"twitter:label2\" content=\"Tiempo de lectura\" \/>\n\t<meta name=\"twitter:data2\" content=\"3 minutos\" \/>\n<script type=\"application\/ld+json\" class=\"yoast-schema-graph\">{\"@context\":\"https:\/\/schema.org\",\"@graph\":[{\"@type\":\"WebPage\",\"@id\":\"https:\/\/www.cedol.org.ar\/logistica\/la-logistica-latinoamericana-se-reunio-mexico\/\",\"url\":\"https:\/\/www.cedol.org.ar\/logistica\/la-logistica-latinoamericana-se-reunio-mexico\/\",\"name\":\"LA LOG\u00cdSTICA LATINOAMERICANA SE REUNI\u00d3 EN M\u00c9XICO &#187; CEDOL\",\"isPartOf\":{\"@id\":\"https:\/\/www.cedol.org.ar\/logistica\/#website\"},\"primaryImageOfPage\":{\"@id\":\"https:\/\/www.cedol.org.ar\/logistica\/la-logistica-latinoamericana-se-reunio-mexico\/#primaryimage\"},\"image\":{\"@id\":\"https:\/\/www.cedol.org.ar\/logistica\/la-logistica-latinoamericana-se-reunio-mexico\/#primaryimage\"},\"thumbnailUrl\":\"https:\/\/www.cedol.org.ar\/logistica\/wp-content\/uploads\/2019\/03\/alalog-816x412.jpg\",\"datePublished\":\"2019-03-29T01:47:56+00:00\",\"dateModified\":\"2019-04-15T23:43:46+00:00\",\"author\":{\"@id\":\"https:\/\/www.cedol.org.ar\/logistica\/#\/schema\/person\/40275bdb20446824fc74d51aabe22e83\"},\"description\":\"En la 12\u00aa edici\u00f3n del Logistic Summit & Expo de M\u00e9xico, el 14 de marzo se realiz\u00f3 el 1er Encuentro ALALOG con un \u00e9xito absoluto de asistentes que pudieron conocer de primera mano nuevas ideas, estrategias y percepciones sobre la SCM.\",\"breadcrumb\":{\"@id\":\"https:\/\/www.cedol.org.ar\/logistica\/la-logistica-latinoamericana-se-reunio-mexico\/#breadcrumb\"},\"inLanguage\":\"es\",\"potentialAction\":[{\"@type\":\"ReadAction\",\"target\":[\"https:\/\/www.cedol.org.ar\/logistica\/la-logistica-latinoamericana-se-reunio-mexico\/\"]}]},{\"@type\":\"ImageObject\",\"inLanguage\":\"es\",\"@id\":\"https:\/\/www.cedol.org.ar\/logistica\/la-logistica-latinoamericana-se-reunio-mexico\/#primaryimage\",\"url\":\"https:\/\/www.cedol.org.ar\/logistica\/wp-content\/uploads\/2019\/03\/alalog-816x412.jpg\",\"contentUrl\":\"https:\/\/www.cedol.org.ar\/logistica\/wp-content\/uploads\/2019\/03\/alalog-816x412.jpg\",\"width\":816,\"height\":412},{\"@type\":\"BreadcrumbList\",\"@id\":\"https:\/\/www.cedol.org.ar\/logistica\/la-logistica-latinoamericana-se-reunio-mexico\/#breadcrumb\",\"itemListElement\":[{\"@type\":\"ListItem\",\"position\":1,\"name\":\"Home\",\"item\":\"https:\/\/www.cedol.org.ar\/logistica\/\"},{\"@type\":\"ListItem\",\"position\":2,\"name\":\"LA LOG\u00cdSTICA LATINOAMERICANA SE REUNI\u00d3 EN M\u00c9XICO\"}]},{\"@type\":\"WebSite\",\"@id\":\"https:\/\/www.cedol.org.ar\/logistica\/#website\",\"url\":\"https:\/\/www.cedol.org.ar\/logistica\/\",\"name\":\"CEDOL\",\"description\":\"C\u00c1MARA EMPRESARIA DE OPERADORES LOG\u00cdSTICOS\",\"potentialAction\":[{\"@type\":\"SearchAction\",\"target\":{\"@type\":\"EntryPoint\",\"urlTemplate\":\"https:\/\/www.cedol.org.ar\/logistica\/?s={search_term_string}\"},\"query-input\":\"required name=search_term_string\"}],\"inLanguage\":\"es\"},{\"@type\":\"Person\",\"@id\":\"https:\/\/www.cedol.org.ar\/logistica\/#\/schema\/person\/40275bdb20446824fc74d51aabe22e83\",\"name\":\"admin\"}]}<\/script>\n<!-- \/ Yoast SEO plugin. -->","yoast_head_json":{"title":"LA LOG\u00cdSTICA LATINOAMERICANA SE REUNI\u00d3 EN M\u00c9XICO &#187; CEDOL","description":"En la 12\u00aa edici\u00f3n del Logistic Summit & Expo de M\u00e9xico, el 14 de marzo se realiz\u00f3 el 1er Encuentro ALALOG con un \u00e9xito absoluto de asistentes que pudieron conocer de primera mano nuevas ideas, estrategias y percepciones sobre la SCM.","robots":{"index":"index","follow":"follow","max-snippet":"max-snippet:-1","max-image-preview":"max-image-preview:large","max-video-preview":"max-video-preview:-1"},"canonical":"https:\/\/www.cedol.org.ar\/logistica\/la-logistica-latinoamericana-se-reunio-mexico\/","og_locale":"es_ES","og_type":"article","og_title":"LA LOG\u00cdSTICA LATINOAMERICANA SE REUNI\u00d3 EN M\u00c9XICO &#187; CEDOL","og_description":"En la 12\u00aa edici\u00f3n del Logistic Summit & Expo de M\u00e9xico, el 14 de marzo se realiz\u00f3 el 1er Encuentro ALALOG con un \u00e9xito absoluto de asistentes que pudieron conocer de primera mano nuevas ideas, estrategias y percepciones sobre la SCM.","og_url":"https:\/\/www.cedol.org.ar\/logistica\/la-logistica-latinoamericana-se-reunio-mexico\/","og_site_name":"CEDOL","article_published_time":"2019-03-29T01:47:56+00:00","article_modified_time":"2019-04-15T23:43:46+00:00","og_image":[{"width":816,"height":412,"url":"https:\/\/www.cedol.org.ar\/logistica\/wp-content\/uploads\/2019\/03\/alalog-816x412.jpg","type":"image\/jpeg"}],"author":"admin","twitter_card":"summary_large_image","twitter_misc":{"Escrito por":"admin","Tiempo de lectura":"3 minutos"},"schema":{"@context":"https:\/\/schema.org","@graph":[{"@type":"WebPage","@id":"https:\/\/www.cedol.org.ar\/logistica\/la-logistica-latinoamericana-se-reunio-mexico\/","url":"https:\/\/www.cedol.org.ar\/logistica\/la-logistica-latinoamericana-se-reunio-mexico\/","name":"LA LOG\u00cdSTICA LATINOAMERICANA SE REUNI\u00d3 EN M\u00c9XICO &#187; CEDOL","isPartOf":{"@id":"https:\/\/www.cedol.org.ar\/logistica\/#website"},"primaryImageOfPage":{"@id":"https:\/\/www.cedol.org.ar\/logistica\/la-logistica-latinoamericana-se-reunio-mexico\/#primaryimage"},"image":{"@id":"https:\/\/www.cedol.org.ar\/logistica\/la-logistica-latinoamericana-se-reunio-mexico\/#primaryimage"},"thumbnailUrl":"https:\/\/www.cedol.org.ar\/logistica\/wp-content\/uploads\/2019\/03\/alalog-816x412.jpg","datePublished":"2019-03-29T01:47:56+00:00","dateModified":"2019-04-15T23:43:46+00:00","author":{"@id":"https:\/\/www.cedol.org.ar\/logistica\/#\/schema\/person\/40275bdb20446824fc74d51aabe22e83"},"description":"En la 12\u00aa edici\u00f3n del Logistic Summit & Expo de M\u00e9xico, el 14 de marzo se realiz\u00f3 el 1er Encuentro ALALOG con un \u00e9xito absoluto de asistentes que pudieron conocer de primera mano nuevas ideas, estrategias y percepciones sobre la SCM.","breadcrumb":{"@id":"https:\/\/www.cedol.org.ar\/logistica\/la-logistica-latinoamericana-se-reunio-mexico\/#breadcrumb"},"inLanguage":"es","potentialAction":[{"@type":"ReadAction","target":["https:\/\/www.cedol.org.ar\/logistica\/la-logistica-latinoamericana-se-reunio-mexico\/"]}]},{"@type":"ImageObject","inLanguage":"es","@id":"https:\/\/www.cedol.org.ar\/logistica\/la-logistica-latinoamericana-se-reunio-mexico\/#primaryimage","url":"https:\/\/www.cedol.org.ar\/logistica\/wp-content\/uploads\/2019\/03\/alalog-816x412.jpg","contentUrl":"https:\/\/www.cedol.org.ar\/logistica\/wp-content\/uploads\/2019\/03\/alalog-816x412.jpg","width":816,"height":412},{"@type":"BreadcrumbList","@id":"https:\/\/www.cedol.org.ar\/logistica\/la-logistica-latinoamericana-se-reunio-mexico\/#breadcrumb","itemListElement":[{"@type":"ListItem","position":1,"name":"Home","item":"https:\/\/www.cedol.org.ar\/logistica\/"},{"@type":"ListItem","position":2,"name":"LA LOG\u00cdSTICA LATINOAMERICANA SE REUNI\u00d3 EN M\u00c9XICO"}]},{"@type":"WebSite","@id":"https:\/\/www.cedol.org.ar\/logistica\/#website","url":"https:\/\/www.cedol.org.ar\/logistica\/","name":"CEDOL","description":"C\u00c1MARA EMPRESARIA DE OPERADORES LOG\u00cdSTICOS","potentialAction":[{"@type":"SearchAction","target":{"@type":"EntryPoint","urlTemplate":"https:\/\/www.cedol.org.ar\/logistica\/?s={search_term_string}"},"query-input":"required name=search_term_string"}],"inLanguage":"es"},{"@type":"Person","@id":"https:\/\/www.cedol.org.ar\/logistica\/#\/schema\/person\/40275bdb20446824fc74d51aabe22e83","name":"admin"}]}},"_links":{"self":[{"href":"https:\/\/www.cedol.org.ar\/logistica\/wp-json\/wp\/v2\/posts\/2247","targetHints":{"allow":["GET"]}}],"collection":[{"href":"https:\/\/www.cedol.org.ar\/logistica\/wp-json\/wp\/v2\/posts"}],"about":[{"href":"https:\/\/www.cedol.org.ar\/logistica\/wp-json\/wp\/v2\/types\/post"}],"author":[{"embeddable":true,"href":"https:\/\/www.cedol.org.ar\/logistica\/wp-json\/wp\/v2\/users\/1"}],"replies":[{"embeddable":true,"href":"https:\/\/www.cedol.org.ar\/logistica\/wp-json\/wp\/v2\/comments?post=2247"}],"version-history":[{"count":1,"href":"https:\/\/www.cedol.org.ar\/logistica\/wp-json\/wp\/v2\/posts\/2247\/revisions"}],"predecessor-version":[{"id":2249,"href":"https:\/\/www.cedol.org.ar\/logistica\/wp-json\/wp\/v2\/posts\/2247\/revisions\/2249"}],"wp:featuredmedia":[{"embeddable":true,"href":"https:\/\/www.cedol.org.ar\/logistica\/wp-json\/wp\/v2\/media\/2248"}],"wp:attachment":[{"href":"https:\/\/www.cedol.org.ar\/logistica\/wp-json\/wp\/v2\/media?parent=2247"}],"wp:term":[{"taxonomy":"category","embeddable":true,"href":"https:\/\/www.cedol.org.ar\/logistica\/wp-json\/wp\/v2\/categories?post=2247"},{"taxonomy":"post_tag","embeddable":true,"href":"https:\/\/www.cedol.org.ar\/logistica\/wp-json\/wp\/v2\/tags?post=2247"}],"curies":[{"name":"wp","href":"https:\/\/api.w.org\/{rel}","templated":true}]}}