{"id":2244,"date":"2019-03-12T01:28:09","date_gmt":"2019-03-12T01:28:09","guid":{"rendered":"http:\/\/www.cedol.org.ar\/logistica\/?p=2244"},"modified":"2019-03-12T01:28:09","modified_gmt":"2019-03-12T01:28:09","slug":"indice-nacional-utn-cedol","status":"publish","type":"post","link":"https:\/\/www.cedol.org.ar\/logistica\/indice-nacional-utn-cedol\/","title":{"rendered":"\u00cdndice Nacional UTN\/CEDOL"},"content":{"rendered":"<p><strong>Costos log\u00edsticos: vuelven a subir en febrero\u00a0<\/strong><strong>y se estima un fuerte impacto para marzo<\/strong><\/p>\n<p>Buenos Aires, 11 de marzo 2019.-\u00a0La\u00a0<strong>Universidad Tecnol\u00f3gica Nacional (UTN)<\/strong>, a trav\u00e9s de su Centro Tecnol\u00f3gico de Transporte, Tr\u00e1nsito y Seguridad Vial (C3T), dio a conocer la evoluci\u00f3n del\u00a0<strong>\u00cdndice de Costos Log\u00edsticos Nacionales<\/strong>, elaborado para la\u00a0<strong>C\u00e1mara Empresaria de Operadores Log\u00edsticos (CEDOL)<\/strong>, correspondiente al mes de\u00a0<strong>Febrero de 2019<\/strong>.<\/p>\n<p>Los resultados indican que las variaciones de\u00a0<strong>costos para Febrero<\/strong>\u00a0fueron las siguientes:<\/p>\n<p><strong>Cedol con Costos de Transporte&#8230;.0,10%.<br \/>\n<\/strong><strong>Cedol sin Costos de Transporte&#8230;..1,45%.<br \/>\n<\/strong><strong>Distribuci\u00f3n con acompa\u00f1ante&#8230;&#8230;..0,37%.<br \/>\n<\/strong><strong>Distribuci\u00f3n sin acompa\u00f1ante&#8230;&#8230;&#8230;0,52%.<\/strong><\/p>\n<p>Al considerar estas cifras y, a su vez, proyectar algunos indicadores para el\u00a0<strong>mes de Marzo<\/strong>\u00a0que incluir\u00e1n el\u00a0<strong>impacto de la \u00faltima Paritaria e incrementos de tarifas de los combustibles<\/strong>, se estima que la suba en los valores de los costos para\u00a0<strong>el mes pr\u00f3ximo se ubicar\u00edan por encima del 4,3%<\/strong>.<\/p>\n<p>El objetivo de estos indicadores es reflejar mensualmente las variaciones que sufren los costos de los operadores log\u00edsticos de todo el pa\u00eds. Su publicaci\u00f3n, con los componentes completos, tambi\u00e9n se puede consultar en la web de la C\u00e1mara:\u00a0<a href=\"http:\/\/www.cedol.org.ar\/\">www.cedol.org.ar<\/a><\/p>\n<p><strong>Gracias por su Difusi\u00f3n<br \/>\n<\/strong>C\u00e1mara Empresaria de Operadores Log\u00edsticos<br \/>\nS\u00e1nchez de Bustamante 54. Buenos Aires.<br \/>\n(011) 4860-7775\/6\u00a0<a href=\"http:\/\/www.cedol.org.ar\/\">www.cedol.org.ar<\/a><br \/>\nComunicaci\u00f3n &amp; Prensa:\u00a0<a href=\"mailto:comunicacion@cedol.org.ar\">comunicacion@cedol.org.ar<\/a><\/p>\n<p>&nbsp;<\/p>\n","protected":false},"excerpt":{"rendered":"<p>Costos log\u00edsticos: vuelven a subir en febrero\u00a0y se estima un fuerte impacto para marzo Buenos Aires, 11 de marzo 2019.-\u00a0La\u00a0Universidad Tecnol\u00f3gica Nacional (UTN), a trav\u00e9s [&hellip;]<\/p>\n","protected":false},"author":1,"featured_media":2125,"comment_status":"open","ping_status":"open","sticky":false,"template":"","format":"standard","meta":{"_monsterinsights_skip_tracking":false,"_monsterinsights_sitenote_active":false,"_monsterinsights_sitenote_note":"","_monsterinsights_sitenote_category":0,"footnotes":""},"categories":[8],"tags":[],"class_list":["post-2244","post","type-post","status-publish","format-standard","has-post-thumbnail","hentry","category-estadisticas"],"yoast_head":"<!-- This site is optimized with the Yoast SEO plugin v22.3 - https:\/\/yoast.com\/wordpress\/plugins\/seo\/ -->\n<title>\u00cdndice Nacional UTN\/CEDOL &#187; CEDOL<\/title>\n<meta name=\"description\" content=\"Costos log\u00edsticos: vuelven a subir en febrero\u00a0y se estima un fuerte impacto para marzo\" \/>\n<meta name=\"robots\" content=\"index, follow, max-snippet:-1, max-image-preview:large, max-video-preview:-1\" \/>\n<link rel=\"canonical\" href=\"https:\/\/www.cedol.org.ar\/logistica\/indice-nacional-utn-cedol\/\" \/>\n<meta property=\"og:locale\" content=\"es_ES\" \/>\n<meta property=\"og:type\" content=\"article\" \/>\n<meta property=\"og:title\" content=\"\u00cdndice Nacional UTN\/CEDOL &#187; CEDOL\" \/>\n<meta property=\"og:description\" content=\"Costos log\u00edsticos: vuelven a subir en febrero\u00a0y se estima un fuerte impacto para marzo\" \/>\n<meta property=\"og:url\" content=\"https:\/\/www.cedol.org.ar\/logistica\/indice-nacional-utn-cedol\/\" \/>\n<meta property=\"og:site_name\" content=\"CEDOL\" \/>\n<meta property=\"article:published_time\" content=\"2019-03-12T01:28:09+00:00\" \/>\n<meta property=\"og:image\" content=\"https:\/\/www.cedol.org.ar\/logistica\/wp-content\/uploads\/2018\/10\/ima-indices-1070.jpg\" \/>\n\t<meta property=\"og:image:width\" content=\"1070\" \/>\n\t<meta property=\"og:image:height\" content=\"540\" \/>\n\t<meta property=\"og:image:type\" content=\"image\/jpeg\" \/>\n<meta name=\"author\" content=\"admin\" \/>\n<meta name=\"twitter:card\" content=\"summary_large_image\" \/>\n<meta name=\"twitter:label1\" content=\"Escrito por\" \/>\n\t<meta name=\"twitter:data1\" content=\"admin\" \/>\n\t<meta name=\"twitter:label2\" content=\"Tiempo de lectura\" \/>\n\t<meta name=\"twitter:data2\" content=\"1 minuto\" \/>\n<script type=\"application\/ld+json\" class=\"yoast-schema-graph\">{\"@context\":\"https:\/\/schema.org\",\"@graph\":[{\"@type\":\"WebPage\",\"@id\":\"https:\/\/www.cedol.org.ar\/logistica\/indice-nacional-utn-cedol\/\",\"url\":\"https:\/\/www.cedol.org.ar\/logistica\/indice-nacional-utn-cedol\/\",\"name\":\"\u00cdndice Nacional UTN\/CEDOL &#187; CEDOL\",\"isPartOf\":{\"@id\":\"https:\/\/www.cedol.org.ar\/logistica\/#website\"},\"primaryImageOfPage\":{\"@id\":\"https:\/\/www.cedol.org.ar\/logistica\/indice-nacional-utn-cedol\/#primaryimage\"},\"image\":{\"@id\":\"https:\/\/www.cedol.org.ar\/logistica\/indice-nacional-utn-cedol\/#primaryimage\"},\"thumbnailUrl\":\"https:\/\/www.cedol.org.ar\/logistica\/wp-content\/uploads\/2018\/10\/ima-indices-1070.jpg\",\"datePublished\":\"2019-03-12T01:28:09+00:00\",\"dateModified\":\"2019-03-12T01:28:09+00:00\",\"author\":{\"@id\":\"https:\/\/www.cedol.org.ar\/logistica\/#\/schema\/person\/40275bdb20446824fc74d51aabe22e83\"},\"description\":\"Costos log\u00edsticos: vuelven a subir en febrero\u00a0y se estima un fuerte impacto para marzo\",\"breadcrumb\":{\"@id\":\"https:\/\/www.cedol.org.ar\/logistica\/indice-nacional-utn-cedol\/#breadcrumb\"},\"inLanguage\":\"es\",\"potentialAction\":[{\"@type\":\"ReadAction\",\"target\":[\"https:\/\/www.cedol.org.ar\/logistica\/indice-nacional-utn-cedol\/\"]}]},{\"@type\":\"ImageObject\",\"inLanguage\":\"es\",\"@id\":\"https:\/\/www.cedol.org.ar\/logistica\/indice-nacional-utn-cedol\/#primaryimage\",\"url\":\"https:\/\/www.cedol.org.ar\/logistica\/wp-content\/uploads\/2018\/10\/ima-indices-1070.jpg\",\"contentUrl\":\"https:\/\/www.cedol.org.ar\/logistica\/wp-content\/uploads\/2018\/10\/ima-indices-1070.jpg\",\"width\":1070,\"height\":540,\"caption\":\"\u00cdndices UTN \/ CEDOL\"},{\"@type\":\"BreadcrumbList\",\"@id\":\"https:\/\/www.cedol.org.ar\/logistica\/indice-nacional-utn-cedol\/#breadcrumb\",\"itemListElement\":[{\"@type\":\"ListItem\",\"position\":1,\"name\":\"Home\",\"item\":\"https:\/\/www.cedol.org.ar\/logistica\/\"},{\"@type\":\"ListItem\",\"position\":2,\"name\":\"\u00cdndice Nacional UTN\/CEDOL\"}]},{\"@type\":\"WebSite\",\"@id\":\"https:\/\/www.cedol.org.ar\/logistica\/#website\",\"url\":\"https:\/\/www.cedol.org.ar\/logistica\/\",\"name\":\"CEDOL\",\"description\":\"C\u00c1MARA EMPRESARIA DE OPERADORES LOG\u00cdSTICOS\",\"potentialAction\":[{\"@type\":\"SearchAction\",\"target\":{\"@type\":\"EntryPoint\",\"urlTemplate\":\"https:\/\/www.cedol.org.ar\/logistica\/?s={search_term_string}\"},\"query-input\":\"required name=search_term_string\"}],\"inLanguage\":\"es\"},{\"@type\":\"Person\",\"@id\":\"https:\/\/www.cedol.org.ar\/logistica\/#\/schema\/person\/40275bdb20446824fc74d51aabe22e83\",\"name\":\"admin\"}]}<\/script>\n<!-- \/ Yoast SEO plugin. -->","yoast_head_json":{"title":"\u00cdndice Nacional UTN\/CEDOL &#187; CEDOL","description":"Costos log\u00edsticos: vuelven a subir en febrero\u00a0y se estima un fuerte impacto para marzo","robots":{"index":"index","follow":"follow","max-snippet":"max-snippet:-1","max-image-preview":"max-image-preview:large","max-video-preview":"max-video-preview:-1"},"canonical":"https:\/\/www.cedol.org.ar\/logistica\/indice-nacional-utn-cedol\/","og_locale":"es_ES","og_type":"article","og_title":"\u00cdndice Nacional UTN\/CEDOL &#187; CEDOL","og_description":"Costos log\u00edsticos: vuelven a subir en febrero\u00a0y se estima un fuerte impacto para marzo","og_url":"https:\/\/www.cedol.org.ar\/logistica\/indice-nacional-utn-cedol\/","og_site_name":"CEDOL","article_published_time":"2019-03-12T01:28:09+00:00","og_image":[{"width":1070,"height":540,"url":"https:\/\/www.cedol.org.ar\/logistica\/wp-content\/uploads\/2018\/10\/ima-indices-1070.jpg","type":"image\/jpeg"}],"author":"admin","twitter_card":"summary_large_image","twitter_misc":{"Escrito por":"admin","Tiempo de lectura":"1 minuto"},"schema":{"@context":"https:\/\/schema.org","@graph":[{"@type":"WebPage","@id":"https:\/\/www.cedol.org.ar\/logistica\/indice-nacional-utn-cedol\/","url":"https:\/\/www.cedol.org.ar\/logistica\/indice-nacional-utn-cedol\/","name":"\u00cdndice Nacional UTN\/CEDOL &#187; CEDOL","isPartOf":{"@id":"https:\/\/www.cedol.org.ar\/logistica\/#website"},"primaryImageOfPage":{"@id":"https:\/\/www.cedol.org.ar\/logistica\/indice-nacional-utn-cedol\/#primaryimage"},"image":{"@id":"https:\/\/www.cedol.org.ar\/logistica\/indice-nacional-utn-cedol\/#primaryimage"},"thumbnailUrl":"https:\/\/www.cedol.org.ar\/logistica\/wp-content\/uploads\/2018\/10\/ima-indices-1070.jpg","datePublished":"2019-03-12T01:28:09+00:00","dateModified":"2019-03-12T01:28:09+00:00","author":{"@id":"https:\/\/www.cedol.org.ar\/logistica\/#\/schema\/person\/40275bdb20446824fc74d51aabe22e83"},"description":"Costos log\u00edsticos: vuelven a subir en febrero\u00a0y se estima un fuerte impacto para marzo","breadcrumb":{"@id":"https:\/\/www.cedol.org.ar\/logistica\/indice-nacional-utn-cedol\/#breadcrumb"},"inLanguage":"es","potentialAction":[{"@type":"ReadAction","target":["https:\/\/www.cedol.org.ar\/logistica\/indice-nacional-utn-cedol\/"]}]},{"@type":"ImageObject","inLanguage":"es","@id":"https:\/\/www.cedol.org.ar\/logistica\/indice-nacional-utn-cedol\/#primaryimage","url":"https:\/\/www.cedol.org.ar\/logistica\/wp-content\/uploads\/2018\/10\/ima-indices-1070.jpg","contentUrl":"https:\/\/www.cedol.org.ar\/logistica\/wp-content\/uploads\/2018\/10\/ima-indices-1070.jpg","width":1070,"height":540,"caption":"\u00cdndices UTN \/ CEDOL"},{"@type":"BreadcrumbList","@id":"https:\/\/www.cedol.org.ar\/logistica\/indice-nacional-utn-cedol\/#breadcrumb","itemListElement":[{"@type":"ListItem","position":1,"name":"Home","item":"https:\/\/www.cedol.org.ar\/logistica\/"},{"@type":"ListItem","position":2,"name":"\u00cdndice Nacional UTN\/CEDOL"}]},{"@type":"WebSite","@id":"https:\/\/www.cedol.org.ar\/logistica\/#website","url":"https:\/\/www.cedol.org.ar\/logistica\/","name":"CEDOL","description":"C\u00c1MARA EMPRESARIA DE OPERADORES LOG\u00cdSTICOS","potentialAction":[{"@type":"SearchAction","target":{"@type":"EntryPoint","urlTemplate":"https:\/\/www.cedol.org.ar\/logistica\/?s={search_term_string}"},"query-input":"required name=search_term_string"}],"inLanguage":"es"},{"@type":"Person","@id":"https:\/\/www.cedol.org.ar\/logistica\/#\/schema\/person\/40275bdb20446824fc74d51aabe22e83","name":"admin"}]}},"_links":{"self":[{"href":"https:\/\/www.cedol.org.ar\/logistica\/wp-json\/wp\/v2\/posts\/2244","targetHints":{"allow":["GET"]}}],"collection":[{"href":"https:\/\/www.cedol.org.ar\/logistica\/wp-json\/wp\/v2\/posts"}],"about":[{"href":"https:\/\/www.cedol.org.ar\/logistica\/wp-json\/wp\/v2\/types\/post"}],"author":[{"embeddable":true,"href":"https:\/\/www.cedol.org.ar\/logistica\/wp-json\/wp\/v2\/users\/1"}],"replies":[{"embeddable":true,"href":"https:\/\/www.cedol.org.ar\/logistica\/wp-json\/wp\/v2\/comments?post=2244"}],"version-history":[{"count":1,"href":"https:\/\/www.cedol.org.ar\/logistica\/wp-json\/wp\/v2\/posts\/2244\/revisions"}],"predecessor-version":[{"id":2245,"href":"https:\/\/www.cedol.org.ar\/logistica\/wp-json\/wp\/v2\/posts\/2244\/revisions\/2245"}],"wp:featuredmedia":[{"embeddable":true,"href":"https:\/\/www.cedol.org.ar\/logistica\/wp-json\/wp\/v2\/media\/2125"}],"wp:attachment":[{"href":"https:\/\/www.cedol.org.ar\/logistica\/wp-json\/wp\/v2\/media?parent=2244"}],"wp:term":[{"taxonomy":"category","embeddable":true,"href":"https:\/\/www.cedol.org.ar\/logistica\/wp-json\/wp\/v2\/categories?post=2244"},{"taxonomy":"post_tag","embeddable":true,"href":"https:\/\/www.cedol.org.ar\/logistica\/wp-json\/wp\/v2\/tags?post=2244"}],"curies":[{"name":"wp","href":"https:\/\/api.w.org\/{rel}","templated":true}]}}