{"id":2233,"date":"2019-02-26T01:34:52","date_gmt":"2019-02-26T01:34:52","guid":{"rendered":"http:\/\/www.cedol.org.ar\/logistica\/?p=2233"},"modified":"2019-02-26T22:18:09","modified_gmt":"2019-02-26T22:18:09","slug":"noticias-del-sector-4","status":"publish","type":"post","link":"https:\/\/www.cedol.org.ar\/logistica\/noticias-del-sector-4\/","title":{"rendered":"NOTICIAS DEL SECTOR"},"content":{"rendered":"<p><strong>Novedades de febrero: 11\u00b0 Encuentro Profesional: Innovaci\u00f3n en la gesti\u00f3n de talentos log\u00edsticos; Presentan \u00cdndice Log\u00edstico San Luis<\/strong><\/p>\n<p><strong>11\u00b0 Encuentro Profesional: Innovaci\u00f3n en la gesti\u00f3n de talentos log\u00edsticos<br \/>\n<\/strong>Como cada a\u00f1o, la C\u00e1mara Empresaria de Operadores Log\u00edsticos (CEDOL) organizar\u00e1 su encuentro anual sobre temas destacados y actuales referidos a la log\u00edstica empresaria y sus componentes. En esta oportunidad, la jornada estar\u00e1 centrada en la gente y\u00a0 la creaci\u00f3n de talento dentro del mundo de las operaciones log\u00edsticas, ya que su administraci\u00f3n, gesti\u00f3n y desarrollo resultan clave para el liderazgo innovador y creativo.<\/p>\n<p>Para ello, como en ediciones anteriores, la 11\u00b0 publicaci\u00f3n t\u00e9cnica tambi\u00e9n estar\u00e1 enfocada en esta tem\u00e1tica, con participaci\u00f3n de un grupo de ejecutivos del sector, que aportar\u00e1n ideas y miradas de distintas organizaciones. Asimismo, la C\u00e1mara ha invitado a participar del Encuentro a un experto que colabore en esta nueva mirada sobre la gesti\u00f3n de Recursos Humanos, dentro de las organizaciones del ma\u00f1ana.<\/p>\n<p>Sin dudas, para hacer una diferencia en los negocios es preciso trabajar con las personas. La demanda del mercado actual necesita de la gesti\u00f3n de talentos dentro de las operaciones log\u00edsticas para colaborar en el desarrollo competitivo y sustentable que permita el crecimiento del sector.<\/p>\n<p>La cita ser\u00e1 el 10 de abril del 2019, entre las 8 y 13 horas, en el Sal\u00f3n Golden Center de Parque Norte, en la Ciudad de Buenos Aires. M\u00e1s informaci\u00f3n: www.cedol.org.ar<\/p>\n<p><strong>\u00a0<\/strong><strong>Presentan \u00cdndice Log\u00edstico San Luis<br \/>\n<\/strong>El Gobierno de la provincia de San Luis, a trav\u00e9s de la Secretar\u00eda de San Luis Log\u00edstica, anunci\u00f3 la elaboraci\u00f3n del \u00cdndice Log\u00edstico de San Luis (ILOS), como herramienta para conocer y medir el impacto de los cambios de precios en la log\u00edstica y el consumo, que actualiza los niveles de actividad log\u00edstica en la Provincia.<\/p>\n<p>\u201cLa log\u00edstica abarca una gran cantidad de actividades b\u00e1sicas como transporte, almacenamiento, consolidaci\u00f3n de carga y sistemas de distribuci\u00f3n. Por ello, optimizar el rendimiento de la log\u00edstica contribuye a una mejora en la econom\u00eda y la competitividad de la producci\u00f3n de San Luis\u201d, dijo el secretario de San Luis Log\u00edstica, Sebasti\u00e1n Lavandeira. Y agreg\u00f3: \u201cPor su propia naturaleza, la actividad log\u00edstica es din\u00e1mica y sufre continuos cambios, de periodicidad, magnitud y frecuencia variable en el tiempo. Es importante destacar que esto permite a los agentes econ\u00f3micos tomar decisiones en materia de inversi\u00f3n, producci\u00f3n y comercializaci\u00f3n para reducir notablemente el contexto de incertidumbre en el que est\u00e1n insertos\u201d.<\/p>\n<p>El ILOS se forma a partir de dos importantes y reconocidos \u00edndices de precios ya consolidados que son: el \u00cdndice de Precios al Consumidor San Luis (IPC) y el de la C\u00e1mara Empresaria de Operadores Log\u00edsticos (CEDOL).<\/p>\n<p>Estos \u00edndices log\u00edsticos cuentan con la homologaci\u00f3n de la Universidad Tecnol\u00f3gica Nacional (UTN), a trav\u00e9s de su Centro Tecnol\u00f3gico de Transporte, Tr\u00e1nsito y Seguridad Vial (C3T).<\/p>\n","protected":false},"excerpt":{"rendered":"<p>Novedades de febrero: 11\u00b0 Encuentro Profesional: Innovaci\u00f3n en la gesti\u00f3n de talentos log\u00edsticos; Presentan \u00cdndice Log\u00edstico San Luis 11\u00b0 Encuentro Profesional: Innovaci\u00f3n en la gesti\u00f3n [&hellip;]<\/p>\n","protected":false},"author":1,"featured_media":2234,"comment_status":"open","ping_status":"open","sticky":false,"template":"","format":"standard","meta":{"_monsterinsights_skip_tracking":false,"_monsterinsights_sitenote_active":false,"_monsterinsights_sitenote_note":"","_monsterinsights_sitenote_category":0,"footnotes":""},"categories":[4],"tags":[],"class_list":["post-2233","post","type-post","status-publish","format-standard","has-post-thumbnail","hentry","category-noticias"],"yoast_head":"<!-- This site is optimized with the Yoast SEO plugin v22.3 - https:\/\/yoast.com\/wordpress\/plugins\/seo\/ -->\n<title>NOTICIAS DEL SECTOR &#187; CEDOL<\/title>\n<meta name=\"description\" content=\"Novedades de febrero: 11\u00b0 Encuentro Profesional: Innovaci\u00f3n en la gesti\u00f3n de talentos log\u00edsticos; Presentan \u00cdndice Log\u00edstico San Luis\" \/>\n<meta name=\"robots\" content=\"index, follow, max-snippet:-1, max-image-preview:large, max-video-preview:-1\" \/>\n<link rel=\"canonical\" href=\"https:\/\/www.cedol.org.ar\/logistica\/noticias-del-sector-4\/\" \/>\n<meta property=\"og:locale\" content=\"es_ES\" \/>\n<meta property=\"og:type\" content=\"article\" \/>\n<meta property=\"og:title\" content=\"NOTICIAS DEL SECTOR &#187; CEDOL\" \/>\n<meta property=\"og:description\" content=\"Novedades de febrero: 11\u00b0 Encuentro Profesional: Innovaci\u00f3n en la gesti\u00f3n de talentos log\u00edsticos; Presentan \u00cdndice Log\u00edstico San Luis\" \/>\n<meta property=\"og:url\" content=\"https:\/\/www.cedol.org.ar\/logistica\/noticias-del-sector-4\/\" \/>\n<meta property=\"og:site_name\" content=\"CEDOL\" \/>\n<meta property=\"article:published_time\" content=\"2019-02-26T01:34:52+00:00\" \/>\n<meta property=\"article:modified_time\" content=\"2019-02-26T22:18:09+00:00\" \/>\n<meta property=\"og:image\" content=\"https:\/\/www.cedol.org.ar\/logistica\/wp-content\/uploads\/2019\/02\/noticias-del-sector.jpg\" \/>\n\t<meta property=\"og:image:width\" content=\"1070\" \/>\n\t<meta property=\"og:image:height\" content=\"540\" \/>\n\t<meta property=\"og:image:type\" content=\"image\/jpeg\" \/>\n<meta name=\"author\" content=\"admin\" \/>\n<meta name=\"twitter:card\" content=\"summary_large_image\" \/>\n<meta name=\"twitter:label1\" content=\"Escrito por\" \/>\n\t<meta name=\"twitter:data1\" content=\"admin\" \/>\n\t<meta name=\"twitter:label2\" content=\"Tiempo de lectura\" \/>\n\t<meta name=\"twitter:data2\" content=\"3 minutos\" \/>\n<script type=\"application\/ld+json\" class=\"yoast-schema-graph\">{\"@context\":\"https:\/\/schema.org\",\"@graph\":[{\"@type\":\"WebPage\",\"@id\":\"https:\/\/www.cedol.org.ar\/logistica\/noticias-del-sector-4\/\",\"url\":\"https:\/\/www.cedol.org.ar\/logistica\/noticias-del-sector-4\/\",\"name\":\"NOTICIAS DEL SECTOR &#187; CEDOL\",\"isPartOf\":{\"@id\":\"https:\/\/www.cedol.org.ar\/logistica\/#website\"},\"primaryImageOfPage\":{\"@id\":\"https:\/\/www.cedol.org.ar\/logistica\/noticias-del-sector-4\/#primaryimage\"},\"image\":{\"@id\":\"https:\/\/www.cedol.org.ar\/logistica\/noticias-del-sector-4\/#primaryimage\"},\"thumbnailUrl\":\"https:\/\/www.cedol.org.ar\/logistica\/wp-content\/uploads\/2019\/02\/noticias-del-sector.jpg\",\"datePublished\":\"2019-02-26T01:34:52+00:00\",\"dateModified\":\"2019-02-26T22:18:09+00:00\",\"author\":{\"@id\":\"https:\/\/www.cedol.org.ar\/logistica\/#\/schema\/person\/40275bdb20446824fc74d51aabe22e83\"},\"description\":\"Novedades de febrero: 11\u00b0 Encuentro Profesional: Innovaci\u00f3n en la gesti\u00f3n de talentos log\u00edsticos; Presentan \u00cdndice Log\u00edstico San Luis\",\"breadcrumb\":{\"@id\":\"https:\/\/www.cedol.org.ar\/logistica\/noticias-del-sector-4\/#breadcrumb\"},\"inLanguage\":\"es\",\"potentialAction\":[{\"@type\":\"ReadAction\",\"target\":[\"https:\/\/www.cedol.org.ar\/logistica\/noticias-del-sector-4\/\"]}]},{\"@type\":\"ImageObject\",\"inLanguage\":\"es\",\"@id\":\"https:\/\/www.cedol.org.ar\/logistica\/noticias-del-sector-4\/#primaryimage\",\"url\":\"https:\/\/www.cedol.org.ar\/logistica\/wp-content\/uploads\/2019\/02\/noticias-del-sector.jpg\",\"contentUrl\":\"https:\/\/www.cedol.org.ar\/logistica\/wp-content\/uploads\/2019\/02\/noticias-del-sector.jpg\",\"width\":1070,\"height\":540},{\"@type\":\"BreadcrumbList\",\"@id\":\"https:\/\/www.cedol.org.ar\/logistica\/noticias-del-sector-4\/#breadcrumb\",\"itemListElement\":[{\"@type\":\"ListItem\",\"position\":1,\"name\":\"Home\",\"item\":\"https:\/\/www.cedol.org.ar\/logistica\/\"},{\"@type\":\"ListItem\",\"position\":2,\"name\":\"NOTICIAS DEL SECTOR\"}]},{\"@type\":\"WebSite\",\"@id\":\"https:\/\/www.cedol.org.ar\/logistica\/#website\",\"url\":\"https:\/\/www.cedol.org.ar\/logistica\/\",\"name\":\"CEDOL\",\"description\":\"C\u00c1MARA EMPRESARIA DE OPERADORES LOG\u00cdSTICOS\",\"potentialAction\":[{\"@type\":\"SearchAction\",\"target\":{\"@type\":\"EntryPoint\",\"urlTemplate\":\"https:\/\/www.cedol.org.ar\/logistica\/?s={search_term_string}\"},\"query-input\":\"required name=search_term_string\"}],\"inLanguage\":\"es\"},{\"@type\":\"Person\",\"@id\":\"https:\/\/www.cedol.org.ar\/logistica\/#\/schema\/person\/40275bdb20446824fc74d51aabe22e83\",\"name\":\"admin\"}]}<\/script>\n<!-- \/ Yoast SEO plugin. -->","yoast_head_json":{"title":"NOTICIAS DEL SECTOR &#187; CEDOL","description":"Novedades de febrero: 11\u00b0 Encuentro Profesional: Innovaci\u00f3n en la gesti\u00f3n de talentos log\u00edsticos; Presentan \u00cdndice Log\u00edstico San Luis","robots":{"index":"index","follow":"follow","max-snippet":"max-snippet:-1","max-image-preview":"max-image-preview:large","max-video-preview":"max-video-preview:-1"},"canonical":"https:\/\/www.cedol.org.ar\/logistica\/noticias-del-sector-4\/","og_locale":"es_ES","og_type":"article","og_title":"NOTICIAS DEL SECTOR &#187; CEDOL","og_description":"Novedades de febrero: 11\u00b0 Encuentro Profesional: Innovaci\u00f3n en la gesti\u00f3n de talentos log\u00edsticos; Presentan \u00cdndice Log\u00edstico San Luis","og_url":"https:\/\/www.cedol.org.ar\/logistica\/noticias-del-sector-4\/","og_site_name":"CEDOL","article_published_time":"2019-02-26T01:34:52+00:00","article_modified_time":"2019-02-26T22:18:09+00:00","og_image":[{"width":1070,"height":540,"url":"https:\/\/www.cedol.org.ar\/logistica\/wp-content\/uploads\/2019\/02\/noticias-del-sector.jpg","type":"image\/jpeg"}],"author":"admin","twitter_card":"summary_large_image","twitter_misc":{"Escrito por":"admin","Tiempo de lectura":"3 minutos"},"schema":{"@context":"https:\/\/schema.org","@graph":[{"@type":"WebPage","@id":"https:\/\/www.cedol.org.ar\/logistica\/noticias-del-sector-4\/","url":"https:\/\/www.cedol.org.ar\/logistica\/noticias-del-sector-4\/","name":"NOTICIAS DEL SECTOR &#187; CEDOL","isPartOf":{"@id":"https:\/\/www.cedol.org.ar\/logistica\/#website"},"primaryImageOfPage":{"@id":"https:\/\/www.cedol.org.ar\/logistica\/noticias-del-sector-4\/#primaryimage"},"image":{"@id":"https:\/\/www.cedol.org.ar\/logistica\/noticias-del-sector-4\/#primaryimage"},"thumbnailUrl":"https:\/\/www.cedol.org.ar\/logistica\/wp-content\/uploads\/2019\/02\/noticias-del-sector.jpg","datePublished":"2019-02-26T01:34:52+00:00","dateModified":"2019-02-26T22:18:09+00:00","author":{"@id":"https:\/\/www.cedol.org.ar\/logistica\/#\/schema\/person\/40275bdb20446824fc74d51aabe22e83"},"description":"Novedades de febrero: 11\u00b0 Encuentro Profesional: Innovaci\u00f3n en la gesti\u00f3n de talentos log\u00edsticos; Presentan \u00cdndice Log\u00edstico San Luis","breadcrumb":{"@id":"https:\/\/www.cedol.org.ar\/logistica\/noticias-del-sector-4\/#breadcrumb"},"inLanguage":"es","potentialAction":[{"@type":"ReadAction","target":["https:\/\/www.cedol.org.ar\/logistica\/noticias-del-sector-4\/"]}]},{"@type":"ImageObject","inLanguage":"es","@id":"https:\/\/www.cedol.org.ar\/logistica\/noticias-del-sector-4\/#primaryimage","url":"https:\/\/www.cedol.org.ar\/logistica\/wp-content\/uploads\/2019\/02\/noticias-del-sector.jpg","contentUrl":"https:\/\/www.cedol.org.ar\/logistica\/wp-content\/uploads\/2019\/02\/noticias-del-sector.jpg","width":1070,"height":540},{"@type":"BreadcrumbList","@id":"https:\/\/www.cedol.org.ar\/logistica\/noticias-del-sector-4\/#breadcrumb","itemListElement":[{"@type":"ListItem","position":1,"name":"Home","item":"https:\/\/www.cedol.org.ar\/logistica\/"},{"@type":"ListItem","position":2,"name":"NOTICIAS DEL SECTOR"}]},{"@type":"WebSite","@id":"https:\/\/www.cedol.org.ar\/logistica\/#website","url":"https:\/\/www.cedol.org.ar\/logistica\/","name":"CEDOL","description":"C\u00c1MARA EMPRESARIA DE OPERADORES LOG\u00cdSTICOS","potentialAction":[{"@type":"SearchAction","target":{"@type":"EntryPoint","urlTemplate":"https:\/\/www.cedol.org.ar\/logistica\/?s={search_term_string}"},"query-input":"required name=search_term_string"}],"inLanguage":"es"},{"@type":"Person","@id":"https:\/\/www.cedol.org.ar\/logistica\/#\/schema\/person\/40275bdb20446824fc74d51aabe22e83","name":"admin"}]}},"_links":{"self":[{"href":"https:\/\/www.cedol.org.ar\/logistica\/wp-json\/wp\/v2\/posts\/2233","targetHints":{"allow":["GET"]}}],"collection":[{"href":"https:\/\/www.cedol.org.ar\/logistica\/wp-json\/wp\/v2\/posts"}],"about":[{"href":"https:\/\/www.cedol.org.ar\/logistica\/wp-json\/wp\/v2\/types\/post"}],"author":[{"embeddable":true,"href":"https:\/\/www.cedol.org.ar\/logistica\/wp-json\/wp\/v2\/users\/1"}],"replies":[{"embeddable":true,"href":"https:\/\/www.cedol.org.ar\/logistica\/wp-json\/wp\/v2\/comments?post=2233"}],"version-history":[{"count":3,"href":"https:\/\/www.cedol.org.ar\/logistica\/wp-json\/wp\/v2\/posts\/2233\/revisions"}],"predecessor-version":[{"id":2240,"href":"https:\/\/www.cedol.org.ar\/logistica\/wp-json\/wp\/v2\/posts\/2233\/revisions\/2240"}],"wp:featuredmedia":[{"embeddable":true,"href":"https:\/\/www.cedol.org.ar\/logistica\/wp-json\/wp\/v2\/media\/2234"}],"wp:attachment":[{"href":"https:\/\/www.cedol.org.ar\/logistica\/wp-json\/wp\/v2\/media?parent=2233"}],"wp:term":[{"taxonomy":"category","embeddable":true,"href":"https:\/\/www.cedol.org.ar\/logistica\/wp-json\/wp\/v2\/categories?post=2233"},{"taxonomy":"post_tag","embeddable":true,"href":"https:\/\/www.cedol.org.ar\/logistica\/wp-json\/wp\/v2\/tags?post=2233"}],"curies":[{"name":"wp","href":"https:\/\/api.w.org\/{rel}","templated":true}]}}