{"id":2219,"date":"2019-02-06T22:24:28","date_gmt":"2019-02-06T22:24:28","guid":{"rendered":"http:\/\/www.cedol.org.ar\/logistica\/?p=2219"},"modified":"2019-02-06T22:24:28","modified_gmt":"2019-02-06T22:24:28","slug":"indice-nacional-utn-cedol-enero","status":"publish","type":"post","link":"https:\/\/www.cedol.org.ar\/logistica\/indice-nacional-utn-cedol-enero\/","title":{"rendered":"\u00cdndice Nacional UTN\/CEDOL &#8211; Enero"},"content":{"rendered":"<p><strong>Costos Log\u00edsticos: 2019 arranc\u00f3 con m\u00e1s incrementos<\/strong><\/p>\n<p>Buenos Aires, 5 de febrero 2019.-\u00a0La\u00a0<strong>Universidad Tecnol\u00f3gica Nacional (UTN)<\/strong>, a trav\u00e9s de su\u00a0<strong>Centro Tecnol\u00f3gico de Transporte, Tr\u00e1nsito y Seguridad Vial (C3T)<\/strong>, dio a conocer la evoluci\u00f3n del \u00cdndice de Costos Log\u00edsticos Nacionales, elaborado para la\u00a0<strong>C\u00e1mara Empresaria de Operadores Log\u00edsticos (CEDOL)<\/strong>, correspondiente al mes de\u00a0<strong>enero 2019<\/strong>.<\/p>\n<p>Los resultados para este per\u00edodo muestran nuevas subas para los costos log\u00edsticos:<\/p>\n<p><strong>-Cedol con Costos de Transporte: \u00a0\u00a0\u00a0\u00a0 2,61%<br \/>\n<\/strong><strong>-Cedol sin Costos de Transporte: \u00a0\u00a0\u00a0\u00a0\u00a0 0,40%<br \/>\n<\/strong><strong>-Distribuci\u00f3n con acompa\u00f1ante: \u00a0\u00a0\u00a0\u00a0\u00a0\u00a0\u00a0\u00a01,91%<br \/>\n<\/strong><strong>-Distribuci\u00f3n sin acompa\u00f1ante: \u00a0\u00a0\u00a0\u00a0\u00a0\u00a0\u00a0\u00a0 2,72%<\/strong><\/p>\n<p>Como se puede observar, al iniciar 2019, los valores siguen creciendo a pesar de la peque\u00f1a disminuci\u00f3n que registr\u00f3 el costo del combustible durante enero. Esta tendencia mantiene la l\u00ednea de lo registrado en 2018, cuya suba anual de costos log\u00edsticos fue de 58,32%, la cifra m\u00e1s alta de los \u00faltimos 28 a\u00f1os.<\/p>\n<p>Por otra parte, recordamos que los costos exclusivos de transporte que elabora la Federaci\u00f3n Argentina de Entidades Empresarias del Autotransporte de Carga (FADEEAC), tuvieron un incremento del 3,11% para enero 2019.<\/p>\n<p>El objetivo de estos indicadores es reflejar mensualmente las variaciones que sufren los costos de los operadores log\u00edsticos de todo el pa\u00eds. Su publicaci\u00f3n, con los componentes completos, tambi\u00e9n se puede consultar en la web de la C\u00e1mara:\u00a0<a href=\"http:\/\/www.cedol.org.ar\/\">www.cedol.org.ar<\/a><\/p>\n<p><strong>\u00a0<\/strong><strong><u>Sobre CEDOL y sus \u00cdndices de Costos<\/u><\/strong><\/p>\n<p>La\u00a0<strong>C\u00e1mara Empresaria de Operadores Log\u00edsticos<\/strong>\u00a0se fund\u00f3 en noviembre de 1998 para asumir la representaci\u00f3n de las empresas que tienen como principal actividad la prestaci\u00f3n de servicios log\u00edsticos: traslados, almacenamiento, ensamble y procesos industriales, fraccionamiento de mercader\u00edas para su transporte y distribuci\u00f3n, ejerciendo el control, la administraci\u00f3n de la informaci\u00f3n y la responsabilidad en las etapas de la cadena de abastecimiento. Al auspiciar las Buenas Pr\u00e1cticas, la entidad impulsa procesos y tecnolog\u00edas que permiten brindar a sus asociados un buen nivel de calidad de servicio a un costo adecuado. CEDOL es una entidad miembro de la Federaci\u00f3n Argentina de Entidades Empresariales del Autotransporte de Cargas (FADEEAC).<strong>\u00a0<\/strong><\/p>\n<p><strong>Gracias por su Difusi\u00f3n<br \/>\n<\/strong><strong>C\u00e1mara Empresaria de Operadores Log\u00edsticos<br \/>\n<\/strong>S\u00e1nchez de Bustamante 54. Buenos Aires.<br \/>\n(011) 4860-7775\/6\u00a0<a href=\"http:\/\/www.cedol.org.ar\/\">www.cedol.org.ar<\/a><br \/>\n<strong>Comunicaci\u00f3n &amp; Prensa<\/strong>:\u00a0<a href=\"mailto:comunicacion@cedol.org.ar\">comunicacion@cedol.org.ar<\/a><\/p>\n","protected":false},"excerpt":{"rendered":"<p>Costos Log\u00edsticos: 2019 arranc\u00f3 con m\u00e1s incrementos Buenos Aires, 5 de febrero 2019.-\u00a0La\u00a0Universidad Tecnol\u00f3gica Nacional (UTN), a trav\u00e9s de su\u00a0Centro Tecnol\u00f3gico de Transporte, Tr\u00e1nsito y [&hellip;]<\/p>\n","protected":false},"author":1,"featured_media":2125,"comment_status":"open","ping_status":"open","sticky":false,"template":"","format":"standard","meta":{"_monsterinsights_skip_tracking":false,"_monsterinsights_sitenote_active":false,"_monsterinsights_sitenote_note":"","_monsterinsights_sitenote_category":0,"footnotes":""},"categories":[8],"tags":[],"class_list":["post-2219","post","type-post","status-publish","format-standard","has-post-thumbnail","hentry","category-estadisticas"],"yoast_head":"<!-- This site is optimized with the Yoast SEO plugin v22.3 - https:\/\/yoast.com\/wordpress\/plugins\/seo\/ -->\n<title>\u00cdndice Nacional UTN\/CEDOL - Enero &#187; CEDOL<\/title>\n<meta name=\"description\" content=\"Costos Log\u00edsticos: 2019 arranc\u00f3 con m\u00e1s incrementos\" \/>\n<meta name=\"robots\" content=\"index, follow, max-snippet:-1, max-image-preview:large, max-video-preview:-1\" \/>\n<link rel=\"canonical\" href=\"https:\/\/www.cedol.org.ar\/logistica\/indice-nacional-utn-cedol-enero\/\" \/>\n<meta property=\"og:locale\" content=\"es_ES\" \/>\n<meta property=\"og:type\" content=\"article\" \/>\n<meta property=\"og:title\" content=\"\u00cdndice Nacional UTN\/CEDOL - Enero &#187; CEDOL\" \/>\n<meta property=\"og:description\" content=\"Costos Log\u00edsticos: 2019 arranc\u00f3 con m\u00e1s incrementos\" \/>\n<meta property=\"og:url\" content=\"https:\/\/www.cedol.org.ar\/logistica\/indice-nacional-utn-cedol-enero\/\" \/>\n<meta property=\"og:site_name\" content=\"CEDOL\" \/>\n<meta property=\"article:published_time\" content=\"2019-02-06T22:24:28+00:00\" \/>\n<meta property=\"og:image\" content=\"https:\/\/www.cedol.org.ar\/logistica\/wp-content\/uploads\/2018\/10\/ima-indices-1070.jpg\" \/>\n\t<meta property=\"og:image:width\" content=\"1070\" \/>\n\t<meta property=\"og:image:height\" content=\"540\" \/>\n\t<meta property=\"og:image:type\" content=\"image\/jpeg\" \/>\n<meta name=\"author\" content=\"admin\" \/>\n<meta name=\"twitter:card\" content=\"summary_large_image\" \/>\n<meta name=\"twitter:label1\" content=\"Escrito por\" \/>\n\t<meta name=\"twitter:data1\" content=\"admin\" \/>\n\t<meta name=\"twitter:label2\" content=\"Tiempo de lectura\" \/>\n\t<meta name=\"twitter:data2\" content=\"2 minutos\" \/>\n<script type=\"application\/ld+json\" class=\"yoast-schema-graph\">{\"@context\":\"https:\/\/schema.org\",\"@graph\":[{\"@type\":\"WebPage\",\"@id\":\"https:\/\/www.cedol.org.ar\/logistica\/indice-nacional-utn-cedol-enero\/\",\"url\":\"https:\/\/www.cedol.org.ar\/logistica\/indice-nacional-utn-cedol-enero\/\",\"name\":\"\u00cdndice Nacional UTN\/CEDOL - Enero &#187; CEDOL\",\"isPartOf\":{\"@id\":\"https:\/\/www.cedol.org.ar\/logistica\/#website\"},\"primaryImageOfPage\":{\"@id\":\"https:\/\/www.cedol.org.ar\/logistica\/indice-nacional-utn-cedol-enero\/#primaryimage\"},\"image\":{\"@id\":\"https:\/\/www.cedol.org.ar\/logistica\/indice-nacional-utn-cedol-enero\/#primaryimage\"},\"thumbnailUrl\":\"https:\/\/www.cedol.org.ar\/logistica\/wp-content\/uploads\/2018\/10\/ima-indices-1070.jpg\",\"datePublished\":\"2019-02-06T22:24:28+00:00\",\"dateModified\":\"2019-02-06T22:24:28+00:00\",\"author\":{\"@id\":\"https:\/\/www.cedol.org.ar\/logistica\/#\/schema\/person\/40275bdb20446824fc74d51aabe22e83\"},\"description\":\"Costos Log\u00edsticos: 2019 arranc\u00f3 con m\u00e1s incrementos\",\"breadcrumb\":{\"@id\":\"https:\/\/www.cedol.org.ar\/logistica\/indice-nacional-utn-cedol-enero\/#breadcrumb\"},\"inLanguage\":\"es\",\"potentialAction\":[{\"@type\":\"ReadAction\",\"target\":[\"https:\/\/www.cedol.org.ar\/logistica\/indice-nacional-utn-cedol-enero\/\"]}]},{\"@type\":\"ImageObject\",\"inLanguage\":\"es\",\"@id\":\"https:\/\/www.cedol.org.ar\/logistica\/indice-nacional-utn-cedol-enero\/#primaryimage\",\"url\":\"https:\/\/www.cedol.org.ar\/logistica\/wp-content\/uploads\/2018\/10\/ima-indices-1070.jpg\",\"contentUrl\":\"https:\/\/www.cedol.org.ar\/logistica\/wp-content\/uploads\/2018\/10\/ima-indices-1070.jpg\",\"width\":1070,\"height\":540,\"caption\":\"\u00cdndices UTN \/ CEDOL\"},{\"@type\":\"BreadcrumbList\",\"@id\":\"https:\/\/www.cedol.org.ar\/logistica\/indice-nacional-utn-cedol-enero\/#breadcrumb\",\"itemListElement\":[{\"@type\":\"ListItem\",\"position\":1,\"name\":\"Home\",\"item\":\"https:\/\/www.cedol.org.ar\/logistica\/\"},{\"@type\":\"ListItem\",\"position\":2,\"name\":\"\u00cdndice Nacional UTN\/CEDOL &#8211; Enero\"}]},{\"@type\":\"WebSite\",\"@id\":\"https:\/\/www.cedol.org.ar\/logistica\/#website\",\"url\":\"https:\/\/www.cedol.org.ar\/logistica\/\",\"name\":\"CEDOL\",\"description\":\"C\u00c1MARA EMPRESARIA DE OPERADORES LOG\u00cdSTICOS\",\"potentialAction\":[{\"@type\":\"SearchAction\",\"target\":{\"@type\":\"EntryPoint\",\"urlTemplate\":\"https:\/\/www.cedol.org.ar\/logistica\/?s={search_term_string}\"},\"query-input\":\"required name=search_term_string\"}],\"inLanguage\":\"es\"},{\"@type\":\"Person\",\"@id\":\"https:\/\/www.cedol.org.ar\/logistica\/#\/schema\/person\/40275bdb20446824fc74d51aabe22e83\",\"name\":\"admin\"}]}<\/script>\n<!-- \/ Yoast SEO plugin. -->","yoast_head_json":{"title":"\u00cdndice Nacional UTN\/CEDOL - Enero &#187; CEDOL","description":"Costos Log\u00edsticos: 2019 arranc\u00f3 con m\u00e1s incrementos","robots":{"index":"index","follow":"follow","max-snippet":"max-snippet:-1","max-image-preview":"max-image-preview:large","max-video-preview":"max-video-preview:-1"},"canonical":"https:\/\/www.cedol.org.ar\/logistica\/indice-nacional-utn-cedol-enero\/","og_locale":"es_ES","og_type":"article","og_title":"\u00cdndice Nacional UTN\/CEDOL - Enero &#187; CEDOL","og_description":"Costos Log\u00edsticos: 2019 arranc\u00f3 con m\u00e1s incrementos","og_url":"https:\/\/www.cedol.org.ar\/logistica\/indice-nacional-utn-cedol-enero\/","og_site_name":"CEDOL","article_published_time":"2019-02-06T22:24:28+00:00","og_image":[{"width":1070,"height":540,"url":"https:\/\/www.cedol.org.ar\/logistica\/wp-content\/uploads\/2018\/10\/ima-indices-1070.jpg","type":"image\/jpeg"}],"author":"admin","twitter_card":"summary_large_image","twitter_misc":{"Escrito por":"admin","Tiempo de lectura":"2 minutos"},"schema":{"@context":"https:\/\/schema.org","@graph":[{"@type":"WebPage","@id":"https:\/\/www.cedol.org.ar\/logistica\/indice-nacional-utn-cedol-enero\/","url":"https:\/\/www.cedol.org.ar\/logistica\/indice-nacional-utn-cedol-enero\/","name":"\u00cdndice Nacional UTN\/CEDOL - Enero &#187; CEDOL","isPartOf":{"@id":"https:\/\/www.cedol.org.ar\/logistica\/#website"},"primaryImageOfPage":{"@id":"https:\/\/www.cedol.org.ar\/logistica\/indice-nacional-utn-cedol-enero\/#primaryimage"},"image":{"@id":"https:\/\/www.cedol.org.ar\/logistica\/indice-nacional-utn-cedol-enero\/#primaryimage"},"thumbnailUrl":"https:\/\/www.cedol.org.ar\/logistica\/wp-content\/uploads\/2018\/10\/ima-indices-1070.jpg","datePublished":"2019-02-06T22:24:28+00:00","dateModified":"2019-02-06T22:24:28+00:00","author":{"@id":"https:\/\/www.cedol.org.ar\/logistica\/#\/schema\/person\/40275bdb20446824fc74d51aabe22e83"},"description":"Costos Log\u00edsticos: 2019 arranc\u00f3 con m\u00e1s incrementos","breadcrumb":{"@id":"https:\/\/www.cedol.org.ar\/logistica\/indice-nacional-utn-cedol-enero\/#breadcrumb"},"inLanguage":"es","potentialAction":[{"@type":"ReadAction","target":["https:\/\/www.cedol.org.ar\/logistica\/indice-nacional-utn-cedol-enero\/"]}]},{"@type":"ImageObject","inLanguage":"es","@id":"https:\/\/www.cedol.org.ar\/logistica\/indice-nacional-utn-cedol-enero\/#primaryimage","url":"https:\/\/www.cedol.org.ar\/logistica\/wp-content\/uploads\/2018\/10\/ima-indices-1070.jpg","contentUrl":"https:\/\/www.cedol.org.ar\/logistica\/wp-content\/uploads\/2018\/10\/ima-indices-1070.jpg","width":1070,"height":540,"caption":"\u00cdndices UTN \/ CEDOL"},{"@type":"BreadcrumbList","@id":"https:\/\/www.cedol.org.ar\/logistica\/indice-nacional-utn-cedol-enero\/#breadcrumb","itemListElement":[{"@type":"ListItem","position":1,"name":"Home","item":"https:\/\/www.cedol.org.ar\/logistica\/"},{"@type":"ListItem","position":2,"name":"\u00cdndice Nacional UTN\/CEDOL &#8211; Enero"}]},{"@type":"WebSite","@id":"https:\/\/www.cedol.org.ar\/logistica\/#website","url":"https:\/\/www.cedol.org.ar\/logistica\/","name":"CEDOL","description":"C\u00c1MARA EMPRESARIA DE OPERADORES LOG\u00cdSTICOS","potentialAction":[{"@type":"SearchAction","target":{"@type":"EntryPoint","urlTemplate":"https:\/\/www.cedol.org.ar\/logistica\/?s={search_term_string}"},"query-input":"required name=search_term_string"}],"inLanguage":"es"},{"@type":"Person","@id":"https:\/\/www.cedol.org.ar\/logistica\/#\/schema\/person\/40275bdb20446824fc74d51aabe22e83","name":"admin"}]}},"_links":{"self":[{"href":"https:\/\/www.cedol.org.ar\/logistica\/wp-json\/wp\/v2\/posts\/2219","targetHints":{"allow":["GET"]}}],"collection":[{"href":"https:\/\/www.cedol.org.ar\/logistica\/wp-json\/wp\/v2\/posts"}],"about":[{"href":"https:\/\/www.cedol.org.ar\/logistica\/wp-json\/wp\/v2\/types\/post"}],"author":[{"embeddable":true,"href":"https:\/\/www.cedol.org.ar\/logistica\/wp-json\/wp\/v2\/users\/1"}],"replies":[{"embeddable":true,"href":"https:\/\/www.cedol.org.ar\/logistica\/wp-json\/wp\/v2\/comments?post=2219"}],"version-history":[{"count":1,"href":"https:\/\/www.cedol.org.ar\/logistica\/wp-json\/wp\/v2\/posts\/2219\/revisions"}],"predecessor-version":[{"id":2220,"href":"https:\/\/www.cedol.org.ar\/logistica\/wp-json\/wp\/v2\/posts\/2219\/revisions\/2220"}],"wp:featuredmedia":[{"embeddable":true,"href":"https:\/\/www.cedol.org.ar\/logistica\/wp-json\/wp\/v2\/media\/2125"}],"wp:attachment":[{"href":"https:\/\/www.cedol.org.ar\/logistica\/wp-json\/wp\/v2\/media?parent=2219"}],"wp:term":[{"taxonomy":"category","embeddable":true,"href":"https:\/\/www.cedol.org.ar\/logistica\/wp-json\/wp\/v2\/categories?post=2219"},{"taxonomy":"post_tag","embeddable":true,"href":"https:\/\/www.cedol.org.ar\/logistica\/wp-json\/wp\/v2\/tags?post=2219"}],"curies":[{"name":"wp","href":"https:\/\/api.w.org\/{rel}","templated":true}]}}