{"id":2206,"date":"2019-01-30T19:46:26","date_gmt":"2019-01-30T19:46:26","guid":{"rendered":"http:\/\/www.cedol.org.ar\/logistica\/?p=2206"},"modified":"2019-02-26T01:27:47","modified_gmt":"2019-02-26T01:27:47","slug":"alalog-convoca-1er-encuentro-latinoamericano","status":"publish","type":"post","link":"https:\/\/www.cedol.org.ar\/logistica\/alalog-convoca-1er-encuentro-latinoamericano\/","title":{"rendered":"ALALOG REALIZA SU 1ER ENCUENTRO  LATINOAMERICANO"},"content":{"rendered":"<p><strong>Tendr\u00e1 lugar en el <em>Logistic Summit &amp; Expo<\/em>, en la ciudad de M\u00e9xico.<\/strong><\/p>\n<p>El pr\u00f3ximo 14 de marzo, la <strong>Asociaci\u00f3n Latinoamericana de Log\u00edstica (ALALOG)<\/strong>, cuya actual presidencia ejerce la Argentina en la figura de Jorge L\u00f3pez, de CEDOL, y Hern\u00e1n S\u00e1nchez, de ARLOG, en car\u00e1cter de alterno, realizar\u00e1 su primer Encuentro latinoamericano. El evento tendr\u00e1 lugar en el marco del <em>Logistic Summit &amp; Expo<\/em>, en la ciudad de M\u00e9xico, uno de los principales referentes de la regi\u00f3n en capacitaci\u00f3n sobre log\u00edstica y supply chain.<\/p>\n<p>El programa previsto es el siguiente:<\/p>\n<ul>\n<li>10:15 &#8211; 10:25 Bienvenida e inauguraci\u00f3n. Jorge L\u00f3pez Presidente de ALALOG y CEDOL Argentina.<\/li>\n<li>10:25 &#8211; 11:00 Benchmarking latinoamericano de costos log\u00edsticos, gastos ocultos y medibles. Carlos Musante, Director T\u00e9cnico de ALALOG.<\/li>\n<li>11:00 &#8211; 11:45 MESA PANEL: 3PLs en Am\u00e9rica Latina: su transformaci\u00f3n hacia las alianzas estrat\u00e9gicas con agregado de valor. Representantes de AOLM, M\u00e9xico; APPROLOG Per\u00fa; ABOL Brasil y ARLOG Argentina.<\/li>\n<li>11:45 &#8211; 12:20 CASO PR\u00c1CTICO en operaci\u00f3n log\u00edstica. Federico Kunz, Director de Supply Chain North of Latin America de Samsonite.<\/li>\n<li>12:20 &#8211; 12:50 Coffee break &#8211; Piso de exposici\u00f3n.<\/li>\n<li>12:50 &#8211; 13:35 MESA PANEL: tendencias latinoamericanas en log\u00edstica y SCM en operaciones dom\u00e9sticas y de comercio exterior. Representantes de ATOLPAR Paraguay; ALV Venezuela; CALOG Uruguay; ASOLOG Ecuador y CADEX Bolivia.<\/li>\n<li>13:35 &#8211; 14:20 CONFERENCIA PREMIUM: Estrategia log\u00edstica alineada a los objetivos de negocio para Latinoam\u00e9rica. Fabio Murillo, Director de Log\u00edstica North Latam de Unilever.<\/li>\n<li>14:20 &#8211; 14:30 Conclusiones y palabras de clausura. Jorge L\u00f3pez, Presidente de ALALOG y CEDOL Argentina.<\/li>\n<\/ul>\n<p>El d\u00eda 13 de marzo, en tanto, Jorge L\u00f3pez y Juan Manuel Calvillo, presidente y vicepresidente 2\u00ba de ALALOG, participar\u00e1n del corte de cinta en la ceremonia\u00a0 inaugural del <em>Logistic Summit &amp; Expo 2019<\/em>.<\/p>\n<p>Para obtener m\u00e1s informaci\u00f3n sobre el evento y registrarse: <a href=\"http:\/\/logisticsummit.com\/alalog\/\">http:\/\/logisticsummit.com\/alalog\/<\/a><\/p>\n","protected":false},"excerpt":{"rendered":"<p>Tendr\u00e1 lugar en el Logistic Summit &amp; Expo, en la ciudad de M\u00e9xico. El pr\u00f3ximo 14 de marzo, la Asociaci\u00f3n Latinoamericana de Log\u00edstica (ALALOG), cuya [&hellip;]<\/p>\n","protected":false},"author":1,"featured_media":2210,"comment_status":"open","ping_status":"open","sticky":true,"template":"","format":"standard","meta":{"_monsterinsights_skip_tracking":false,"_monsterinsights_sitenote_active":false,"_monsterinsights_sitenote_note":"","_monsterinsights_sitenote_category":0,"footnotes":""},"categories":[4],"tags":[],"class_list":["post-2206","post","type-post","status-publish","format-standard","has-post-thumbnail","hentry","category-noticias"],"yoast_head":"<!-- This site is optimized with the Yoast SEO plugin v22.3 - https:\/\/yoast.com\/wordpress\/plugins\/seo\/ -->\n<title>ALALOG REALIZA SU 1ER ENCUENTRO LATINOAMERICANO &#187; CEDOL<\/title>\n<meta name=\"description\" content=\"Tendr\u00e1 lugar en el Logistic Summit &amp; Expo, en la ciudad de M\u00e9xico.\" \/>\n<meta name=\"robots\" content=\"index, follow, max-snippet:-1, max-image-preview:large, max-video-preview:-1\" \/>\n<link rel=\"canonical\" href=\"https:\/\/www.cedol.org.ar\/logistica\/alalog-convoca-1er-encuentro-latinoamericano\/\" \/>\n<meta property=\"og:locale\" content=\"es_ES\" \/>\n<meta property=\"og:type\" content=\"article\" \/>\n<meta property=\"og:title\" content=\"ALALOG REALIZA SU 1ER ENCUENTRO LATINOAMERICANO &#187; CEDOL\" \/>\n<meta property=\"og:description\" content=\"Tendr\u00e1 lugar en el Logistic Summit &amp; Expo, en la ciudad de M\u00e9xico.\" \/>\n<meta property=\"og:url\" content=\"https:\/\/www.cedol.org.ar\/logistica\/alalog-convoca-1er-encuentro-latinoamericano\/\" \/>\n<meta property=\"og:site_name\" content=\"CEDOL\" \/>\n<meta property=\"article:published_time\" content=\"2019-01-30T19:46:26+00:00\" \/>\n<meta property=\"article:modified_time\" content=\"2019-02-26T01:27:47+00:00\" \/>\n<meta property=\"og:image\" content=\"https:\/\/www.cedol.org.ar\/logistica\/wp-content\/uploads\/2019\/01\/ENCUENTRO-ALALOG.png\" \/>\n\t<meta property=\"og:image:width\" content=\"1070\" \/>\n\t<meta property=\"og:image:height\" content=\"540\" \/>\n\t<meta property=\"og:image:type\" content=\"image\/png\" \/>\n<meta name=\"author\" content=\"admin\" \/>\n<meta name=\"twitter:card\" content=\"summary_large_image\" \/>\n<meta name=\"twitter:label1\" content=\"Escrito por\" \/>\n\t<meta name=\"twitter:data1\" content=\"admin\" \/>\n\t<meta name=\"twitter:label2\" content=\"Tiempo de lectura\" \/>\n\t<meta name=\"twitter:data2\" content=\"2 minutos\" \/>\n<script type=\"application\/ld+json\" class=\"yoast-schema-graph\">{\"@context\":\"https:\/\/schema.org\",\"@graph\":[{\"@type\":\"WebPage\",\"@id\":\"https:\/\/www.cedol.org.ar\/logistica\/alalog-convoca-1er-encuentro-latinoamericano\/\",\"url\":\"https:\/\/www.cedol.org.ar\/logistica\/alalog-convoca-1er-encuentro-latinoamericano\/\",\"name\":\"ALALOG REALIZA SU 1ER ENCUENTRO LATINOAMERICANO &#187; CEDOL\",\"isPartOf\":{\"@id\":\"https:\/\/www.cedol.org.ar\/logistica\/#website\"},\"primaryImageOfPage\":{\"@id\":\"https:\/\/www.cedol.org.ar\/logistica\/alalog-convoca-1er-encuentro-latinoamericano\/#primaryimage\"},\"image\":{\"@id\":\"https:\/\/www.cedol.org.ar\/logistica\/alalog-convoca-1er-encuentro-latinoamericano\/#primaryimage\"},\"thumbnailUrl\":\"https:\/\/www.cedol.org.ar\/logistica\/wp-content\/uploads\/2019\/01\/ENCUENTRO-ALALOG.png\",\"datePublished\":\"2019-01-30T19:46:26+00:00\",\"dateModified\":\"2019-02-26T01:27:47+00:00\",\"author\":{\"@id\":\"https:\/\/www.cedol.org.ar\/logistica\/#\/schema\/person\/40275bdb20446824fc74d51aabe22e83\"},\"description\":\"Tendr\u00e1 lugar en el Logistic Summit & Expo, en la ciudad de M\u00e9xico.\",\"breadcrumb\":{\"@id\":\"https:\/\/www.cedol.org.ar\/logistica\/alalog-convoca-1er-encuentro-latinoamericano\/#breadcrumb\"},\"inLanguage\":\"es\",\"potentialAction\":[{\"@type\":\"ReadAction\",\"target\":[\"https:\/\/www.cedol.org.ar\/logistica\/alalog-convoca-1er-encuentro-latinoamericano\/\"]}]},{\"@type\":\"ImageObject\",\"inLanguage\":\"es\",\"@id\":\"https:\/\/www.cedol.org.ar\/logistica\/alalog-convoca-1er-encuentro-latinoamericano\/#primaryimage\",\"url\":\"https:\/\/www.cedol.org.ar\/logistica\/wp-content\/uploads\/2019\/01\/ENCUENTRO-ALALOG.png\",\"contentUrl\":\"https:\/\/www.cedol.org.ar\/logistica\/wp-content\/uploads\/2019\/01\/ENCUENTRO-ALALOG.png\",\"width\":1070,\"height\":540},{\"@type\":\"BreadcrumbList\",\"@id\":\"https:\/\/www.cedol.org.ar\/logistica\/alalog-convoca-1er-encuentro-latinoamericano\/#breadcrumb\",\"itemListElement\":[{\"@type\":\"ListItem\",\"position\":1,\"name\":\"Home\",\"item\":\"https:\/\/www.cedol.org.ar\/logistica\/\"},{\"@type\":\"ListItem\",\"position\":2,\"name\":\"ALALOG REALIZA SU 1ER ENCUENTRO LATINOAMERICANO\"}]},{\"@type\":\"WebSite\",\"@id\":\"https:\/\/www.cedol.org.ar\/logistica\/#website\",\"url\":\"https:\/\/www.cedol.org.ar\/logistica\/\",\"name\":\"CEDOL\",\"description\":\"C\u00c1MARA EMPRESARIA DE OPERADORES LOG\u00cdSTICOS\",\"potentialAction\":[{\"@type\":\"SearchAction\",\"target\":{\"@type\":\"EntryPoint\",\"urlTemplate\":\"https:\/\/www.cedol.org.ar\/logistica\/?s={search_term_string}\"},\"query-input\":\"required name=search_term_string\"}],\"inLanguage\":\"es\"},{\"@type\":\"Person\",\"@id\":\"https:\/\/www.cedol.org.ar\/logistica\/#\/schema\/person\/40275bdb20446824fc74d51aabe22e83\",\"name\":\"admin\"}]}<\/script>\n<!-- \/ Yoast SEO plugin. -->","yoast_head_json":{"title":"ALALOG REALIZA SU 1ER ENCUENTRO LATINOAMERICANO &#187; CEDOL","description":"Tendr\u00e1 lugar en el Logistic Summit & Expo, en la ciudad de M\u00e9xico.","robots":{"index":"index","follow":"follow","max-snippet":"max-snippet:-1","max-image-preview":"max-image-preview:large","max-video-preview":"max-video-preview:-1"},"canonical":"https:\/\/www.cedol.org.ar\/logistica\/alalog-convoca-1er-encuentro-latinoamericano\/","og_locale":"es_ES","og_type":"article","og_title":"ALALOG REALIZA SU 1ER ENCUENTRO LATINOAMERICANO &#187; CEDOL","og_description":"Tendr\u00e1 lugar en el Logistic Summit & Expo, en la ciudad de M\u00e9xico.","og_url":"https:\/\/www.cedol.org.ar\/logistica\/alalog-convoca-1er-encuentro-latinoamericano\/","og_site_name":"CEDOL","article_published_time":"2019-01-30T19:46:26+00:00","article_modified_time":"2019-02-26T01:27:47+00:00","og_image":[{"width":1070,"height":540,"url":"https:\/\/www.cedol.org.ar\/logistica\/wp-content\/uploads\/2019\/01\/ENCUENTRO-ALALOG.png","type":"image\/png"}],"author":"admin","twitter_card":"summary_large_image","twitter_misc":{"Escrito por":"admin","Tiempo de lectura":"2 minutos"},"schema":{"@context":"https:\/\/schema.org","@graph":[{"@type":"WebPage","@id":"https:\/\/www.cedol.org.ar\/logistica\/alalog-convoca-1er-encuentro-latinoamericano\/","url":"https:\/\/www.cedol.org.ar\/logistica\/alalog-convoca-1er-encuentro-latinoamericano\/","name":"ALALOG REALIZA SU 1ER ENCUENTRO LATINOAMERICANO &#187; CEDOL","isPartOf":{"@id":"https:\/\/www.cedol.org.ar\/logistica\/#website"},"primaryImageOfPage":{"@id":"https:\/\/www.cedol.org.ar\/logistica\/alalog-convoca-1er-encuentro-latinoamericano\/#primaryimage"},"image":{"@id":"https:\/\/www.cedol.org.ar\/logistica\/alalog-convoca-1er-encuentro-latinoamericano\/#primaryimage"},"thumbnailUrl":"https:\/\/www.cedol.org.ar\/logistica\/wp-content\/uploads\/2019\/01\/ENCUENTRO-ALALOG.png","datePublished":"2019-01-30T19:46:26+00:00","dateModified":"2019-02-26T01:27:47+00:00","author":{"@id":"https:\/\/www.cedol.org.ar\/logistica\/#\/schema\/person\/40275bdb20446824fc74d51aabe22e83"},"description":"Tendr\u00e1 lugar en el Logistic Summit & Expo, en la ciudad de M\u00e9xico.","breadcrumb":{"@id":"https:\/\/www.cedol.org.ar\/logistica\/alalog-convoca-1er-encuentro-latinoamericano\/#breadcrumb"},"inLanguage":"es","potentialAction":[{"@type":"ReadAction","target":["https:\/\/www.cedol.org.ar\/logistica\/alalog-convoca-1er-encuentro-latinoamericano\/"]}]},{"@type":"ImageObject","inLanguage":"es","@id":"https:\/\/www.cedol.org.ar\/logistica\/alalog-convoca-1er-encuentro-latinoamericano\/#primaryimage","url":"https:\/\/www.cedol.org.ar\/logistica\/wp-content\/uploads\/2019\/01\/ENCUENTRO-ALALOG.png","contentUrl":"https:\/\/www.cedol.org.ar\/logistica\/wp-content\/uploads\/2019\/01\/ENCUENTRO-ALALOG.png","width":1070,"height":540},{"@type":"BreadcrumbList","@id":"https:\/\/www.cedol.org.ar\/logistica\/alalog-convoca-1er-encuentro-latinoamericano\/#breadcrumb","itemListElement":[{"@type":"ListItem","position":1,"name":"Home","item":"https:\/\/www.cedol.org.ar\/logistica\/"},{"@type":"ListItem","position":2,"name":"ALALOG REALIZA SU 1ER ENCUENTRO LATINOAMERICANO"}]},{"@type":"WebSite","@id":"https:\/\/www.cedol.org.ar\/logistica\/#website","url":"https:\/\/www.cedol.org.ar\/logistica\/","name":"CEDOL","description":"C\u00c1MARA EMPRESARIA DE OPERADORES LOG\u00cdSTICOS","potentialAction":[{"@type":"SearchAction","target":{"@type":"EntryPoint","urlTemplate":"https:\/\/www.cedol.org.ar\/logistica\/?s={search_term_string}"},"query-input":"required name=search_term_string"}],"inLanguage":"es"},{"@type":"Person","@id":"https:\/\/www.cedol.org.ar\/logistica\/#\/schema\/person\/40275bdb20446824fc74d51aabe22e83","name":"admin"}]}},"_links":{"self":[{"href":"https:\/\/www.cedol.org.ar\/logistica\/wp-json\/wp\/v2\/posts\/2206","targetHints":{"allow":["GET"]}}],"collection":[{"href":"https:\/\/www.cedol.org.ar\/logistica\/wp-json\/wp\/v2\/posts"}],"about":[{"href":"https:\/\/www.cedol.org.ar\/logistica\/wp-json\/wp\/v2\/types\/post"}],"author":[{"embeddable":true,"href":"https:\/\/www.cedol.org.ar\/logistica\/wp-json\/wp\/v2\/users\/1"}],"replies":[{"embeddable":true,"href":"https:\/\/www.cedol.org.ar\/logistica\/wp-json\/wp\/v2\/comments?post=2206"}],"version-history":[{"count":3,"href":"https:\/\/www.cedol.org.ar\/logistica\/wp-json\/wp\/v2\/posts\/2206\/revisions"}],"predecessor-version":[{"id":2229,"href":"https:\/\/www.cedol.org.ar\/logistica\/wp-json\/wp\/v2\/posts\/2206\/revisions\/2229"}],"wp:featuredmedia":[{"embeddable":true,"href":"https:\/\/www.cedol.org.ar\/logistica\/wp-json\/wp\/v2\/media\/2210"}],"wp:attachment":[{"href":"https:\/\/www.cedol.org.ar\/logistica\/wp-json\/wp\/v2\/media?parent=2206"}],"wp:term":[{"taxonomy":"category","embeddable":true,"href":"https:\/\/www.cedol.org.ar\/logistica\/wp-json\/wp\/v2\/categories?post=2206"},{"taxonomy":"post_tag","embeddable":true,"href":"https:\/\/www.cedol.org.ar\/logistica\/wp-json\/wp\/v2\/tags?post=2206"}],"curies":[{"name":"wp","href":"https:\/\/api.w.org\/{rel}","templated":true}]}}