{"id":2193,"date":"2019-01-09T15:42:53","date_gmt":"2019-01-09T15:42:53","guid":{"rendered":"http:\/\/www.cedol.org.ar\/logistica\/?p=2193"},"modified":"2019-03-12T01:31:08","modified_gmt":"2019-03-12T01:31:08","slug":"costos-logisticos-5832-2018-la-mayor-suba-28-anos","status":"publish","type":"post","link":"https:\/\/www.cedol.org.ar\/logistica\/costos-logisticos-5832-2018-la-mayor-suba-28-anos\/","title":{"rendered":"COSTOS LOG\u00cdSTICOS: 58,32% EN 2018, LA MAYOR SUBA EN 28 A\u00d1OS"},"content":{"rendered":"<p><strong>\u00cdndice Nacional de Costos Log\u00edsticos UTN \/ CEDOL &#8211; Diciembre<\/strong><\/p>\n<p>La<strong>\u00a0Universidad Tecnol\u00f3gica Nacional<\/strong>\u00a0<strong>(UTN),<\/strong>\u00a0a trav\u00e9s de su Centro Tecnol\u00f3gico de Transporte, Tr\u00e1nsito y Seguridad Vial (C3T), dio a conocer la evoluci\u00f3n del \u00cdndice de Costos Log\u00edsticos Nacionales, elaborado para la<strong>\u00a0C\u00e1mara Empresaria de Operadores Log\u00edsticos (CEDOL)<\/strong>, correspondiente al mes de<strong>\u00a0Diciembre y el total de 2018.<\/strong><\/p>\n<p>Los resultados indican que\u00a0<strong>en diciembre los costos log\u00edsticos subieron 2,04% y, los de distribuci\u00f3n, 3,08%.<\/strong><\/p>\n<p><strong>La suba total de costos log\u00edsticos durante 2018 se ubic\u00f3 en 58,32%, la cifra m\u00e1s alta de los \u00faltimos 28 a\u00f1os<\/strong>.<\/p>\n<p>Por su parte,\u00a0<strong>los costos de transporte<\/strong>\u00a0que elabora la Federaci\u00f3n Argentina de Entidades Empresarias del Autotransporte de Carga\u00a0<strong>(FADEEAC)<\/strong>, tuvieron un incremento del<strong>\u00a0<\/strong>2,38% en diciembre, alcanzando un\u00a0<strong>acumulado anual de<\/strong>\u00a0<strong>61,53%<\/strong>.<\/p>\n<p>En 2018, la permanente escalada en las tarifas (por ejemplo, combustible con 76,9%), en las tasas para financiamiento de cr\u00e9ditos y las fuertes devaluaciones, generaron una situaci\u00f3n de alta complejidad para la sostenibilidad de los negocios.\u00a0<strong>El sector se encuentra en estado de alerta<\/strong>\u00a0ya que, adem\u00e1s, se registra una importante ca\u00edda del consumo, con\u00a0<strong>p\u00e9rdidas de volumen en las operaciones<\/strong>.<\/p>\n<p><img loading=\"lazy\" decoding=\"async\" class=\"aligncenter size-full wp-image-2196\" src=\"http:\/\/www.cedol.org.ar\/logistica\/wp-content\/uploads\/2019\/01\/UTN-ENE.jpg\" alt=\"\" width=\"937\" height=\"771\" srcset=\"https:\/\/www.cedol.org.ar\/logistica\/wp-content\/uploads\/2019\/01\/UTN-ENE.jpg 937w, https:\/\/www.cedol.org.ar\/logistica\/wp-content\/uploads\/2019\/01\/UTN-ENE-300x247.jpg 300w, https:\/\/www.cedol.org.ar\/logistica\/wp-content\/uploads\/2019\/01\/UTN-ENE-768x632.jpg 768w, https:\/\/www.cedol.org.ar\/logistica\/wp-content\/uploads\/2019\/01\/UTN-ENE-816x671.jpg 816w\" sizes=\"auto, (max-width: 937px) 100vw, 937px\" \/><\/p>\n<p>Por \u00faltimo, recordamos que el objetivo de estos indicadores es reflejar mensualmente las variaciones que sufren los costos de los operadores log\u00edsticos de todo el pa\u00eds.<\/p>\n<p>&nbsp;<\/p>\n","protected":false},"excerpt":{"rendered":"<p>\u00cdndice Nacional de Costos Log\u00edsticos UTN \/ CEDOL &#8211; Diciembre La\u00a0Universidad Tecnol\u00f3gica Nacional\u00a0(UTN),\u00a0a trav\u00e9s de su Centro Tecnol\u00f3gico de Transporte, Tr\u00e1nsito y Seguridad Vial (C3T), [&hellip;]<\/p>\n","protected":false},"author":1,"featured_media":2125,"comment_status":"open","ping_status":"open","sticky":false,"template":"","format":"standard","meta":{"_monsterinsights_skip_tracking":false,"_monsterinsights_sitenote_active":false,"_monsterinsights_sitenote_note":"","_monsterinsights_sitenote_category":0,"footnotes":""},"categories":[4],"tags":[],"class_list":["post-2193","post","type-post","status-publish","format-standard","has-post-thumbnail","hentry","category-noticias"],"yoast_head":"<!-- This site is optimized with the Yoast SEO plugin v22.3 - https:\/\/yoast.com\/wordpress\/plugins\/seo\/ -->\n<title>COSTOS LOG\u00cdSTICOS: 58,32% EN 2018, LA MAYOR SUBA EN 28 A\u00d1OS &#187; CEDOL<\/title>\n<meta name=\"description\" content=\"\u00cdndice Nacional de Costos Log\u00edsticos UTN \/ CEDOL - Diciembre La\u00a0Universidad Tecnol\u00f3gica Nacional\u00a0(UTN),\u00a0a trav\u00e9s de su Centro Tecnol\u00f3gico de Transporte,\" \/>\n<meta name=\"robots\" content=\"index, follow, max-snippet:-1, max-image-preview:large, max-video-preview:-1\" \/>\n<link rel=\"canonical\" href=\"https:\/\/www.cedol.org.ar\/logistica\/costos-logisticos-5832-2018-la-mayor-suba-28-anos\/\" \/>\n<meta property=\"og:locale\" content=\"es_ES\" \/>\n<meta property=\"og:type\" content=\"article\" \/>\n<meta property=\"og:title\" content=\"COSTOS LOG\u00cdSTICOS: 58,32% EN 2018, LA MAYOR SUBA EN 28 A\u00d1OS &#187; CEDOL\" \/>\n<meta property=\"og:description\" content=\"\u00cdndice Nacional de Costos Log\u00edsticos UTN \/ CEDOL - Diciembre La\u00a0Universidad Tecnol\u00f3gica Nacional\u00a0(UTN),\u00a0a trav\u00e9s de su Centro Tecnol\u00f3gico de Transporte,\" \/>\n<meta property=\"og:url\" content=\"https:\/\/www.cedol.org.ar\/logistica\/costos-logisticos-5832-2018-la-mayor-suba-28-anos\/\" \/>\n<meta property=\"og:site_name\" content=\"CEDOL\" \/>\n<meta property=\"article:published_time\" content=\"2019-01-09T15:42:53+00:00\" \/>\n<meta property=\"article:modified_time\" content=\"2019-03-12T01:31:08+00:00\" \/>\n<meta property=\"og:image\" content=\"https:\/\/www.cedol.org.ar\/logistica\/wp-content\/uploads\/2018\/10\/ima-indices-1070.jpg\" \/>\n\t<meta property=\"og:image:width\" content=\"1070\" \/>\n\t<meta property=\"og:image:height\" content=\"540\" \/>\n\t<meta property=\"og:image:type\" content=\"image\/jpeg\" \/>\n<meta name=\"author\" content=\"admin\" \/>\n<meta name=\"twitter:card\" content=\"summary_large_image\" \/>\n<meta name=\"twitter:label1\" content=\"Escrito por\" \/>\n\t<meta name=\"twitter:data1\" content=\"admin\" \/>\n\t<meta name=\"twitter:label2\" content=\"Tiempo de lectura\" \/>\n\t<meta name=\"twitter:data2\" content=\"1 minuto\" \/>\n<script type=\"application\/ld+json\" class=\"yoast-schema-graph\">{\"@context\":\"https:\/\/schema.org\",\"@graph\":[{\"@type\":\"WebPage\",\"@id\":\"https:\/\/www.cedol.org.ar\/logistica\/costos-logisticos-5832-2018-la-mayor-suba-28-anos\/\",\"url\":\"https:\/\/www.cedol.org.ar\/logistica\/costos-logisticos-5832-2018-la-mayor-suba-28-anos\/\",\"name\":\"COSTOS LOG\u00cdSTICOS: 58,32% EN 2018, LA MAYOR SUBA EN 28 A\u00d1OS &#187; CEDOL\",\"isPartOf\":{\"@id\":\"https:\/\/www.cedol.org.ar\/logistica\/#website\"},\"primaryImageOfPage\":{\"@id\":\"https:\/\/www.cedol.org.ar\/logistica\/costos-logisticos-5832-2018-la-mayor-suba-28-anos\/#primaryimage\"},\"image\":{\"@id\":\"https:\/\/www.cedol.org.ar\/logistica\/costos-logisticos-5832-2018-la-mayor-suba-28-anos\/#primaryimage\"},\"thumbnailUrl\":\"https:\/\/www.cedol.org.ar\/logistica\/wp-content\/uploads\/2018\/10\/ima-indices-1070.jpg\",\"datePublished\":\"2019-01-09T15:42:53+00:00\",\"dateModified\":\"2019-03-12T01:31:08+00:00\",\"author\":{\"@id\":\"https:\/\/www.cedol.org.ar\/logistica\/#\/schema\/person\/40275bdb20446824fc74d51aabe22e83\"},\"description\":\"\u00cdndice Nacional de Costos Log\u00edsticos UTN \/ CEDOL - Diciembre La\u00a0Universidad Tecnol\u00f3gica Nacional\u00a0(UTN),\u00a0a trav\u00e9s de su Centro Tecnol\u00f3gico de Transporte,\",\"breadcrumb\":{\"@id\":\"https:\/\/www.cedol.org.ar\/logistica\/costos-logisticos-5832-2018-la-mayor-suba-28-anos\/#breadcrumb\"},\"inLanguage\":\"es\",\"potentialAction\":[{\"@type\":\"ReadAction\",\"target\":[\"https:\/\/www.cedol.org.ar\/logistica\/costos-logisticos-5832-2018-la-mayor-suba-28-anos\/\"]}]},{\"@type\":\"ImageObject\",\"inLanguage\":\"es\",\"@id\":\"https:\/\/www.cedol.org.ar\/logistica\/costos-logisticos-5832-2018-la-mayor-suba-28-anos\/#primaryimage\",\"url\":\"https:\/\/www.cedol.org.ar\/logistica\/wp-content\/uploads\/2018\/10\/ima-indices-1070.jpg\",\"contentUrl\":\"https:\/\/www.cedol.org.ar\/logistica\/wp-content\/uploads\/2018\/10\/ima-indices-1070.jpg\",\"width\":1070,\"height\":540,\"caption\":\"\u00cdndices UTN \/ CEDOL\"},{\"@type\":\"BreadcrumbList\",\"@id\":\"https:\/\/www.cedol.org.ar\/logistica\/costos-logisticos-5832-2018-la-mayor-suba-28-anos\/#breadcrumb\",\"itemListElement\":[{\"@type\":\"ListItem\",\"position\":1,\"name\":\"Home\",\"item\":\"https:\/\/www.cedol.org.ar\/logistica\/\"},{\"@type\":\"ListItem\",\"position\":2,\"name\":\"COSTOS LOG\u00cdSTICOS: 58,32% EN 2018, LA MAYOR SUBA EN 28 A\u00d1OS\"}]},{\"@type\":\"WebSite\",\"@id\":\"https:\/\/www.cedol.org.ar\/logistica\/#website\",\"url\":\"https:\/\/www.cedol.org.ar\/logistica\/\",\"name\":\"CEDOL\",\"description\":\"C\u00c1MARA EMPRESARIA DE OPERADORES LOG\u00cdSTICOS\",\"potentialAction\":[{\"@type\":\"SearchAction\",\"target\":{\"@type\":\"EntryPoint\",\"urlTemplate\":\"https:\/\/www.cedol.org.ar\/logistica\/?s={search_term_string}\"},\"query-input\":\"required name=search_term_string\"}],\"inLanguage\":\"es\"},{\"@type\":\"Person\",\"@id\":\"https:\/\/www.cedol.org.ar\/logistica\/#\/schema\/person\/40275bdb20446824fc74d51aabe22e83\",\"name\":\"admin\"}]}<\/script>\n<!-- \/ Yoast SEO plugin. -->","yoast_head_json":{"title":"COSTOS LOG\u00cdSTICOS: 58,32% EN 2018, LA MAYOR SUBA EN 28 A\u00d1OS &#187; CEDOL","description":"\u00cdndice Nacional de Costos Log\u00edsticos UTN \/ CEDOL - Diciembre La\u00a0Universidad Tecnol\u00f3gica Nacional\u00a0(UTN),\u00a0a trav\u00e9s de su Centro Tecnol\u00f3gico de Transporte,","robots":{"index":"index","follow":"follow","max-snippet":"max-snippet:-1","max-image-preview":"max-image-preview:large","max-video-preview":"max-video-preview:-1"},"canonical":"https:\/\/www.cedol.org.ar\/logistica\/costos-logisticos-5832-2018-la-mayor-suba-28-anos\/","og_locale":"es_ES","og_type":"article","og_title":"COSTOS LOG\u00cdSTICOS: 58,32% EN 2018, LA MAYOR SUBA EN 28 A\u00d1OS &#187; CEDOL","og_description":"\u00cdndice Nacional de Costos Log\u00edsticos UTN \/ CEDOL - Diciembre La\u00a0Universidad Tecnol\u00f3gica Nacional\u00a0(UTN),\u00a0a trav\u00e9s de su Centro Tecnol\u00f3gico de Transporte,","og_url":"https:\/\/www.cedol.org.ar\/logistica\/costos-logisticos-5832-2018-la-mayor-suba-28-anos\/","og_site_name":"CEDOL","article_published_time":"2019-01-09T15:42:53+00:00","article_modified_time":"2019-03-12T01:31:08+00:00","og_image":[{"width":1070,"height":540,"url":"https:\/\/www.cedol.org.ar\/logistica\/wp-content\/uploads\/2018\/10\/ima-indices-1070.jpg","type":"image\/jpeg"}],"author":"admin","twitter_card":"summary_large_image","twitter_misc":{"Escrito por":"admin","Tiempo de lectura":"1 minuto"},"schema":{"@context":"https:\/\/schema.org","@graph":[{"@type":"WebPage","@id":"https:\/\/www.cedol.org.ar\/logistica\/costos-logisticos-5832-2018-la-mayor-suba-28-anos\/","url":"https:\/\/www.cedol.org.ar\/logistica\/costos-logisticos-5832-2018-la-mayor-suba-28-anos\/","name":"COSTOS LOG\u00cdSTICOS: 58,32% EN 2018, LA MAYOR SUBA EN 28 A\u00d1OS &#187; CEDOL","isPartOf":{"@id":"https:\/\/www.cedol.org.ar\/logistica\/#website"},"primaryImageOfPage":{"@id":"https:\/\/www.cedol.org.ar\/logistica\/costos-logisticos-5832-2018-la-mayor-suba-28-anos\/#primaryimage"},"image":{"@id":"https:\/\/www.cedol.org.ar\/logistica\/costos-logisticos-5832-2018-la-mayor-suba-28-anos\/#primaryimage"},"thumbnailUrl":"https:\/\/www.cedol.org.ar\/logistica\/wp-content\/uploads\/2018\/10\/ima-indices-1070.jpg","datePublished":"2019-01-09T15:42:53+00:00","dateModified":"2019-03-12T01:31:08+00:00","author":{"@id":"https:\/\/www.cedol.org.ar\/logistica\/#\/schema\/person\/40275bdb20446824fc74d51aabe22e83"},"description":"\u00cdndice Nacional de Costos Log\u00edsticos UTN \/ CEDOL - Diciembre La\u00a0Universidad Tecnol\u00f3gica Nacional\u00a0(UTN),\u00a0a trav\u00e9s de su Centro Tecnol\u00f3gico de Transporte,","breadcrumb":{"@id":"https:\/\/www.cedol.org.ar\/logistica\/costos-logisticos-5832-2018-la-mayor-suba-28-anos\/#breadcrumb"},"inLanguage":"es","potentialAction":[{"@type":"ReadAction","target":["https:\/\/www.cedol.org.ar\/logistica\/costos-logisticos-5832-2018-la-mayor-suba-28-anos\/"]}]},{"@type":"ImageObject","inLanguage":"es","@id":"https:\/\/www.cedol.org.ar\/logistica\/costos-logisticos-5832-2018-la-mayor-suba-28-anos\/#primaryimage","url":"https:\/\/www.cedol.org.ar\/logistica\/wp-content\/uploads\/2018\/10\/ima-indices-1070.jpg","contentUrl":"https:\/\/www.cedol.org.ar\/logistica\/wp-content\/uploads\/2018\/10\/ima-indices-1070.jpg","width":1070,"height":540,"caption":"\u00cdndices UTN \/ CEDOL"},{"@type":"BreadcrumbList","@id":"https:\/\/www.cedol.org.ar\/logistica\/costos-logisticos-5832-2018-la-mayor-suba-28-anos\/#breadcrumb","itemListElement":[{"@type":"ListItem","position":1,"name":"Home","item":"https:\/\/www.cedol.org.ar\/logistica\/"},{"@type":"ListItem","position":2,"name":"COSTOS LOG\u00cdSTICOS: 58,32% EN 2018, LA MAYOR SUBA EN 28 A\u00d1OS"}]},{"@type":"WebSite","@id":"https:\/\/www.cedol.org.ar\/logistica\/#website","url":"https:\/\/www.cedol.org.ar\/logistica\/","name":"CEDOL","description":"C\u00c1MARA EMPRESARIA DE OPERADORES LOG\u00cdSTICOS","potentialAction":[{"@type":"SearchAction","target":{"@type":"EntryPoint","urlTemplate":"https:\/\/www.cedol.org.ar\/logistica\/?s={search_term_string}"},"query-input":"required name=search_term_string"}],"inLanguage":"es"},{"@type":"Person","@id":"https:\/\/www.cedol.org.ar\/logistica\/#\/schema\/person\/40275bdb20446824fc74d51aabe22e83","name":"admin"}]}},"_links":{"self":[{"href":"https:\/\/www.cedol.org.ar\/logistica\/wp-json\/wp\/v2\/posts\/2193","targetHints":{"allow":["GET"]}}],"collection":[{"href":"https:\/\/www.cedol.org.ar\/logistica\/wp-json\/wp\/v2\/posts"}],"about":[{"href":"https:\/\/www.cedol.org.ar\/logistica\/wp-json\/wp\/v2\/types\/post"}],"author":[{"embeddable":true,"href":"https:\/\/www.cedol.org.ar\/logistica\/wp-json\/wp\/v2\/users\/1"}],"replies":[{"embeddable":true,"href":"https:\/\/www.cedol.org.ar\/logistica\/wp-json\/wp\/v2\/comments?post=2193"}],"version-history":[{"count":4,"href":"https:\/\/www.cedol.org.ar\/logistica\/wp-json\/wp\/v2\/posts\/2193\/revisions"}],"predecessor-version":[{"id":2204,"href":"https:\/\/www.cedol.org.ar\/logistica\/wp-json\/wp\/v2\/posts\/2193\/revisions\/2204"}],"wp:featuredmedia":[{"embeddable":true,"href":"https:\/\/www.cedol.org.ar\/logistica\/wp-json\/wp\/v2\/media\/2125"}],"wp:attachment":[{"href":"https:\/\/www.cedol.org.ar\/logistica\/wp-json\/wp\/v2\/media?parent=2193"}],"wp:term":[{"taxonomy":"category","embeddable":true,"href":"https:\/\/www.cedol.org.ar\/logistica\/wp-json\/wp\/v2\/categories?post=2193"},{"taxonomy":"post_tag","embeddable":true,"href":"https:\/\/www.cedol.org.ar\/logistica\/wp-json\/wp\/v2\/tags?post=2193"}],"curies":[{"name":"wp","href":"https:\/\/api.w.org\/{rel}","templated":true}]}}