{"id":2188,"date":"2018-12-20T16:47:14","date_gmt":"2018-12-20T16:47:14","guid":{"rendered":"http:\/\/www.cedol.org.ar\/logistica\/?p=2188"},"modified":"2018-12-20T16:51:48","modified_gmt":"2018-12-20T16:51:48","slug":"noticias-del-sector-2","status":"publish","type":"post","link":"https:\/\/www.cedol.org.ar\/logistica\/noticias-del-sector-2\/","title":{"rendered":"NOTICIAS DEL SECTOR"},"content":{"rendered":"<p><strong>Novedades de diciembre: El 11\u00ba Encuentro CEDOL 2019 se enfocar\u00e1 en la innovaci\u00f3n en la gesti\u00f3n de talentos; Participaci\u00f3n en Observatorio de Sustentabilidad (Zarcam); Apuesta al transporte inteligente (Andreani); Reconocimiento mundial (Grupo Gefco).<\/strong><\/p>\n<p><strong>11\u00b0 Encuentro Profesional 2019: Innovaci\u00f3n en la gesti\u00f3n de talentos<\/strong><\/p>\n<p>Como cada a\u00f1o, la C\u00e1mara Empresaria de Operadores Log\u00edsticos (CEDOL) organizar\u00e1 su encuentro anual sobre temas destacados y actuales referidos a la log\u00edstica empresaria y sus componentes. En esta oportunidad, la jornada estar\u00e1 centrada en la gente y\u00a0 la creaci\u00f3n de talento dentro del mundo de las operaciones log\u00edsticas, ya que su administraci\u00f3n, gesti\u00f3n y desarrollo resultan clave para el liderazgo innovador y creativo.<\/p>\n<p>Para ello, como en ediciones anteriores, la 11\u00b0 publicaci\u00f3n t\u00e9cnica tambi\u00e9n estar\u00e1 enfocada en esta tem\u00e1tica, con participaci\u00f3n de un grupo de ejecutivos del sector, que aportar\u00e1n ideas y miradas de distintas organizaciones. Asimismo, la C\u00e1mara ha invitado a participar del Encuentro a un experto que colabore en esta nueva mirada sobre la gesti\u00f3n de Recursos Humanos, dentro de las organizaciones del ma\u00f1ana.<\/p>\n<p>Sin dudas, para hacer una diferencia en los negocios es preciso trabajar con las personas. La demanda del mercado actual necesita de la gesti\u00f3n de talentos dentro de las operaciones log\u00edsticas para colaborar en el desarrollo competitivo y sustentable que permita el crecimiento del sector.<\/p>\n<p>La cita ser\u00e1 el 10 de abril del 2019, entre las 8 y 13 horas, en el Sal\u00f3n Golden Center de Parque Norte, en la Ciudad de Buenos Aires.<\/p>\n<p>&nbsp;<\/p>\n<p><strong>Participaci\u00f3n en Observatorio de Sustentabilidad<\/strong><\/p>\n<p><strong>Zarcam<\/strong> particip\u00f3 del cierre de a\u00f1o organizado por el Observatorio de Log\u00edstica y Sustentabilidad (OLS), en el Aula Magna del ITBA, junto a otras importantes compa\u00f1\u00edas del pa\u00eds. El OLS es un espacio para que desde el sector p\u00fablico y privado se planteen problemas e iniciativas con respecto a la sustentabilidad en procesos log\u00edsticos. En este evento se presentaron temas, como: movilidad limpia, reportes de sustentabilidad, compras sustentables o los resultados de la encuesta de log\u00edstica sustentable en argentina para 2018, entre otros aspectos. La empresa Zarcam particip\u00f3 del panel de empresas que explicaron su experiencia en la implementaci\u00f3n de Reportes de Sustentabilidad.<\/p>\n<p>&nbsp;<\/p>\n<p><strong>Apuesta al transporte inteligente<\/strong><\/p>\n<p>El <strong>Grupo Log\u00edstico Andreani<\/strong> se sum\u00f3 al \u2018Programa de Transporte Inteligente\u2019 (PTI), una iniciativa de la Secretar\u00eda de Energ\u00eda del Ministerio de Hacienda de la Naci\u00f3n junto con el Ministerio de Transporte, con el objetivo de promover buenas pr\u00e1cticas e implementar nuevas tecnolog\u00edas m\u00e1s eficientes, para reducir el consumo de combustible hasta un 30% y, por ende, las emisiones de gases de efecto invernadero (GEI) y otros agentes de efecto local.<\/p>\n<p>En este sentido, la empresa se encuentra instalando deflectores en sus semirremolques para luego analizar, medir y comparar el consumo de combustible sobre veh\u00edculos de larga distancia, en contraposici\u00f3n a los que no los tienen.<\/p>\n<p><em>\u201cSomos optimistas y creemos que generaremos un cambio de doble impacto: Por un lado, econ\u00f3mico, ya que determinar\u00e1 una disminuci\u00f3n considerable en el uso de combustible, entre un 2% y 5% en cada viaje; y por el otro, ecol\u00f3gico, al disminuir considerablemente la emisi\u00f3n de gases contaminantes\u201d<\/em>, afirm\u00f3 <strong>Gabriel P\u00e9rez<\/strong>, gerente de Desempe\u00f1o Ambiental del Grupo.<\/p>\n<p>&nbsp;<\/p>\n<p><strong>Reconocimiento mundial <\/strong><\/p>\n<p>El <strong>Grupo GEFCO<\/strong> recibi\u00f3 el premio <em>Happy Trainees 2019<\/em> en las categor\u00edas Internacional, Europa y Francia. De esta manera, se ubica por primera vez entre las cinco mejores empresas del mundo por tener pasantes, practicantes y voluntarios corporativos internacionales felices.<\/p>\n<p>El premio creado en 2012 reconoce a las empresas que alcanzan la excelencia en sus sistemas para la incorporaci\u00f3n, el apoyo y la gesti\u00f3n de los estudiantes. En total, el 77.6% de los estudiantes dice que recomendar\u00eda a la empresa para una pasant\u00eda, una pr\u00e1ctica profesional o un programa de voluntariado internacional.<\/p>\n<p><em>\u00abEl aprendizaje, desarrollo profesional y la capacitaci\u00f3n, son los motores clave del desempe\u00f1o y el \u00e9xito del Grupo. Contamos con estos j\u00f3venes talentos y sus nuevas ideas para impulsar la innovaci\u00f3n internamente y ayudar a construir el futuro de nuestra empresa\u201d<\/em>, coment\u00f3 <strong>Virginie Outerovitch<\/strong>, directora de talento de la compa\u00f1\u00eda.<\/p>\n","protected":false},"excerpt":{"rendered":"<p>Novedades de diciembre: El 11\u00ba Encuentro CEDOL 2019 se enfocar\u00e1 en la innovaci\u00f3n en la gesti\u00f3n de talentos; Participaci\u00f3n en Observatorio de Sustentabilidad (Zarcam); Apuesta [&hellip;]<\/p>\n","protected":false},"author":1,"featured_media":2165,"comment_status":"open","ping_status":"open","sticky":false,"template":"","format":"standard","meta":{"_monsterinsights_skip_tracking":false,"_monsterinsights_sitenote_active":false,"_monsterinsights_sitenote_note":"","_monsterinsights_sitenote_category":0,"footnotes":""},"categories":[4],"tags":[],"class_list":["post-2188","post","type-post","status-publish","format-standard","has-post-thumbnail","hentry","category-noticias"],"yoast_head":"<!-- This site is optimized with the Yoast SEO plugin v22.3 - https:\/\/yoast.com\/wordpress\/plugins\/seo\/ -->\n<title>NOTICIAS DEL SECTOR &#187; CEDOL<\/title>\n<meta name=\"description\" content=\"Novedades de diciembre: El 11\u00ba Encuentro CEDOL 2019 se enfocar\u00e1 en la innovaci\u00f3n en la gesti\u00f3n de talentos; Participaci\u00f3n en Observatorio de Sustentabilidad (Zarcam); Apuesta al transporte inteligente (Andreani); Reconocimiento mundial (Grupo Gefco).\" \/>\n<meta name=\"robots\" content=\"index, follow, max-snippet:-1, max-image-preview:large, max-video-preview:-1\" \/>\n<link rel=\"canonical\" href=\"https:\/\/www.cedol.org.ar\/logistica\/noticias-del-sector-2\/\" \/>\n<meta property=\"og:locale\" content=\"es_ES\" \/>\n<meta property=\"og:type\" content=\"article\" \/>\n<meta property=\"og:title\" content=\"NOTICIAS DEL SECTOR &#187; CEDOL\" \/>\n<meta property=\"og:description\" content=\"Novedades de diciembre: El 11\u00ba Encuentro CEDOL 2019 se enfocar\u00e1 en la innovaci\u00f3n en la gesti\u00f3n de talentos; Participaci\u00f3n en Observatorio de Sustentabilidad (Zarcam); Apuesta al transporte inteligente (Andreani); Reconocimiento mundial (Grupo Gefco).\" \/>\n<meta property=\"og:url\" content=\"https:\/\/www.cedol.org.ar\/logistica\/noticias-del-sector-2\/\" \/>\n<meta property=\"og:site_name\" content=\"CEDOL\" \/>\n<meta property=\"article:published_time\" content=\"2018-12-20T16:47:14+00:00\" \/>\n<meta property=\"article:modified_time\" content=\"2018-12-20T16:51:48+00:00\" \/>\n<meta property=\"og:image\" content=\"https:\/\/www.cedol.org.ar\/logistica\/wp-content\/uploads\/2018\/11\/FOTO-4.jpg\" \/>\n\t<meta property=\"og:image:width\" content=\"1070\" \/>\n\t<meta property=\"og:image:height\" content=\"540\" \/>\n\t<meta property=\"og:image:type\" content=\"image\/jpeg\" \/>\n<meta name=\"author\" content=\"admin\" \/>\n<meta name=\"twitter:card\" content=\"summary_large_image\" \/>\n<meta name=\"twitter:label1\" content=\"Escrito por\" \/>\n\t<meta name=\"twitter:data1\" content=\"admin\" \/>\n\t<meta name=\"twitter:label2\" content=\"Tiempo de lectura\" \/>\n\t<meta name=\"twitter:data2\" content=\"4 minutos\" \/>\n<script type=\"application\/ld+json\" class=\"yoast-schema-graph\">{\"@context\":\"https:\/\/schema.org\",\"@graph\":[{\"@type\":\"WebPage\",\"@id\":\"https:\/\/www.cedol.org.ar\/logistica\/noticias-del-sector-2\/\",\"url\":\"https:\/\/www.cedol.org.ar\/logistica\/noticias-del-sector-2\/\",\"name\":\"NOTICIAS DEL SECTOR &#187; CEDOL\",\"isPartOf\":{\"@id\":\"https:\/\/www.cedol.org.ar\/logistica\/#website\"},\"primaryImageOfPage\":{\"@id\":\"https:\/\/www.cedol.org.ar\/logistica\/noticias-del-sector-2\/#primaryimage\"},\"image\":{\"@id\":\"https:\/\/www.cedol.org.ar\/logistica\/noticias-del-sector-2\/#primaryimage\"},\"thumbnailUrl\":\"https:\/\/www.cedol.org.ar\/logistica\/wp-content\/uploads\/2018\/11\/FOTO-4.jpg\",\"datePublished\":\"2018-12-20T16:47:14+00:00\",\"dateModified\":\"2018-12-20T16:51:48+00:00\",\"author\":{\"@id\":\"https:\/\/www.cedol.org.ar\/logistica\/#\/schema\/person\/40275bdb20446824fc74d51aabe22e83\"},\"description\":\"Novedades de diciembre: El 11\u00ba Encuentro CEDOL 2019 se enfocar\u00e1 en la innovaci\u00f3n en la gesti\u00f3n de talentos; Participaci\u00f3n en Observatorio de Sustentabilidad (Zarcam); Apuesta al transporte inteligente (Andreani); Reconocimiento mundial (Grupo Gefco).\",\"breadcrumb\":{\"@id\":\"https:\/\/www.cedol.org.ar\/logistica\/noticias-del-sector-2\/#breadcrumb\"},\"inLanguage\":\"es\",\"potentialAction\":[{\"@type\":\"ReadAction\",\"target\":[\"https:\/\/www.cedol.org.ar\/logistica\/noticias-del-sector-2\/\"]}]},{\"@type\":\"ImageObject\",\"inLanguage\":\"es\",\"@id\":\"https:\/\/www.cedol.org.ar\/logistica\/noticias-del-sector-2\/#primaryimage\",\"url\":\"https:\/\/www.cedol.org.ar\/logistica\/wp-content\/uploads\/2018\/11\/FOTO-4.jpg\",\"contentUrl\":\"https:\/\/www.cedol.org.ar\/logistica\/wp-content\/uploads\/2018\/11\/FOTO-4.jpg\",\"width\":1070,\"height\":540},{\"@type\":\"BreadcrumbList\",\"@id\":\"https:\/\/www.cedol.org.ar\/logistica\/noticias-del-sector-2\/#breadcrumb\",\"itemListElement\":[{\"@type\":\"ListItem\",\"position\":1,\"name\":\"Home\",\"item\":\"https:\/\/www.cedol.org.ar\/logistica\/\"},{\"@type\":\"ListItem\",\"position\":2,\"name\":\"NOTICIAS DEL SECTOR\"}]},{\"@type\":\"WebSite\",\"@id\":\"https:\/\/www.cedol.org.ar\/logistica\/#website\",\"url\":\"https:\/\/www.cedol.org.ar\/logistica\/\",\"name\":\"CEDOL\",\"description\":\"C\u00c1MARA EMPRESARIA DE OPERADORES LOG\u00cdSTICOS\",\"potentialAction\":[{\"@type\":\"SearchAction\",\"target\":{\"@type\":\"EntryPoint\",\"urlTemplate\":\"https:\/\/www.cedol.org.ar\/logistica\/?s={search_term_string}\"},\"query-input\":\"required name=search_term_string\"}],\"inLanguage\":\"es\"},{\"@type\":\"Person\",\"@id\":\"https:\/\/www.cedol.org.ar\/logistica\/#\/schema\/person\/40275bdb20446824fc74d51aabe22e83\",\"name\":\"admin\"}]}<\/script>\n<!-- \/ Yoast SEO plugin. -->","yoast_head_json":{"title":"NOTICIAS DEL SECTOR &#187; CEDOL","description":"Novedades de diciembre: El 11\u00ba Encuentro CEDOL 2019 se enfocar\u00e1 en la innovaci\u00f3n en la gesti\u00f3n de talentos; Participaci\u00f3n en Observatorio de Sustentabilidad (Zarcam); Apuesta al transporte inteligente (Andreani); Reconocimiento mundial (Grupo Gefco).","robots":{"index":"index","follow":"follow","max-snippet":"max-snippet:-1","max-image-preview":"max-image-preview:large","max-video-preview":"max-video-preview:-1"},"canonical":"https:\/\/www.cedol.org.ar\/logistica\/noticias-del-sector-2\/","og_locale":"es_ES","og_type":"article","og_title":"NOTICIAS DEL SECTOR &#187; CEDOL","og_description":"Novedades de diciembre: El 11\u00ba Encuentro CEDOL 2019 se enfocar\u00e1 en la innovaci\u00f3n en la gesti\u00f3n de talentos; Participaci\u00f3n en Observatorio de Sustentabilidad (Zarcam); Apuesta al transporte inteligente (Andreani); Reconocimiento mundial (Grupo Gefco).","og_url":"https:\/\/www.cedol.org.ar\/logistica\/noticias-del-sector-2\/","og_site_name":"CEDOL","article_published_time":"2018-12-20T16:47:14+00:00","article_modified_time":"2018-12-20T16:51:48+00:00","og_image":[{"width":1070,"height":540,"url":"https:\/\/www.cedol.org.ar\/logistica\/wp-content\/uploads\/2018\/11\/FOTO-4.jpg","type":"image\/jpeg"}],"author":"admin","twitter_card":"summary_large_image","twitter_misc":{"Escrito por":"admin","Tiempo de lectura":"4 minutos"},"schema":{"@context":"https:\/\/schema.org","@graph":[{"@type":"WebPage","@id":"https:\/\/www.cedol.org.ar\/logistica\/noticias-del-sector-2\/","url":"https:\/\/www.cedol.org.ar\/logistica\/noticias-del-sector-2\/","name":"NOTICIAS DEL SECTOR &#187; CEDOL","isPartOf":{"@id":"https:\/\/www.cedol.org.ar\/logistica\/#website"},"primaryImageOfPage":{"@id":"https:\/\/www.cedol.org.ar\/logistica\/noticias-del-sector-2\/#primaryimage"},"image":{"@id":"https:\/\/www.cedol.org.ar\/logistica\/noticias-del-sector-2\/#primaryimage"},"thumbnailUrl":"https:\/\/www.cedol.org.ar\/logistica\/wp-content\/uploads\/2018\/11\/FOTO-4.jpg","datePublished":"2018-12-20T16:47:14+00:00","dateModified":"2018-12-20T16:51:48+00:00","author":{"@id":"https:\/\/www.cedol.org.ar\/logistica\/#\/schema\/person\/40275bdb20446824fc74d51aabe22e83"},"description":"Novedades de diciembre: El 11\u00ba Encuentro CEDOL 2019 se enfocar\u00e1 en la innovaci\u00f3n en la gesti\u00f3n de talentos; Participaci\u00f3n en Observatorio de Sustentabilidad (Zarcam); Apuesta al transporte inteligente (Andreani); Reconocimiento mundial (Grupo Gefco).","breadcrumb":{"@id":"https:\/\/www.cedol.org.ar\/logistica\/noticias-del-sector-2\/#breadcrumb"},"inLanguage":"es","potentialAction":[{"@type":"ReadAction","target":["https:\/\/www.cedol.org.ar\/logistica\/noticias-del-sector-2\/"]}]},{"@type":"ImageObject","inLanguage":"es","@id":"https:\/\/www.cedol.org.ar\/logistica\/noticias-del-sector-2\/#primaryimage","url":"https:\/\/www.cedol.org.ar\/logistica\/wp-content\/uploads\/2018\/11\/FOTO-4.jpg","contentUrl":"https:\/\/www.cedol.org.ar\/logistica\/wp-content\/uploads\/2018\/11\/FOTO-4.jpg","width":1070,"height":540},{"@type":"BreadcrumbList","@id":"https:\/\/www.cedol.org.ar\/logistica\/noticias-del-sector-2\/#breadcrumb","itemListElement":[{"@type":"ListItem","position":1,"name":"Home","item":"https:\/\/www.cedol.org.ar\/logistica\/"},{"@type":"ListItem","position":2,"name":"NOTICIAS DEL SECTOR"}]},{"@type":"WebSite","@id":"https:\/\/www.cedol.org.ar\/logistica\/#website","url":"https:\/\/www.cedol.org.ar\/logistica\/","name":"CEDOL","description":"C\u00c1MARA EMPRESARIA DE OPERADORES LOG\u00cdSTICOS","potentialAction":[{"@type":"SearchAction","target":{"@type":"EntryPoint","urlTemplate":"https:\/\/www.cedol.org.ar\/logistica\/?s={search_term_string}"},"query-input":"required name=search_term_string"}],"inLanguage":"es"},{"@type":"Person","@id":"https:\/\/www.cedol.org.ar\/logistica\/#\/schema\/person\/40275bdb20446824fc74d51aabe22e83","name":"admin"}]}},"_links":{"self":[{"href":"https:\/\/www.cedol.org.ar\/logistica\/wp-json\/wp\/v2\/posts\/2188","targetHints":{"allow":["GET"]}}],"collection":[{"href":"https:\/\/www.cedol.org.ar\/logistica\/wp-json\/wp\/v2\/posts"}],"about":[{"href":"https:\/\/www.cedol.org.ar\/logistica\/wp-json\/wp\/v2\/types\/post"}],"author":[{"embeddable":true,"href":"https:\/\/www.cedol.org.ar\/logistica\/wp-json\/wp\/v2\/users\/1"}],"replies":[{"embeddable":true,"href":"https:\/\/www.cedol.org.ar\/logistica\/wp-json\/wp\/v2\/comments?post=2188"}],"version-history":[{"count":1,"href":"https:\/\/www.cedol.org.ar\/logistica\/wp-json\/wp\/v2\/posts\/2188\/revisions"}],"predecessor-version":[{"id":2189,"href":"https:\/\/www.cedol.org.ar\/logistica\/wp-json\/wp\/v2\/posts\/2188\/revisions\/2189"}],"wp:featuredmedia":[{"embeddable":true,"href":"https:\/\/www.cedol.org.ar\/logistica\/wp-json\/wp\/v2\/media\/2165"}],"wp:attachment":[{"href":"https:\/\/www.cedol.org.ar\/logistica\/wp-json\/wp\/v2\/media?parent=2188"}],"wp:term":[{"taxonomy":"category","embeddable":true,"href":"https:\/\/www.cedol.org.ar\/logistica\/wp-json\/wp\/v2\/categories?post=2188"},{"taxonomy":"post_tag","embeddable":true,"href":"https:\/\/www.cedol.org.ar\/logistica\/wp-json\/wp\/v2\/tags?post=2188"}],"curies":[{"name":"wp","href":"https:\/\/api.w.org\/{rel}","templated":true}]}}