{"id":2170,"date":"2018-12-06T16:27:58","date_gmt":"2018-12-06T16:27:58","guid":{"rendered":"http:\/\/www.cedol.org.ar\/logistica\/?p=2170"},"modified":"2019-03-12T01:29:52","modified_gmt":"2019-03-12T01:29:52","slug":"2018-ano-costo-fue-protagonista","status":"publish","type":"post","link":"https:\/\/www.cedol.org.ar\/logistica\/2018-ano-costo-fue-protagonista\/","title":{"rendered":"2018: EL A\u00d1O EN QUE EL COSTO FUE PROTAGONISTA"},"content":{"rendered":"<p><strong>\u00cdndice Nacional de Costos Log\u00edsticos UTN\/CEDOL de Noviembre. <\/strong><\/p>\n<p>La<strong>\u00a0Universidad Tecnol\u00f3gica Nacional<\/strong>\u00a0<strong>(UTN),<\/strong>\u00a0a trav\u00e9s de su Centro Tecnol\u00f3gico de Transporte, Tr\u00e1nsito y Seguridad Vial (C3T), dio a conocer la evoluci\u00f3n del \u00cdndice de Costos Log\u00edsticos Nacionales elaborado para la<strong>\u00a0C\u00e1mara Empresaria de Operadores Log\u00edsticos (CEDOL)<\/strong>, correspondiente al mes de<strong>\u00a0Noviembre.<\/strong><\/p>\n<p>En el an\u00e1lisis de la variante que incluye el\u00a0<strong>Costo con Transporte<\/strong>, la cifra del mes es\u00a0<strong>6,36%<\/strong>.<strong>\u00a0<\/strong>En tanto que para la modalidad\u00a0<strong>Sin Costo de Transporte<\/strong>, la variaci\u00f3n fue del\u00a0<strong>10,20%<\/strong>.<strong>\u00a0<\/strong>Por su parte, los indicadores correspondientes a<strong>\u00a0Costos de Distribuci\u00f3n Con Acompa\u00f1ante\u00a0<\/strong>mostraron un incremento del\u00a0<strong>8,48%<\/strong>; y\u00a0<strong>Sin Acompa\u00f1ante<\/strong>\u00a0del\u00a0<strong>6,36%<\/strong>.<\/p>\n<p>Adem\u00e1s, cabe recordar que la medici\u00f3n de costos para transporte que realiza la Federaci\u00f3n Argentina de Entidades Empresarias del Autotransporte de Carga (FADEEAC), tuvo como resultado del mes un crecimiento del<strong>\u00a05,48%<\/strong>, con un impacto en el a\u00f1o del<strong>\u00a057,78%<\/strong>.<\/p>\n<p>El \u00cdndice correspondiente a este mes, contempla tanto las\u00a0<strong>paritarias<\/strong>\u00a0como el parcial del\u00a0<strong>bono anual<\/strong>, decretado por el gobierno. Mientras que el\u00a0<strong>combustible<\/strong>\u00a0es el \u00edtem clave que le dio protagonismo exclusivo a los costos, ya que se increment\u00f3\u00a0<strong>82,17%<\/strong>\u00a0en los \u00faltimos 12 meses.<\/p>\n<p>De esta manera, los costos vuelven a ser noticia en el sector log\u00edstico, generando una elevada complejidad para la sostenibilidad de los negocios,\u00a0<strong>limitando inversiones y mejoras tecnolog\u00edcas<\/strong>. La continuidad de las\u00a0<strong>altas tasas de inter\u00e9s<\/strong>, asimismo,<strong>\u00a0<\/strong>suman factores todav\u00eda m\u00e1s restrictivos en la estructura financiera de las compa\u00f1\u00edas.<\/p>\n<p><strong>En consecuencia, se puede afirmar que de los \u00faltimos 10 a\u00f1os, el 2018 se convierte en el de mayor impacto en los costos por causa de aumentos en componentes que son absolutamente ajenos al sector, incluso provocados por decisiones y acciones externas a las operaciones en s\u00ed mismas. Un a\u00f1o de tormenta perfecta.<\/strong><\/p>\n<p>Como s\u00edntesis, el siguiente cuadro detalla los resultados de los valores\u00a0<strong>acumulados durante 2018<\/strong>\u00a0y sus variaciones interanuales. Ae aprecia el impacto que tienen las subas de tarifas en servicios y otros insumos, lo que demuestra la\u00a0<strong>GRAVEDAD DE LA SITUACI\u00d3N<\/strong>\u00a0que sufren las empresas de log\u00edstica para mantener sus negocios rentables y competitivos.<\/p>\n<table>\n<tbody>\n<tr>\n<td><\/td>\n<td><strong>Variaci\u00f3n \u00faltimos 11 meses<\/strong><\/td>\n<td><strong>Variaci\u00f3n Interanual<\/strong><br \/>\n<strong>(\u00faltimos 12 meses)<\/strong><\/td>\n<\/tr>\n<tr>\n<td><strong>CEDOL con Costo de Transporte<\/strong><\/td>\n<td><strong>55,16%<\/strong><\/td>\n<td><strong>59,26%<\/strong><\/td>\n<\/tr>\n<tr>\n<td><strong>CEDOL sin Costo de Transporte<\/strong><\/td>\n<td><strong>45,75%<\/strong><\/td>\n<td><strong>48,28%<\/strong><\/td>\n<\/tr>\n<tr>\n<td><strong>Distribuci\u00f3n con Acompa\u00f1ante<\/strong><\/td>\n<td><strong>38,93%<\/strong><\/td>\n<td><strong>41,12%<\/strong><\/td>\n<\/tr>\n<tr>\n<td><strong>Distribuci\u00f3n sin Acompa\u00f1ante<\/strong><\/td>\n<td><strong>42,95%<\/strong><\/td>\n<td><strong>46,29%<\/strong><\/td>\n<\/tr>\n<tr>\n<td><strong>\u00a0<\/strong><\/td>\n<td><strong>\u00a0<\/strong><\/td>\n<td><strong>\u00a0<\/strong><\/td>\n<\/tr>\n<tr>\n<td><strong>Indice de variaci\u00f3n FADEEAC<\/strong><\/td>\n<td><strong>57,78%<\/strong><\/td>\n<td><strong>62,39%<\/strong><\/td>\n<\/tr>\n<\/tbody>\n<\/table>\n<p>Por \u00faltimo, recordamos que el objetivo de estos indicadores es reflejar mensualmente las variaciones que sufren los costos de los operadores log\u00edsticos de todo el pa\u00eds.<\/p>\n<p>&nbsp;<\/p>\n","protected":false},"excerpt":{"rendered":"<p>\u00cdndice Nacional de Costos Log\u00edsticos UTN\/CEDOL de Noviembre. La\u00a0Universidad Tecnol\u00f3gica Nacional\u00a0(UTN),\u00a0a trav\u00e9s de su Centro Tecnol\u00f3gico de Transporte, Tr\u00e1nsito y Seguridad Vial (C3T), dio a [&hellip;]<\/p>\n","protected":false},"author":1,"featured_media":2125,"comment_status":"open","ping_status":"open","sticky":false,"template":"","format":"standard","meta":{"_monsterinsights_skip_tracking":false,"_monsterinsights_sitenote_active":false,"_monsterinsights_sitenote_note":"","_monsterinsights_sitenote_category":0,"footnotes":""},"categories":[4],"tags":[],"class_list":["post-2170","post","type-post","status-publish","format-standard","has-post-thumbnail","hentry","category-noticias"],"yoast_head":"<!-- This site is optimized with the Yoast SEO plugin v22.3 - https:\/\/yoast.com\/wordpress\/plugins\/seo\/ -->\n<title>2018: EL A\u00d1O EN QUE EL COSTO FUE PROTAGONISTA &#187; CEDOL<\/title>\n<meta name=\"description\" content=\"La\u00a0Universidad Tecnol\u00f3gica Nacional\u00a0(UTN),\u00a0a trav\u00e9s de su Centro Tecnol\u00f3gico de Transporte, Tr\u00e1nsito y Seguridad Vial (C3T), dio a conocer la evoluci\u00f3n del \u00cdndice de Costos Log\u00edsticos Nacionales elaborado para la\u00a0C\u00e1mara Empresaria de Operadores Log\u00edsticos (CEDOL), correspondiente al mes de\u00a0Noviembre.\" \/>\n<meta name=\"robots\" content=\"index, follow, max-snippet:-1, max-image-preview:large, max-video-preview:-1\" \/>\n<link rel=\"canonical\" href=\"https:\/\/www.cedol.org.ar\/logistica\/2018-ano-costo-fue-protagonista\/\" \/>\n<meta property=\"og:locale\" content=\"es_ES\" \/>\n<meta property=\"og:type\" content=\"article\" \/>\n<meta property=\"og:title\" content=\"2018: EL A\u00d1O EN QUE EL COSTO FUE PROTAGONISTA &#187; CEDOL\" \/>\n<meta property=\"og:description\" content=\"La\u00a0Universidad Tecnol\u00f3gica Nacional\u00a0(UTN),\u00a0a trav\u00e9s de su Centro Tecnol\u00f3gico de Transporte, Tr\u00e1nsito y Seguridad Vial (C3T), dio a conocer la evoluci\u00f3n del \u00cdndice de Costos Log\u00edsticos Nacionales elaborado para la\u00a0C\u00e1mara Empresaria de Operadores Log\u00edsticos (CEDOL), correspondiente al mes de\u00a0Noviembre.\" \/>\n<meta property=\"og:url\" content=\"https:\/\/www.cedol.org.ar\/logistica\/2018-ano-costo-fue-protagonista\/\" \/>\n<meta property=\"og:site_name\" content=\"CEDOL\" \/>\n<meta property=\"article:published_time\" content=\"2018-12-06T16:27:58+00:00\" \/>\n<meta property=\"article:modified_time\" content=\"2019-03-12T01:29:52+00:00\" \/>\n<meta property=\"og:image\" content=\"https:\/\/www.cedol.org.ar\/logistica\/wp-content\/uploads\/2018\/10\/ima-indices-1070.jpg\" \/>\n\t<meta property=\"og:image:width\" content=\"1070\" \/>\n\t<meta property=\"og:image:height\" content=\"540\" \/>\n\t<meta property=\"og:image:type\" content=\"image\/jpeg\" \/>\n<meta name=\"author\" content=\"admin\" \/>\n<meta name=\"twitter:card\" content=\"summary_large_image\" \/>\n<meta name=\"twitter:label1\" content=\"Escrito por\" \/>\n\t<meta name=\"twitter:data1\" content=\"admin\" \/>\n\t<meta name=\"twitter:label2\" content=\"Tiempo de lectura\" \/>\n\t<meta name=\"twitter:data2\" content=\"2 minutos\" \/>\n<script type=\"application\/ld+json\" class=\"yoast-schema-graph\">{\"@context\":\"https:\/\/schema.org\",\"@graph\":[{\"@type\":\"WebPage\",\"@id\":\"https:\/\/www.cedol.org.ar\/logistica\/2018-ano-costo-fue-protagonista\/\",\"url\":\"https:\/\/www.cedol.org.ar\/logistica\/2018-ano-costo-fue-protagonista\/\",\"name\":\"2018: EL A\u00d1O EN QUE EL COSTO FUE PROTAGONISTA &#187; CEDOL\",\"isPartOf\":{\"@id\":\"https:\/\/www.cedol.org.ar\/logistica\/#website\"},\"primaryImageOfPage\":{\"@id\":\"https:\/\/www.cedol.org.ar\/logistica\/2018-ano-costo-fue-protagonista\/#primaryimage\"},\"image\":{\"@id\":\"https:\/\/www.cedol.org.ar\/logistica\/2018-ano-costo-fue-protagonista\/#primaryimage\"},\"thumbnailUrl\":\"https:\/\/www.cedol.org.ar\/logistica\/wp-content\/uploads\/2018\/10\/ima-indices-1070.jpg\",\"datePublished\":\"2018-12-06T16:27:58+00:00\",\"dateModified\":\"2019-03-12T01:29:52+00:00\",\"author\":{\"@id\":\"https:\/\/www.cedol.org.ar\/logistica\/#\/schema\/person\/40275bdb20446824fc74d51aabe22e83\"},\"description\":\"La\u00a0Universidad Tecnol\u00f3gica Nacional\u00a0(UTN),\u00a0a trav\u00e9s de su Centro Tecnol\u00f3gico de Transporte, Tr\u00e1nsito y Seguridad Vial (C3T), dio a conocer la evoluci\u00f3n del \u00cdndice de Costos Log\u00edsticos Nacionales elaborado para la\u00a0C\u00e1mara Empresaria de Operadores Log\u00edsticos (CEDOL), correspondiente al mes de\u00a0Noviembre.\",\"breadcrumb\":{\"@id\":\"https:\/\/www.cedol.org.ar\/logistica\/2018-ano-costo-fue-protagonista\/#breadcrumb\"},\"inLanguage\":\"es\",\"potentialAction\":[{\"@type\":\"ReadAction\",\"target\":[\"https:\/\/www.cedol.org.ar\/logistica\/2018-ano-costo-fue-protagonista\/\"]}]},{\"@type\":\"ImageObject\",\"inLanguage\":\"es\",\"@id\":\"https:\/\/www.cedol.org.ar\/logistica\/2018-ano-costo-fue-protagonista\/#primaryimage\",\"url\":\"https:\/\/www.cedol.org.ar\/logistica\/wp-content\/uploads\/2018\/10\/ima-indices-1070.jpg\",\"contentUrl\":\"https:\/\/www.cedol.org.ar\/logistica\/wp-content\/uploads\/2018\/10\/ima-indices-1070.jpg\",\"width\":1070,\"height\":540,\"caption\":\"\u00cdndices UTN \/ CEDOL\"},{\"@type\":\"BreadcrumbList\",\"@id\":\"https:\/\/www.cedol.org.ar\/logistica\/2018-ano-costo-fue-protagonista\/#breadcrumb\",\"itemListElement\":[{\"@type\":\"ListItem\",\"position\":1,\"name\":\"Home\",\"item\":\"https:\/\/www.cedol.org.ar\/logistica\/\"},{\"@type\":\"ListItem\",\"position\":2,\"name\":\"2018: EL A\u00d1O EN QUE EL COSTO FUE PROTAGONISTA\"}]},{\"@type\":\"WebSite\",\"@id\":\"https:\/\/www.cedol.org.ar\/logistica\/#website\",\"url\":\"https:\/\/www.cedol.org.ar\/logistica\/\",\"name\":\"CEDOL\",\"description\":\"C\u00c1MARA EMPRESARIA DE OPERADORES LOG\u00cdSTICOS\",\"potentialAction\":[{\"@type\":\"SearchAction\",\"target\":{\"@type\":\"EntryPoint\",\"urlTemplate\":\"https:\/\/www.cedol.org.ar\/logistica\/?s={search_term_string}\"},\"query-input\":\"required name=search_term_string\"}],\"inLanguage\":\"es\"},{\"@type\":\"Person\",\"@id\":\"https:\/\/www.cedol.org.ar\/logistica\/#\/schema\/person\/40275bdb20446824fc74d51aabe22e83\",\"name\":\"admin\"}]}<\/script>\n<!-- \/ Yoast SEO plugin. -->","yoast_head_json":{"title":"2018: EL A\u00d1O EN QUE EL COSTO FUE PROTAGONISTA &#187; CEDOL","description":"La\u00a0Universidad Tecnol\u00f3gica Nacional\u00a0(UTN),\u00a0a trav\u00e9s de su Centro Tecnol\u00f3gico de Transporte, Tr\u00e1nsito y Seguridad Vial (C3T), dio a conocer la evoluci\u00f3n del \u00cdndice de Costos Log\u00edsticos Nacionales elaborado para la\u00a0C\u00e1mara Empresaria de Operadores Log\u00edsticos (CEDOL), correspondiente al mes de\u00a0Noviembre.","robots":{"index":"index","follow":"follow","max-snippet":"max-snippet:-1","max-image-preview":"max-image-preview:large","max-video-preview":"max-video-preview:-1"},"canonical":"https:\/\/www.cedol.org.ar\/logistica\/2018-ano-costo-fue-protagonista\/","og_locale":"es_ES","og_type":"article","og_title":"2018: EL A\u00d1O EN QUE EL COSTO FUE PROTAGONISTA &#187; CEDOL","og_description":"La\u00a0Universidad Tecnol\u00f3gica Nacional\u00a0(UTN),\u00a0a trav\u00e9s de su Centro Tecnol\u00f3gico de Transporte, Tr\u00e1nsito y Seguridad Vial (C3T), dio a conocer la evoluci\u00f3n del \u00cdndice de Costos Log\u00edsticos Nacionales elaborado para la\u00a0C\u00e1mara Empresaria de Operadores Log\u00edsticos (CEDOL), correspondiente al mes de\u00a0Noviembre.","og_url":"https:\/\/www.cedol.org.ar\/logistica\/2018-ano-costo-fue-protagonista\/","og_site_name":"CEDOL","article_published_time":"2018-12-06T16:27:58+00:00","article_modified_time":"2019-03-12T01:29:52+00:00","og_image":[{"width":1070,"height":540,"url":"https:\/\/www.cedol.org.ar\/logistica\/wp-content\/uploads\/2018\/10\/ima-indices-1070.jpg","type":"image\/jpeg"}],"author":"admin","twitter_card":"summary_large_image","twitter_misc":{"Escrito por":"admin","Tiempo de lectura":"2 minutos"},"schema":{"@context":"https:\/\/schema.org","@graph":[{"@type":"WebPage","@id":"https:\/\/www.cedol.org.ar\/logistica\/2018-ano-costo-fue-protagonista\/","url":"https:\/\/www.cedol.org.ar\/logistica\/2018-ano-costo-fue-protagonista\/","name":"2018: EL A\u00d1O EN QUE EL COSTO FUE PROTAGONISTA &#187; CEDOL","isPartOf":{"@id":"https:\/\/www.cedol.org.ar\/logistica\/#website"},"primaryImageOfPage":{"@id":"https:\/\/www.cedol.org.ar\/logistica\/2018-ano-costo-fue-protagonista\/#primaryimage"},"image":{"@id":"https:\/\/www.cedol.org.ar\/logistica\/2018-ano-costo-fue-protagonista\/#primaryimage"},"thumbnailUrl":"https:\/\/www.cedol.org.ar\/logistica\/wp-content\/uploads\/2018\/10\/ima-indices-1070.jpg","datePublished":"2018-12-06T16:27:58+00:00","dateModified":"2019-03-12T01:29:52+00:00","author":{"@id":"https:\/\/www.cedol.org.ar\/logistica\/#\/schema\/person\/40275bdb20446824fc74d51aabe22e83"},"description":"La\u00a0Universidad Tecnol\u00f3gica Nacional\u00a0(UTN),\u00a0a trav\u00e9s de su Centro Tecnol\u00f3gico de Transporte, Tr\u00e1nsito y Seguridad Vial (C3T), dio a conocer la evoluci\u00f3n del \u00cdndice de Costos Log\u00edsticos Nacionales elaborado para la\u00a0C\u00e1mara Empresaria de Operadores Log\u00edsticos (CEDOL), correspondiente al mes de\u00a0Noviembre.","breadcrumb":{"@id":"https:\/\/www.cedol.org.ar\/logistica\/2018-ano-costo-fue-protagonista\/#breadcrumb"},"inLanguage":"es","potentialAction":[{"@type":"ReadAction","target":["https:\/\/www.cedol.org.ar\/logistica\/2018-ano-costo-fue-protagonista\/"]}]},{"@type":"ImageObject","inLanguage":"es","@id":"https:\/\/www.cedol.org.ar\/logistica\/2018-ano-costo-fue-protagonista\/#primaryimage","url":"https:\/\/www.cedol.org.ar\/logistica\/wp-content\/uploads\/2018\/10\/ima-indices-1070.jpg","contentUrl":"https:\/\/www.cedol.org.ar\/logistica\/wp-content\/uploads\/2018\/10\/ima-indices-1070.jpg","width":1070,"height":540,"caption":"\u00cdndices UTN \/ CEDOL"},{"@type":"BreadcrumbList","@id":"https:\/\/www.cedol.org.ar\/logistica\/2018-ano-costo-fue-protagonista\/#breadcrumb","itemListElement":[{"@type":"ListItem","position":1,"name":"Home","item":"https:\/\/www.cedol.org.ar\/logistica\/"},{"@type":"ListItem","position":2,"name":"2018: EL A\u00d1O EN QUE EL COSTO FUE PROTAGONISTA"}]},{"@type":"WebSite","@id":"https:\/\/www.cedol.org.ar\/logistica\/#website","url":"https:\/\/www.cedol.org.ar\/logistica\/","name":"CEDOL","description":"C\u00c1MARA EMPRESARIA DE OPERADORES LOG\u00cdSTICOS","potentialAction":[{"@type":"SearchAction","target":{"@type":"EntryPoint","urlTemplate":"https:\/\/www.cedol.org.ar\/logistica\/?s={search_term_string}"},"query-input":"required name=search_term_string"}],"inLanguage":"es"},{"@type":"Person","@id":"https:\/\/www.cedol.org.ar\/logistica\/#\/schema\/person\/40275bdb20446824fc74d51aabe22e83","name":"admin"}]}},"_links":{"self":[{"href":"https:\/\/www.cedol.org.ar\/logistica\/wp-json\/wp\/v2\/posts\/2170","targetHints":{"allow":["GET"]}}],"collection":[{"href":"https:\/\/www.cedol.org.ar\/logistica\/wp-json\/wp\/v2\/posts"}],"about":[{"href":"https:\/\/www.cedol.org.ar\/logistica\/wp-json\/wp\/v2\/types\/post"}],"author":[{"embeddable":true,"href":"https:\/\/www.cedol.org.ar\/logistica\/wp-json\/wp\/v2\/users\/1"}],"replies":[{"embeddable":true,"href":"https:\/\/www.cedol.org.ar\/logistica\/wp-json\/wp\/v2\/comments?post=2170"}],"version-history":[{"count":4,"href":"https:\/\/www.cedol.org.ar\/logistica\/wp-json\/wp\/v2\/posts\/2170\/revisions"}],"predecessor-version":[{"id":2177,"href":"https:\/\/www.cedol.org.ar\/logistica\/wp-json\/wp\/v2\/posts\/2170\/revisions\/2177"}],"wp:featuredmedia":[{"embeddable":true,"href":"https:\/\/www.cedol.org.ar\/logistica\/wp-json\/wp\/v2\/media\/2125"}],"wp:attachment":[{"href":"https:\/\/www.cedol.org.ar\/logistica\/wp-json\/wp\/v2\/media?parent=2170"}],"wp:term":[{"taxonomy":"category","embeddable":true,"href":"https:\/\/www.cedol.org.ar\/logistica\/wp-json\/wp\/v2\/categories?post=2170"},{"taxonomy":"post_tag","embeddable":true,"href":"https:\/\/www.cedol.org.ar\/logistica\/wp-json\/wp\/v2\/tags?post=2170"}],"curies":[{"name":"wp","href":"https:\/\/api.w.org\/{rel}","templated":true}]}}